{"id":994,"date":"2023-01-17T23:03:15","date_gmt":"2023-01-18T02:03:15","guid":{"rendered":"https:\/\/xn--tuvozdiasporaespaola-k7b.com\/?p=994"},"modified":"2023-01-18T11:50:54","modified_gmt":"2023-01-18T14:50:54","slug":"podemos-exterior-realizara-este-sabado-un-acto-en-veinte-paises-en-simultaneo-que-contara-con-las-intervenciones-de-los-candidatos-a-las-elecciones-autonomicas-en-espana","status":"publish","type":"post","link":"https:\/\/xn--tuvozdiasporaespaola-k7b.com\/page\/2\/podemos-exterior-realizara-este-sabado-un-acto-en-veinte-paises-en-simultaneo-que-contara-con-las-intervenciones-de-los-candidatos-a-las-elecciones-autonomicas-en-espana\/","title":{"rendered":"Podemos Exterior realizar\u00e1 este s\u00e1bado un acto en veinte pa\u00edses en simult\u00e1neo que contar\u00e1 con las intervenciones de los candidatos a las Elecciones Auton\u00f3micas en Espa\u00f1a"},"content":{"rendered":"\n<p><br \/><strong><em>Las Redes de C\u00edrculos de Podemos en el Exterior de Europa y Am\u00e9rica celebrar\u00e1n este s\u00e1bado 21 de enero diferentes reuniones en 20 pa\u00edses con el fin de dar el pistoletazo de salida a la \u201cHoja de Ruta de las Elecciones en Espa\u00f1a del 2023\u201d. Se contar\u00e1 con la participaci\u00f3n de los doce candidatos y candidatas a las elecciones auton\u00f3micas, quienes comentar\u00e1n sus propuestas para la di\u00e1spora espa\u00f1ola en sus respectivos territorios y se expondr\u00e1n las peticiones de la emigraci\u00f3n en el exterio<\/em><\/strong><em>r.<\/em><\/p>\n\n\n\n<p>As\u00edmismo este s\u00e1bado se realizar\u00e1 un Plenario en simult\u00e1neo con todos los C\u00edrculos de Podemos en el Exterior y ser\u00e1 abierto a militantes y simpatizantes. Por primera vez, y en diferentes formatos, <strong>habr\u00e1 exposiciones de los y las cabezas de lista de Podemos a las Elecciones Auton\u00f3micas. Intervendr\u00e1n<\/strong> <em>H\u00e9ctor Illueca (Comunitat Valenciana), Alejandra Jacinto (Madrid), Noem\u00ed Santana (Canarias), Covadonga Tom\u00e9 (Asturias), Ant\u00f2nia Jover (Baleares), Monica Rodero (Cantabria), Maru Diaz (Arag\u00f3n), Irene de Miguel (Extremadura), Jose Luis Garcia Gasc\u00f3n (Castilla la Mancha), Maria Marin (Murcia), Ra\u00fal P\u00e9rez (Logro\u00f1o) y Bego\u00f1a Alfaro Garc\u00eda (Navarra).<\/em><\/p>\n\n\n\n<figure class=\"wp-block-image size-large\"><img fetchpriority=\"high\" decoding=\"async\" width=\"826\" height=\"369\" src=\"http:\/\/xn--tuvozdiasporaespaola-k7b.com\/wp-content\/uploads\/2023\/01\/screenshot_20230117-230159_chrome7619026278877706431.jpg?w=826\" alt=\"\" class=\"wp-image-993\" srcset=\"https:\/\/xn--tuvozdiasporaespaola-k7b.com\/wp-content\/uploads\/2023\/01\/screenshot_20230117-230159_chrome7619026278877706431.jpg 826w, https:\/\/xn--tuvozdiasporaespaola-k7b.com\/wp-content\/uploads\/2023\/01\/screenshot_20230117-230159_chrome7619026278877706431-300x134.jpg 300w, https:\/\/xn--tuvozdiasporaespaola-k7b.com\/wp-content\/uploads\/2023\/01\/screenshot_20230117-230159_chrome7619026278877706431-768x343.jpg 768w\" sizes=\"(max-width: 826px) 100vw, 826px\" \/><figcaption class=\"wp-element-caption\">Candidates a las Auton\u00f3micas Mayo 2023<\/figcaption><\/figure>\n\n\n\n<p>Por otra parte Podemos Exterior ha llevado a cabo en las \u00faltimas semanas una <strong>campa\u00f1a para recoger las propuestas de la emigraci\u00f3n que garanticen una participaci\u00f3n real en la construcci\u00f3n de los Programas Electorales<\/strong> que se presentar\u00e1n a los pr\u00f3ximos comicios. De esta forma, se ha conseguido una presencia directa de las organizaciones territoriales de Podemos entre la militancia de la emigraci\u00f3n, que demuestra la firme apuesta por garantizar condiciones m\u00e1s favorables para las familias en los pa\u00edses de destino y para los procesos de retorno, condicionados por las necesarias acciones institucionales.<\/p>\n\n\n\n<p>Las propuestas electorales, los actos de Acci\u00f3n Unitaria de Podemos en Espa\u00f1a y el Exterior y la puesta en marcha de nuevas iniciativas de difusi\u00f3n medi\u00e1tica para la di\u00e1spora espa\u00f1ola ser\u00e1n el contenido principal del <strong>pr\u00f3ximo V Foro de Podemos Exterior, que se celebrar\u00e1 entre el 24 y el 26 de febrero en Madrid y que tendr\u00e1 por eslogan \u201cLa Fuerza que Transforma desde Exterior\u201d. <\/strong><\/p>\n\n\n\n<p>Asimismo, en los actos de este s\u00e1bado se conmemorar\u00e1n <strong>los nueve a\u00f1os de Podemos<\/strong> como proyecto inclusivo, feminista, democr\u00e1tico y de justicia social, as\u00ed como tambi\u00e9n <strong>los tres a\u00f1os de Gobierno<\/strong> de Coalici\u00f3n con todos los \u00e9xitos, avances y retos pendientes para el progreso de la ciudadan\u00eda espa\u00f1ola.<\/p>\n\n\n\n<p><strong>Las Redes de C\u00edrculos de Podemos en el Exterior son la formaci\u00f3n pol\u00edtica de la izquierda espa\u00f1ola con mayor presencia y actividad<\/strong> en los pa\u00edses destinatarios del 90 por ciento de la emigraci\u00f3n espa\u00f1ola, y convoca a estas acciones cara a las elecciones Auton\u00f3micas y Municipales, a realizarse durante el mes de mayo en Espa\u00f1a.<\/p>\n\n\n\n<figure class=\"wp-block-image size-large\"><img decoding=\"async\" width=\"1080\" height=\"1080\" src=\"http:\/\/xn--tuvozdiasporaespaola-k7b.com\/wp-content\/uploads\/2023\/01\/img_20230117_011449_0939004546816119323924.jpg?w=1024\" alt=\"\" class=\"wp-image-992\" srcset=\"https:\/\/xn--tuvozdiasporaespaola-k7b.com\/wp-content\/uploads\/2023\/01\/img_20230117_011449_0939004546816119323924.jpg 1080w, https:\/\/xn--tuvozdiasporaespaola-k7b.com\/wp-content\/uploads\/2023\/01\/img_20230117_011449_0939004546816119323924-300x300.jpg 300w, https:\/\/xn--tuvozdiasporaespaola-k7b.com\/wp-content\/uploads\/2023\/01\/img_20230117_011449_0939004546816119323924-1024x1024.jpg 1024w, https:\/\/xn--tuvozdiasporaespaola-k7b.com\/wp-content\/uploads\/2023\/01\/img_20230117_011449_0939004546816119323924-150x150.jpg 150w, https:\/\/xn--tuvozdiasporaespaola-k7b.com\/wp-content\/uploads\/2023\/01\/img_20230117_011449_0939004546816119323924-768x768.jpg 768w\" sizes=\"(max-width: 1080px) 100vw, 1080px\" \/><\/figure>\n\n\n\n<p>Equipo de Comunicaci\u00f3n de Podemos Exterior Redes de C\u00edrculos Europa y Am\u00e9rica&nbsp;<\/p>\n","protected":false},"excerpt":{"rendered":"<p>Las Redes de C\u00edrculos de Podemos en el Exterior de Europa y Am\u00e9rica celebrar\u00e1n este s\u00e1bado 21 de enero diferentes reuniones en 20 pa\u00edses &#8230; <\/p>\n<p class=\"read-more-container\"><a title=\"Podemos Exterior realizar\u00e1 este s\u00e1bado un acto en veinte pa\u00edses en simult\u00e1neo que contar\u00e1 con las intervenciones de los candidatos a las Elecciones Auton\u00f3micas en Espa\u00f1a\" class=\"read-more button\" href=\"https:\/\/xn--tuvozdiasporaespaola-k7b.com\/page\/2\/podemos-exterior-realizara-este-sabado-un-acto-en-veinte-paises-en-simultaneo-que-contara-con-las-intervenciones-de-los-candidatos-a-las-elecciones-autonomicas-en-espana\/#more-994\" aria-label=\"M\u00e1s en Podemos Exterior realizar\u00e1 este s\u00e1bado un acto en veinte pa\u00edses en simult\u00e1neo que contar\u00e1 con las intervenciones de los candidatos a las Elecciones Auton\u00f3micas en Espa\u00f1a\">Leer m\u00e1s<\/a><\/p>\n","protected":false},"author":222560522,"featured_media":0,"comment_status":"open","ping_status":"open","sticky":false,"template":"","format":"standard","meta":{"footnotes":""},"categories":[1771],"tags":[],"class_list":["post-994","post","type-post","status-publish","format-standard","hentry","category-sociales"],"_links":{"self":[{"href":"https:\/\/xn--tuvozdiasporaespaola-k7b.com\/page\/2\/wp-json\/wp\/v2\/posts\/994","targetHints":{"allow":["GET"]}}],"collection":[{"href":"https:\/\/xn--tuvozdiasporaespaola-k7b.com\/page\/2\/wp-json\/wp\/v2\/posts"}],"about":[{"href":"https:\/\/xn--tuvozdiasporaespaola-k7b.com\/page\/2\/wp-json\/wp\/v2\/types\/post"}],"author":[{"embeddable":true,"href":"https:\/\/xn--tuvozdiasporaespaola-k7b.com\/page\/2\/wp-json\/wp\/v2\/users\/222560522"}],"replies":[{"embeddable":true,"href":"https:\/\/xn--tuvozdiasporaespaola-k7b.com\/page\/2\/wp-json\/wp\/v2\/comments?post=994"}],"version-history":[{"count":0,"href":"https:\/\/xn--tuvozdiasporaespaola-k7b.com\/page\/2\/wp-json\/wp\/v2\/posts\/994\/revisions"}],"wp:attachment":[{"href":"https:\/\/xn--tuvozdiasporaespaola-k7b.com\/page\/2\/wp-json\/wp\/v2\/media?parent=994"}],"wp:term":[{"taxonomy":"category","embeddable":true,"href":"https:\/\/xn--tuvozdiasporaespaola-k7b.com\/page\/2\/wp-json\/wp\/v2\/categories?post=994"},{"taxonomy":"post_tag","embeddable":true,"href":"https:\/\/xn--tuvozdiasporaespaola-k7b.com\/page\/2\/wp-json\/wp\/v2\/tags?post=994"}],"curies":[{"name":"wp","href":"https:\/\/api.w.org\/{rel}","templated":true}]}}