{"id":989,"date":"2023-01-16T01:24:52","date_gmt":"2023-01-16T04:24:52","guid":{"rendered":"https:\/\/xn--tuvozdiasporaespaola-k7b.com\/?p=989"},"modified":"2023-01-16T01:30:26","modified_gmt":"2023-01-16T04:30:26","slug":"comunidad-valenciana-en-el-exterior","status":"publish","type":"post","link":"https:\/\/xn--tuvozdiasporaespaola-k7b.com\/page\/2\/comunidad-valenciana-en-el-exterior\/","title":{"rendered":"COMUNIDAD VALENCIANA EN EL EXTERIOR"},"content":{"rendered":"\n<p>La consellera de Participaci\u00f3n, Transparencia, Cooperaci\u00f3n y Calidad Democr\u00e1tica, Rosa P\u00e9rez Garijo del grupo parlamentario de Unidas Podemos, realizar\u00e1 un viaje institucional a Sudam\u00e9rica del 14 al 20 de enero para visitar algunos de los centros de valencianos en el exterior (Cevex) m\u00e1s representativos en Uruguay, Argentina y Chile y mantener diferentes encuentros relacionados con memoria democr\u00e1tica.<\/p>\n\n\n\n<p>La consellera P\u00e9rez Garijo, que viajar\u00e1 acompa\u00f1ada por la directora general de Participaci\u00f3n Ciudadana, Mariaje P\u00e9rez Galant, aterrizar\u00e1 el s\u00e1bado 14 de enero en Montevideo, jornada en la que mantendr\u00e1 un encuentro con los valencianos de la Asociaci\u00f3n Cultural Valenciana de la capital de Uruguay.<\/p>\n\n\n\n<p>En su visita a Argentina, la agenda de la consellera comienza en Buenos Aires el lunes 16 de enero con el encuentro con una de las fundadoras y principales part\u00edcipes en la Plataforma Argentina de Apoyo a la Querella Argentina contra los cr\u00edmenes de la Guerra Civil espa\u00f1ola y el franquismo, Julieta Bandirali.<\/p>\n\n\n\n<figure class=\"wp-block-image size-large\"><img fetchpriority=\"high\" decoding=\"async\" width=\"3000\" height=\"2000\" src=\"http:\/\/xn--tuvozdiasporaespaola-k7b.com\/wp-content\/uploads\/2023\/01\/20221226140205971757807670927991299363.jpg?w=1024\" alt=\"\" class=\"wp-image-984\" srcset=\"https:\/\/xn--tuvozdiasporaespaola-k7b.com\/wp-content\/uploads\/2023\/01\/20221226140205971757807670927991299363.jpg 3000w, https:\/\/xn--tuvozdiasporaespaola-k7b.com\/wp-content\/uploads\/2023\/01\/20221226140205971757807670927991299363-300x200.jpg 300w, https:\/\/xn--tuvozdiasporaespaola-k7b.com\/wp-content\/uploads\/2023\/01\/20221226140205971757807670927991299363-1024x683.jpg 1024w, https:\/\/xn--tuvozdiasporaespaola-k7b.com\/wp-content\/uploads\/2023\/01\/20221226140205971757807670927991299363-768x512.jpg 768w, https:\/\/xn--tuvozdiasporaespaola-k7b.com\/wp-content\/uploads\/2023\/01\/20221226140205971757807670927991299363-1568x1045.jpg 1568w\" sizes=\"(max-width: 3000px) 100vw, 3000px\" \/><\/figure>\n\n\n\n<p>En la jornada del martes 17 de enero, P\u00e9rez Garijo visitar\u00e1 el Espacio de Memoria y Derechos Humanos antigua ESMA, centro de detenci\u00f3n, tortura y exterminio que implement\u00f3 la \u00faltima dictadura c\u00edvico militar en Argentina entre 1976 y 1983. A su vez, la consellera tiene previsto reunirse con las Abuelas de la Plaza de Mayo.<\/p>\n\n\n\n<p>La visita de P\u00e9rez Garijo a Buenos Aires permitir\u00e1 conocer en primera persona las experiencias de Memoria Democr\u00e1tica en un pa\u00eds como Argentina, que padeci\u00f3 una dictadura sanguinaria y, al recuperar la democracia, comenz\u00f3 un proceso ejemplar para establecer la verdad de lo sucedido, juzgar a los responsables y reparar a las v\u00edctimas.<\/p>\n\n\n\n<p>El itinerario del viaje por Sudam\u00e9rica continuar\u00e1 el mi\u00e9rcoles 18 de enero en San Juan con un encuentro con los valencianos de uno de los CEVEX que cuenta con mayor n\u00famero de personas asociadas en Argentina. En la jornada siguiente, la consellera de Participaci\u00f3n se desplazar\u00e1 hasta Mendoza, localidad en la que mantendr\u00e1 un encuentro con los valencianos pertenecientes a los tres centros con los que cuenta la localidad. Cabe resaltar que Argentina es el pa\u00eds que alberga m\u00e1s centros de valencianos en el exterior, con un total de 11, solo superado por Espa\u00f1a que cuenta con 14.<\/p>\n\n\n\n<figure class=\"wp-block-image size-large\"><img decoding=\"async\" width=\"768\" height=\"532\" src=\"http:\/\/xn--tuvozdiasporaespaola-k7b.com\/wp-content\/uploads\/2023\/01\/garijo_noticiaampliada6524630414040526357.jpg?w=768\" alt=\"\" class=\"wp-image-985\" srcset=\"https:\/\/xn--tuvozdiasporaespaola-k7b.com\/wp-content\/uploads\/2023\/01\/garijo_noticiaampliada6524630414040526357.jpg 768w, https:\/\/xn--tuvozdiasporaespaola-k7b.com\/wp-content\/uploads\/2023\/01\/garijo_noticiaampliada6524630414040526357-300x208.jpg 300w\" sizes=\"(max-width: 768px) 100vw, 768px\" \/><figcaption class=\"wp-element-caption\">Rosa P\u00e9rez Garijo.<\/figcaption><\/figure>\n\n\n\n<p>El viernes 20 de enero, P\u00e9rez Garijo se desplazar\u00e1 a Santiago de Chile donde se reunir\u00e1 con el embajador de Espa\u00f1a, Rafael Garranzo, y con la alcaldesa de Nu\u00f1oa, Emilia Ros, y el alcalde de Recoleta, Daniel Jadue.<\/p>\n\n\n\n<p>El viaje institucional concluir\u00e1 en Santiago de Chile la jornada del 21 de enero con los actos programados con la Colectividad Valenciana de Chile, el Cevex hispanoamericano m\u00e1s antiguo.<\/p>\n\n\n\n<p>El viaje institucional se enmarca a su vez en el objetivo del Gobierno valenciano de dar a conocer todas las posibilidades que ofrece la Estrategia Valenciana de Retorno a las personas valencianas que residen en el exterior y que desean volver, entre las que figuran la creaci\u00f3n de un certificado de persona valenciana retornada que acreditar\u00e1 que la persona que lo ostenta es persona valenciana en el exterior, que ha trabajado fuera de nuestro territorio y que vuelve a la Comunidad Valenciana para residir de una manera estable.<\/p>\n\n\n\n<p>Por su parte H\u00e9ctor Illueca\u00a0 candidato de Podemos a la Comunidad Valenciana y actualmente\u00a0 vicepresidente ha sido receptor de unas propuestas de las\u00a0 redes de C\u00edrculos de Europa y Am\u00e9rica\u00a0  para el programa electoral de PODEMOS en Comunidad Valenciana \u00a0 de las que les enumeramos algunas como:<\/p>\n\n\n\n<figure class=\"wp-block-image size-large\"><img decoding=\"async\" width=\"1200\" height=\"900\" src=\"http:\/\/xn--tuvozdiasporaespaola-k7b.com\/wp-content\/uploads\/2023\/01\/wp-image7722485524146926315.jpg?w=1024\" alt=\"\" class=\"wp-image-986\" srcset=\"https:\/\/xn--tuvozdiasporaespaola-k7b.com\/wp-content\/uploads\/2023\/01\/wp-image7722485524146926315.jpg 1200w, https:\/\/xn--tuvozdiasporaespaola-k7b.com\/wp-content\/uploads\/2023\/01\/wp-image7722485524146926315-300x225.jpg 300w, https:\/\/xn--tuvozdiasporaespaola-k7b.com\/wp-content\/uploads\/2023\/01\/wp-image7722485524146926315-1024x768.jpg 1024w, https:\/\/xn--tuvozdiasporaespaola-k7b.com\/wp-content\/uploads\/2023\/01\/wp-image7722485524146926315-768x576.jpg 768w\" sizes=\"(max-width: 1200px) 100vw, 1200px\" \/><figcaption class=\"wp-element-caption\">H\u00e9ctor Illueca Vicepresidente Comunidad Valenciana.<\/figcaption><\/figure>\n\n\n\n<p>.-Plan Integral de Retorno\u2019 para Comunidad Aut\u00f3noma Valenciana, en coordinaci\u00f3n con el Plan Estatal, que contemple la certificaci\u00f3n amplia de la condici\u00f3n de emigrante retornado, y alternativas habitacionales y de reinserci\u00f3n laboral efectivas y con dotaci\u00f3n presupuestaria adecuada.\u00a0<\/p>\n\n\n\n<p>.-Acceso a asignaciones asistenciales Auton\u00f3micas en el Retorno si&nbsp; no se trabaj\u00f3 dado de alta en el Extranjero&nbsp; o&nbsp; no se puede justificar.&nbsp;<\/p>\n\n\n\n<p>-Reducci\u00f3n de tiempos en la Convalidaci\u00f3n y Homologaci\u00f3n de estudios para el caso de estudiantes universitarios, hijos e hijas de emigrantes.<\/p>\n\n\n\n<p>.-Incentivar desde la Comunidad Aut\u00f3nomas&nbsp; Valenciana una Reforma del \u2018Estatuto de la Ciudadan\u00eda Espa\u00f1ola en el Exterior\u2019, para que \u00e9ste asegure la responsabilidad del Estado en lo concerniente a la realizaci\u00f3n de planes de retorno para la emigraci\u00f3n.<\/p>\n\n\n\n<p>.-Potenciamiento de Programas espec\u00edficos de Retorno para Investigadores e Investigadoras valencianas y valencianos en el Extranjero.&nbsp;<\/p>\n\n\n\n<p>.-Superaci\u00f3n de las trabas e insuficiencias actuales que dificultan su decisi\u00f3n.<\/p>\n\n\n\n<p>Pol\u00edticas para fomentar el retorno e impulsar el repoblamiento de zonas de la Comunidad Valenciana Vaciada en coordinaci\u00f3n con los Programas a desarrollar o en desarrollo actual por parte de las distintas entidades locales y de la comunidad.<\/p>\n\n\n\n<p>.-Restauraci\u00f3n de los programas sociales del IMSERSO de viajes de vacaciones subvencionados para la tercera edad en los que tengan cabida los Valencianos,&nbsp; los familiares directos de estos y todos aquellos extranjeros que hayan cotizado y hayan obtenido pensi\u00f3n del sistema de pensiones espa\u00f1ol con la colaboraci\u00f3n de Comunidad Aut\u00f3noma Valenciana&nbsp; y Ministerio de Agenda 2030 para todos en el Exterior, incluida Latinoam\u00e9rica.<\/p>\n\n\n\n<figure class=\"wp-block-image size-large\"><img loading=\"lazy\" decoding=\"async\" width=\"880\" height=\"495\" src=\"http:\/\/xn--tuvozdiasporaespaola-k7b.com\/wp-content\/uploads\/2023\/01\/5a5cb368-e580-4376-bf0a-36743f966be9_16-9-aspect-ratio_default_08546384893445831923.jpg?w=880\" alt=\"\" class=\"wp-image-987\" srcset=\"https:\/\/xn--tuvozdiasporaespaola-k7b.com\/wp-content\/uploads\/2023\/01\/5a5cb368-e580-4376-bf0a-36743f966be9_16-9-aspect-ratio_default_08546384893445831923.jpg 880w, https:\/\/xn--tuvozdiasporaespaola-k7b.com\/wp-content\/uploads\/2023\/01\/5a5cb368-e580-4376-bf0a-36743f966be9_16-9-aspect-ratio_default_08546384893445831923-300x169.jpg 300w, https:\/\/xn--tuvozdiasporaespaola-k7b.com\/wp-content\/uploads\/2023\/01\/5a5cb368-e580-4376-bf0a-36743f966be9_16-9-aspect-ratio_default_08546384893445831923-768x432.jpg 768w\" sizes=\"(max-width: 880px) 100vw, 880px\" \/><\/figure>\n\n\n\n<p>.-Programas de apoyo al emprendedor econ\u00f3mico para espa\u00f1oles residentes en el extranjero, particularmente a trav\u00e9s de una Red de cooperaci\u00f3n de econom\u00eda social y del emprendimiento de trabajadores aut\u00f3nomos.<\/p>\n\n\n\n<p>.-Luchar para que se derogue el Decreto de Exclusi\u00f3n Sanitaria (RDL 16\/2102) y de las cl\u00e1usulas que nos roban el derecho a acceder al sistema sanitario p\u00fablico a la di\u00e1spora espa\u00f1ola.<\/p>\n\n\n\n<p>.-Acompa\u00f1ar acciones para la implementaci\u00f3n de puntos violetas en los Consulados de Espa\u00f1a para combatir la violencia machista contra mujeres espa\u00f1olas en el Exterior y que las Comunidad Valenciana ponga en circulaci\u00f3n ayudas para el Retorno, Vivienda, Trabajo, Ayudas Sociales y cobertura para sus hijos.<\/p>\n\n\n\n<p>.-Implantaci\u00f3n de Programas para la Realizaci\u00f3n de Actividades de Informaci\u00f3n y Promoci\u00f3n del asociacionismo entre la emigraci\u00f3n, as\u00ed como de la participaci\u00f3n en Viajes Culturales desde la Comunidad Valenciana.<\/p>\n\n\n\n<p>.-Instauraci\u00f3n de programas de educaci\u00f3n presencial y en l\u00ednea para el aprendizaje de las lenguas cooficiales del Estado Espa\u00f1ol y sus culturas de origen (valenciano), siguiendo el modelo de las ALCE.<\/p>\n\n\n\n<p>Pol\u00edticas y convenios sobre desarrollo productivo y laboral en el Exterior, articulando con empresas espa\u00f1olas radicadas en el resto del mundo pasant\u00edas de trabajo para la di\u00e1spora y viceversa. An\u00e1lisis y revisi\u00f3n del papel de las C\u00e1maras de Comercio e Institutos de Comercio Exterior nacionales y auton\u00f3micas.<\/p>\n\n\n\n<figure class=\"wp-block-image size-large\"><img loading=\"lazy\" decoding=\"async\" width=\"1200\" height=\"675\" src=\"http:\/\/xn--tuvozdiasporaespaola-k7b.com\/wp-content\/uploads\/2023\/01\/371fd45e-7cc5-403f-a124-a2c2052e1064_16-9-discover-aspect-ratio_default_05564382321756039455.jpg?w=1024\" alt=\"\" class=\"wp-image-988\" srcset=\"https:\/\/xn--tuvozdiasporaespaola-k7b.com\/wp-content\/uploads\/2023\/01\/371fd45e-7cc5-403f-a124-a2c2052e1064_16-9-discover-aspect-ratio_default_05564382321756039455.jpg 1200w, https:\/\/xn--tuvozdiasporaespaola-k7b.com\/wp-content\/uploads\/2023\/01\/371fd45e-7cc5-403f-a124-a2c2052e1064_16-9-discover-aspect-ratio_default_05564382321756039455-300x169.jpg 300w, https:\/\/xn--tuvozdiasporaespaola-k7b.com\/wp-content\/uploads\/2023\/01\/371fd45e-7cc5-403f-a124-a2c2052e1064_16-9-discover-aspect-ratio_default_05564382321756039455-1024x576.jpg 1024w, https:\/\/xn--tuvozdiasporaespaola-k7b.com\/wp-content\/uploads\/2023\/01\/371fd45e-7cc5-403f-a124-a2c2052e1064_16-9-discover-aspect-ratio_default_05564382321756039455-768x432.jpg 768w\" sizes=\"(max-width: 1200px) 100vw, 1200px\" \/><figcaption class=\"wp-element-caption\">UNI de OTO\u00d1O PODEMOS  presentaci\u00f3n de Candidates Auton\u00f3micos.<\/figcaption><\/figure>\n\n\n\n<p>.- Extender y potenciar la firma de mayor n\u00famero de convenios con universidades en el Exterior, especialmente de Am\u00e9rica Latina,&nbsp; para el intercambio de estudiantes en procesos de estudio y aprendizaje.<\/p>\n\n\n\n<p>.-Condicionar las ayudas o subvenciones a la retirada de s\u00edmbolos franquistas de las organizaciones receptoras (Asociaciones Culturales, Centros de Espa\u00f1oles o de Comunidades Aut\u00f3nomas en el exterior, Sociedades de Socorro Mutuos, etc.).<\/p>\n\n\n\n<p>Estas propuestas ayudar\u00e1n a mejorar la vida de las y los valencosnosc\u00f1 en el Exterior  con potenciamiento de pol\u00edticas de Retorno y otras necesidades para la diaspora Valenciana.<\/p>\n\n\n\n<p>Redacci\u00f3n  Revista TU VOZ,  Delegaci\u00f3n Argentina.<\/p>\n","protected":false},"excerpt":{"rendered":"<p>La consellera de Participaci\u00f3n, Transparencia, Cooperaci\u00f3n y Calidad Democr\u00e1tica, Rosa P\u00e9rez Garijo del grupo parlamentario de Unidas Podemos, realizar\u00e1 un viaje institucional a Sudam\u00e9rica &#8230; <\/p>\n<p class=\"read-more-container\"><a title=\"COMUNIDAD VALENCIANA EN EL EXTERIOR\" class=\"read-more button\" href=\"https:\/\/xn--tuvozdiasporaespaola-k7b.com\/page\/2\/comunidad-valenciana-en-el-exterior\/#more-989\" aria-label=\"M\u00e1s en COMUNIDAD VALENCIANA EN EL EXTERIOR\">Leer m\u00e1s<\/a><\/p>\n","protected":false},"author":222560522,"featured_media":0,"comment_status":"open","ping_status":"open","sticky":false,"template":"","format":"standard","meta":{"footnotes":""},"categories":[1771],"tags":[],"class_list":["post-989","post","type-post","status-publish","format-standard","hentry","category-sociales"],"_links":{"self":[{"href":"https:\/\/xn--tuvozdiasporaespaola-k7b.com\/page\/2\/wp-json\/wp\/v2\/posts\/989","targetHints":{"allow":["GET"]}}],"collection":[{"href":"https:\/\/xn--tuvozdiasporaespaola-k7b.com\/page\/2\/wp-json\/wp\/v2\/posts"}],"about":[{"href":"https:\/\/xn--tuvozdiasporaespaola-k7b.com\/page\/2\/wp-json\/wp\/v2\/types\/post"}],"author":[{"embeddable":true,"href":"https:\/\/xn--tuvozdiasporaespaola-k7b.com\/page\/2\/wp-json\/wp\/v2\/users\/222560522"}],"replies":[{"embeddable":true,"href":"https:\/\/xn--tuvozdiasporaespaola-k7b.com\/page\/2\/wp-json\/wp\/v2\/comments?post=989"}],"version-history":[{"count":0,"href":"https:\/\/xn--tuvozdiasporaespaola-k7b.com\/page\/2\/wp-json\/wp\/v2\/posts\/989\/revisions"}],"wp:attachment":[{"href":"https:\/\/xn--tuvozdiasporaespaola-k7b.com\/page\/2\/wp-json\/wp\/v2\/media?parent=989"}],"wp:term":[{"taxonomy":"category","embeddable":true,"href":"https:\/\/xn--tuvozdiasporaespaola-k7b.com\/page\/2\/wp-json\/wp\/v2\/categories?post=989"},{"taxonomy":"post_tag","embeddable":true,"href":"https:\/\/xn--tuvozdiasporaespaola-k7b.com\/page\/2\/wp-json\/wp\/v2\/tags?post=989"}],"curies":[{"name":"wp","href":"https:\/\/api.w.org\/{rel}","templated":true}]}}