{"id":980,"date":"2023-01-15T06:22:47","date_gmt":"2023-01-15T09:22:47","guid":{"rendered":"https:\/\/xn--tuvozdiasporaespaola-k7b.com\/?p=980"},"modified":"2023-01-15T06:22:48","modified_gmt":"2023-01-15T09:22:48","slug":"podemos-america-demanda-cambios-democraticos-profundos-en-peru-que-eviten-una-nueva-usurpacion-de-la-voluntad-popular-soberana-y-la-paralisis-del-pais","status":"publish","type":"post","link":"https:\/\/xn--tuvozdiasporaespaola-k7b.com\/page\/2\/podemos-america-demanda-cambios-democraticos-profundos-en-peru-que-eviten-una-nueva-usurpacion-de-la-voluntad-popular-soberana-y-la-paralisis-del-pais\/","title":{"rendered":"PODEMOS AM\u00c9RICA  demanda cambios democr\u00e1ticos profundos en Per\u00fa que eviten una nueva usurpaci\u00f3n de la voluntad popular soberana y la par\u00e1lisis del pa\u00eds."},"content":{"rendered":"\n<p>Ante el agravamiento de la crisis pol\u00edtica, social e institucional en el Per\u00fa, que ha degenerado en una represi\u00f3n generalizada de las protestas populares de quienes defienden leg\u00edtimamente los resultados de las urnas en 2021, la Red de C\u00edrculos de Podemos en Am\u00e9rica Latina demanda a las autoridades al mando del gobierno provisional actual que depongan la intervenci\u00f3n violenta de las Fuerzas Armadas y cuerpos policiales antidisturbios y emprendan un di\u00e1logo nacional con los convocantes de las movilizaciones, con el objeto de evitar un principio de guerra civil en las zonas rurales y poder avanzar en una salida que garantice al pueblo soberano a renovar las  instituciones bajo una nueva constituci\u00f3n democr\u00e1tica.<\/p>\n\n\n\n<p>Para Podemos-Per\u00fa y los C\u00edrculos Americanos las recientes matanzas de Puno, Juliaca y otros puntos del pa\u00eds que suman ya m\u00e1s de 50 asesinatos, cuya investigaci\u00f3n ya ha iniciado una delegaci\u00f3n de la CIDH, han inhabilitado a la autonombrada presidenta Dina Boluarte como supuesta \u00e1rbitra de la crisis pol\u00edtica nacional.<\/p>\n\n\n\n<p> Consecuentemente  la Se\u00f1ora Baluarte esta debe dimitir dando lugar a un proceso de di\u00e1logos con las organizaciones campesinas convocantes y los partidos y sindicatos que las apoyan y garantizar  acuerdos de restituci\u00f3n del orden democr\u00e1tico . Estos  acuerdos deber\u00e1n ir acompa\u00f1ados  de un calendario consensuado para la convocatoria de nuevas elecciones presidenciales y del proceso constituyente que conlleve un Congreso elegido con criterios de transparencia y limpieza democr\u00e1tica.<\/p>\n\n\n\n<p>Desde la elecci\u00f3n de Pedro Castillo, primer presidente de origen campesino al frente del primer gobierno de izquierdas del pa\u00eds, las \u00e9lites gobernantes han estado maquinando su desestabilizaci\u00f3n y descr\u00e9dito. Los sucesos del 7 de diciembre, todav\u00eda por esclarecer, fueron la \u00faltima <strong>\u201ccr\u00f3nica de un golpe de estado anunciado\u201d<\/strong> y fueron preparados por los grupos de la derecha racista y clasista, aliados de la candidata ultraderechista Keiko Fujimori.<\/p>\n\n\n\n<figure class=\"wp-block-pullquote\"><blockquote><p>De igual manera expresa su preocupaci\u00f3n por la situaci\u00f3n en la que pueden estar muchos  espa\u00f1oles y espa\u00f1olas en Per\u00fa  que se encuentran en zonas en conflicto.<\/p><\/blockquote><\/figure>\n\n\n\n<p>Los sectores reaccionarios del Congreso y sus aliados, las Fuerzas Armadas, la patronal CONFIEP, ciertas c\u00fapulas judiciales y los principales medios de comunicaci\u00f3n de la clase dirigente, han decidido rescatar el fantasma del \u201cterrorismo y la subversi\u00f3n\u201d de \u00e9pocas pasadas, frente a lo que ha sido un ejemplo hist\u00f3rico de movilizaciones populares, autoorganizadas y autoconvocadas, que no responden a din\u00e1micas partitocr\u00e1ticas ajenas a sus convocantes.&nbsp;<\/p>\n\n\n\n<p>Es de destacar, a juicio de Podemos en Am\u00e9rica, que frente a los grav\u00edsimos actos de asalto premeditado del Parlamento, el poder ejecutivo y judicial en Brasil, en donde no se ha producido ning\u00fan muerto, la respuesta del gobierno ileg\u00edtimo de Per\u00fa haya provocado la mayor matanza en este siglo.<\/p>\n\n\n\n<figure class=\"wp-block-gallery has-nested-images columns-default is-cropped wp-block-gallery-1 is-layout-flex wp-block-gallery-is-layout-flex\">\n<figure class=\"wp-block-image size-large\"><img fetchpriority=\"high\" decoding=\"async\" width=\"384\" height=\"216\" data-id=\"979\" src=\"http:\/\/xn--tuvozdiasporaespaola-k7b.com\/wp-content\/uploads\/2023\/01\/peru-protestas9195380042660452652.jpg?w=384\" alt=\"\" class=\"wp-image-979\" srcset=\"https:\/\/xn--tuvozdiasporaespaola-k7b.com\/wp-content\/uploads\/2023\/01\/peru-protestas9195380042660452652.jpg 384w, https:\/\/xn--tuvozdiasporaespaola-k7b.com\/wp-content\/uploads\/2023\/01\/peru-protestas9195380042660452652-300x169.jpg 300w\" sizes=\"(max-width: 384px) 100vw, 384px\" \/><\/figure>\n<\/figure>\n\n\n\n<p>Los recientes hechos de Brasil y Bolivia, el atentado y lawfare contra Cristina Fern\u00e1ndez de Kirchner en Argentina y ahora el golpe encubierto en Per\u00fa demuestran que las tramas de la ultraderecha, con el asesoramiento de Steve Bannon y las fundaciones trumpistas, est\u00e1n poniendo en peligro las democracias y los nuevos gobiernos progresistas de Am\u00e9rica Latina. Podemos Exterior exige una respuesta contundente de la Uni\u00f3n Europea que condene los intentos de implantar reg\u00edmenes autoritarios contrarios a los derechos humanos y a las leyes democr\u00e1ticas de un Estado de derecho.<\/p>\n\n\n\n<p>De igual manera Podemos Am\u00e9rica  expresa su preocupaci\u00f3n por la situaci\u00f3n en la que pueden estar muchos  espa\u00f1oles y espa\u00f1olas en Per\u00fa  que se encuentran en zonas en conflicto e insta al Ministerio de Asuntos Exteriores a  prover  de  asistencia consular tal y como se ha hecho en situaciones similares que se han dado en otros paises.<\/p>\n\n\n\n<p>Red de C\u00edrculos Podemos Am\u00e9rica de Podemos Exterior.<\/p>\n","protected":false},"excerpt":{"rendered":"<p>Ante el agravamiento de la crisis pol\u00edtica, social e institucional en el Per\u00fa, que ha degenerado en una represi\u00f3n generalizada de las protestas populares &#8230; <\/p>\n<p class=\"read-more-container\"><a title=\"PODEMOS AM\u00c9RICA  demanda cambios democr\u00e1ticos profundos en Per\u00fa que eviten una nueva usurpaci\u00f3n de la voluntad popular soberana y la par\u00e1lisis del pa\u00eds.\" class=\"read-more button\" href=\"https:\/\/xn--tuvozdiasporaespaola-k7b.com\/page\/2\/podemos-america-demanda-cambios-democraticos-profundos-en-peru-que-eviten-una-nueva-usurpacion-de-la-voluntad-popular-soberana-y-la-paralisis-del-pais\/#more-980\" aria-label=\"M\u00e1s en PODEMOS AM\u00c9RICA  demanda cambios democr\u00e1ticos profundos en Per\u00fa que eviten una nueva usurpaci\u00f3n de la voluntad popular soberana y la par\u00e1lisis del pa\u00eds.\">Leer m\u00e1s<\/a><\/p>\n","protected":false},"author":222560522,"featured_media":0,"comment_status":"open","ping_status":"open","sticky":false,"template":"","format":"standard","meta":{"footnotes":""},"categories":[1771],"tags":[],"class_list":["post-980","post","type-post","status-publish","format-standard","hentry","category-sociales"],"_links":{"self":[{"href":"https:\/\/xn--tuvozdiasporaespaola-k7b.com\/page\/2\/wp-json\/wp\/v2\/posts\/980","targetHints":{"allow":["GET"]}}],"collection":[{"href":"https:\/\/xn--tuvozdiasporaespaola-k7b.com\/page\/2\/wp-json\/wp\/v2\/posts"}],"about":[{"href":"https:\/\/xn--tuvozdiasporaespaola-k7b.com\/page\/2\/wp-json\/wp\/v2\/types\/post"}],"author":[{"embeddable":true,"href":"https:\/\/xn--tuvozdiasporaespaola-k7b.com\/page\/2\/wp-json\/wp\/v2\/users\/222560522"}],"replies":[{"embeddable":true,"href":"https:\/\/xn--tuvozdiasporaespaola-k7b.com\/page\/2\/wp-json\/wp\/v2\/comments?post=980"}],"version-history":[{"count":0,"href":"https:\/\/xn--tuvozdiasporaespaola-k7b.com\/page\/2\/wp-json\/wp\/v2\/posts\/980\/revisions"}],"wp:attachment":[{"href":"https:\/\/xn--tuvozdiasporaespaola-k7b.com\/page\/2\/wp-json\/wp\/v2\/media?parent=980"}],"wp:term":[{"taxonomy":"category","embeddable":true,"href":"https:\/\/xn--tuvozdiasporaespaola-k7b.com\/page\/2\/wp-json\/wp\/v2\/categories?post=980"},{"taxonomy":"post_tag","embeddable":true,"href":"https:\/\/xn--tuvozdiasporaespaola-k7b.com\/page\/2\/wp-json\/wp\/v2\/tags?post=980"}],"curies":[{"name":"wp","href":"https:\/\/api.w.org\/{rel}","templated":true}]}}