{"id":974,"date":"2023-01-13T17:23:24","date_gmt":"2023-01-13T20:23:24","guid":{"rendered":"https:\/\/xn--tuvozdiasporaespaola-k7b.com\/?p=974"},"modified":"2023-01-13T17:23:42","modified_gmt":"2023-01-13T20:23:42","slug":"en-peru-se-sigue-asesinando-al-pueblo-en-nombre-de-la-democracia-cuando-son-golpistas","status":"publish","type":"post","link":"https:\/\/xn--tuvozdiasporaespaola-k7b.com\/page\/2\/en-peru-se-sigue-asesinando-al-pueblo-en-nombre-de-la-democracia-cuando-son-golpistas\/","title":{"rendered":"En Per\u00fa se sigue asesinando al pueblo en nombre de la Democracia cuando son Golpistas."},"content":{"rendered":"\n<p>  Dina Boluarte pasara a  la historia de Per\u00fa como la dirigente que en tiempos de paz gener\u00f3 una conmoci\u00f3n en la sociedad Peruana con m\u00e1s de 50 asesinatos, infinidad de heridos y miles de detenidos con unas  pol\u00edticas de represi\u00f3n propias de una dictadura. Desde los  gobiernos  progresistas  de Latinoam\u00e9rica, la comunidad internacional,  Uni\u00f3n Europea,  OEA , CELAC,  etc &#8230; \u00bfEst\u00e1n haciendo lo suficiente o mirando hacia otro lado?, en medio de las protestas que se viven en el pa\u00eds suramericano, que tienen entre sus exigencias justamente la salida de la mandataria.<\/p>\n\n\n\n<p>Manifestantes denuncian que la fuerza p\u00fablica de Per\u00fa usa armas de fuego para reprimirlos en Cusco , en poco m\u00e1s de un mes, las manifestaciones han dejado cerca de 50 fallecidos y una masacre registrada el pasado lunes en el departamento de Puno.<\/p>\n\n\n\n<figure class=\"wp-block-pullquote\"><blockquote><p>Desde los\u00a0 gobiernos\u00a0 progresistas\u00a0 de Latinoam\u00e9rica, la comunidad internacional,\u00a0 Uni\u00f3n Europea,\u00a0 OEA , CELAC,\u00a0 etc &#8230; \u00bfEst\u00e1n haciendo lo suficiente o mirando hacia otro lado?,<\/p><\/blockquote><\/figure>\n\n\n\n<p>Los manifestantes que participan en las protestas contra el gobierno de Dina Boluarte en Per\u00fa denunciar\u00f3n que las fuerzas del orden p\u00fablico usan armas de fuego y disparan en su contra para reprimirlos.<\/p>\n\n\n\n<p>Se ha informado que en Cusco han llegado distintos colectivos provenientes de otras regiones como Anta, Quispicanchi y Paucartambo para movilizarse y darle el \u00faltimo \u00e1dios al dirigente Remo Candia, quien recibi\u00f3 un impacto de bala la jornada anterior en medio de las manifestaciones.<\/p>\n\n\n\n<p>Las fuertes protestas que se registran en Per\u00fa desde el pasado 7 de diciembre, cuando fue destituido y encarcelado el  presidente  Pedro Castillo, exigen la renuncia de Boluarte, el cierre del Congreso, elecciones generales y la liberaci\u00f3n del presidente.<\/p>\n\n\n\n<p>En poco m\u00e1s de un mes  desde el inicio de las protestas contra <strong>el Gobierno de Dina Boluarte\u00a0 son cerca de 50 fallecidos siendo una de las graves\u00a0 la masacre registrada el pasado lunes en el departamento de Puno, donde fallecieron 20 personas y quedaron heridas m\u00e1s de 110.\u00a0<\/strong> Del total de heridos, m\u00e1s de 30 permanecen internadas en el Hospital Carlos Monge Medrano.<\/p>\n\n\n\n<figure class=\"wp-block-image size-large\"><img fetchpriority=\"high\" decoding=\"async\" width=\"1932\" height=\"1080\" src=\"http:\/\/xn--tuvozdiasporaespaola-k7b.com\/wp-content\/uploads\/2023\/01\/screenshot_20230113-002940_chrome9119976011597589270.jpg?w=1024\" alt=\"\" class=\"wp-image-972\" srcset=\"https:\/\/xn--tuvozdiasporaespaola-k7b.com\/wp-content\/uploads\/2023\/01\/screenshot_20230113-002940_chrome9119976011597589270.jpg 1932w, https:\/\/xn--tuvozdiasporaespaola-k7b.com\/wp-content\/uploads\/2023\/01\/screenshot_20230113-002940_chrome9119976011597589270-300x168.jpg 300w, https:\/\/xn--tuvozdiasporaespaola-k7b.com\/wp-content\/uploads\/2023\/01\/screenshot_20230113-002940_chrome9119976011597589270-1024x572.jpg 1024w, https:\/\/xn--tuvozdiasporaespaola-k7b.com\/wp-content\/uploads\/2023\/01\/screenshot_20230113-002940_chrome9119976011597589270-768x429.jpg 768w, https:\/\/xn--tuvozdiasporaespaola-k7b.com\/wp-content\/uploads\/2023\/01\/screenshot_20230113-002940_chrome9119976011597589270-1568x877.jpg 1568w\" sizes=\"(max-width: 1932px) 100vw, 1932px\" \/><\/figure>\n\n\n\n<p>El Gobierno de Boluarte anunci\u00f3 el martes un toque de queda en Puno por tres d\u00edas, desde las 20:00 a las 04:00 horas. Pese al intento de poner fin a las protestas antigubernamentales, las movilizaciones persisten en las regiones de Cusco, Arequipa, Apur\u00edmac, Madre de Dios y Amazonas.<\/p>\n\n\n\n<p>El mi\u00e9rcoles pasado  una delegaci\u00f3n de la Comisi\u00f3n Interamericana de Derechos Humanos (CIDH) lleg\u00f3 al pa\u00eds suramericano para evaluar la situaci\u00f3n, reunirse con las autoridades, v\u00edctimas y familiares de los manifestantes.<\/p>\n\n\n\n<p>&nbsp;La delegaci\u00f3n estar\u00e1 en Per\u00fa hasta este viernes se visito Juliaca, donde ocurri\u00f3 la masacre de Puno por represi\u00f3n a las protestas en este departamento peruano.<\/p>\n\n\n\n<p>La Direcci\u00f3n Regional de Salud (Diresa) del departamento peruano de Puno confirm\u00f3 este jueves el fallecimiento de un menor, de 15 a\u00f1os, que el pasado lunes fue ingresado al Hospital Carlos Monge Medrano de la ciudad de Juliaca, con heridas por arma de fuego tras los enfrentamientos entre manifestantes y las fuerzas de seguridad.&nbsp;<\/p>\n\n\n\n<p>Estos&nbsp; hechos&nbsp; ser\u00e1n investigados por la Comisi\u00f3n Interamericana de Derechos Humanos (CIDH).<\/p>\n\n\n\n<figure class=\"wp-block-embed is-type-rich is-provider-twitter wp-block-embed-twitter\"><div class=\"wp-block-embed__wrapper\">\n<blockquote class=\"twitter-tweet\" data-width=\"550\" data-dnt=\"true\"><p lang=\"es\" dir=\"ltr\">Hasta el momento tres Gobiernos Regionales exigen la renuncia de Dina Boluarte <a href=\"https:\/\/twitter.com\/hashtag\/Cusco?src=hash&amp;ref_src=twsrc%5Etfw\">#Cusco<\/a> <a href=\"https:\/\/twitter.com\/hashtag\/Apurimac?src=hash&amp;ref_src=twsrc%5Etfw\">#Apurimac<\/a> y <a href=\"https:\/\/twitter.com\/hashtag\/Puno?src=hash&amp;ref_src=twsrc%5Etfw\">#Puno<\/a> <a href=\"https:\/\/t.co\/F5WaJ85TZ6\">pic.twitter.com\/F5WaJ85TZ6<\/a><\/p>&mdash; Ruth Luque (@RuthLuqueIbarra) <a href=\"https:\/\/twitter.com\/RuthLuqueIbarra\/status\/1613590724313845811?ref_src=twsrc%5Etfw\">January 12, 2023<\/a><\/blockquote><script async src=\"https:\/\/platform.twitter.com\/widgets.js\" charset=\"utf-8\"><\/script>\n<\/div><\/figure>\n\n\n\n<p>Entre tanto tres gobiernos regionales se pronunciaron luego de la masacre ocurrida el pasado lunes en la ciudad  de Juliaca en Puno.<br \/><br \/>\u00ab<em>En el marco de este escenario cr\u00edtico, la se\u00f1ora Dina Boluarte debe renunciar al cargo de la Presidencia de la Rep\u00fablica\u00bb<\/em>, dice un comunicado firmado por el gobernador regional del Cusco, Werner Salcedo \u00c1lvarez.<\/p>\n\n\n\n<p>El gobernador se\u00f1ala que con la renuncia de la mandataria se garantizar\u00eda la convocatoria a elecciones inmediatas, otra de las peticiones de los manifestantes.<br \/><br \/>La solicitud de Salcedo fue apoyada por el Consejo Regional del Cusco, que demand\u00f3 la \u00abinmediata declinaci\u00f3n\u00bb de Boluarte como presidenta, y pidi\u00f3 la \u00abautodisoluci\u00f3n\u00bb del Congreso, una exigencia m\u00e1s de quienes se mantienen en las calles.<\/p>\n\n\n\n<figure class=\"wp-block-embed is-type-rich is-provider-twitter wp-block-embed-twitter\"><div class=\"wp-block-embed__wrapper\">\n<blockquote class=\"twitter-tweet\" data-width=\"550\" data-dnt=\"true\"><p lang=\"es\" dir=\"ltr\"><a href=\"https:\/\/twitter.com\/hashtag\/ATENCI%C3%93N?src=hash&amp;ref_src=twsrc%5Etfw\">#ATENCI\u00d3N<\/a> | Consejo Regional del <a href=\"https:\/\/twitter.com\/hashtag\/Cusco?src=hash&amp;ref_src=twsrc%5Etfw\">#Cusco<\/a> emite un contundente pronunciamiento donde exige la inmediata declinaci\u00f3n de @DinaErcilia, la autodisoluci\u00f3n del <a href=\"https:\/\/twitter.com\/congresoperu?ref_src=twsrc%5Etfw\">@congresoperu<\/a>. Adem\u00e1s, condenaron el uso desproporcionado de la fuerza contra civiles y el cese de la violencia, entre otras. <a href=\"https:\/\/t.co\/lNdpvkGKoW\">pic.twitter.com\/lNdpvkGKoW<\/a><\/p>&mdash; ?? Wayka (@WaykaPeru) <a href=\"https:\/\/twitter.com\/WaykaPeru\/status\/1612924239119634445?ref_src=twsrc%5Etfw\">January 10, 2023<\/a><\/blockquote><script async src=\"https:\/\/platform.twitter.com\/widgets.js\" charset=\"utf-8\"><\/script>\n<\/div><\/figure>\n\n\n\n<p>El Consejo tambi\u00e9n abog\u00f3 por que se cumpla con otra de las solicitudes de los manifestantes, que es la convocatoria a un refer\u00e9ndum para consultar a la poblaci\u00f3n sobre la realizaci\u00f3n de una asamblea constituyente, a fin de que se redacte una nueva Constituci\u00f3n.<\/p>\n\n\n\n<p>Esta eemana  se sumo a esta petici\u00f3n  el gobernador regional de Puno, Richard Hancco Soncco, el Consejo Regional de ese departamento y alcaldes de las municipalidades provinciales de la entidad, emitieron un comunicado conjunto, en el que, adem\u00e1s de condenar la represi\u00f3n de las fuerzas de seguridad, se sumaron a la petici\u00f3n de la salida de Boluarte del poder.<\/p>\n\n\n\n<p>\u00ab<em>Exigimos la renuncia inmediata de Dina Boluarte a la Presidencia de la Rep\u00fablica y la pronta convocatoria a elecciones a nivel nacional, considerando que es el clamor de la totalidad del pueblo\u00bb,<\/em> dice el texto.<\/p>\n\n\n\n<p>Este jueves pasado  el gobernador regional de Apur\u00edmac, Percy Godoy Medina, tambi\u00e9n se sum\u00f3 al reclamo. <em>\u00abEl clamor y la plataforma de lucha del pueblo movilizado debe ser escuchado por la tranquilidad y la paz social del pueblo peruano\u00bb,<\/em> sostienen en el texto oficial.<\/p>\n\n\n\n<p> A estos posicionamientos se unen empresas  con distintos comunicados <em>\u00abAnte los acontecimientos en la regi\u00f3n de Puno, Minsur expres\u00f3 en un comunicado de la compa\u00f1\u00eda minera lo siguiente: solidaridad con las familias de las personas fallecidas y afectadas. En este sentido, hemos venido reduciendo nuestras operaciones y, en l\u00ednea con el duelo decretado a nivel regional, se suspendi\u00f3 temporalmente nuestra principal actividad productiva, que es la mina\u00bb.<\/em><\/p>\n\n\n\n<p>Esta es una de las tantas empresas que en estos d\u00edas se solidarizan con los manifestantes y piden que pare esta barbarie asesina y silencionsa&nbsp;<\/p>\n\n\n\n<p>En paralelo, miles de personas siguen en las calles de la capital, Lima, para expresar su rechazo al gobierno interino y a la represi\u00f3n policial, despu\u00e9s que diversos grupos sociales convocaran una marcha bajo la consigna<strong> \u00abNi un muerto m\u00e1s\u00bb.<\/strong><\/p>\n\n\n\n<figure class=\"wp-block-image size-large\"><img decoding=\"async\" width=\"1200\" height=\"1600\" src=\"http:\/\/xn--tuvozdiasporaespaola-k7b.com\/wp-content\/uploads\/2023\/01\/img-20230113-wa00047362974587780480932.jpg?w=768\" alt=\"\" class=\"wp-image-973\" srcset=\"https:\/\/xn--tuvozdiasporaespaola-k7b.com\/wp-content\/uploads\/2023\/01\/img-20230113-wa00047362974587780480932.jpg 1200w, https:\/\/xn--tuvozdiasporaespaola-k7b.com\/wp-content\/uploads\/2023\/01\/img-20230113-wa00047362974587780480932-225x300.jpg 225w, https:\/\/xn--tuvozdiasporaespaola-k7b.com\/wp-content\/uploads\/2023\/01\/img-20230113-wa00047362974587780480932-768x1024.jpg 768w\" sizes=\"(max-width: 1200px) 100vw, 1200px\" \/><figcaption class=\"wp-element-caption\">Compa\u00f1eros de Podemos Per\u00fa  en las manifestaciones de Lima <\/figcaption><\/figure>\n\n\n\n<p>Los manifestantes afirman que la administraci\u00f3n de Boluarte es un \u00ab<strong><em>gobierno manchado de sangre\u00bb<\/em><\/strong>  y  <strong>\u00bb que no tiene ninguna credibilidad, y&nbsp; exigen respetar la voluntad del pueblo peruano\u00bb.<\/strong>&nbsp;<\/p>\n\n\n\n<p>En las calles de la capital se mantiene un contingente grande de la Polic\u00eda, y se ha informado de al menos un enfrentamiento con los civiles.<\/p>\n\n\n\n<p> En ese entorno e revueltas, ahora m\u00e1s que nunca creemos que hay que dar batalla desde todos los estamentos p\u00fablicos e Internacinales y no dejar solo al pueblo Peruano  luchando contra  este fascismo en estado puro al estilo de la operaci\u00f3n C\u00f3ndor. ,  El silencio de EEUU y la OEA demuestra una vez m\u00e1s en el lado oscuro de la historia en el que se encuentran, alejados ambos organismos  del pueblo ,de sus derechos y sus necesidades.<\/p>\n\n\n\n<figure class=\"wp-block-image size-large\"><img decoding=\"async\" width=\"1079\" height=\"1086\" src=\"http:\/\/xn--tuvozdiasporaespaola-k7b.com\/wp-content\/uploads\/2023\/01\/screenshot_20230112-210801_twitter5302222813628411982.jpg?w=1017\" alt=\"\" class=\"wp-image-975\" srcset=\"https:\/\/xn--tuvozdiasporaespaola-k7b.com\/wp-content\/uploads\/2023\/01\/screenshot_20230112-210801_twitter5302222813628411982.jpg 1079w, https:\/\/xn--tuvozdiasporaespaola-k7b.com\/wp-content\/uploads\/2023\/01\/screenshot_20230112-210801_twitter5302222813628411982-298x300.jpg 298w, https:\/\/xn--tuvozdiasporaespaola-k7b.com\/wp-content\/uploads\/2023\/01\/screenshot_20230112-210801_twitter5302222813628411982-1017x1024.jpg 1017w, https:\/\/xn--tuvozdiasporaespaola-k7b.com\/wp-content\/uploads\/2023\/01\/screenshot_20230112-210801_twitter5302222813628411982-150x150.jpg 150w, https:\/\/xn--tuvozdiasporaespaola-k7b.com\/wp-content\/uploads\/2023\/01\/screenshot_20230112-210801_twitter5302222813628411982-768x773.jpg 768w\" sizes=\"(max-width: 1079px) 100vw, 1079px\" \/><\/figure>\n\n\n\n<p> Consultados con el c\u00edrculo de Ecuador- Per\u00fa nos trasladan su preocupaci\u00f3n por esta situaci\u00f3n y se suman al grito de la poblaci\u00f3n de Per\u00fa acompa\u00f1\u00e1ndolos en las calles en las manifestaciones  dirigidas a recuperar la democracia  que unos gobernantes usurpadores y un Congreso ajeno a los reclamos de su propio pueblo les  ha arrebatado.<\/p>\n\n\n\n<p>Delegaci\u00f3n de Per\u00fa,  Redaccion Revista TU VOZ.<\/p>\n\n\n\n<p>Fuentes: RT, Agencia EF.<\/p>\n","protected":false},"excerpt":{"rendered":"<p>Dina Boluarte pasara a la historia de Per\u00fa como la dirigente que en tiempos de paz gener\u00f3 una conmoci\u00f3n en la sociedad Peruana con &#8230; <\/p>\n<p class=\"read-more-container\"><a title=\"En Per\u00fa se sigue asesinando al pueblo en nombre de la Democracia cuando son Golpistas.\" class=\"read-more button\" href=\"https:\/\/xn--tuvozdiasporaespaola-k7b.com\/page\/2\/en-peru-se-sigue-asesinando-al-pueblo-en-nombre-de-la-democracia-cuando-son-golpistas\/#more-974\" aria-label=\"M\u00e1s en En Per\u00fa se sigue asesinando al pueblo en nombre de la Democracia cuando son Golpistas.\">Leer m\u00e1s<\/a><\/p>\n","protected":false},"author":222560522,"featured_media":0,"comment_status":"open","ping_status":"open","sticky":false,"template":"","format":"standard","meta":{"footnotes":""},"categories":[1771],"tags":[],"class_list":["post-974","post","type-post","status-publish","format-standard","hentry","category-sociales"],"_links":{"self":[{"href":"https:\/\/xn--tuvozdiasporaespaola-k7b.com\/page\/2\/wp-json\/wp\/v2\/posts\/974","targetHints":{"allow":["GET"]}}],"collection":[{"href":"https:\/\/xn--tuvozdiasporaespaola-k7b.com\/page\/2\/wp-json\/wp\/v2\/posts"}],"about":[{"href":"https:\/\/xn--tuvozdiasporaespaola-k7b.com\/page\/2\/wp-json\/wp\/v2\/types\/post"}],"author":[{"embeddable":true,"href":"https:\/\/xn--tuvozdiasporaespaola-k7b.com\/page\/2\/wp-json\/wp\/v2\/users\/222560522"}],"replies":[{"embeddable":true,"href":"https:\/\/xn--tuvozdiasporaespaola-k7b.com\/page\/2\/wp-json\/wp\/v2\/comments?post=974"}],"version-history":[{"count":0,"href":"https:\/\/xn--tuvozdiasporaespaola-k7b.com\/page\/2\/wp-json\/wp\/v2\/posts\/974\/revisions"}],"wp:attachment":[{"href":"https:\/\/xn--tuvozdiasporaespaola-k7b.com\/page\/2\/wp-json\/wp\/v2\/media?parent=974"}],"wp:term":[{"taxonomy":"category","embeddable":true,"href":"https:\/\/xn--tuvozdiasporaespaola-k7b.com\/page\/2\/wp-json\/wp\/v2\/categories?post=974"},{"taxonomy":"post_tag","embeddable":true,"href":"https:\/\/xn--tuvozdiasporaespaola-k7b.com\/page\/2\/wp-json\/wp\/v2\/tags?post=974"}],"curies":[{"name":"wp","href":"https:\/\/api.w.org\/{rel}","templated":true}]}}