{"id":964,"date":"2023-01-08T20:55:15","date_gmt":"2023-01-08T23:55:15","guid":{"rendered":"https:\/\/xn--tuvozdiasporaespaola-k7b.com\/2023\/01\/08\/todo-el-apoyo-a-la-legitimidad-democratica-de-lula-en-brasil\/"},"modified":"2023-01-08T20:55:15","modified_gmt":"2023-01-08T23:55:15","slug":"todo-el-apoyo-a-la-legitimidad-democratica-de-lula-en-brasil","status":"publish","type":"post","link":"https:\/\/xn--tuvozdiasporaespaola-k7b.com\/page\/2\/todo-el-apoyo-a-la-legitimidad-democratica-de-lula-en-brasil\/","title":{"rendered":"TODO EL APOYO A LA LEGITIMIDAD DEMOCR\u00c1TICA DE LULA EN BRASIL"},"content":{"rendered":"\n<p><\/p>\n\n\n\n<p>Las Redes de Am\u00e9rica y Europa de Podemos Exterior queremos manifestar, ante el asalto en la tarde de hoy de partidarios ultraderechistas a las instituciones de la Soberan\u00eda Popular del pueblo brasile\u00f1o:<\/p>\n\n\n\n<p>1.- Nuestra maxima repulsa, esperando que el apoyo internacional al legitimo Gobierno de Lula da Silva y al r\u00e9gimen democr\u00e1tico, el de la mayoria de la poblaci\u00f3n&nbsp; y la r\u00e1pida actuaci\u00f3n de las Fuerzas policiales, consigan restablecer el orden y capturar a los golpistas, as\u00ed como a sus blanqueadores y financiadores.<\/p>\n\n\n\n<p>2.- Que todos los organismos oficiales Americanos , se re\u00fanan de urgencia para condenar dicho intento golpista sin paliativos.<\/p>\n\n\n\n<p>3.- Que se proceda a la urgente depuraci\u00f3n en las Fuerzas Armadas y de Seguridad Nacional brasile\u00f1as de los mandos partidarios de Bolsonaro y su negacionismo antidemocr\u00e1tico, con objeto de garantizar la estabilidad del pa\u00eds y de sus instituciones soberanas.<\/p>\n\n\n\n<p>Para los Circulos de Podemos, presentes en Brasil y en 18 pa\u00edses donde residen cerca del 90% de la emigraci\u00f3n espa\u00f1ola actual, la gravedad de los recientes ataques a dirigentes electos de la izquierda en Argentina, Per\u00fa y ahora Brasil, demuestra la deriva de las Derechas del continente hacia el neofascismo.<\/p>\n\n\n\n<p>Por ello se demuestra la necesidad urgente de reforzar los v\u00ednculos entre naciones de la regi\u00f3n para combatir dicha grave amenaza, defendiendo los avances sociales, econ\u00f3micos y medioambientales que posibiliten un futuro alejado de la violencia y desigualdad heredados.<\/p>\n\n\n\n<figure class=\"wp-block-image size-large\"><img fetchpriority=\"high\" decoding=\"async\" width=\"800\" height=\"532\" src=\"http:\/\/xn--tuvozdiasporaespaola-k7b.com\/wp-content\/uploads\/2023\/01\/1920_1673206945847aa79a95a47ebb3e004b10e01e8216d182d6e66766206087892452862.jpg?w=800\" alt=\"\" class=\"wp-image-963\" srcset=\"https:\/\/xn--tuvozdiasporaespaola-k7b.com\/wp-content\/uploads\/2023\/01\/1920_1673206945847aa79a95a47ebb3e004b10e01e8216d182d6e66766206087892452862.jpg 800w, https:\/\/xn--tuvozdiasporaespaola-k7b.com\/wp-content\/uploads\/2023\/01\/1920_1673206945847aa79a95a47ebb3e004b10e01e8216d182d6e66766206087892452862-300x200.jpg 300w, https:\/\/xn--tuvozdiasporaespaola-k7b.com\/wp-content\/uploads\/2023\/01\/1920_1673206945847aa79a95a47ebb3e004b10e01e8216d182d6e66766206087892452862-768x511.jpg 768w\" sizes=\"(max-width: 800px) 100vw, 800px\" \/><\/figure>\n\n\n\n<p>NOTA DE PRENSA REDES DE C\u00cdRCULOS DE AM\u00c9RICA Y EUROPA <\/p>\n","protected":false},"excerpt":{"rendered":"<p>Las Redes de Am\u00e9rica y Europa de Podemos Exterior queremos manifestar, ante el asalto en la tarde de hoy de partidarios ultraderechistas a las &#8230; <\/p>\n<p class=\"read-more-container\"><a title=\"TODO EL APOYO A LA LEGITIMIDAD DEMOCR\u00c1TICA DE LULA EN BRASIL\" class=\"read-more button\" href=\"https:\/\/xn--tuvozdiasporaespaola-k7b.com\/page\/2\/todo-el-apoyo-a-la-legitimidad-democratica-de-lula-en-brasil\/#more-964\" aria-label=\"M\u00e1s en TODO EL APOYO A LA LEGITIMIDAD DEMOCR\u00c1TICA DE LULA EN BRASIL\">Leer m\u00e1s<\/a><\/p>\n","protected":false},"author":222560522,"featured_media":0,"comment_status":"open","ping_status":"open","sticky":false,"template":"","format":"standard","meta":{"footnotes":""},"categories":[1771],"tags":[],"class_list":["post-964","post","type-post","status-publish","format-standard","hentry","category-sociales"],"_links":{"self":[{"href":"https:\/\/xn--tuvozdiasporaespaola-k7b.com\/page\/2\/wp-json\/wp\/v2\/posts\/964","targetHints":{"allow":["GET"]}}],"collection":[{"href":"https:\/\/xn--tuvozdiasporaespaola-k7b.com\/page\/2\/wp-json\/wp\/v2\/posts"}],"about":[{"href":"https:\/\/xn--tuvozdiasporaespaola-k7b.com\/page\/2\/wp-json\/wp\/v2\/types\/post"}],"author":[{"embeddable":true,"href":"https:\/\/xn--tuvozdiasporaespaola-k7b.com\/page\/2\/wp-json\/wp\/v2\/users\/222560522"}],"replies":[{"embeddable":true,"href":"https:\/\/xn--tuvozdiasporaespaola-k7b.com\/page\/2\/wp-json\/wp\/v2\/comments?post=964"}],"version-history":[{"count":0,"href":"https:\/\/xn--tuvozdiasporaespaola-k7b.com\/page\/2\/wp-json\/wp\/v2\/posts\/964\/revisions"}],"wp:attachment":[{"href":"https:\/\/xn--tuvozdiasporaespaola-k7b.com\/page\/2\/wp-json\/wp\/v2\/media?parent=964"}],"wp:term":[{"taxonomy":"category","embeddable":true,"href":"https:\/\/xn--tuvozdiasporaespaola-k7b.com\/page\/2\/wp-json\/wp\/v2\/categories?post=964"},{"taxonomy":"post_tag","embeddable":true,"href":"https:\/\/xn--tuvozdiasporaespaola-k7b.com\/page\/2\/wp-json\/wp\/v2\/tags?post=964"}],"curies":[{"name":"wp","href":"https:\/\/api.w.org\/{rel}","templated":true}]}}