{"id":959,"date":"2023-01-08T16:39:05","date_gmt":"2023-01-08T19:39:05","guid":{"rendered":"https:\/\/xn--tuvozdiasporaespaola-k7b.com\/?p=959"},"modified":"2023-01-08T16:42:53","modified_gmt":"2023-01-08T19:42:53","slug":"bolsonaristas-radicales-irrumpen-en-el-congreso-de-brasil-el-supremo-tribunal-federal-y-el-palacio-de-planalto","status":"publish","type":"post","link":"https:\/\/xn--tuvozdiasporaespaola-k7b.com\/page\/2\/bolsonaristas-radicales-irrumpen-en-el-congreso-de-brasil-el-supremo-tribunal-federal-y-el-palacio-de-planalto\/","title":{"rendered":"Bolsonaristas radicales irrumpen en el Congreso de Brasil, el Supremo Tribunal Federal y el Palacio de Planalto"},"content":{"rendered":"\n<figure class=\"wp-block-pullquote\"><blockquote><p>La turba rompi\u00f3 los cordones de seguridad y confront\u00f3 a la Polic\u00eda en la Esplanada dos Minist\u00e9rios.<\/p><\/blockquote><\/figure>\n\n\n\n<p>Bolsonaristas radicales han conseguido romper los cordones de seguridad alrededor del Congreso Nacional de Brasil e irrumpir en el edificio del \u00f3rgano legislativo.&nbsp;En la Esplanada dos Minist\u00e9rios, en Brasilia, se han producido enfrentamientos de manifestantes con la Polic\u00eda, que trat\u00f3 de dispersar a la multitud con gas pimienta.<\/p>\n\n\n\n<figure class=\"wp-block-embed is-type-rich is-provider-twitter wp-block-embed-twitter\"><div class=\"wp-block-embed__wrapper\">\n<blockquote class=\"twitter-tweet\" data-width=\"550\" data-dnt=\"true\"><p lang=\"pt\" dir=\"ltr\">?? Bolsonaristas invadem o Congresso Nacional em manifesta\u00e7\u00e3o antidemocr\u00e1tica <a href=\"https:\/\/t.co\/fpLp7TThD2\">pic.twitter.com\/fpLp7TThD2<\/a><\/p>&mdash; Metr\u00f3poles (@Metropoles) <a href=\"https:\/\/twitter.com\/Metropoles\/status\/1612146430864510976?ref_src=twsrc%5Etfw\">January 8, 2023<\/a><\/blockquote><script async src=\"https:\/\/platform.twitter.com\/widgets.js\" charset=\"utf-8\"><\/script>\n<\/div><\/figure>\n\n\n\n<p>En las primeras im\u00e1genes desde el lugar de los hechos se aprecian ventanas rotas y humo en algunos puntos.<\/p>\n\n\n\n<p>Seg\u00fan medios locales, esta ma\u00f1ana en la zona hab\u00eda tres autobuses con miembros de las fuerzas de seguridad, pero no result\u00f3 suficiente como para contener a los manifestantes, que llegaron al Congreso Nacional vistiendo en su mayor\u00eda los colores verde y amarillo.<\/p>\n\n\n\n<figure class=\"wp-block-image size-large\"><img fetchpriority=\"high\" decoding=\"async\" width=\"312\" height=\"175\" src=\"http:\/\/xn--tuvozdiasporaespaola-k7b.com\/wp-content\/uploads\/2023\/01\/16732054259344855515731463811034.jpg?w=312\" alt=\"\" class=\"wp-image-961\" srcset=\"https:\/\/xn--tuvozdiasporaespaola-k7b.com\/wp-content\/uploads\/2023\/01\/16732054259344855515731463811034.jpg 312w, https:\/\/xn--tuvozdiasporaespaola-k7b.com\/wp-content\/uploads\/2023\/01\/16732054259344855515731463811034-300x168.jpg 300w\" sizes=\"(max-width: 312px) 100vw, 312px\" \/><\/figure>\n\n\n\n<p><br><br>Los congregados protestaban contra el presidente Luiz In\u00e1cio Lula da Silva, quien asumi\u00f3 el cargo el pasado 1 de enero. Algunos de ellos hac\u00edan referencia a un extracto de la Constituci\u00f3n del pa\u00eds, que dice que \u00abtodo el poder emana del pueblo\u00bb. Los medios locales informan que Lula da Silva ha sido evacuado a un lugar seguro, lejos del centro de Brasilia.<\/p>\n\n\n\n<figure class=\"wp-block-embed is-type-rich is-provider-twitter wp-block-embed-twitter\"><div class=\"wp-block-embed__wrapper\">\n<blockquote class=\"twitter-tweet\" data-width=\"550\" data-dnt=\"true\"><p lang=\"pt\" dir=\"ltr\">?? AGORA: manifestantes bolsonaristas conseguem subir a rampa do Pal\u00e1cio do Planalto <a href=\"https:\/\/t.co\/7Eh4IlpPZG\">pic.twitter.com\/7Eh4IlpPZG<\/a><\/p>&mdash; Metr\u00f3poles (@Metropoles) <a href=\"https:\/\/twitter.com\/Metropoles\/status\/1612150583460331532?ref_src=twsrc%5Etfw\">January 8, 2023<\/a><\/blockquote><script async src=\"https:\/\/platform.twitter.com\/widgets.js\" charset=\"utf-8\"><\/script>\n<\/div><\/figure>\n\n\n\n<p>El presidente del Senado, Rodrigo Pacheco, calific\u00f3 las acciones como \u00abactos antidemocr\u00e1ticos\u00bb e inform\u00f3 que ha mantenido una conversaci\u00f3n con el gobernador del Distrito Federal, Ibaneis Rocha, quien comunic\u00f3 \u00abque est\u00e1 concentrando los esfuerzos de todo el aparato policial para controlar la situaci\u00f3n\u00bb.<br \/><br \/>\u00abLas fuerzas de seguridad del Distrito Federal, adem\u00e1s de la Polic\u00eda Legislativa del Congreso, est\u00e1n comprometidas con la acci\u00f3n. Repudio con vehemencia estos actos antidemocr\u00e1ticos, que deben someterse urgentemente al rigor de la ley\u00bb, escribi\u00f3 Pacheco en su cuenta de Twitter.<\/p>\n\n\n\n<figure class=\"wp-block-embed is-type-rich is-provider-twitter wp-block-embed-twitter\"><div class=\"wp-block-embed__wrapper\">\n<blockquote class=\"twitter-tweet\" data-width=\"550\" data-dnt=\"true\"><p lang=\"es\" dir=\"ltr\">?? Seguidores bolsonaristas intentan tomar el Congreso en Brasilia, en un acto que recuerda peligrosamente al asalto al Capitolio de 2021 en EEUU. Nuestro rotundo rechazo a este ataque y nuestro llamado a que la democracia sea defendida frente al reaccionarismo a nivel global.<\/p>&mdash; Podemos Internacional (@PodemosInter) <a href=\"https:\/\/twitter.com\/PodemosInter\/status\/1612155928089956353?ref_src=twsrc%5Etfw\">January 8, 2023<\/a><\/blockquote><script async src=\"https:\/\/platform.twitter.com\/widgets.js\" charset=\"utf-8\"><\/script>\n<\/div><\/figure>\n\n\n\n<p>Desde esta revista condenamos este acto de ataque a la ciudadan\u00eda Brasile\u00f1a y a la Democracia.<\/p>\n\n\n\n<p>Puestos en contacto con la  Red de C\u00edrculos de Am\u00e9rica nos transmiten la condena  y piden respeto para la democracia Brasile\u00f1a  y a su Presidente Lula elegido en las Urnas democr\u00e1ticamente.<\/p>\n\n\n\n<figure class=\"wp-block-embed is-type-video is-provider-youtube wp-block-embed-youtube wp-embed-aspect-4-3 wp-has-aspect-ratio\"><div class=\"wp-block-embed__wrapper\">\n<iframe title=\"CNN 360\u00b0 - 08\/01\/2023\" width=\"1110\" height=\"624\" src=\"https:\/\/www.youtube.com\/embed\/3OLsCwoqZfE?feature=oembed\" frameborder=\"0\" allow=\"accelerometer; autoplay; clipboard-write; encrypted-media; gyroscope; picture-in-picture; web-share\" allowfullscreen><\/iframe>\n<\/div><\/figure>\n\n\n\n<p>Redacci\u00f3n Revista TU VOZ , Delegaci\u00f3n Brasil<\/p>\n\n\n\n<p>Fuentes del art\u00edculo RT<\/p>\n","protected":false},"excerpt":{"rendered":"<p>La turba rompi\u00f3 los cordones de seguridad y confront\u00f3 a la Polic\u00eda en la Esplanada dos Minist\u00e9rios. Bolsonaristas radicales han conseguido romper los cordones &#8230; <\/p>\n<p class=\"read-more-container\"><a title=\"Bolsonaristas radicales irrumpen en el Congreso de Brasil, el Supremo Tribunal Federal y el Palacio de Planalto\" class=\"read-more button\" href=\"https:\/\/xn--tuvozdiasporaespaola-k7b.com\/page\/2\/bolsonaristas-radicales-irrumpen-en-el-congreso-de-brasil-el-supremo-tribunal-federal-y-el-palacio-de-planalto\/#more-959\" aria-label=\"M\u00e1s en Bolsonaristas radicales irrumpen en el Congreso de Brasil, el Supremo Tribunal Federal y el Palacio de Planalto\">Leer m\u00e1s<\/a><\/p>\n","protected":false},"author":222560522,"featured_media":0,"comment_status":"open","ping_status":"open","sticky":false,"template":"","format":"standard","meta":{"footnotes":""},"categories":[1771],"tags":[],"class_list":["post-959","post","type-post","status-publish","format-standard","hentry","category-sociales"],"_links":{"self":[{"href":"https:\/\/xn--tuvozdiasporaespaola-k7b.com\/page\/2\/wp-json\/wp\/v2\/posts\/959","targetHints":{"allow":["GET"]}}],"collection":[{"href":"https:\/\/xn--tuvozdiasporaespaola-k7b.com\/page\/2\/wp-json\/wp\/v2\/posts"}],"about":[{"href":"https:\/\/xn--tuvozdiasporaespaola-k7b.com\/page\/2\/wp-json\/wp\/v2\/types\/post"}],"author":[{"embeddable":true,"href":"https:\/\/xn--tuvozdiasporaespaola-k7b.com\/page\/2\/wp-json\/wp\/v2\/users\/222560522"}],"replies":[{"embeddable":true,"href":"https:\/\/xn--tuvozdiasporaespaola-k7b.com\/page\/2\/wp-json\/wp\/v2\/comments?post=959"}],"version-history":[{"count":0,"href":"https:\/\/xn--tuvozdiasporaespaola-k7b.com\/page\/2\/wp-json\/wp\/v2\/posts\/959\/revisions"}],"wp:attachment":[{"href":"https:\/\/xn--tuvozdiasporaespaola-k7b.com\/page\/2\/wp-json\/wp\/v2\/media?parent=959"}],"wp:term":[{"taxonomy":"category","embeddable":true,"href":"https:\/\/xn--tuvozdiasporaespaola-k7b.com\/page\/2\/wp-json\/wp\/v2\/categories?post=959"},{"taxonomy":"post_tag","embeddable":true,"href":"https:\/\/xn--tuvozdiasporaespaola-k7b.com\/page\/2\/wp-json\/wp\/v2\/tags?post=959"}],"curies":[{"name":"wp","href":"https:\/\/api.w.org\/{rel}","templated":true}]}}