{"id":956,"date":"2023-01-09T16:12:53","date_gmt":"2023-01-09T19:12:53","guid":{"rendered":"https:\/\/xn--tuvozdiasporaespaola-k7b.com\/?p=956"},"modified":"2023-01-09T16:12:55","modified_gmt":"2023-01-09T19:12:55","slug":"la-derecha-le-marca-el-organigrama-politico-a-yolanda-diaz-al-margen-de-podemos","status":"publish","type":"post","link":"https:\/\/xn--tuvozdiasporaespaola-k7b.com\/page\/2\/la-derecha-le-marca-el-organigrama-politico-a-yolanda-diaz-al-margen-de-podemos\/","title":{"rendered":"\u00bfLa derecha le marca el organigrama pol\u00edtico a YOLANDA DIAZ al margen de PODEMOS?"},"content":{"rendered":"\n<p>Diaz defiende la idea de que su proyecto \u201c<em><strong>no va de partidos ni de siglas, sino de escuchar a la sociedad\u00bb.<\/strong><\/em><em> <\/em>Promete un <em><strong>\u00abnuevo contrato social\u00bb<\/strong><\/em> para ensanchar la democracia\u00bb, dispuesta a encabezar un proyecto pol\u00edtico que ser\u00e1 elaborada por \u00ab<em><strong>diversos grupos y equipos tem\u00e1ticos\u00bb<\/strong><\/em> que tengan en cuenta las sugerencias recogidas desde este momento <em><strong>\u00aben cada rinc\u00f3n del pa\u00eds\u00bb<\/strong><\/em><\/p>\n\n\n\n<p><strong>\u00bfAlguien cree que un proyecto sin partidos es viable despu\u00e9s de ver proyectos artificiales como Ciudadanos, UPyD?<\/strong>  Ambos  fueron manejados medi\u00e1ticamente desde las cloacas del estado y se han difuminado en funci\u00f3n de&nbsp; falsas proyecciones.<\/p>\n\n\n\n<p>A juicio de D\u00edaz, el proyecto ha de terminar con un nuevo contrato democr\u00e1tico y social que sea \u00ab<em><strong>verde, feminista, que tenga a los j\u00f3venes dentro, que sea intergeneracional\u00bb.<\/strong><\/em> Un proyecto incompatible con la etiqueta de izquierda, <em><strong>\u00abuna esquinita\u00bb<\/strong><\/em><em> que reh\u00faye porque<\/em><strong><em> \u00abes algo muy peque\u00f1o y marginal\u00bb (sic), \u00absin egos de otros\u00bb<\/em><\/strong><strong> <\/strong>y que intenta erigirse en la casa com\u00fan desde la que <em><strong>\u00abimaginar y reconstruir un nuevo pa\u00eds\u00bb,<\/strong><\/em> avanzo. La vicepresidenta segunda en la presentaci\u00f3n de Valencia proclam\u00f3 que <em><strong>\u201cesto es el principio de algo maravilloso\u201d.<\/strong><\/em><\/p>\n\n\n\n<figure class=\"wp-block-image size-large\"><img fetchpriority=\"high\" decoding=\"async\" width=\"1250\" height=\"750\" src=\"http:\/\/xn--tuvozdiasporaespaola-k7b.com\/wp-content\/uploads\/2023\/01\/la-vicepresidenta-segunda-y-ministra-de-trabajo-y-economia-social-yolanda-diaz-con-jose-luis-rodriguez-zapatero-expresidente-del-gobierno-en-el-evento-de-un-medio-de-comunicacion3481165.jpeg?w=1024\" alt=\"\" class=\"wp-image-952\" srcset=\"https:\/\/xn--tuvozdiasporaespaola-k7b.com\/wp-content\/uploads\/2023\/01\/la-vicepresidenta-segunda-y-ministra-de-trabajo-y-economia-social-yolanda-diaz-con-jose-luis-rodriguez-zapatero-expresidente-del-gobierno-en-el-evento-de-un-medio-de-comunicacion3481165.jpeg 1250w, https:\/\/xn--tuvozdiasporaespaola-k7b.com\/wp-content\/uploads\/2023\/01\/la-vicepresidenta-segunda-y-ministra-de-trabajo-y-economia-social-yolanda-diaz-con-jose-luis-rodriguez-zapatero-expresidente-del-gobierno-en-el-evento-de-un-medio-de-comunicacion3481165-300x180.jpeg 300w, https:\/\/xn--tuvozdiasporaespaola-k7b.com\/wp-content\/uploads\/2023\/01\/la-vicepresidenta-segunda-y-ministra-de-trabajo-y-economia-social-yolanda-diaz-con-jose-luis-rodriguez-zapatero-expresidente-del-gobierno-en-el-evento-de-un-medio-de-comunicacion3481165-1024x614.jpeg 1024w, https:\/\/xn--tuvozdiasporaespaola-k7b.com\/wp-content\/uploads\/2023\/01\/la-vicepresidenta-segunda-y-ministra-de-trabajo-y-economia-social-yolanda-diaz-con-jose-luis-rodriguez-zapatero-expresidente-del-gobierno-en-el-evento-de-un-medio-de-comunicacion3481165-768x461.jpeg 768w\" sizes=\"(max-width: 1250px) 100vw, 1250px\" \/><\/figure>\n\n\n\n<p><strong>\u00bfAcaso Podemos est\u00e1 en contra de esas afirmaciones? \u00a1Creemos sencillamente que NO!.<\/strong><\/p>\n\n\n\n<p><strong>Podemos es Transversalidad (a partir de sus Bases), Ecologista y Feminista y Reveindicativa de&nbsp; espacios sociales.&nbsp;<\/strong><\/p>\n\n\n\n<p>El problema&nbsp; es otro, que cada cual saque sus propias conclusiones desde su propia identificaci\u00f3n del problema o reflexi\u00f3n pol\u00edtica.<\/p>\n\n\n\n<figure class=\"wp-block-pullquote\"><blockquote><p>Con solo Yolanda Diaz no llegamos y sin PODEMOS no se puede .<\/p><\/blockquote><\/figure>\n\n\n\n<p><strong>Condenados a entenderse<\/strong> en una gran aglutinaci\u00f3n de fuerzas Progresistas a la Izquierda del PSOE,&nbsp; para dejar el protagonismo a las bases de esos partidos que le den a la coalici\u00f3n rentabilidad y personalidad y no ser manejados a los antojos de los de siempre que al estilo Ner\u00f3n en Roma te bajan o suben el pulgar.<\/p>\n\n\n\n<p>Con solo Yolanda Diaz no llegamos y sin PODEMOS no se puede .<\/p>\n\n\n\n<p>Tras este Twitter de Pablo Iglesias:<\/p>\n\n\n\n<figure class=\"wp-block-embed is-type-rich is-provider-twitter wp-block-embed-twitter\"><div class=\"wp-block-embed__wrapper\">\n<blockquote class=\"twitter-tweet\" data-width=\"550\" data-dnt=\"true\"><p lang=\"es\" dir=\"ltr\">Hace mucho que decimos que habr\u00e1 operaci\u00f3n medi\u00e1tica para que Sumar se separe de Podemos como en su momento hizo MP, a cambio de apoyo medi\u00e1tico. Pero ojo, no ser\u00e1n s\u00f3lo los fachas de El Mundo; ser\u00e1n tambi\u00e9n y sobre todo los progres de La Sexta y de ciertos digitales <a href=\"https:\/\/t.co\/bFHFNlEmpv\">https:\/\/t.co\/bFHFNlEmpv<\/a><\/p>&mdash; Pablo Iglesias ?{R} (@PabloIglesias) <a href=\"https:\/\/twitter.com\/PabloIglesias\/status\/1611707084369707009?ref_src=twsrc%5Etfw\">January 7, 2023<\/a><\/blockquote><script async src=\"https:\/\/platform.twitter.com\/widgets.js\" charset=\"utf-8\"><\/script>\n<\/div><\/figure>\n\n\n\n<p>se pudo apreciar varias observaciones por militantes comunes de Podemos en el Exterior que les transcribimos a continuaci\u00f3n:<\/p>\n\n\n\n<p>&nbsp;Guillermo&nbsp; desde Bruselas manifiesta :<\/p>\n\n\n\n<p>&nbsp;\u00ab<em>En efecto, la derecha postfranquista va en ese sentido, al igual que hizo con el carmenismo-errejonismo\u00bb.&nbsp;<\/em><\/p>\n\n\n\n<p><em>\u00abLa inc\u00f3gnita (aunque piense que no es ninguna inc\u00f3gnita) es por d\u00f3nde van a tirar el Psoe y sus medios de comunicaci\u00f3n afines, pues la experiencia con Errej\u00f3n y su gente no les acabo de salir bien: hicieron da\u00f1o a Pod, pero tambi\u00e9n a s\u00ed mismos. Est\u00e1 \u00abclaro\u00bb que el Psoe y afines prefieren a Y. Diaz, al igual que prefirieron a Carmena o Errej\u00f3n, pero ven a Pod todav\u00eda fuerte. Fomentar la divisi\u00f3n y el enfrentamiento, es \u00abclaramente\u00bb su intenci\u00f3n&nbsp; Si hay algo que P. S\u00e1nchez detesta es tener que cohabitar con Pod en su gobierno. Sus ministr@s preferid@s tambi\u00e9n\u00bb.<\/em><\/p>\n\n\n\n<p> Continua : <em>\u00abA D\u00edaz no les parece tan problem\u00e1tica y, consciente de ello, percibe que es ah\u00ed donde reside su fuerza. Sin embargo, reitero, no las tienen todas consigo y&nbsp; est\u00e1n guardando las cartas para el final, parece y&nbsp; D\u00edaz tambi\u00e9n. El riesgo es que tal divisi\u00f3n o enfrentamiento, como se\u00f1al\u00e9, les perjudique tambi\u00e9n a ell@s, &nbsp; (Yolanda D\u00edaz incluida). Personalmente, creo que jugar al mus o al poker puede ser un buen entretenimiento, pero la democracia no consiste en eso<\/em>. <em>Pienso que lo que se va aclarando cada vez m\u00e1s es que&nbsp; Yolanda D\u00edaz no aclara ni quiere. No es su especialidad\u00bb.<\/em><\/p>\n\n\n\n<figure class=\"wp-block-image size-large\"><img decoding=\"async\" width=\"1600\" height=\"900\" src=\"http:\/\/xn--tuvozdiasporaespaola-k7b.com\/wp-content\/uploads\/2023\/01\/ione-belarra-da-a-luz-a-segundo-hijo-e-irene-montero-da-la-bienvenida-a-su-sobrino-e16663460581538388756766718132874.jpg?w=1024\" alt=\"\" class=\"wp-image-953\" srcset=\"https:\/\/xn--tuvozdiasporaespaola-k7b.com\/wp-content\/uploads\/2023\/01\/ione-belarra-da-a-luz-a-segundo-hijo-e-irene-montero-da-la-bienvenida-a-su-sobrino-e16663460581538388756766718132874.jpg 1600w, https:\/\/xn--tuvozdiasporaespaola-k7b.com\/wp-content\/uploads\/2023\/01\/ione-belarra-da-a-luz-a-segundo-hijo-e-irene-montero-da-la-bienvenida-a-su-sobrino-e16663460581538388756766718132874-300x169.jpg 300w, https:\/\/xn--tuvozdiasporaespaola-k7b.com\/wp-content\/uploads\/2023\/01\/ione-belarra-da-a-luz-a-segundo-hijo-e-irene-montero-da-la-bienvenida-a-su-sobrino-e16663460581538388756766718132874-1024x576.jpg 1024w, https:\/\/xn--tuvozdiasporaespaola-k7b.com\/wp-content\/uploads\/2023\/01\/ione-belarra-da-a-luz-a-segundo-hijo-e-irene-montero-da-la-bienvenida-a-su-sobrino-e16663460581538388756766718132874-768x432.jpg 768w, https:\/\/xn--tuvozdiasporaespaola-k7b.com\/wp-content\/uploads\/2023\/01\/ione-belarra-da-a-luz-a-segundo-hijo-e-irene-montero-da-la-bienvenida-a-su-sobrino-e16663460581538388756766718132874-1568x882.jpg 1568w\" sizes=\"(max-width: 1600px) 100vw, 1600px\" \/><figcaption class=\"wp-element-caption\">Ione Belarra y Irene Montero, ministras de Podemos<\/figcaption><\/figure>\n\n\n\n<p>Adrian nos comenta al respecto :<\/p>\n\n\n\n<p>\u00ab<em>Creo que detr\u00e1s de todos esos intentos de divisi\u00f3n est\u00e1n m\u00e1s los grupos y partidos de derechas que Pedro S\u00e1nchez. El\u00a0 PSOE es muy consciente que sin Podemos no va a poder gobernar, no le interesa un Podemos dividido\u00bb.<\/em><\/p>\n\n\n\n<figure class=\"wp-block-embed is-type-rich is-provider-twitter wp-block-embed-twitter\"><div class=\"wp-block-embed__wrapper\">\n<blockquote class=\"twitter-tweet\" data-width=\"550\" data-dnt=\"true\"><p lang=\"es\" dir=\"ltr\">Hola <a href=\"https:\/\/twitter.com\/Yolanda_Diaz_?ref_src=twsrc%5Etfw\">@Yolanda_Diaz_<\/a> .<br>Con respeto , te dir\u00eda que deber\u00edas escuchar m\u00e1s lo que dice <a href=\"https:\/\/twitter.com\/JavierArocaA?ref_src=twsrc%5Etfw\">@JavierArocaA<\/a> que los cantos de sirena de  <a href=\"https:\/\/twitter.com\/larazon_es?ref_src=twsrc%5Etfw\">@larazon_es<\/a> ,progres c\u00f3mo <a href=\"https:\/\/twitter.com\/Apapell?ref_src=twsrc%5Etfw\">@Apapell<\/a> del <a href=\"https:\/\/twitter.com\/PSOE?ref_src=twsrc%5Etfw\">@PSOE<\/a> <a href=\"https:\/\/twitter.com\/laSextaTV?ref_src=twsrc%5Etfw\">@laSextaTV<\/a> etc etc etc, pero t\u00fa puedes  SUMAR con quien quieras, pero definete de una vez <a href=\"https:\/\/t.co\/1LXzyGotUT\">pic.twitter.com\/1LXzyGotUT<\/a><\/p>&mdash; Juan L\u00f3pez Antifa?????????? (@jlopezfeliz) <a href=\"https:\/\/twitter.com\/jlopezfeliz\/status\/1612052286938779649?ref_src=twsrc%5Etfw\">January 8, 2023<\/a><\/blockquote><script async src=\"https:\/\/platform.twitter.com\/widgets.js\" charset=\"utf-8\"><\/script>\n<\/div><\/figure>\n\n\n\n<p>Francisco L\u00f3pez piensa al respecto de la afirmaci\u00f3n de Adrian :<\/p>\n\n\n\n<p>\u00ab<em>Pero si le interesa<\/em>al PSOE  y a los poderes mediaticos <em> un Podemos debilitado, &nbsp; con Yolanda D\u00edaz y&nbsp; afines&nbsp; a ella , ejerciendo de dinamiteros internos o caballo de troya&nbsp; torpedeando desde dentro la unidad &nbsp; de&nbsp; Podemos como estructura pol\u00edtica consolidada  y a sus bases militantes, cosa que Sumar (proyecto medi\u00e1tico como Ciudadanos no tiene recorrido). Creo que pareciera m\u00e1s que sumar \u00abRestar\u00bb cuando se cuida tanto desde la derecha a una l\u00edder de la Izquierda la verdad da que pensar hasta donde se pagar\u00e1 en lo sucesivo&nbsp; el peaje del silencio de las cloacas medi\u00e1t<\/em>icas\u00bb.<\/p>\n\n\n\n<p>&nbsp;\u00ab<em>En mi opini\u00f3n Podemos es y tiene que ser&nbsp; baluarte y tim\u00f3n&nbsp; del Frente Amplio&nbsp; quien no lo entienda creo que tienen un problema de ubicaci\u00f3n partidaria,&nbsp; incentivado con una Yolanda Diaz pol\u00edticamente indefinida aparte de su propia proyecci\u00f3n personalista<\/em> <em>alimentada y  proyectada por los medios hegem\u00f3nicos medi\u00e1ticos<\/em>\u00ab.<\/p>\n\n\n\n<figure class=\"wp-block-image size-large\"><img decoding=\"async\" width=\"1078\" height=\"1323\" src=\"http:\/\/xn--tuvozdiasporaespaola-k7b.com\/wp-content\/uploads\/2023\/01\/screenshot_20221106-165732_telegram1894873142383005569.jpg?w=834\" alt=\"\" class=\"wp-image-954\" srcset=\"https:\/\/xn--tuvozdiasporaespaola-k7b.com\/wp-content\/uploads\/2023\/01\/screenshot_20221106-165732_telegram1894873142383005569.jpg 1078w, https:\/\/xn--tuvozdiasporaespaola-k7b.com\/wp-content\/uploads\/2023\/01\/screenshot_20221106-165732_telegram1894873142383005569-244x300.jpg 244w, https:\/\/xn--tuvozdiasporaespaola-k7b.com\/wp-content\/uploads\/2023\/01\/screenshot_20221106-165732_telegram1894873142383005569-834x1024.jpg 834w, https:\/\/xn--tuvozdiasporaespaola-k7b.com\/wp-content\/uploads\/2023\/01\/screenshot_20221106-165732_telegram1894873142383005569-768x943.jpg 768w\" sizes=\"(max-width: 1078px) 100vw, 1078px\" \/><\/figure>\n\n\n\n<p>&nbsp;Guillermo nos aclara&nbsp; y termina :<\/p>\n\n\n\n<p><br \/>  <em>\u00abHoy por hoy, Pedro  S\u00e1nchez necesita no solo de Podemos para gobernar, sino del denominado bloque de investidura, es decir la Espa\u00f1a plural que tanto detesta la derecha espa\u00f1olista y que tampoco goza de mucho aprecio en la \u00abizquierda\u00bb borb\u00f3nica. Si  Pedro  S\u00e1nchez recurre a dicho bloque es porque no le queda m\u00e1s remedio tras el fracaso de la coalici\u00f3n con Ciudadanos, tal y como abogaban sus dirigentes, ex (F. Gonz\u00e1lez y c\u00eda) y afines, y que siguen a\u00f1orando los Pages, Lambanes, etc. Creo que su principal apuesta sigue siendo poder prescindir de dicho bloque, pero eso  parece que solo ser\u00eda posible mediante una coalici\u00f3n borb\u00f3nica, es decir la misma que ha negado no s\u00e9 cu\u00e1ntas veces instaurar una comisi\u00f3n de investigaci\u00f3n al \u00abdem\u00e9rito\u00bb \u00bfautoexiliado? e interrogar a la ciudadan\u00eda sobre la monarqu\u00eda (aunque solo sea mediante encuestas), que es la misma que apoya incondicionalmente a la OTAN y sus guerras, no solo la de Ucrania\u00bb.<\/em><\/p>\n\n\n\n<figure class=\"wp-block-image size-large\"><img loading=\"lazy\" decoding=\"async\" width=\"3000\" height=\"2250\" src=\"http:\/\/xn--tuvozdiasporaespaola-k7b.com\/wp-content\/uploads\/2023\/01\/20221104_2029501583863765357095883.jpg?w=1024\" alt=\"\" class=\"wp-image-955\" srcset=\"https:\/\/xn--tuvozdiasporaespaola-k7b.com\/wp-content\/uploads\/2023\/01\/20221104_2029501583863765357095883.jpg 3000w, https:\/\/xn--tuvozdiasporaespaola-k7b.com\/wp-content\/uploads\/2023\/01\/20221104_2029501583863765357095883-300x225.jpg 300w, https:\/\/xn--tuvozdiasporaespaola-k7b.com\/wp-content\/uploads\/2023\/01\/20221104_2029501583863765357095883-1024x768.jpg 1024w, https:\/\/xn--tuvozdiasporaespaola-k7b.com\/wp-content\/uploads\/2023\/01\/20221104_2029501583863765357095883-768x576.jpg 768w, https:\/\/xn--tuvozdiasporaespaola-k7b.com\/wp-content\/uploads\/2023\/01\/20221104_2029501583863765357095883-1568x1176.jpg 1568w\" sizes=\"(max-width: 3000px) 100vw, 3000px\" \/><figcaption class=\"wp-element-caption\">UNI de OTO\u00d1O Militancia de Base Activa en Podemos.<\/figcaption><\/figure>\n\n\n\n<p>&nbsp;\u00ab<em>Asimismo, son los mismos que se niegan a condenar los cr\u00edmenes cometidos en Melilla y, personalmente,&nbsp; a\u00f1adir\u00eda la actitud imprudente e incluso hip\u00f3crita del PSOE en lo que se refiere al poder judicial.<\/em>&nbsp;<\/p>\n\n\n\n<p><em>Respecto de las fuerzas armadas y policiales (Robles y Marlaska) ya hay una coalici\u00f3n borb\u00f3nica de facto, como en RTVE. Pero extender dicha coalici\u00f3n al conjunto del gobierno supondr\u00eda jubilar a Pedro S\u00e1nchez, a quien la derecha postfranquista detesta tan profundamente como algunos de sus \u00abbarones\u00bb <\/em>.<\/p>\n\n\n\n<p>Que los periodistas del mundo de la progres\u00eda (con esca\u00f1o siempre en las tertulias) odian a Podemos es una evidencia, pero su escasa capacidad para disimular su desverg\u00fcenza nunca dejar\u00e1 de sorprenderme ? A este adem\u00e1s le dio un premio el peri\u00f3dico ABC ?????<\/p>\n\n\n\n<figure class=\"wp-block-embed is-type-rich is-provider-twitter wp-block-embed-twitter\"><div class=\"wp-block-embed__wrapper\">\n<blockquote class=\"twitter-tweet\" data-width=\"550\" data-dnt=\"true\"><p lang=\"es\" dir=\"ltr\">Que los periodistas del mundo de la progres\u00eda (con esca\u00f1o siempre en las tertulias) odian a Podemos es una evidencia, pero su escasa capacidad para disimular su desverg\u00fcenza nunca dejar\u00e1 de sorprenderme ? A este adem\u00e1s le dio un premio el peri\u00f3dico ABC ????? <a href=\"https:\/\/t.co\/lmM0mfDlrO\">pic.twitter.com\/lmM0mfDlrO<\/a><\/p>&mdash; Pablo Iglesias ?{R} (@PabloIglesias) <a href=\"https:\/\/twitter.com\/PabloIglesias\/status\/1612042704808210432?ref_src=twsrc%5Etfw\">January 8, 2023<\/a><\/blockquote><script async src=\"https:\/\/platform.twitter.com\/widgets.js\" charset=\"utf-8\"><\/script>\n<\/div><\/figure>\n\n\n\n<p>Guillermo Garc\u00eda continua:<br>\u00ab<em>Sin duda, esta legislatura est\u00e1 marcando con fuego a la derecha y a la \u00abizquierda\u00bb borb\u00f3nicas. No es lo que quieren y seguiran haciendo cualquier cosa: campa\u00f1as medi\u00e1ticas masivas vejatorias, incluyendo bulos, acusaciones con escaso fundamento o ninguno (que cuando se comprueba su falsedad silencian, tal y como ha ocurrido en repetidas ocasiones), chistes de mal gusto, racistas, sexistas, clasistas, etc. Todo con el fin de evitar que se repita\u2026 esto en cuanto a la derecha \u00abborb\u00f3nica\u00bb. En cuanto a su \u00abizquierda\u00bb quiz\u00e1s sus m\u00e9todos sean m\u00e1s sibilinos, pero cada vez menos, algun@s parece que apuestan al todo o nada \u00bftal es su desesperaci\u00f3n? Aunque lo m\u00e1s significativo sea el \u00absilencio\u00bb de Y. D\u00edaz, sin embargo \u00aba buen entendedor, pocas palabras bastan\u00bb y, a veces, ninguna<\/em>\u00ab<\/p>\n\n\n\n<p>Con todo esto les invitamos a reflexionar y que cada cual saque sus conclusiones.<\/p>\n\n\n\n<p>Redacci\u00f3n Revista TU VOZ.<\/p>\n","protected":false},"excerpt":{"rendered":"<p>Diaz defiende la idea de que su proyecto \u201cno va de partidos ni de siglas, sino de escuchar a la sociedad\u00bb. Promete un \u00abnuevo &#8230; <\/p>\n<p class=\"read-more-container\"><a title=\"\u00bfLa derecha le marca el organigrama pol\u00edtico a YOLANDA DIAZ al margen de PODEMOS?\" class=\"read-more button\" href=\"https:\/\/xn--tuvozdiasporaespaola-k7b.com\/page\/2\/la-derecha-le-marca-el-organigrama-politico-a-yolanda-diaz-al-margen-de-podemos\/#more-956\" aria-label=\"M\u00e1s en \u00bfLa derecha le marca el organigrama pol\u00edtico a YOLANDA DIAZ al margen de PODEMOS?\">Leer m\u00e1s<\/a><\/p>\n","protected":false},"author":222560522,"featured_media":0,"comment_status":"open","ping_status":"open","sticky":false,"template":"","format":"standard","meta":{"footnotes":""},"categories":[1771],"tags":[],"class_list":["post-956","post","type-post","status-publish","format-standard","hentry","category-sociales"],"_links":{"self":[{"href":"https:\/\/xn--tuvozdiasporaespaola-k7b.com\/page\/2\/wp-json\/wp\/v2\/posts\/956","targetHints":{"allow":["GET"]}}],"collection":[{"href":"https:\/\/xn--tuvozdiasporaespaola-k7b.com\/page\/2\/wp-json\/wp\/v2\/posts"}],"about":[{"href":"https:\/\/xn--tuvozdiasporaespaola-k7b.com\/page\/2\/wp-json\/wp\/v2\/types\/post"}],"author":[{"embeddable":true,"href":"https:\/\/xn--tuvozdiasporaespaola-k7b.com\/page\/2\/wp-json\/wp\/v2\/users\/222560522"}],"replies":[{"embeddable":true,"href":"https:\/\/xn--tuvozdiasporaespaola-k7b.com\/page\/2\/wp-json\/wp\/v2\/comments?post=956"}],"version-history":[{"count":0,"href":"https:\/\/xn--tuvozdiasporaespaola-k7b.com\/page\/2\/wp-json\/wp\/v2\/posts\/956\/revisions"}],"wp:attachment":[{"href":"https:\/\/xn--tuvozdiasporaespaola-k7b.com\/page\/2\/wp-json\/wp\/v2\/media?parent=956"}],"wp:term":[{"taxonomy":"category","embeddable":true,"href":"https:\/\/xn--tuvozdiasporaespaola-k7b.com\/page\/2\/wp-json\/wp\/v2\/categories?post=956"},{"taxonomy":"post_tag","embeddable":true,"href":"https:\/\/xn--tuvozdiasporaespaola-k7b.com\/page\/2\/wp-json\/wp\/v2\/tags?post=956"}],"curies":[{"name":"wp","href":"https:\/\/api.w.org\/{rel}","templated":true}]}}