{"id":942,"date":"2023-01-05T01:49:34","date_gmt":"2023-01-05T04:49:34","guid":{"rendered":"https:\/\/xn--tuvozdiasporaespaola-k7b.com\/?p=942"},"modified":"2023-01-05T01:49:40","modified_gmt":"2023-01-05T04:49:40","slug":"una-moneda-unica-para-latinoamerica-y-caribe-favorece-el-crecimiento-de-la-patria-grande","status":"publish","type":"post","link":"https:\/\/xn--tuvozdiasporaespaola-k7b.com\/page\/2\/una-moneda-unica-para-latinoamerica-y-caribe-favorece-el-crecimiento-de-la-patria-grande\/","title":{"rendered":"\u00bfUNA MONEDA \u00daNICA PARA LATINOAM\u00c9RICA Y CARIBE FAVORECE EL CRECIMIENTO DE LA PATRIA GRANDE?"},"content":{"rendered":"\n<p>Con  Lula de Presidente  en Brasil y los gobiernos progresistas de L\u00f3pez Obrador en M\u00e9xico,  Luis Arce en Bolivia,  Boric  en Chile, Nicolas Maduro en Venezuela, Alberto Fern\u00e1ndez en Argentina, Guatavo Petro en Colombia, Xiomara Castro  en Honduras, Uruguay,  Paraguay, etc&#8230; Toma fuerza la moneda \u00fanica latinoamericana les compartimos este art\u00edculo que nos pareci\u00f3 muy interesante su an\u00e1lisis, pros y contras.<\/p>\n\n\n\n<p>La creaci\u00f3n de una moneda \u00fanica para Latinoam\u00e9rica y el Caribe vuelve al escenario geopol\u00edtico, y es que varios l\u00edderes regionales han retomado la idea de concretar este proyecto que ha estado latente en la regi\u00f3n desde hace casi dos d\u00e9cadas.<\/p>\n\n\n\n<p>Aunque se trata de un asunto que debe superar distintas etapas y dificultades, m\u00e1s all\u00e1 de las simpat\u00edas pol\u00edticas, la propuesta surge en un contexto que puede ser favorable para la toma de decisiones, sobre todo tras las victorias presidenciales de Luiz In\u00e1cio Lula da Silva en Brasil y de Gustavo Petro en Colombia, quienes est\u00e1n a favor de la integraci\u00f3n latinoamericana, para disminuir la desigualdad y mejorar la econom\u00eda regional.<\/p>\n\n\n\n<p>Para ello resultan vitales instancias como la Comunidad de Estados Latinoamericanos y Caribe\u00f1os (Celac); el Mercado Com\u00fan del Sur (Mercosur); la Comunidad Andina de Naciones (CAN); la Alianza Bolivariana para los Pueblos de Nuestra Am\u00e9rica \u2013 Tratado de Comercio de los Pueblos (ALBA-TCP); y la Uni\u00f3n Suramericana de Naciones (Unasur), que aunque fue casi desarticulada por los gobiernos conservadores que dominaban la regi\u00f3n hasta hace poco, ahora buscan reconstruirla.<\/p>\n\n\n\n<figure class=\"wp-block-image size-large\"><img fetchpriority=\"high\" decoding=\"async\" width=\"714\" height=\"1024\" src=\"http:\/\/xn--tuvozdiasporaespaola-k7b.com\/wp-content\/uploads\/2023\/01\/img-20230101-wa00405658858553428159649.jpg?w=714\" alt=\"\" class=\"wp-image-939\" srcset=\"https:\/\/xn--tuvozdiasporaespaola-k7b.com\/wp-content\/uploads\/2023\/01\/img-20230101-wa00405658858553428159649.jpg 714w, https:\/\/xn--tuvozdiasporaespaola-k7b.com\/wp-content\/uploads\/2023\/01\/img-20230101-wa00405658858553428159649-209x300.jpg 209w\" sizes=\"(max-width: 714px) 100vw, 714px\" \/><\/figure>\n\n\n\n<p><strong>Vientos a favor<\/strong><\/p>\n\n\n\n<p>Una postura clave es la de Lula, nuevo presidente de Brasil \u2014la mayor econom\u00eda regional y de gran influencia global\u2014 ha dejado claro que una moneda com\u00fan ser\u00eda fundamental para que Am\u00e9rica Latina se independice del d\u00f3lar.<\/p>\n\n\n\n<p>A esa visi\u00f3n se suma la del presidente de M\u00e9xico, Andr\u00e9s Manuel L\u00f3pez Obrador, que tambi\u00e9n resulta clave, al ser la segunda econom\u00eda m\u00e1s fuerte de Latinoam\u00e9rica. Adem\u00e1s, su ubicaci\u00f3n geopol\u00edtica impacta sobre Centroam\u00e9rica y sus vecinos del Norte: EE.UU. y Canad\u00e1.<\/p>\n\n\n\n<p>Hacia el Cono Sur, el presidente de Argentina, Alberto Fern\u00e1ndez, pa\u00eds de gran influencia en el Mercosur, ve con buenos ojos el proyecto. Sin embargo, su par de Chile, Gabriel Boric, aunque no descarta la idea, se muestra m\u00e1s t\u00edmido al considerar que es un tema \u00abmuy complejo\u00bb. Otros actores como Uruguay y Paraguay, con gobiernos conservadores, de momento no se pronuncian; mientras que Bolivia podr\u00eda ser m\u00e1s cercano a la idea, y Per\u00fa, en plena crisis de gobernabilidad, es una inc\u00f3gnita.<\/p>\n\n\n\n<p>Un factor clave es la postura a favor de Colombia. Sobre el tema, el presidente del Congreso de ese pa\u00eds, Roy Barreras, se mostr\u00f3 a favor de legislar para que Latinoam\u00e9rica construya un \u00ab<em>destino com\u00fan\u00bb que podr\u00eda incluir \u00abuna sola moneda\u00bb que fortalezca la integraci\u00f3n regional.<\/em><\/p>\n\n\n\n<p>Tambi\u00e9n es fundamental Venezuela, el primer pa\u00eds con las mayores reservas de petr\u00f3leo del mundo y otros recursos minerales, que desde hace m\u00e1s de 15 a\u00f1os ha promovido el uso de una moneda regional.<\/p>\n\n\n\n<p>El presidente venezolano, Nicol\u00e1s Maduro, dijo recientemente que \u00ab<em>ser\u00eda extraordinario\u00bb que los pa\u00edses debatieran sobre el uso de una sola divisa o un sistema multimonedas<\/em>\u00ab. Adem\u00e1s, propuso incorporar los criptoactivos, debido a que las divisas digitales son parte del modelo econ\u00f3mico actual.<\/p>\n\n\n\n<figure class=\"wp-block-image size-large\"><img decoding=\"async\" width=\"1502\" height=\"1000\" src=\"http:\/\/xn--tuvozdiasporaespaola-k7b.com\/wp-content\/uploads\/2023\/01\/23-09-2022-conferencia-de-prensa-matutina-palacio-nacional-foto-041853888707760577062.jpg?w=1024\" alt=\"\" class=\"wp-image-940\" srcset=\"https:\/\/xn--tuvozdiasporaespaola-k7b.com\/wp-content\/uploads\/2023\/01\/23-09-2022-conferencia-de-prensa-matutina-palacio-nacional-foto-041853888707760577062.jpg 1502w, https:\/\/xn--tuvozdiasporaespaola-k7b.com\/wp-content\/uploads\/2023\/01\/23-09-2022-conferencia-de-prensa-matutina-palacio-nacional-foto-041853888707760577062-300x200.jpg 300w, https:\/\/xn--tuvozdiasporaespaola-k7b.com\/wp-content\/uploads\/2023\/01\/23-09-2022-conferencia-de-prensa-matutina-palacio-nacional-foto-041853888707760577062-1024x682.jpg 1024w, https:\/\/xn--tuvozdiasporaespaola-k7b.com\/wp-content\/uploads\/2023\/01\/23-09-2022-conferencia-de-prensa-matutina-palacio-nacional-foto-041853888707760577062-768x511.jpg 768w\" sizes=\"(max-width: 1502px) 100vw, 1502px\" \/><\/figure>\n\n\n\n<p><strong>\u00bfEs factible?<\/strong><\/p>\n\n\n\n<p>Las manifestaciones a favor abren las puertas a un proyecto que podr\u00eda colocar a la comunidad latinoamericana como un gran bloque de poder econ\u00f3mico y geopol\u00edtico, que adem\u00e1s de autosustentarse y complementarse, tendr\u00eda la capacidad de exportar energ\u00eda, alimentos, minerales, materias primas y diversidad de rubros.<\/p>\n\n\n\n<p>Charles Giuseppi, polit\u00f3logo venezolano con maestr\u00eda en Relaciones Econ\u00f3micas Internacionales, para analizar en profundidad la factibilidad de una moneda com\u00fan y la implementaci\u00f3n de un sistema financiero \u00fanico, expres\u00f3:<\/p>\n\n\n\n<p>\u00ab<em>Para llegar a una propuesta de esa magnitud se necesita algo m\u00e1s que una promesa, se requiere voluntad pol\u00edtica y que no sea solamente de los gobiernos. Es necesario que el tema sea la expresi\u00f3n de la voluntad del Estado, de manera que cuando un gobierno termine su ciclo, el sistema monetario se mantenga y no sea abandonado por diferencias ideol\u00f3gicas o pol\u00edticas, lo que generar\u00eda retroceso\u00bb,<\/em> como sucedi\u00f3 con Unasur, alega el especialista.<\/p>\n\n\n\n<p>Sobre la fragilidad que podr\u00eda significar un sistema financiero basado solo en buenas relaciones pol\u00edticas, Giuseppi advierte que lo ideal es plantear el proyecto con base en un acuerdo de \u00ab<em>armonizaci\u00f3n de las pol\u00edticas econ\u00f3micas\u00bb.<\/em><\/p>\n\n\n\n<p>Antes de sacar la moneda, dice, se debe crear por consenso \u00ab<em><strong>un gran centro de investigaci\u00f3n econ\u00f3mica\u00bb<\/strong><\/em> financiado por los gobiernos, \u00ab<strong><em>para pensar bastante y bien, por al menos dos a\u00f1os, sobre c\u00f3mo, cu\u00e1ndo, d\u00f3nde y bajo qu\u00e9 condiciones nacer\u00e1 el sistema com\u00fan\u00bb<\/em><\/strong>.<\/p>\n\n\n\n<p>En esa l\u00ednea, comenta que para que naciera el euro se dieron debates a partir de 1950 y fue solo hasta el 2001 que fue viable. \u00ab<em><strong>Un sistema de compensaci\u00f3n \u00fanico es un gran desaf\u00edo pero no imposible y lo podemos llevar adelante\u00bb,<\/strong><\/em> sostiene.<\/p>\n\n\n\n<figure class=\"wp-block-image size-large\"><img decoding=\"async\" width=\"1200\" height=\"675\" src=\"http:\/\/xn--tuvozdiasporaespaola-k7b.com\/wp-content\/uploads\/2023\/01\/c8rg5okwaaeilxv2785697173280242762.jpg?w=1024\" alt=\"\" class=\"wp-image-941\" srcset=\"https:\/\/xn--tuvozdiasporaespaola-k7b.com\/wp-content\/uploads\/2023\/01\/c8rg5okwaaeilxv2785697173280242762.jpg 1200w, https:\/\/xn--tuvozdiasporaespaola-k7b.com\/wp-content\/uploads\/2023\/01\/c8rg5okwaaeilxv2785697173280242762-300x169.jpg 300w, https:\/\/xn--tuvozdiasporaespaola-k7b.com\/wp-content\/uploads\/2023\/01\/c8rg5okwaaeilxv2785697173280242762-1024x576.jpg 1024w, https:\/\/xn--tuvozdiasporaespaola-k7b.com\/wp-content\/uploads\/2023\/01\/c8rg5okwaaeilxv2785697173280242762-768x432.jpg 768w\" sizes=\"(max-width: 1200px) 100vw, 1200px\" \/><figcaption class=\"wp-element-caption\">Charles Giuseppi, en el centro de la imagen.<\/figcaption><\/figure>\n\n\n\n<p><strong>\u00bfPor qu\u00e9 es un gran desaf\u00edo?<\/strong><\/p>\n\n\n\n<p>Giuseppi explica que la moneda com\u00fan ser\u00e1 viable si los gobiernos est\u00e1n dispuestos a sortear dificultades y riesgos, como asumir que no tendr\u00e1n control sobre las pol\u00edticas dom\u00e9sticas y que las decisiones econ\u00f3micas las tomar\u00e1 la instancia que administre el sistema regional.<\/p>\n\n\n\n<p>Esto requiere que los pa\u00edses aprueben la armonizaci\u00f3n de las pol\u00edticas de los bancos centrales y que los gobiernos acaten normas en igualdad de condiciones, lo que pudiera crear conflictos internos en cada pa\u00eds para atender sus particularidades, sobre todo en una regi\u00f3n donde las mayor\u00edas son pobres y desiguales.<\/p>\n\n\n\n<p>\u00ab<em>En Am\u00e9rica Latina tenemos econom\u00edas muy dis\u00edmiles\u00bb<\/em>(Que son diferente, que no se parecen),por eso una de las dificultades, a\u00f1ade, es crear una pol\u00edtica fiscal monetaria com\u00fan <em>\u00abque ya en s\u00ed misma es un gran compromiso y un asunto delicado para los Estados\u00bb.<\/em><\/p>\n\n\n\n<p>Solo en el bloque suramericano, explica, hay notables diferencias financieras entre los pa\u00edses. Por un lado est\u00e1n Argentina y Venezuela, que actualmente sufren procesos inflacionarios importantes y una dolarizaci\u00f3n de facto con caracter\u00edsticas internas propias; y por otro est\u00e1n econom\u00edas m\u00e1s estables pero con complejidades como Brasil, Paraguay, Per\u00fa, Uruguay, Bolivia, Chile, Colombia y Ecuador (que usa el d\u00f3lar como moneda oficial).<\/p>\n\n\n\n<p>Una salida, agrega Giuseppi, \u00ab<em>es que Brasil tome la batuta y lidere la armonizaci\u00f3n de las pol\u00edticas econ\u00f3micas, porque su modelo se centra en la \u00abenorme\u00bb producci\u00f3n agroindustrial, la fortaleza de la peque\u00f1a y mediana industria, la exportaci\u00f3n de alimentos y recursos energ\u00e9ticos\u00bb<\/em>.<\/p>\n\n\n\n<p><strong>\u00bfEl uso de una moneda com\u00fan podr\u00eda favorecer a la poblaci\u00f3n pobre?.<\/strong><\/p>\n\n\n\n<p>Para poder \u00ab<em>pensar realmente en la viabilidad del proyecto\u00bb,<\/em> tambi\u00e9n se deben observar complejidades como la maduraci\u00f3n de las estructuras pol\u00edticas, sociales y econ\u00f3micas de cada pa\u00eds.<\/p>\n\n\n\n<figure class=\"wp-block-image size-large\"><img loading=\"lazy\" decoding=\"async\" width=\"1024\" height=\"683\" src=\"http:\/\/xn--tuvozdiasporaespaola-k7b.com\/wp-content\/uploads\/2023\/01\/gettyimages-14379503597236556105392728106.jpeg?w=1024\" alt=\"\" class=\"wp-image-943\" srcset=\"https:\/\/xn--tuvozdiasporaespaola-k7b.com\/wp-content\/uploads\/2023\/01\/gettyimages-14379503597236556105392728106.jpeg 1024w, https:\/\/xn--tuvozdiasporaespaola-k7b.com\/wp-content\/uploads\/2023\/01\/gettyimages-14379503597236556105392728106-300x200.jpeg 300w, https:\/\/xn--tuvozdiasporaespaola-k7b.com\/wp-content\/uploads\/2023\/01\/gettyimages-14379503597236556105392728106-768x512.jpeg 768w\" sizes=\"(max-width: 1024px) 100vw, 1024px\" \/><\/figure>\n\n\n\n<p><strong>Pobreza y desigualdad: \u00bfPunto a favor?<\/strong><\/p>\n\n\n\n<p>Seg\u00fan la Comisi\u00f3n Econ\u00f3mica para Am\u00e9rica Latina y el Caribe (Cepal), la pobreza y la desigualdad en la regi\u00f3n afecta a m\u00e1s de 200 millones de personas.<\/p>\n\n\n\n<p>Giuseppi explica que precisamente la pobreza y la desigualdad ser\u00edan el factor com\u00fan para que los pa\u00edses se integren en una moneda, en vista de que les permitir\u00eda mejorar los ingresos y calidad de vida de los sectores desfavorecidos.<br \/><br \/>\u00ab<em>La mayor\u00eda de la poblaci\u00f3n de Am\u00e9rica Latina es ingresos medios y bajos, y los ricos est\u00e1n m\u00e1s concentrados. Eso hace que la regi\u00f3n sea la m\u00e1s desigual, lo que favorecer\u00eda al uso de una moneda, porque permitir\u00eda la homogenizaci\u00f3n de los ingresos y beneficiaria a los pobres\u00bb.<\/em><br \/><br \/><strong>\u00bfC\u00f3mo hacerlo?<\/strong><br \/>Giuseppi explica que la unificaci\u00f3n monetaria debe incorporar una estrategia que eduque y genere confianza sobre el uso de la divisa, que pudiera llamarse \u00ab<em><strong>Peso Amaz\u00f3nico<\/strong><\/em>\u00ab.<br \/><br \/>\u00ab<em>Las monedas son un asunto de confianza y lograrlo pasa por incorporar una gran campa\u00f1a de publicidad y propaganda que transmita fortaleza. Adem\u00e1s, requiere la creaci\u00f3n de un Banco Central Latinoam\u00e9ricano que se encargue de armonizar el uso de la moneda y que podr\u00eda tener como sede a Uruguay\u00bb.<\/em><br \/><br \/>Esa instituci\u00f3n tambi\u00e9n se encargar\u00eda de dirigir la coexistencia de ese eventual \u00ab<em>Peso Amaz\u00f3nico\u00bb<\/em> con las actuales divisas latinoamericanas, que seguir\u00edan circulando en \u00ab<em>una dualidad monetaria\u00bb<\/em>.<\/p>\n\n\n\n<p>Para soportar la moneda com\u00fan, los pa\u00edses podr\u00edan colocar sus reservas estrat\u00e9gicas como garant\u00eda. \u00abLos pa\u00edses latinoamericanos son potencias en recursos minerales como petr\u00f3leo, gas, litio, cobre, diamantes, oro, hierro, as\u00ed que ese Peso Amaz\u00f3nico podr\u00eda competir con fuerza en el \u00e1mbito internacional\u00bb.<\/p>\n\n\n\n<p>La moneda com\u00fan, a\u00f1ade, \u00ab<em>har\u00eda lo contrario del d\u00f3lar, que se come y ataca la moneda local. Entonces, frente a la depreciaci\u00f3n y el encarecimiento de la vida, esa divisa rescatar\u00eda nuestras monedas\u00bb<\/em>.<\/p>\n\n\n\n<p><strong>M\u00e9xico y los bloques regionales<\/strong>.<\/p>\n\n\n\n<figure class=\"wp-block-image size-large\"><img loading=\"lazy\" decoding=\"async\" width=\"480\" height=\"282\" src=\"http:\/\/xn--tuvozdiasporaespaola-k7b.com\/wp-content\/uploads\/2023\/01\/j7udyg4n6fakfc54fv6m2i4twu1236043733854057673.png?w=480\" alt=\"\" class=\"wp-image-944\" srcset=\"https:\/\/xn--tuvozdiasporaespaola-k7b.com\/wp-content\/uploads\/2023\/01\/j7udyg4n6fakfc54fv6m2i4twu1236043733854057673.png 480w, https:\/\/xn--tuvozdiasporaespaola-k7b.com\/wp-content\/uploads\/2023\/01\/j7udyg4n6fakfc54fv6m2i4twu1236043733854057673-300x176.png 300w\" sizes=\"(max-width: 480px) 100vw, 480px\" \/><\/figure>\n\n\n\n<p>Giuseppi considera que los bloques regionales tienen un rol fundamental para crear la moneda \u00fanica, porque cuentan con una plataforma institucional que podr\u00eda permitir ponerla en funcionamiento.<\/p>\n\n\n\n<p>\u00ab<em>Por ejemplo, la CAN, que es anterior al Mercosur, tiene enmiendas y protocolos que han ido creando un entramado institucional que podr\u00eda servir para la implementaci\u00f3n de la moneda\u00bb.<\/em> Los pa\u00edses, agrega, deber\u00edan aprovechar e involucrar a organismos continentales como la Cepal, para que aporten ideas sobre el tema.<\/p>\n\n\n\n<p>M\u00e9xico es trascendental en este proceso, advierte Giuseppi, porque adem\u00e1s de ser la segunda mayor econom\u00eda regional, comparte fronteras con EE.UU<strong><em>. \u00abNing\u00fan proyecto de integraci\u00f3n y unificaci\u00f3n podr\u00eda avanzar sin M\u00e9xico. Tiene un parque industrial considerable, garantiza la estabilidad monetaria por la demanda interna, al igual que Brasil, y recibe un gran volumen de remesas desde EE.UU.\u00bb.<\/em><\/strong><\/p>\n\n\n\n<p>El experto indica que la dolarizaci\u00f3n solo oxigena la econom\u00eda en momentos de debilidad, como la hiperinflaci\u00f3n que sufri\u00f3 Venezuela, pero \u00ab<em>no produce riquezas\u00bb.<\/em><\/p>\n\n\n\n<p>Maduro dice que \u00abes momento\u00bb de que Venezuela regrese a la Comunidad Andina<\/p>\n\n\n\n<figure class=\"wp-block-image size-large\"><img loading=\"lazy\" decoding=\"async\" width=\"1200\" height=\"675\" src=\"http:\/\/xn--tuvozdiasporaespaola-k7b.com\/wp-content\/uploads\/2023\/01\/f00f5ebe-83e7-4e77-b117-938e876e789f_16-9-discover-aspect-ratio_default_01543117773755712518.jpg?w=1024\" alt=\"\" class=\"wp-image-950\" srcset=\"https:\/\/xn--tuvozdiasporaespaola-k7b.com\/wp-content\/uploads\/2023\/01\/f00f5ebe-83e7-4e77-b117-938e876e789f_16-9-discover-aspect-ratio_default_01543117773755712518.jpg 1200w, https:\/\/xn--tuvozdiasporaespaola-k7b.com\/wp-content\/uploads\/2023\/01\/f00f5ebe-83e7-4e77-b117-938e876e789f_16-9-discover-aspect-ratio_default_01543117773755712518-300x169.jpg 300w, https:\/\/xn--tuvozdiasporaespaola-k7b.com\/wp-content\/uploads\/2023\/01\/f00f5ebe-83e7-4e77-b117-938e876e789f_16-9-discover-aspect-ratio_default_01543117773755712518-1024x576.jpg 1024w, https:\/\/xn--tuvozdiasporaespaola-k7b.com\/wp-content\/uploads\/2023\/01\/f00f5ebe-83e7-4e77-b117-938e876e789f_16-9-discover-aspect-ratio_default_01543117773755712518-768x432.jpg 768w\" sizes=\"(max-width: 1200px) 100vw, 1200px\" \/><\/figure>\n\n\n\n<p><strong>\u00bfPor qu\u00e9 no dolarizar?<\/strong><\/p>\n\n\n\n<p>Dolarizar, dice Giuseppi, es una propuesta que surge del desconocimiento. \u00ab<em>El d\u00f3lar puede que facilite algunas transacciones pero no soluciona los problemas. Es una moneda que no nos pertenece, que controla EE.UU. y asumirlo es entrar en una dependencia estructural que ser\u00eda impactada por las decisiones de la Reserva Federal, sus tasas de inter\u00e9s y pasaremos a una suerte de tutelaje monetario\u00bb.<\/em><\/p>\n\n\n\n<p>El experto indica que la dolarizaci\u00f3n solo oxigena la econom\u00eda en momentos de debilidad, como la hiperinflaci\u00f3n que sufri\u00f3 Venezuela, pero <em>\u00abno produce riquezas\u00bb.<\/em><\/p>\n\n\n\n<p>\u00ab<em>Ecuador, por ejemplo, que prob\u00f3 la dolarizaci\u00f3n hace a\u00f1os, sigue con los mismos niveles de pobreza de antes. Lo que mejor\u00f3 sus condiciones de vida fueron las pol\u00edticas sociales que ejecut\u00f3 el expresidente Rafael Correa\u00bb,<\/em> considera el experto.<\/p>\n\n\n\n<p>Adem\u00e1s, el uso del d\u00f3lar en la vida diaria genera distorsiones en la econom\u00eda, dice Giuseppi. En Venezuela, por ejemplo, para comprar algo de 1,5 d\u00f3lares, se debe combinar con bol\u00edvares, adquirir otro producto que no deseas para completar a 2 d\u00f3lares, o recibir un caramelo de cambio.<\/p>\n\n\n\n<p>Maduro dice que \u00abes momento\u00bb de que Venezuela regrese a la Comunidad Andina.<br \/><\/p>\n\n\n\n<p>\u00ab<em>En pa\u00edses perif\u00e9ricos, el d\u00f3lar es una moneda espejo, no puede existir sin depender de una moneda local, que lo soportan y le dan transitabilidad. Tiene limitantes en su operatividad y no termina de dominar la escena. Los billetes se deterioran y los rechazan\u00bb.<\/em><\/p>\n\n\n\n<figure class=\"wp-block-image size-large\"><img loading=\"lazy\" decoding=\"async\" width=\"690\" height=\"460\" src=\"http:\/\/xn--tuvozdiasporaespaola-k7b.com\/wp-content\/uploads\/2023\/01\/image_processing20221121-25360-q869ov5924983560038680279.jpg?w=690\" alt=\"\" class=\"wp-image-946\" srcset=\"https:\/\/xn--tuvozdiasporaespaola-k7b.com\/wp-content\/uploads\/2023\/01\/image_processing20221121-25360-q869ov5924983560038680279.jpg 690w, https:\/\/xn--tuvozdiasporaespaola-k7b.com\/wp-content\/uploads\/2023\/01\/image_processing20221121-25360-q869ov5924983560038680279-300x200.jpg 300w\" sizes=\"(max-width: 690px) 100vw, 690px\" \/><\/figure>\n\n\n\n<p><strong>Asumir con cautela<\/strong><br \/>Giuseppi considera que la regi\u00f3n debe afrontar con cautela el reto de la moneda \u00fanica. \u00ab<em>Es un enorme desaf\u00edo que los latinoamericanos debemos asumir sin que nos tiemble la mano, para solucionar nuestros problemas monetarios, darle un empuj\u00f3n hacia arriba a nuestras monedas y encaminar la econom\u00eda\u00bb.<\/em><br \/><br \/>Para lograrlo, agrega,\u00bb <em>hay errores que no se pueden cometer, como improvisar, condicionar el proyecto a simpat\u00edas pol\u00edticas, usar el d\u00f3lar como referencia y no informar a la poblaci\u00f3n\u00bb.<\/em><\/p>\n\n\n\n<figure class=\"wp-block-image size-large\"><img loading=\"lazy\" decoding=\"async\" width=\"329\" height=\"386\" src=\"http:\/\/xn--tuvozdiasporaespaola-k7b.com\/wp-content\/uploads\/2023\/01\/latinoamerica2b2b2674935435389577837..jpg?w=329\" alt=\"\" class=\"wp-image-947\" srcset=\"https:\/\/xn--tuvozdiasporaespaola-k7b.com\/wp-content\/uploads\/2023\/01\/latinoamerica2b2b2674935435389577837..jpg 329w, https:\/\/xn--tuvozdiasporaespaola-k7b.com\/wp-content\/uploads\/2023\/01\/latinoamerica2b2b2674935435389577837.-256x300.jpg 256w\" sizes=\"(max-width: 329px) 100vw, 329px\" \/><\/figure>\n\n\n\n<p><br><br>Giuseppi agrega que tambi\u00e9n hay que revisar las experiencias del Euro, que aunque es el paradigma de unificaci\u00f3n monetaria, se est\u00e1 fracturando. \u00ab<em>Por eso, cualquier proyecto de integraci\u00f3n debe mirarse con mucha cautela\u00bb.<\/em><br><br>Toda una reflexi\u00f3n nos plantea este art\u00edculo para valorar la independencia monetaria de nuestra Patria Grande con respecto  de los EEUU.<\/p>\n\n\n\n<p>Redacci\u00f3n Revista TU VOZ.<\/p>\n\n\n\n<p>Fuentes: art\u00edculo  RT <\/p>\n","protected":false},"excerpt":{"rendered":"<p>Con Lula de Presidente en Brasil y los gobiernos progresistas de L\u00f3pez Obrador en M\u00e9xico, Luis Arce en Bolivia, Boric en Chile, Nicolas Maduro &#8230; <\/p>\n<p class=\"read-more-container\"><a title=\"\u00bfUNA MONEDA \u00daNICA PARA LATINOAM\u00c9RICA Y CARIBE FAVORECE EL CRECIMIENTO DE LA PATRIA GRANDE?\" class=\"read-more button\" href=\"https:\/\/xn--tuvozdiasporaespaola-k7b.com\/page\/2\/una-moneda-unica-para-latinoamerica-y-caribe-favorece-el-crecimiento-de-la-patria-grande\/#more-942\" aria-label=\"M\u00e1s en \u00bfUNA MONEDA \u00daNICA PARA LATINOAM\u00c9RICA Y CARIBE FAVORECE EL CRECIMIENTO DE LA PATRIA GRANDE?\">Leer m\u00e1s<\/a><\/p>\n","protected":false},"author":222560522,"featured_media":0,"comment_status":"open","ping_status":"open","sticky":false,"template":"","format":"standard","meta":{"footnotes":""},"categories":[1771],"tags":[],"class_list":["post-942","post","type-post","status-publish","format-standard","hentry","category-sociales"],"_links":{"self":[{"href":"https:\/\/xn--tuvozdiasporaespaola-k7b.com\/page\/2\/wp-json\/wp\/v2\/posts\/942","targetHints":{"allow":["GET"]}}],"collection":[{"href":"https:\/\/xn--tuvozdiasporaespaola-k7b.com\/page\/2\/wp-json\/wp\/v2\/posts"}],"about":[{"href":"https:\/\/xn--tuvozdiasporaespaola-k7b.com\/page\/2\/wp-json\/wp\/v2\/types\/post"}],"author":[{"embeddable":true,"href":"https:\/\/xn--tuvozdiasporaespaola-k7b.com\/page\/2\/wp-json\/wp\/v2\/users\/222560522"}],"replies":[{"embeddable":true,"href":"https:\/\/xn--tuvozdiasporaespaola-k7b.com\/page\/2\/wp-json\/wp\/v2\/comments?post=942"}],"version-history":[{"count":0,"href":"https:\/\/xn--tuvozdiasporaespaola-k7b.com\/page\/2\/wp-json\/wp\/v2\/posts\/942\/revisions"}],"wp:attachment":[{"href":"https:\/\/xn--tuvozdiasporaespaola-k7b.com\/page\/2\/wp-json\/wp\/v2\/media?parent=942"}],"wp:term":[{"taxonomy":"category","embeddable":true,"href":"https:\/\/xn--tuvozdiasporaespaola-k7b.com\/page\/2\/wp-json\/wp\/v2\/categories?post=942"},{"taxonomy":"post_tag","embeddable":true,"href":"https:\/\/xn--tuvozdiasporaespaola-k7b.com\/page\/2\/wp-json\/wp\/v2\/tags?post=942"}],"curies":[{"name":"wp","href":"https:\/\/api.w.org\/{rel}","templated":true}]}}