{"id":9379,"date":"2025-08-03T12:14:39","date_gmt":"2025-08-03T15:14:39","guid":{"rendered":"https:\/\/xn--tuvozdiasporaespaola-k7b.com\/page\/2\/?p=9379"},"modified":"2025-08-03T12:39:56","modified_gmt":"2025-08-03T15:39:56","slug":"maldito-seas-si-llamas-companero-a-quien-compra-cuerpos","status":"publish","type":"post","link":"https:\/\/xn--tuvozdiasporaespaola-k7b.com\/page\/2\/maldito-seas-si-llamas-companero-a-quien-compra-cuerpos\/","title":{"rendered":"MALDITO SEAS SI LLAMAS COMPA\u00d1ERO A QUIEN COMPRA CUERPOS"},"content":{"rendered":"\n<p>Fernando Ortega. El Bergued\u00e0, Catalunya.<\/p>\n\n\n\n<p>En las calles coloniales de La Habana Vieja, en los malecones de Santiago o en las playas de Varadero, se escucha una frase dicha casi con sorna entre turistas europeos:\u2014\u201cAqu\u00ed, por cinco d\u00f3lares, pasas un buen rato\u201d.<\/p>\n\n\n\n<p>Lo dicen como quien comenta una oferta de temporada. Pero en esa frase hay m\u00e1s que una transacci\u00f3n. Hay siglos de desigualdad, un mapa de poder global tatuado sobre los cuerpos empobrecidos, y una mentira disfrazada de ideolog\u00eda.Porque cuando quien lo dice presume de ser \u201cde izquierdas\u201d, el cinismo se convierte en traici\u00f3n. <\/p>\n\n\n\n<p>Y cuando alguien \u2014desde esa misma supuesta izquierda\u2014 defiende, justifica o silencia esa pr\u00e1ctica, no solo blanquea una injusticia: traiciona al pueblo cubano y a toda causa que dice defender.<\/p>\n\n\n\n<p><strong>No se criminaliza a quien sobrevive.<\/strong><\/p>\n\n\n\n<p>Este art\u00edculo no viene a se\u00f1alar a quienes, desde la necesidad, recurren a estrategias de supervivencia. En Cuba, como en tantos pa\u00edses empobrecidos por la maquinaria global del capital, hay quienes se ven forzadas a ofrecer compa\u00f1\u00eda, afecto o placer a cambio de dinero. No es justo juzgar a quien apenas tiene otra opci\u00f3n.<\/p>\n\n\n\n<p>La pregunta no es por qu\u00e9 lo hacen, la pregunta es qui\u00e9n se aprovecha de ello, con qu\u00e9 conciencia, con qu\u00e9 arrogancia, y con qu\u00e9 discurso pol\u00edtico impostado. \u00bfCon qu\u00e9 principios? <\/p>\n\n\n\n<p><strong>Cuba no es el problema, sino el espejo.<\/strong><\/p>\n\n\n\n<p>Tampoco se trata de culpar al Estado cubano. Ser\u00eda una simplificaci\u00f3n interesada. A pesar de un embargo brutal, impuesto durante d\u00e9cadas por Estados Unidos, y de condiciones adversas, Cuba mantiene niveles de salud, alfabetizaci\u00f3n y esperanza de vida m\u00e1s altos que muchos de sus vecinos con gobiernos capitalistas y \u00abdemocr\u00e1ticos\u00bb.<\/p>\n\n\n\n<p>La pobreza existe, s\u00ed, pero no mayor \u2014ni m\u00e1s injusta\u2014 que la que arrasa en Hait\u00ed, Honduras o Colombia. Cuba es un pa\u00eds bloqueado, no un pa\u00eds fallido. Y si all\u00ed alguien ofrece su cuerpo por cinco d\u00f3lares, la culpa no recae solo en La Habana, sino tambi\u00e9n en Bruselas, en Madrid, en Par\u00eds, en Barcelona, donde muchos de esos turistas \u201cprogresistas\u201d viven c\u00f3modamente, militan a golpe de pecho, gritan consignas de izquierda y reparten carnets de conciencia de clase mientras se pasean por el Caribe con el ego suelto y la conciencia dormida. <\/p>\n\n\n\n<p>Si alguna vez la tuvieron. La impostura del turista \u201cde izquierdas\u201d Hay algo especialmente repulsivo en quien se declara feminista, socialista o anticolonial, y al mismo tiempo utiliza la miseria de otro pa\u00eds como parque tem\u00e1tico sexual. <\/p>\n\n\n\n<p>Esa persona no es de izquierdas. Es un depredador con discurso progresista, un farsante que ha aprendido el vocabulario de la igualdad pero sigue practicando la desigualdad m\u00e1s salvaje.<\/p>\n\n\n\n<p>No compra solo sexo. Compra sumisi\u00f3n, afecto condicionado, silencio forzado. Y lo hace mientras se declara aliado, militante, solidario. Pero su solidaridad se esfuma cuando hay un cuerpo joven, moreno y empobrecido al alcance. Su \u201cmilitancia\u201d termina donde empieza su deseo sin \u00e9tica.<\/p>\n\n\n\n<p>El amigo que no solo calla, sino que protege.<\/p>\n\n\n\n<p>Pero si el turista es hip\u00f3crita, el amigo que lo defiende es a\u00fan m\u00e1s da\u00f1ino. Porque no solo calla. A veces, ataca a quien denuncia, desacredita a quien se\u00f1ala, y lanza insinuaciones cobardes para proteger su red, su estatus, su c\u00e1lculo interno.<\/p>\n\n\n\n<p>Ese amigo no es neutral. Est\u00e1 tomando partido por el dinero y contra la dignidad. A veces lo hace por comodidad, otras por venganza pol\u00edtica, otras por t\u00e1ctica. Pero en todos los casos, traiciona al pueblo que dice defender. <\/p>\n\n\n\n<p>No est\u00e1 defendiendo a una persona: est\u00e1 blanqueando la explotaci\u00f3n y encubriendo la mentira. El tacticismo que pudre la causaHay quien calla por miedo a abrir un conflicto. Hay quien justifica diciendo que \u201ces m\u00e1s complejo\u201d. Hay quien ataca al denunciante por rencores personales. <\/p>\n\n\n\n<p>Pero todo eso no es prudencia: es cobard\u00eda estrat\u00e9gica. Es elegir el inter\u00e9s individual sobre la verdad colectiva. Es utilizar la lucha como disfraz, mientras se hacen c\u00e1lculos de poder a costa del dolor ajeno.Puedes tener cultura pol\u00edtica, ser un hombre le\u00eddo, y hasta un buen orador, pero frente al espejo, no eres m\u00e1s que un oportunista que no entiende que el conflicto, en pol\u00edtica, es ideol\u00f3gico, de intereses, cultural&#8230; Conflicto no es traicionar tus principios \u2014esa actitud demuestra que nunca los tuviste\u2014, sino traicionar a tus camaradas, a tus votantes, a tus compa\u00f1eros.<\/p>\n\n\n\n<p>Esa actitud corroe cualquier proyecto emancipador. Porque cuando se protege a un abusador solo porque es \u201cde los nuestros\u201d, la izquierda se convierte en su propia caricatura. <\/p>\n\n\n\n<p>Y quien act\u00faa as\u00ed no est\u00e1 en el medio: est\u00e1 en el lado de los que oprimen, aunque lleve camiseta roja.Que arda la verg\u00fcenzaEste texto no pretende ser c\u00f3modo. Pretende que quien se reconozca en \u00e9l, se sonroje, se cuestione, y act\u00fae en consecuencia. <\/p>\n\n\n\n<p>Porque no hay discurso v\u00e1lido si no hay coherencia. Y no hay causa digna que se construya sobre cuerpos convertidos en mercanc\u00eda al servicio del privilegio.A quien lo hace, a quien lo encubre, a quien lo silencia por t\u00e1ctica o por miedo: no se les puede llamar compa\u00f1eros. <\/p>\n\n\n\n<p>No lo son.La verdadera solidaridad no se compra. Se demuestra. Y Cuba no necesita m\u00e1s turistas con billetes en el bolsillo y principios vac\u00edos. Necesita aliados valientes, honestos, coherentes. O ninguno.<\/p>\n\n\n\n<p>Porque si llamas compa\u00f1ero a quien compra cuerpos, entonces tu revoluci\u00f3n ya est\u00e1 muerta.Y aqu\u00ed, el cinismo, la hipocres\u00eda, el tacticismo y la desverg\u00fcenza no tienen cabida.<\/p>\n\n\n\n<figure class=\"wp-block-image size-full\"><img fetchpriority=\"high\" decoding=\"async\" width=\"450\" height=\"338\" src=\"https:\/\/xn--tuvozdiasporaespaola-k7b.com\/wp-content\/uploads\/2025\/08\/1000349766.jpg\" alt=\"\" class=\"wp-image-9380\" srcset=\"https:\/\/xn--tuvozdiasporaespaola-k7b.com\/wp-content\/uploads\/2025\/08\/1000349766.jpg 450w, https:\/\/xn--tuvozdiasporaespaola-k7b.com\/wp-content\/uploads\/2025\/08\/1000349766-300x225.jpg 300w\" sizes=\"(max-width: 450px) 100vw, 450px\" \/><\/figure>\n","protected":false},"excerpt":{"rendered":"<p>Fernando Ortega. El Bergued\u00e0, Catalunya. En las calles coloniales de La Habana Vieja, en los malecones de Santiago o en las playas de Varadero, &#8230; <\/p>\n<p class=\"read-more-container\"><a title=\"MALDITO SEAS SI LLAMAS COMPA\u00d1ERO A QUIEN COMPRA CUERPOS\" class=\"read-more button\" href=\"https:\/\/xn--tuvozdiasporaespaola-k7b.com\/page\/2\/maldito-seas-si-llamas-companero-a-quien-compra-cuerpos\/#more-9379\" aria-label=\"M\u00e1s en MALDITO SEAS SI LLAMAS COMPA\u00d1ERO A QUIEN COMPRA CUERPOS\">Leer m\u00e1s<\/a><\/p>\n","protected":false},"author":222560522,"featured_media":9381,"comment_status":"closed","ping_status":"open","sticky":false,"template":"","format":"standard","meta":{"footnotes":""},"categories":[121868],"tags":[],"class_list":["post-9379","post","type-post","status-publish","format-standard","has-post-thumbnail","hentry","category-latinoamerica","resize-featured-image"],"_links":{"self":[{"href":"https:\/\/xn--tuvozdiasporaespaola-k7b.com\/page\/2\/wp-json\/wp\/v2\/posts\/9379","targetHints":{"allow":["GET"]}}],"collection":[{"href":"https:\/\/xn--tuvozdiasporaespaola-k7b.com\/page\/2\/wp-json\/wp\/v2\/posts"}],"about":[{"href":"https:\/\/xn--tuvozdiasporaespaola-k7b.com\/page\/2\/wp-json\/wp\/v2\/types\/post"}],"author":[{"embeddable":true,"href":"https:\/\/xn--tuvozdiasporaespaola-k7b.com\/page\/2\/wp-json\/wp\/v2\/users\/222560522"}],"replies":[{"embeddable":true,"href":"https:\/\/xn--tuvozdiasporaespaola-k7b.com\/page\/2\/wp-json\/wp\/v2\/comments?post=9379"}],"version-history":[{"count":2,"href":"https:\/\/xn--tuvozdiasporaespaola-k7b.com\/page\/2\/wp-json\/wp\/v2\/posts\/9379\/revisions"}],"predecessor-version":[{"id":9384,"href":"https:\/\/xn--tuvozdiasporaespaola-k7b.com\/page\/2\/wp-json\/wp\/v2\/posts\/9379\/revisions\/9384"}],"wp:featuredmedia":[{"embeddable":true,"href":"https:\/\/xn--tuvozdiasporaespaola-k7b.com\/page\/2\/wp-json\/wp\/v2\/media\/9381"}],"wp:attachment":[{"href":"https:\/\/xn--tuvozdiasporaespaola-k7b.com\/page\/2\/wp-json\/wp\/v2\/media?parent=9379"}],"wp:term":[{"taxonomy":"category","embeddable":true,"href":"https:\/\/xn--tuvozdiasporaespaola-k7b.com\/page\/2\/wp-json\/wp\/v2\/categories?post=9379"},{"taxonomy":"post_tag","embeddable":true,"href":"https:\/\/xn--tuvozdiasporaespaola-k7b.com\/page\/2\/wp-json\/wp\/v2\/tags?post=9379"}],"curies":[{"name":"wp","href":"https:\/\/api.w.org\/{rel}","templated":true}]}}