{"id":9365,"date":"2025-08-03T11:18:23","date_gmt":"2025-08-03T14:18:23","guid":{"rendered":"https:\/\/xn--tuvozdiasporaespaola-k7b.com\/page\/2\/?p=9365"},"modified":"2025-08-03T11:18:24","modified_gmt":"2025-08-03T14:18:24","slug":"espana-crece-economicamente-beneficiandose-de-la-inmigracion-el-turismo-y-por-su-sector-de-servicios-de-mayor-valor-anadido-con-mayoria-parlamentaria-progresista","status":"publish","type":"post","link":"https:\/\/xn--tuvozdiasporaespaola-k7b.com\/page\/2\/espana-crece-economicamente-beneficiandose-de-la-inmigracion-el-turismo-y-por-su-sector-de-servicios-de-mayor-valor-anadido-con-mayoria-parlamentaria-progresista\/","title":{"rendered":"Espa\u00f1a  crece economicamente , beneficiandose de la inmigracion, el turismo y por su sector de servicios de mayor valor a\u00f1adido. Con mayoria parlamentaria progresista"},"content":{"rendered":"\n<p>Se puede decir que Espa\u00f1a crece con un gobierno progresista. En los \u00faltimos a\u00f1os, Espa\u00f1a ha experimentado un crecimiento econ\u00f3mico y mejoras en diversos indicadores sociales, lo que ha sido atribuido en parte a las pol\u00edticas implementadas por el gobierno progresista actual. Se destaca un aumento del PIB, la creaci\u00f3n de empleo y avances en transici\u00f3n ecol\u00f3gica y derechos sociales. <\/p>\n\n\n\n<p><strong>Puntos que argumentan el crecimiento con una mayor\u00eda parlamentaria progresista que da estabilidad parlamentaria<\/strong>.<\/p>\n\n\n\n<p><strong>Crecimiento econ\u00f3mico:<\/strong> El gobierno actual, liderado por Pedro S\u00e1nchez, ha implementado pol\u00edticas que han contribuido a un crecimiento econ\u00f3mico sostenido. <\/p>\n\n\n\n<p><strong>Plan de Recuperaci\u00f3n: <\/strong>Se destaca el despliegue del Plan de Recuperaci\u00f3n, Transformaci\u00f3n y Resiliencia, que ha impulsado la econom\u00eda espa\u00f1ola. <\/p>\n\n\n\n<p><strong>Mercado laboral:<\/strong> Se ha observado un dinamismo en el mercado laboral y un aumento del consumo privado. <\/p>\n\n\n\n<p><strong>Transici\u00f3n ecol\u00f3gica:<\/strong> Espa\u00f1a ha liderado la transici\u00f3n ecol\u00f3gica, con avances en energ\u00edas renovables y transporte sostenible. <\/p>\n\n\n\n<p><strong>Liderazgo internacional<\/strong>: Espa\u00f1a ha recuperado su voz y liderazgo en pol\u00edtica exterior, defendiendo los derechos y la justicia. <\/p>\n\n\n\n<p><strong>Avances Reformas Sociales:<\/strong> Se han llevado a cabo reformas en \u00e1reas como la justicia y la eficiencia del servicio p\u00fablico. <\/p>\n\n\n\n<p>En resumen, las pol\u00edticas progresistas han sido asociadas con el crecimiento econ\u00f3mico y mejoras en diversos \u00e1mbitos en Espa\u00f1a, aunque tambi\u00e9n existen desaf\u00edos y \u00e1reas que requieren atenci\u00f3n. <\/p>\n\n\n\n<figure class=\"wp-block-image size-large\"><img fetchpriority=\"high\" decoding=\"async\" width=\"1024\" height=\"415\" src=\"https:\/\/xn--tuvozdiasporaespaola-k7b.com\/wp-content\/uploads\/2025\/08\/1000349642-1024x415.jpg\" alt=\"\" class=\"wp-image-9370\" srcset=\"https:\/\/xn--tuvozdiasporaespaola-k7b.com\/wp-content\/uploads\/2025\/08\/1000349642-1024x415.jpg 1024w, https:\/\/xn--tuvozdiasporaespaola-k7b.com\/wp-content\/uploads\/2025\/08\/1000349642-300x122.jpg 300w, https:\/\/xn--tuvozdiasporaespaola-k7b.com\/wp-content\/uploads\/2025\/08\/1000349642-768x311.jpg 768w, https:\/\/xn--tuvozdiasporaespaola-k7b.com\/wp-content\/uploads\/2025\/08\/1000349642.jpg 1080w\" sizes=\"(max-width: 1024px) 100vw, 1024px\" \/><\/figure>\n\n\n\n<p>En este Verano Espa\u00f1a se presenta vibrante, lleno de movimiento, maletas rodando por los aeropuertos y playas abarrotadas de idiomas que se entrecruzan bajo el sol. Con agosto reci\u00e9n comenzado, los datos ya confirman lo que muchos intu\u00edan: este 2025 se van a llegar\u00e1n a cifras hist\u00f3ricas e ingresos de divisas.<\/p>\n\n\n\n<p><strong>Seg\u00fan el \u00faltimo informe del Instituto Nacional de Estad\u00edstica (INE), entre enero y junio llegaron al pa\u00eds 44,5 millones de turistas internacionales, una cifra que no solo supera la del a\u00f1o pasado, sino que marca un nuevo r\u00e9cord hist\u00f3rico para un primer semestre.<\/strong><\/p>\n\n\n\n<p>El ritmo de crecimiento ha sido constante, pero tambi\u00e9n sorprendente. Enero, un mes tradicionalmente tranquilo en t\u00e9rminos tur\u00edsticos, experiment\u00f3 <strong>el mayor repunte interanual con un aumento del casi 12% respecto a 2024. Y si bien fue junio el mes con m\u00e1s llegadas \u20149,5 millones de visitantes\u2014, la sensaci\u00f3n es que lo mejor a\u00fan est\u00e1 por venir.<\/strong><\/p>\n\n\n\n<p>Con estos datos en la mano, y con un agosto que siempre se ha comportado como el gran mes del turismo, Espa\u00f1a est\u00e1 a las puertas de una temporada que podr\u00eda convertirse en la mejor de su historia.<\/p>\n\n\n\n<p>M\u00e1s visitante y m\u00e1s generosos, ahora no  solo hay m\u00e1s turistas, sino que adem\u00e1s gastan m\u00e1s. <strong>El gasto total de los viajeros durante los seis primeros meses del a\u00f1o super\u00f3 los 59.600 millones de euros, lo que representa un crecimiento del 7,5% con respecto al a\u00f1o anterior. <\/strong><\/p>\n\n\n\n<figure class=\"wp-block-image size-full is-resized\"><img decoding=\"async\" width=\"1078\" height=\"511\" src=\"https:\/\/xn--tuvozdiasporaespaola-k7b.com\/wp-content\/uploads\/2025\/08\/1000349648.jpg\" alt=\"\" class=\"wp-image-9375\" style=\"width:840px;height:auto\" srcset=\"https:\/\/xn--tuvozdiasporaespaola-k7b.com\/wp-content\/uploads\/2025\/08\/1000349648.jpg 1078w, https:\/\/xn--tuvozdiasporaespaola-k7b.com\/wp-content\/uploads\/2025\/08\/1000349648-300x142.jpg 300w, https:\/\/xn--tuvozdiasporaespaola-k7b.com\/wp-content\/uploads\/2025\/08\/1000349648-1024x485.jpg 1024w, https:\/\/xn--tuvozdiasporaespaola-k7b.com\/wp-content\/uploads\/2025\/08\/1000349648-768x364.jpg 768w\" sizes=\"(max-width: 1078px) 100vw, 1078px\" \/><\/figure>\n\n\n\n<p>Cada visitante dej\u00f3, de media, 209 euros diarios, un 6,5% m\u00e1s que en 2024. Estos datos no solo reflejan un mayor volumen, sino una mayor calidad del turismo que est\u00e1 llegando a nuestro pa\u00eds.<\/p>\n\n\n\n<p><strong>La mayor\u00eda se aloj\u00f3 en hoteles, una tendencia que sigue creciendo y que en junio alcanz\u00f3 los 7 millones de hu\u00e9spedes. En cambio, opciones como los alquileres tur\u00edsticos, las segundas residencias o las casas de amigos y familiares han experimentado un ligero retroceso<\/strong> con lo qye se confirma una mayor calidad en los turistas y poder adquisitivo. Parece que el turista que viene este verano busca comodidad, servicios y experiencias, y est\u00e1 dispuesto a pagar por ello.<\/p>\n\n\n\n<p>Por nacionalidades, <strong>el liderazgo sigue siendo brit\u00e1nico<\/strong>: m\u00e1s de dos millones de brit\u00e1nicos visitaron Espa\u00f1a en junio, seguidos por alemanes (1,2 millones) y franceses (algo m\u00e1s de un mill\u00f3n). En t\u00e9rminos geogr\u00e1ficos, Catalu\u00f1a se lleva la corona en el acumulado del semestre, con m\u00e1s de 9 millones de turistas, aunque Baleares fue la regi\u00f3n m\u00e1s visitada en junio. <strong>Andaluc\u00eda, por su parte, destaca como la comunidad que m\u00e1s ha crecido: un 8,4% m\u00e1s que en 2024.<\/strong><\/p>\n\n\n\n<p>Y ahora agosto, el mes donde todo se acelera, la Direcci\u00f3n General de Tr\u00e1fico estima que habr\u00e1 52,9 millones de desplazamientos por carretera durante este mes. Solo en el primer fin de semana se esperan casi 7 millones.<\/p>\n\n\n\n<p><strong>La combinaci\u00f3n de turismo nacional e internacional convierte agosto en el punto \u00e1lgido de la temporada, y si la primera mitad del verano ha sido buena,<\/strong> con r\u00e9cords ya batidos y todos los indicadores al alza, el reto ser\u00e1 mantener la calidad del servicio y la satisfacci\u00f3n de quienes eligen Espa\u00f1a como destino.En un verano donde todo parece alinearse \u2014<strong>el buen tiempo, la demanda internacional y el empuje del turismo interno\u2014, Espa\u00f1a vuelve a brillar como uno de los destinos m\u00e1s deseados del mundo<\/strong>. <\/p>\n\n\n\n<p>Por otro lado la entidad financiera estadounidense <strong>Goldman Sachs ha publicado un informe que sit\u00faa a Espa\u00f1a como la econom\u00eda con mayor crecimiento de Europa<\/strong>, con una recuperaci\u00f3n s\u00f3lida y perspectivas de mejora sostenida durante los pr\u00f3ximos a\u00f1os. <\/p>\n\n\n\n<p>El an\u00e1lisis, que lleva por t\u00edtulo \u00ab<strong>C\u00f3mo Espa\u00f1a se convirti\u00f3 en la econom\u00eda de mayor crecimiento de Europa\u00bb, destaca el papel fundamental del sector servicios y un cambio estructural en el modelo econ\u00f3mico del pa\u00eds.<\/strong><\/p>\n\n\n\n<p>\u00ab<strong>Espa\u00f1a se consolida como el nuevo motor econ\u00f3mico de la Uni\u00f3n Europe<\/strong>a<\/p>\n\n\n\n<p>Seg\u00fan el estudio, desde el fin de la pandemia, los pa\u00edses del sur de Europa se ha consolidado como el nuevo motor econ\u00f3mico de la eurozona, y Espa\u00f1a lidera ese grupo gracias a una evoluci\u00f3n notable en sus sectores productivos. <\/p>\n\n\n\n<p>\u00ab<strong>Espa\u00f1a ha destacado por su sector de servicios de mayor valor a\u00f1adido y presenta un impulso de crecimiento que se prev\u00e9 que perdure durante varios a\u00f1os, seg\u00fan Goldman Sachs Research\u00bb, <\/strong>ha subrayado el informe de Goldman Sachs Research. <\/p>\n\n\n\n<p>La entidad ha revisado al alza sus previsiones de crecimiento para Espa\u00f1a, esperando \u201cahora esperan que la econom\u00eda  crezca un 1,9 % en 2026 y un 1,7 % en 2027 (frente a las previsiones anteriores del 1,5 % y el 1,6 %, respectivamente)\u00bb, ha expresado<strong>.\u00bbSi bien la resiliencia del sector servicios se ha reconocido como un motor del crecimiento econ\u00f3mico en el sur de Europa desde la pandemia, los analistas suelen vincularla \u00fanicamente a los servicios relacionados con el turismo\u00bb,<\/strong> ha apuntado.<\/p>\n\n\n\n<figure class=\"wp-block-image size-large\"><img decoding=\"async\" width=\"1024\" height=\"554\" src=\"https:\/\/xn--tuvozdiasporaespaola-k7b.com\/wp-content\/uploads\/2025\/08\/1000349652-1024x554.jpg\" alt=\"\" class=\"wp-image-9371\" srcset=\"https:\/\/xn--tuvozdiasporaespaola-k7b.com\/wp-content\/uploads\/2025\/08\/1000349652-1024x554.jpg 1024w, https:\/\/xn--tuvozdiasporaespaola-k7b.com\/wp-content\/uploads\/2025\/08\/1000349652-300x162.jpg 300w, https:\/\/xn--tuvozdiasporaespaola-k7b.com\/wp-content\/uploads\/2025\/08\/1000349652-768x415.jpg 768w, https:\/\/xn--tuvozdiasporaespaola-k7b.com\/wp-content\/uploads\/2025\/08\/1000349652.jpg 1080w\" sizes=\"(max-width: 1024px) 100vw, 1024px\" \/><\/figure>\n\n\n\n<p>El an\u00e1lisis reconoce que, aunque \u201c<strong>el repunte del turismo fue sin duda crucial al principio, pero la composici\u00f3n de la actividad de servicios en Europa se ha desplazado hacia subsectores con mayor valor a\u00f1adido por empleado, como las finanzas, el sector inmobiliario, las tecnolog\u00edas de la informaci\u00f3n y la comunicaci\u00f3n (TIC) y los servicios profesionales<\/strong>\u00ab. <\/p>\n\n\n\n<p>Esta evoluci\u00f3n, seg\u00fan Goldman Sachs, distingue a Espa\u00f1a del resto de grandes econom\u00edas europeas, donde el peso de estos sectores sigue siendo menor. Adem\u00e1s del dinamismo del sector servicios, el informe destaca otros factores clave en el buen momento econ\u00f3mico del pa\u00eds. <\/p>\n\n\n\n<p>En particular, \u00abel mayor impacto en el crecimiento entre los estados miembros de la UE durante la pandemia, pero ha liderado la recuperaci\u00f3n desde entonces\u00bb. <strong>\u00abLa econom\u00eda espa\u00f1ola tambi\u00e9n se est\u00e1 beneficiando de la inmigraci\u00f3n. El pa\u00eds est\u00e1 acogiendo a m\u00e1s personas en relaci\u00f3n con su poblaci\u00f3n que Alemania, Francia o Italia, y la \u00faltima afluencia se caracteriza por inmigrantes con mayores niveles de educaci\u00f3n y cualificaciones laborales<\/strong>\u00ab, ha aseverado. <\/p>\n\n\n\n<p>Mientras los pol\u00edticos de extrema derecha de VOX  y derecha del Partido Popular en Espa\u00f1a est\u00e1n en otra , al margen de la realidad Economica y Dem\u00f3crata ( no respetando los tiempos de elecciones de cuatro a\u00f1os)  son los que difunden m\u00e1s bulos, un estudio de la Universidad de Holanda se\u00f1ala que los partidos de derecha radical son m\u00e1s propensos a compartir desinformaci\u00f3n en redes sociales.<\/p>\n\n\n\n<p>El estudio explica que estos pol\u00edticos populistas se caracterizan por un pensamiento: creen que en la sociedad existen dos grupos. En un lado estar\u00eda la gente com\u00fan y en otro la \u201c\u00e9lite corrupta\u201d. Para ellos, los medios de comunicaci\u00f3n forman parte de esa \u00e9lite y son acusados de mentir y defender los intereses de las personas poderosas. <\/p>\n\n\n\n<p> La investigaci\u00f3n se\u00f1ala que, creyendo esto, algunos pol\u00edticos recurren a las redes sociales para comunicarse directamente con el p\u00fablico y difundir \u201cverdades alternativas\u201d. En muchos casos, estas son noticias falsas o manipuladas que se presentan al mundo como si fueran la \u201crealidad que los medios nos ocultan\u201d.<\/p>\n\n\n\n<p>La extrema derecha utiliza la desinformaci\u00f3n para crear una versi\u00f3n alternativa de los hechos, amplificar sus mensajes ideol\u00f3gicos y crear una comunidad de seguidores con las mismas ideas. Su objetivo final es desestabilizar la democracia y obtener una ventaja pol\u00edtica con respecto a sus adversarios pol\u00edticos.<\/p>\n\n\n\n<figure class=\"wp-block-image size-large\"><img loading=\"lazy\" decoding=\"async\" width=\"1024\" height=\"535\" src=\"https:\/\/xn--tuvozdiasporaespaola-k7b.com\/wp-content\/uploads\/2025\/08\/1000349664-1024x535.png\" alt=\"\" class=\"wp-image-9377\" srcset=\"https:\/\/xn--tuvozdiasporaespaola-k7b.com\/wp-content\/uploads\/2025\/08\/1000349664-1024x535.png 1024w, https:\/\/xn--tuvozdiasporaespaola-k7b.com\/wp-content\/uploads\/2025\/08\/1000349664-300x157.png 300w, https:\/\/xn--tuvozdiasporaespaola-k7b.com\/wp-content\/uploads\/2025\/08\/1000349664-768x402.png 768w, https:\/\/xn--tuvozdiasporaespaola-k7b.com\/wp-content\/uploads\/2025\/08\/1000349664.png 1536w\" sizes=\"(max-width: 1024px) 100vw, 1024px\" \/><\/figure>\n\n\n\n<p>Esa es la realidad , mientras Espa\u00f1a crece la derecha del PP y VOX inundan con mentiras las redes y las colocas informativas  cin discursos antimigrantes y xen\u00f3fobos,  cuando estas personas hoy forman parte del crecimiento econ\u00f3mico de Espa\u00f1a y no del problema;  tal vez estas derechas fascistas hoy en d\u00eda forman parte de la intolerancia, el odio o racismo o una corrupci\u00f3n enquistada de casta consolidada y no de la realidad cotidiana de la espa\u00f1a trabajadora.<\/p>\n\n\n\n<p>Faltan muchas cosas pero solo con gobiernos progresistas estaremos mas cerca de ellas.<\/p>\n\n\n\n<p>Fuentes :Goldman Sachs, Art\u00edculo de El Plural, INE, Junior report.<\/p>\n\n\n\n<p><\/p>\n","protected":false},"excerpt":{"rendered":"<p>Se puede decir que Espa\u00f1a crece con un gobierno progresista. En los \u00faltimos a\u00f1os, Espa\u00f1a ha experimentado un crecimiento econ\u00f3mico y mejoras en diversos &#8230; <\/p>\n<p class=\"read-more-container\"><a title=\"Espa\u00f1a  crece economicamente , beneficiandose de la inmigracion, el turismo y por su sector de servicios de mayor valor a\u00f1adido. Con mayoria parlamentaria progresista\" class=\"read-more button\" href=\"https:\/\/xn--tuvozdiasporaespaola-k7b.com\/page\/2\/espana-crece-economicamente-beneficiandose-de-la-inmigracion-el-turismo-y-por-su-sector-de-servicios-de-mayor-valor-anadido-con-mayoria-parlamentaria-progresista\/#more-9365\" aria-label=\"M\u00e1s en Espa\u00f1a  crece economicamente , beneficiandose de la inmigracion, el turismo y por su sector de servicios de mayor valor a\u00f1adido. Con mayoria parlamentaria progresista\">Leer m\u00e1s<\/a><\/p>\n","protected":false},"author":222560522,"featured_media":9372,"comment_status":"closed","ping_status":"open","sticky":false,"template":"","format":"standard","meta":{"footnotes":""},"categories":[121850],"tags":[],"class_list":["post-9365","post","type-post","status-publish","format-standard","has-post-thumbnail","hentry","category-politica","resize-featured-image"],"_links":{"self":[{"href":"https:\/\/xn--tuvozdiasporaespaola-k7b.com\/page\/2\/wp-json\/wp\/v2\/posts\/9365","targetHints":{"allow":["GET"]}}],"collection":[{"href":"https:\/\/xn--tuvozdiasporaespaola-k7b.com\/page\/2\/wp-json\/wp\/v2\/posts"}],"about":[{"href":"https:\/\/xn--tuvozdiasporaespaola-k7b.com\/page\/2\/wp-json\/wp\/v2\/types\/post"}],"author":[{"embeddable":true,"href":"https:\/\/xn--tuvozdiasporaespaola-k7b.com\/page\/2\/wp-json\/wp\/v2\/users\/222560522"}],"replies":[{"embeddable":true,"href":"https:\/\/xn--tuvozdiasporaespaola-k7b.com\/page\/2\/wp-json\/wp\/v2\/comments?post=9365"}],"version-history":[{"count":6,"href":"https:\/\/xn--tuvozdiasporaespaola-k7b.com\/page\/2\/wp-json\/wp\/v2\/posts\/9365\/revisions"}],"predecessor-version":[{"id":9378,"href":"https:\/\/xn--tuvozdiasporaespaola-k7b.com\/page\/2\/wp-json\/wp\/v2\/posts\/9365\/revisions\/9378"}],"wp:featuredmedia":[{"embeddable":true,"href":"https:\/\/xn--tuvozdiasporaespaola-k7b.com\/page\/2\/wp-json\/wp\/v2\/media\/9372"}],"wp:attachment":[{"href":"https:\/\/xn--tuvozdiasporaespaola-k7b.com\/page\/2\/wp-json\/wp\/v2\/media?parent=9365"}],"wp:term":[{"taxonomy":"category","embeddable":true,"href":"https:\/\/xn--tuvozdiasporaespaola-k7b.com\/page\/2\/wp-json\/wp\/v2\/categories?post=9365"},{"taxonomy":"post_tag","embeddable":true,"href":"https:\/\/xn--tuvozdiasporaespaola-k7b.com\/page\/2\/wp-json\/wp\/v2\/tags?post=9365"}],"curies":[{"name":"wp","href":"https:\/\/api.w.org\/{rel}","templated":true}]}}