{"id":9358,"date":"2025-08-01T14:34:57","date_gmt":"2025-08-01T17:34:57","guid":{"rendered":"https:\/\/xn--tuvozdiasporaespaola-k7b.com\/page\/2\/?p=9358"},"modified":"2025-08-01T14:44:55","modified_gmt":"2025-08-01T17:44:55","slug":"belgica-remite-a-cpi-expedientes-sobre-crimenes-de-guerra-israelies","status":"publish","type":"post","link":"https:\/\/xn--tuvozdiasporaespaola-k7b.com\/page\/2\/belgica-remite-a-cpi-expedientes-sobre-crimenes-de-guerra-israelies\/","title":{"rendered":"B\u00e9lgica remite a CPI expedientes sobre cr\u00edmenes de guerra israel\u00edes"},"content":{"rendered":"\n<p>La Fiscal\u00eda de B\u00e9lgica transfiri\u00f3 a la Corte Penal Internacional (CPI) los expedientes de dos soldados israel\u00edes que fueron denunciados mientras se encontraban en el festival de m\u00fasica electr\u00f3nica Tomorrowland por haber cometido cr\u00edmenes de guerra en la franja de Gaza.<\/p>\n\n\n\n<p>El Ministerio P\u00fablico explic\u00f3 que el 18 y el 19 de julio recibi\u00f3 dos denuncias de la Fundaci\u00f3n Hind Rajab contra dos israel\u00edes que estaban en territorio belga. As\u00ed, se\u00f1al\u00f3 que, \u00abtras analizar las denuncias\u00bb, decidi\u00f3 remitir los casos al TPI, en \u00abaras de una correcta administraci\u00f3n de la justicia y de conformidad con las obligaciones internacionales\u00bb.<\/p>\n\n\n\n<p>La remisi\u00f3n de los expedientes a la CPI ser\u00e1 efectuada por el Servicio P\u00fablico Federal de Justicia, la autoridad central competente para transferir las solicitudes de las autoridades judiciales belgas al tribunal, con sede en La Haya.<\/p>\n\n\n\n<p>\u00abEsta remisi\u00f3n no constituye una conclusi\u00f3n. Es un giro estrat\u00e9gico a nivel internacional. Si bien es legalmente admisible, tambi\u00e9n refleja cautela diplom\u00e1tica en un momento en que el genocidio contin\u00faa.<\/p>\n\n\n\n<figure class=\"wp-block-image size-full is-resized\"><img fetchpriority=\"high\" decoding=\"async\" width=\"510\" height=\"340\" src=\"https:\/\/xn--tuvozdiasporaespaola-k7b.com\/wp-content\/uploads\/2025\/08\/1000347289.jpg\" alt=\"\" class=\"wp-image-9359\" style=\"width:684px;height:auto\" srcset=\"https:\/\/xn--tuvozdiasporaespaola-k7b.com\/wp-content\/uploads\/2025\/08\/1000347289.jpg 510w, https:\/\/xn--tuvozdiasporaespaola-k7b.com\/wp-content\/uploads\/2025\/08\/1000347289-300x200.jpg 300w\" sizes=\"(max-width: 510px) 100vw, 510px\" \/><figcaption class=\"wp-element-caption\">El primer ministro de B\u00e9lgica, Alexander De Croo, su par de Israel, Benjamin Netanyahu, y el jefe del Gobierno espa\u00f1ol, Pedro S\u00e1nchez, reunidos en Jerusal\u00e9n, en una foto divulgada por el Palacio de la Moncloa el 23 de noviembre de 2023 afp_tickers<\/figcaption><\/figure>\n\n\n\n<p><\/p>\n\n\n\n<p>En nuestra opini\u00f3n, las consideraciones pol\u00edticas nunca deben prevalecer sobre los imperativos de la justicia\u00bb, argument\u00f3. <\/p>\n\n\n\n<p>La Fiscal\u00eda de B\u00e9lgica tambi\u00e9n lament\u00f3 \u00abla liberaci\u00f3n de personas con acusaciones cre\u00edbles de cr\u00edmenes de guerra y lesa humanidad\u00bb, remarcando que \u00abno solo socava la confianza p\u00fablica en la justicia, sino que tambi\u00e9n corre el riesgo de reforzar la sensaci\u00f3n de impunidad y podr\u00eda permitir que cometan m\u00e1s atrocidades\u00bb.<\/p>\n\n\n\n<p>Por \u00faltimo, el organismo belga inst\u00f3 a la CPI a \u00abactuar sin demora y emitir \u00f3rdenes de arresto contra los sospechosos\u00bb, alegando que \u00abcada d\u00eda de inacci\u00f3n de las instituciones internacionales es un d\u00eda de sufrimiento continuo e impunidad\u00bb.\u00bbQue quede claro: este caso sienta un precedente legal y moral\u00bb, concluy\u00f3.<\/p>\n\n\n\n<p>Fuente: La Jornada (La Jornada es un peri\u00f3dico mexicano de circulaci\u00f3n nacional de formato tabloide. Cuenta con un tiraje de m\u00e1s de 100 mil ejemplares diarios.? Fue fundado el 19 de septiembre de 1984.) Art\u00edculo Al Mayadeen<\/p>\n","protected":false},"excerpt":{"rendered":"<p>La Fiscal\u00eda de B\u00e9lgica transfiri\u00f3 a la Corte Penal Internacional (CPI) los expedientes de dos soldados israel\u00edes que fueron denunciados mientras se encontraban en &#8230; <\/p>\n<p class=\"read-more-container\"><a title=\"B\u00e9lgica remite a CPI expedientes sobre cr\u00edmenes de guerra israel\u00edes\" class=\"read-more button\" href=\"https:\/\/xn--tuvozdiasporaespaola-k7b.com\/page\/2\/belgica-remite-a-cpi-expedientes-sobre-crimenes-de-guerra-israelies\/#more-9358\" aria-label=\"M\u00e1s en B\u00e9lgica remite a CPI expedientes sobre cr\u00edmenes de guerra israel\u00edes\">Leer m\u00e1s<\/a><\/p>\n","protected":false},"author":222560522,"featured_media":9360,"comment_status":"closed","ping_status":"open","sticky":false,"template":"","format":"standard","meta":{"footnotes":""},"categories":[121869],"tags":[],"class_list":["post-9358","post","type-post","status-publish","format-standard","has-post-thumbnail","hentry","category-internaciones","resize-featured-image"],"_links":{"self":[{"href":"https:\/\/xn--tuvozdiasporaespaola-k7b.com\/page\/2\/wp-json\/wp\/v2\/posts\/9358","targetHints":{"allow":["GET"]}}],"collection":[{"href":"https:\/\/xn--tuvozdiasporaespaola-k7b.com\/page\/2\/wp-json\/wp\/v2\/posts"}],"about":[{"href":"https:\/\/xn--tuvozdiasporaespaola-k7b.com\/page\/2\/wp-json\/wp\/v2\/types\/post"}],"author":[{"embeddable":true,"href":"https:\/\/xn--tuvozdiasporaespaola-k7b.com\/page\/2\/wp-json\/wp\/v2\/users\/222560522"}],"replies":[{"embeddable":true,"href":"https:\/\/xn--tuvozdiasporaespaola-k7b.com\/page\/2\/wp-json\/wp\/v2\/comments?post=9358"}],"version-history":[{"count":2,"href":"https:\/\/xn--tuvozdiasporaespaola-k7b.com\/page\/2\/wp-json\/wp\/v2\/posts\/9358\/revisions"}],"predecessor-version":[{"id":9362,"href":"https:\/\/xn--tuvozdiasporaespaola-k7b.com\/page\/2\/wp-json\/wp\/v2\/posts\/9358\/revisions\/9362"}],"wp:featuredmedia":[{"embeddable":true,"href":"https:\/\/xn--tuvozdiasporaespaola-k7b.com\/page\/2\/wp-json\/wp\/v2\/media\/9360"}],"wp:attachment":[{"href":"https:\/\/xn--tuvozdiasporaespaola-k7b.com\/page\/2\/wp-json\/wp\/v2\/media?parent=9358"}],"wp:term":[{"taxonomy":"category","embeddable":true,"href":"https:\/\/xn--tuvozdiasporaespaola-k7b.com\/page\/2\/wp-json\/wp\/v2\/categories?post=9358"},{"taxonomy":"post_tag","embeddable":true,"href":"https:\/\/xn--tuvozdiasporaespaola-k7b.com\/page\/2\/wp-json\/wp\/v2\/tags?post=9358"}],"curies":[{"name":"wp","href":"https:\/\/api.w.org\/{rel}","templated":true}]}}