{"id":902,"date":"2022-12-28T20:54:13","date_gmt":"2022-12-28T23:54:13","guid":{"rendered":"https:\/\/xn--tuvozdiasporaespaola-k7b.com\/?p=902"},"modified":"2023-02-11T11:37:13","modified_gmt":"2023-02-11T14:37:13","slug":"no-hay-pais-pero-tiene-que-haberlo-asturias","status":"publish","type":"post","link":"https:\/\/xn--tuvozdiasporaespaola-k7b.com\/page\/2\/no-hay-pais-pero-tiene-que-haberlo-asturias\/","title":{"rendered":"\u201cNO HAY PA\u00cdS, PERO TIENE QUE HABERLO\u201d ASTURIAS"},"content":{"rendered":"\n<p>Nacida en Luarca, Asturias, en 1970, Covadonga Tom\u00e9 es candidata \u2013electa con un resultado sorprendente- a la presidencia de la Junta General del Principado de Asturias.&nbsp;<\/p>\n\n\n\n<p>Pediatra de profesi\u00f3n y apasionada por la pol\u00edtica desde la irrupci\u00f3n de Podemos, ha llevado la pediatr\u00eda a los m\u00e1s necesitados, colaborando en proyectos desarrollados en Kenia, Venezuela, Sahara y Senegal.&nbsp;<\/p>\n\n\n\n<p>Covadonga, que actualmente ejerce su labor en el hospital comarcal de Arriondas, aboga por construir una herramienta pol\u00edtica que sea capaz de recoger las inquietudes del entramado social.&nbsp;<\/p>\n\n\n\n<p>Durante una entrevista efectuada por Roberto San Mart\u00edn en el programa radiof\u00f3nico <em>Cenizas de Babilonia-Di\u00e1spora Espa\u00f1ola<\/em> (AM 570 Radio Argentina), presentado por Roberto San Mart\u00edn y Francisco L\u00f3pez, la candidata por Podemos Asturias se refiri\u00f3 a su implicaci\u00f3n en la pol\u00edtica, a las propuestas para mejorar la vida de en esa comunidad aut\u00f3noma, y a las iniciativas relacionadas con facilitar el retorno de los asturianos emigrados. \u201c<em>Estoy implicada en pol\u00edtica desde que tengo uso de raz\u00f3n; pero desde los movimientos sociales, desde el activismo. Me enganch\u00e9 y me ilusion\u00e9 cuando apareci\u00f3 Podemos en el horizonte pol\u00edtico. Como militante me puedo retrotraer a 2015, no mucho m\u00e1s all\u00e1. Ah\u00ed s\u00ed que vi un proyecto pol\u00edtico verdaderamente ilusionante y me impliqu\u00e9 m\u00e1s activamente como militante. Estamos ya en 2022 y aqu\u00ed seguimos\u201d\u00a0<\/em><\/p>\n\n\n\n<figure class=\"wp-block-image size-large\"><img fetchpriority=\"high\" decoding=\"async\" width=\"482\" height=\"413\" src=\"http:\/\/xn--tuvozdiasporaespaola-k7b.com\/wp-content\/uploads\/2022\/12\/covatome-1068x7134371965797024716650-1.jpg?w=482\" alt=\"\" class=\"wp-image-901\" srcset=\"https:\/\/xn--tuvozdiasporaespaola-k7b.com\/wp-content\/uploads\/2022\/12\/covatome-1068x7134371965797024716650-1.jpg 482w, https:\/\/xn--tuvozdiasporaespaola-k7b.com\/wp-content\/uploads\/2022\/12\/covatome-1068x7134371965797024716650-1-300x257.jpg 300w\" sizes=\"(max-width: 482px) 100vw, 482px\" \/><\/figure>\n\n\n\n<p><strong>\u00bfA qu\u00e9 se debe que te hayas presentado como candidata y hayas salido elegida sorpresivamente?&nbsp;<\/strong><\/p>\n\n\n\n<figure class=\"wp-block-pullquote\"><blockquote><p>Queremos volver  al Podemos inicial, al podemos ilusionante.<\/p><\/blockquote><\/figure>\n\n\n\n<p>\u00ab<em>Yo creo que fue un proyecto de rebeld\u00eda de varios militantes  decidimos presentarnos a las primarias. Me present\u00e9 en cabeza yo, porque entre otras cosas, algunas de los compa\u00f1eras y compa\u00f1eros que hubiesen sido igualmente excelentes cabezas de candidatura, estaban sancionados, estaban expulsados porque entre las primarias del partido y las primarias a las auton\u00f3micas se sucedieron una serie de acontecimientos bastante tristes en algunos compa\u00f1eros  hablo de Daniel Ripa, hablo de Andr\u00e9s Ron, hablo de Rogelio Crespo, ex Secretario de Organizaci\u00f3n, de Fran Su\u00e1rez. Entonces fue un poco una rebeli\u00f3n contra esta situaci\u00f3n. Pero insisto, es una de las claves por las que ganamos las primarias. Por suerte para nosotros, los asturianos y las asturianas nos eligieron , no quieren  tensiones  en sus representantes pol\u00edticos. Lo que quieren es unidad, proyecto y trabajo, distintas formas de hacer pol\u00edtica.  En un momento en el que la tendencia pol\u00edtica es justamente lo contrario estos resultados, son un intento de apertura, de tejer redes, de ampliar, de unir fuerzas para recuperar el espacio pol\u00edtico de izquierda. En este momento, que a m\u00ed me parece hist\u00f3rico, ilusionante y muy importante. Queremos que Podemos vuelva a ser un proyecto<\/em> <em>ilusionante<\/em> \u00ab.<\/p>\n\n\n\n<figure class=\"wp-block-image size-large\"><img decoding=\"async\" width=\"390\" height=\"219\" src=\"http:\/\/xn--tuvozdiasporaespaola-k7b.com\/wp-content\/uploads\/2022\/12\/covadonga-tome-centro-candidata-podemos-principado_921494625689746581052.jpg?w=390\" alt=\"\" class=\"wp-image-903\" srcset=\"https:\/\/xn--tuvozdiasporaespaola-k7b.com\/wp-content\/uploads\/2022\/12\/covadonga-tome-centro-candidata-podemos-principado_921494625689746581052.jpg 390w, https:\/\/xn--tuvozdiasporaespaola-k7b.com\/wp-content\/uploads\/2022\/12\/covadonga-tome-centro-candidata-podemos-principado_921494625689746581052-300x168.jpg 300w\" sizes=\"(max-width: 390px) 100vw, 390px\" \/><\/figure>\n\n\n\n<p><strong>\u00bfCu\u00e1l es el eje program\u00e1tico tuyo y de tu equipo para las pr\u00f3ximas elecciones?<\/strong><\/p>\n\n\n\n<p><em>Nosotros tenemos por un lado la intenci\u00f3n de recuperar voz propia. Es decir, Asturias necesita tener un peso espec\u00edfico muy por encima del que tiene en la actualidad en la pol\u00edtica nacional. Somos los grandes olvidados. Y para eso necesitamos tener voz propia, recuperar autonom\u00eda. De hecho la reforma del Estatuto de Autonom\u00eda es una de las grandes cuentas pendientes de las sucesivas legislaturas del Psoe. En esta \u00faltima legislatura hubo un atisbo de que probablemente se abriera y se empezara a hablar con seriedad de la reforma del Estatuto de Autonom\u00eda, pero al final se qued\u00f3 en nada. Barb\u00f3n (Presidente del Principado por el PSOE) quer\u00eda que se quedase en nada y no ten\u00eda ninguna intenci\u00f3n de que se tratara con seriedad este tema. Es un tema muy importante. Tenemos que reformar ese Estatuto de Autonom\u00eda para recuperar competencias y para poder gobernar Asturias desde Asturias. Xuan C\u00e1ndano, que es un periodista formidable, en su presentaci\u00f3n del libro \u201cNo hay pa\u00eds\u201d dec\u00eda el otro d\u00eda que no hay pa\u00eds, pero tiene que haberlo. Y yo estoy completamente de acuerdo. No hay pa\u00eds, pero tiene que haberlo. No podemos esperar a que las soluciones lleguen de afuera. Tenemos que buscar las soluciones aqu\u00ed. En este sentido tenemos varios ejes de propuestas. Uno de ellos es la recuperaci\u00f3n de la juventud asturiana que se tiene que marchar porque no tiene aqu\u00ed un proyecto de futuro. Cuando ves a tus sobrinos, a tus hijos, a los hijos de tus amigos que se van marchando porque su proyecto de vida aqu\u00ed no es f\u00e1cil, recuerdas las \u00ableyendas urbanas\u00bb de Vicente \u00c1lvarez Areces. Desde luego la defensa de lo p\u00fablico, de los servicios p\u00fablicos de calidad, es una de nuestras l\u00edneas fundamentales de actuaci\u00f3n porque adem\u00e1s se pueden mantener unos servicios p\u00fablicos de calidad, siempre y cuando se tienda a la transparencia m\u00e1s absoluta y al rigor m\u00e1s absoluto en la gesti\u00f3n del dinero que se dedica a la sanidad, a la educaci\u00f3n; que es mucho del presupuesto de la comunidad aut\u00f3noma y que se tiene que gestionar de una forma distinta a c\u00f3mo se est\u00e1 gestionando. <\/em><\/p>\n\n\n\n<p><strong>A nivel nacional Asturias fue referente en la lucha contra el Covid, \u00bfEs esto cierto?<\/strong><\/p>\n\n\n\n<p><em>Esto fue un poco grandonismo de Barb\u00f3n. No se hicieron mal las cosas porque adem\u00e1s somos una poblaci\u00f3n peque\u00f1a en volumen. Hay una poblaci\u00f3n dispersa en la zona rural, que evidentemente se vio menos afectada por la pandemia. Es cierto que la Consejer\u00eda de Sanidad tuvo pol\u00edticas que verdaderamente funcionaron. Desde Podemos Asturias en ese momento nos pusimos a trabajar como locos en propuestas que lanzamos y de las que curiosamente el PSOE asturiano se apropi\u00f3. Pero nos dio igual. Lo importante es que las pusieron en marcha. Por ejemplo, el funcionamiento en las residencias de ancianos la elaboramos en una sede de Podemos entre varios, la propusimos al gobierno del PSOE que se la adjudic\u00f3 y la puso en marcha. Pero funcion\u00f3. En Asturias no tuvimos el n\u00famero terror\u00edfico, tremendo, dram\u00e1tico de muertes en las residencias que s\u00ed hubo por ejemplo en Madrid. Pues nos alegramos much\u00edsimo. Nos da igual no habernos colgado la medalla. No nos hace falta. Se hicieron las cosas razonablemente bien. Luego hubo momentos en los que no se hicieron tan bien, y sin embargo Barb\u00f3n continuaba presumiendo.\u00a0<\/em><\/p>\n\n\n\n<figure class=\"wp-block-image size-large\"><img decoding=\"async\" width=\"1200\" height=\"1600\" src=\"http:\/\/xn--tuvozdiasporaespaola-k7b.com\/wp-content\/uploads\/2022\/12\/f36027d16b9a0c73cc2250bca52fbcca6024457242460501939.jpg?w=768\" alt=\"\" class=\"wp-image-904\" srcset=\"https:\/\/xn--tuvozdiasporaespaola-k7b.com\/wp-content\/uploads\/2022\/12\/f36027d16b9a0c73cc2250bca52fbcca6024457242460501939.jpg 1200w, https:\/\/xn--tuvozdiasporaespaola-k7b.com\/wp-content\/uploads\/2022\/12\/f36027d16b9a0c73cc2250bca52fbcca6024457242460501939-225x300.jpg 225w, https:\/\/xn--tuvozdiasporaespaola-k7b.com\/wp-content\/uploads\/2022\/12\/f36027d16b9a0c73cc2250bca52fbcca6024457242460501939-768x1024.jpg 768w\" sizes=\"(max-width: 1200px) 100vw, 1200px\" \/><figcaption class=\"wp-element-caption\">Asturianos en el Exterior Centro Asturiano de Buenos Aires.<\/figcaption><\/figure>\n\n\n\n<p><strong>Asturias es la segunda comunidad aut\u00f3noma con m\u00e1s porcentaje sobre el total de la poblaci\u00f3n correspondiente a la di\u00e1spora. Estamos hablando de un catorce por ciento del porcentaje del censo electoral, que vive fuera de Espa\u00f1a. \u00bfQu\u00e9 se puede esperar de Podemos Asturias para hacer que este alto n\u00famero de gente quiera volver a su tierra?<\/strong><\/p>\n\n\n\n<p><em>Lo primero y fundamental es el reconocimiento. Porque si Asturias es la olvidada, los asturianos de la di\u00e1spora son los grandes olvidados, tanto, que a veces los asturianos de aqu\u00ed no tenemos suficiente conocimiento del tema. Lo que hay que hacer en primer lugar es reconocerse y establecer canales de comunicaci\u00f3n bilaterales, di\u00e1fanos, que permitan empezar a saber cu\u00e1ntos asturianos hay en la di\u00e1spora en situaci\u00f3n de querer volver, y con dificultades para poder hacerlo. Eso por un lado. Y luego por otro lado, evidentemente hay que facilitar todos los asuntos burocr\u00e1ticos que seguramente son muchos, de manera que el que regrese no se encuentre con problemas para acceder a la sanidad, a la educaci\u00f3n, a la justicia. Porque si la burocracia es complicada para los que estamos aqu\u00ed, imagino que para los que est\u00e1is fuera las dificultades se triplican. Hay que tener un programa que garantice que todas las personas que vuelvan tengan f\u00e1cil acceso a los servicios p\u00fablicos, minimizando los problemas burocr\u00e1ticos. Habr\u00eda que darles tambi\u00e9n facilidad para alquiler, para aquellos que no tengan propiedades aqu\u00ed. Que no se encuentren con el problema que est\u00e1 siendo grande incluso para los que estamos aqu\u00ed, porque en estos momentos en Asturias el alquiler no est\u00e1 regulado, entonces para un propietario es m\u00e1s beneficioso el alquilar su piso los dos meses de verano a un precio escandaloso, que alquilarlo en forma continuada. Entonces habr\u00eda que articular de alguna forma una serie de viviendas para que las personas que vuelven tengan facilidad para encontrar una vivienda digna, y a un precio asequible<\/em>.<\/p>\n\n\n\n<p>Transcripci\u00f3n hecha por Walter C. Medina, Redacci\u00f3n de revista TU VOZ,  Delegaci\u00f3n de Argentina. <\/p>\n","protected":false},"excerpt":{"rendered":"<p>Nacida en Luarca, Asturias, en 1970, Covadonga Tom\u00e9 es candidata \u2013electa con un resultado sorprendente- a la presidencia de la Junta General del Principado &#8230; <\/p>\n<p class=\"read-more-container\"><a title=\"\u201cNO HAY PA\u00cdS, PERO TIENE QUE HABERLO\u201d ASTURIAS\" class=\"read-more button\" href=\"https:\/\/xn--tuvozdiasporaespaola-k7b.com\/page\/2\/no-hay-pais-pero-tiene-que-haberlo-asturias\/#more-902\" aria-label=\"M\u00e1s en \u201cNO HAY PA\u00cdS, PERO TIENE QUE HABERLO\u201d ASTURIAS\">Leer m\u00e1s<\/a><\/p>\n","protected":false},"author":222560522,"featured_media":0,"comment_status":"open","ping_status":"open","sticky":false,"template":"","format":"standard","meta":{"footnotes":""},"categories":[1771],"tags":[],"class_list":["post-902","post","type-post","status-publish","format-standard","hentry","category-sociales"],"_links":{"self":[{"href":"https:\/\/xn--tuvozdiasporaespaola-k7b.com\/page\/2\/wp-json\/wp\/v2\/posts\/902","targetHints":{"allow":["GET"]}}],"collection":[{"href":"https:\/\/xn--tuvozdiasporaespaola-k7b.com\/page\/2\/wp-json\/wp\/v2\/posts"}],"about":[{"href":"https:\/\/xn--tuvozdiasporaespaola-k7b.com\/page\/2\/wp-json\/wp\/v2\/types\/post"}],"author":[{"embeddable":true,"href":"https:\/\/xn--tuvozdiasporaespaola-k7b.com\/page\/2\/wp-json\/wp\/v2\/users\/222560522"}],"replies":[{"embeddable":true,"href":"https:\/\/xn--tuvozdiasporaespaola-k7b.com\/page\/2\/wp-json\/wp\/v2\/comments?post=902"}],"version-history":[{"count":0,"href":"https:\/\/xn--tuvozdiasporaespaola-k7b.com\/page\/2\/wp-json\/wp\/v2\/posts\/902\/revisions"}],"wp:attachment":[{"href":"https:\/\/xn--tuvozdiasporaespaola-k7b.com\/page\/2\/wp-json\/wp\/v2\/media?parent=902"}],"wp:term":[{"taxonomy":"category","embeddable":true,"href":"https:\/\/xn--tuvozdiasporaespaola-k7b.com\/page\/2\/wp-json\/wp\/v2\/categories?post=902"},{"taxonomy":"post_tag","embeddable":true,"href":"https:\/\/xn--tuvozdiasporaespaola-k7b.com\/page\/2\/wp-json\/wp\/v2\/tags?post=902"}],"curies":[{"name":"wp","href":"https:\/\/api.w.org\/{rel}","templated":true}]}}