{"id":883,"date":"2022-12-22T15:06:44","date_gmt":"2022-12-22T18:06:44","guid":{"rendered":"https:\/\/xn--tuvozdiasporaespaola-k7b.com\/?p=883"},"modified":"2022-12-22T15:08:15","modified_gmt":"2022-12-22T18:08:15","slug":"solicitud-de-incorporacion-al-nuevo-protocolo-sobre-violencia-de-genero","status":"publish","type":"post","link":"https:\/\/xn--tuvozdiasporaespaola-k7b.com\/page\/2\/solicitud-de-incorporacion-al-nuevo-protocolo-sobre-violencia-de-genero\/","title":{"rendered":"SOLICITUD de incorporaci\u00f3n al nuevo Protocolo sobre Violencia de G\u00e9nero."},"content":{"rendered":"\n<p> NOTA DE PRENSA  del C\u00cdRCULO ARGENTINA Prov. , RED DE C\u00cdRCULOS PODEMOS AM\u00c9RICA. 20  de Diciembre del 2022<\/p>\n\n\n\n<p>En fechas pasadas por parte del se\u00f1or D. Xavier Mart\u00ed Mart\u00ed, Director General de espa\u00f1oles en el Exterior y de Asuntos Consulares se nos manifest\u00f3 que se est\u00e1 <strong>redactando un nuevo manifiesto sobre violencia de G\u00e9nero, tenemos constancia de que en dicho manifiesto esta trabajando varios Ministerios, como son:<\/strong><br><strong>Ministerio de Igualdad, Ministerio de Justicia,<\/strong> <strong>Ministerio de Exteriores, Ministerio de Trabajo.<\/strong><br>Este protocolo deber\u00e1 sustituir al ya existente ( Orden AUC\/154\/2022, de 21 de febrero, por<br>la que se regulan las ayudas de protecci\u00f3n y asistencia consulares en el extranjero prev\u00e9<br>tambi\u00e9n una ayuda espec\u00edfica destinada a los casos de violencia contra la mujer en el<br>exterior), en vigor y <strong>que no se est\u00e1 cumpliendo en muchos pa\u00edses sobre todo de<\/strong> <strong>Latinoam\u00e9rica.<\/strong><br>El Congreso espa\u00f1ol aprob\u00f3 definitivamente la <strong>Ley Org\u00e1nica de Garant\u00eda Integral de la<\/strong><br><strong>Libertad Sexual, conocida como \u201cSolo s\u00ed es s\u00ed\u201d,<\/strong> despu\u00e9s de un largo tr\u00e1mite que focaliz\u00f3 la atenci\u00f3n, entre otros temas, en la reforma del C\u00f3digo Penal , le acompa\u00f1an medidas de<br>prevenci\u00f3n, atenci\u00f3n y reparaci\u00f3n de las v\u00edctimas. Entre otras cosas, la norma aprobada prev\u00e9 que los delitos sexuales se lleven en juzgados especializados, incorpora un delito de acoso callejero y agrava la pena en los casos de sumisi\u00f3n qu\u00edmica.<br>En la misma l\u00ednea de la Comisi\u00f3n de la Mujer y Juventud del Consejo General de la<br>Ciudadan\u00eda Espa\u00f1ola en el Exterior y la mayor\u00eda de los CREs, desde Podemos Exterior,<br>consideramos que esta ley se tendr\u00eda que adaptar al Exterior.<\/p>\n\n\n\n<p>\u00ab<em>Puntos referenciales de la Ley Solo Si es Si en Espa\u00f1a:<\/em><br \/><em>.-Todo acto sin consentimiento ser\u00e1 agresi\u00f3n sexual.<\/em><br \/><em>.-La sumisi\u00f3n qu\u00edmica ser\u00e1 agravante.<\/em><br \/><em>.-El consentimiento.<\/em><br \/><em>.-Un delito de acoso callejero.<\/em><br \/><em>.-Juzgados especializados.<\/em><br \/><em>.-Centros 24 horas.<\/em><br \/><em>.-No har\u00e1 falta que las v\u00edctimas denuncien.<\/em><br \/><em>.-Paralizaci\u00f3n de expulsi\u00f3n con denuncia.<\/em><br \/><em>.-Feminicidio sexual.<\/em>                             <\/p>\n\n\n\n<p> .-<em>Ayudas para las v\u00edctimas. <\/em><br \/><em>.-Una ruta espec\u00edfica para menores. <\/em><br \/><em>.-El eje de la prevenci\u00f3n. <\/em><br \/><em>.-La financiaci\u00f3n del Pacto de Estado. <\/em><br \/><em>.-Los Puntos Violeta\u00bb. <\/em><\/p>\n\n\n\n<p><\/p>\n\n\n\n<figure class=\"wp-block-image size-large\"><img fetchpriority=\"high\" decoding=\"async\" width=\"903\" height=\"1045\" src=\"http:\/\/xn--tuvozdiasporaespaola-k7b.com\/wp-content\/uploads\/2022\/12\/screenshot_20221220-011447_google2529753321855114323.jpg?w=885\" alt=\"\" class=\"wp-image-880\" srcset=\"https:\/\/xn--tuvozdiasporaespaola-k7b.com\/wp-content\/uploads\/2022\/12\/screenshot_20221220-011447_google2529753321855114323.jpg 903w, https:\/\/xn--tuvozdiasporaespaola-k7b.com\/wp-content\/uploads\/2022\/12\/screenshot_20221220-011447_google2529753321855114323-259x300.jpg 259w, https:\/\/xn--tuvozdiasporaespaola-k7b.com\/wp-content\/uploads\/2022\/12\/screenshot_20221220-011447_google2529753321855114323-885x1024.jpg 885w, https:\/\/xn--tuvozdiasporaespaola-k7b.com\/wp-content\/uploads\/2022\/12\/screenshot_20221220-011447_google2529753321855114323-768x889.jpg 768w\" sizes=\"(max-width: 903px) 100vw, 903px\" \/><\/figure>\n\n\n\n<p>Por lo que <strong>solicitamos la inclusi\u00f3n de las siguientes propuestas<\/strong> <strong>para que las recepcione el Director General de espa\u00f1oles en el Exterior y de Asuntos Consulares y las mismas sean enviadas a trav\u00e9s de su departamento a los distintos Ministerios al objeto de incrementarlo<\/strong><br \/><strong>en este nuevo Protocolo de igual forma se lo hacemos llegar a Do\u00f1a Irene Montero del<\/strong> <strong>Ministerio de Igualdad<\/strong>.<br \/>Nuestro pleno compromiso para la igualdad de derechos y oportunidades entre hombres y<br \/>mujeres nos lleva a promover acciones destinadas a romper la brecha existente en la<br \/>actualidad, tales como:<br \/>.-Exigir a aquellas organizaciones que reciban dinero de la administraci\u00f3n p\u00fablica espa\u00f1ola<br \/>a tener en su junta directiva listas cremallera y mujeres en puestos de direcci\u00f3n y<br \/>presidencia que rompan con el fen\u00f3meno conocido como \u201ctecho de cristal\u201d, de igual<br \/>manera, fomentamos acciones y campa\u00f1as de sensibilizaci\u00f3n y formaci\u00f3n acerca de la<br \/>igualdad de g\u00e9nero en la colectividad espa\u00f1ola.<br \/>.-Impulsar propuestas que generen sensibilizaci\u00f3n, visibilizacion e integraci\u00f3n de los colectivos LGTBI en pos de la igualdad plena de derechos y oportunidades y la no<br \/>discriminaci\u00f3n por orientaci\u00f3n sexual.<\/p>\n\n\n\n<figure class=\"wp-block-image size-large\"><img decoding=\"async\" width=\"1280\" height=\"720\" src=\"http:\/\/xn--tuvozdiasporaespaola-k7b.com\/wp-content\/uploads\/2022\/12\/20220831120610221584126019358358480803.jpg?w=1024\" alt=\"\" class=\"wp-image-881\" srcset=\"https:\/\/xn--tuvozdiasporaespaola-k7b.com\/wp-content\/uploads\/2022\/12\/20220831120610221584126019358358480803.jpg 1280w, https:\/\/xn--tuvozdiasporaespaola-k7b.com\/wp-content\/uploads\/2022\/12\/20220831120610221584126019358358480803-300x169.jpg 300w, https:\/\/xn--tuvozdiasporaespaola-k7b.com\/wp-content\/uploads\/2022\/12\/20220831120610221584126019358358480803-1024x576.jpg 1024w, https:\/\/xn--tuvozdiasporaespaola-k7b.com\/wp-content\/uploads\/2022\/12\/20220831120610221584126019358358480803-768x432.jpg 768w\" sizes=\"(max-width: 1280px) 100vw, 1280px\" \/><figcaption class=\"wp-element-caption\">D. Xavier Mart\u00ed Mart\u00ed, Director General de espa\u00f1oles en el Exterior y de<br \/>Asuntos Consulares<\/figcaption><\/figure>\n\n\n\n<p>La creaci\u00f3n y refuerzo de programas de apoyo y que promuevan el asociativismo, cuya necesidad se acent\u00faa ante la falta de redes familiares en el colectivo migrante, haciendo especial \u00e9nfasis en las personas en situaci\u00f3n de violencia, mujeres v\u00edctimas de violencia de g\u00e9nero, personas mayores, personas en situaci\u00f3n de desempleo y otros coyunturales. Para ello exigimos mayores dotaciones de ayudas y subvenciones del Ministerio de Trabajo y Econom\u00eda social para las asociaciones y los programas sociales para espa\u00f1olas en el Exterior as\u00ed como casa de acogida de primera instancia en el Exterior y en su retorno a Espa\u00f1a.<\/p>\n\n\n\n<figure class=\"wp-block-image size-large\"><img decoding=\"async\" width=\"720\" height=\"480\" src=\"http:\/\/xn--tuvozdiasporaespaola-k7b.com\/wp-content\/uploads\/2022\/12\/photo_2020-12-21_10-44-595518341624523797209.jpg?w=720\" alt=\"\" class=\"wp-image-882\" srcset=\"https:\/\/xn--tuvozdiasporaespaola-k7b.com\/wp-content\/uploads\/2022\/12\/photo_2020-12-21_10-44-595518341624523797209.jpg 720w, https:\/\/xn--tuvozdiasporaespaola-k7b.com\/wp-content\/uploads\/2022\/12\/photo_2020-12-21_10-44-595518341624523797209-300x200.jpg 300w\" sizes=\"(max-width: 720px) 100vw, 720px\" \/><figcaption class=\"wp-element-caption\">Irene Montero , Ministra de Igualdad <\/figcaption><\/figure>\n\n\n\n<p><strong>En materia de Violencia de g\u00e9nero:<\/strong><br \/>.- Dotaci\u00f3n presupuestaria y de personal por parte de los ministerios implicados a tal efecto, ser\u00eda imprescindible tener una Consejer\u00eda de la Mujer, con personal cualificado.<br \/>.- Formaci\u00f3n del personal dedicado a la asistencia de violencia de g\u00e9nero y protecci\u00f3n a menores.<br \/>.-Bloqueo de visados para maltratadores que deseen ingresar a Espa\u00f1a.<br \/>.-Aplicaci\u00f3n de pol\u00edtica de retorno urgente para mujeres espa\u00f1olas maltratadas en el<br \/>Exterior.<br \/>.-Puntos Violeta de atenci\u00f3n en consulados, viceconsulados e instituciones de servicio<br \/>p\u00fablico espa\u00f1ol y organismos receptores de subvenciones as\u00ed como formaciones al<br \/>respecto del personal responsable de la secci\u00f3n en estos organismos.<br \/>.-Servicio de 24 horas de atenci\u00f3n telef\u00f3nica para malos tratos en el Exterior.<br \/>.- Ayuda psicol\u00f3gica y jur\u00eddica para afectadas ee violencia de G\u00e9nero.<br \/>.-Protecci\u00f3n a menores espa\u00f1oles, agilizando la documentaci\u00f3n o pasaporte ante denuncia<br \/>de acoso y malos tratos de cualquiera de los progenitores.<\/p>\n\n\n\n<p>.-Aplicaci\u00f3n de Retorno Urgente en caso de sufrir violencia de G\u00e9nero y cobertura integral  al regreso a Espa\u00f1a.<\/p>\n\n\n\n<p>Esperamos que se escuche la voz de la Di\u00e1spora en estos reclamos de los Movimientos Feministas Espa\u00f1oles en el Exterior.<br \/>GT de Feminismo del C\u00edrculo Podemos Argentina Provincias y Red de C\u00edrculos de<br \/>Podemos Am\u00e9rica.<\/p>\n","protected":false},"excerpt":{"rendered":"<p>NOTA DE PRENSA del C\u00cdRCULO ARGENTINA Prov. , RED DE C\u00cdRCULOS PODEMOS AM\u00c9RICA. 20 de Diciembre del 2022 En fechas pasadas por parte del &#8230; <\/p>\n<p class=\"read-more-container\"><a title=\"SOLICITUD de incorporaci\u00f3n al nuevo Protocolo sobre Violencia de G\u00e9nero.\" class=\"read-more button\" href=\"https:\/\/xn--tuvozdiasporaespaola-k7b.com\/page\/2\/solicitud-de-incorporacion-al-nuevo-protocolo-sobre-violencia-de-genero\/#more-883\" aria-label=\"M\u00e1s en SOLICITUD de incorporaci\u00f3n al nuevo Protocolo sobre Violencia de G\u00e9nero.\">Leer m\u00e1s<\/a><\/p>\n","protected":false},"author":222560522,"featured_media":0,"comment_status":"open","ping_status":"open","sticky":false,"template":"","format":"standard","meta":{"footnotes":""},"categories":[1771],"tags":[],"class_list":["post-883","post","type-post","status-publish","format-standard","hentry","category-sociales"],"_links":{"self":[{"href":"https:\/\/xn--tuvozdiasporaespaola-k7b.com\/page\/2\/wp-json\/wp\/v2\/posts\/883","targetHints":{"allow":["GET"]}}],"collection":[{"href":"https:\/\/xn--tuvozdiasporaespaola-k7b.com\/page\/2\/wp-json\/wp\/v2\/posts"}],"about":[{"href":"https:\/\/xn--tuvozdiasporaespaola-k7b.com\/page\/2\/wp-json\/wp\/v2\/types\/post"}],"author":[{"embeddable":true,"href":"https:\/\/xn--tuvozdiasporaespaola-k7b.com\/page\/2\/wp-json\/wp\/v2\/users\/222560522"}],"replies":[{"embeddable":true,"href":"https:\/\/xn--tuvozdiasporaespaola-k7b.com\/page\/2\/wp-json\/wp\/v2\/comments?post=883"}],"version-history":[{"count":0,"href":"https:\/\/xn--tuvozdiasporaespaola-k7b.com\/page\/2\/wp-json\/wp\/v2\/posts\/883\/revisions"}],"wp:attachment":[{"href":"https:\/\/xn--tuvozdiasporaespaola-k7b.com\/page\/2\/wp-json\/wp\/v2\/media?parent=883"}],"wp:term":[{"taxonomy":"category","embeddable":true,"href":"https:\/\/xn--tuvozdiasporaespaola-k7b.com\/page\/2\/wp-json\/wp\/v2\/categories?post=883"},{"taxonomy":"post_tag","embeddable":true,"href":"https:\/\/xn--tuvozdiasporaespaola-k7b.com\/page\/2\/wp-json\/wp\/v2\/tags?post=883"}],"curies":[{"name":"wp","href":"https:\/\/api.w.org\/{rel}","templated":true}]}}