{"id":857,"date":"2022-12-21T15:14:44","date_gmt":"2022-12-21T18:14:44","guid":{"rendered":"https:\/\/xn--tuvozdiasporaespaola-k7b.com\/?p=857"},"modified":"2022-12-21T15:15:08","modified_gmt":"2022-12-21T18:15:08","slug":"en-solidaridad-eeuu","status":"publish","type":"post","link":"https:\/\/xn--tuvozdiasporaespaola-k7b.com\/page\/2\/en-solidaridad-eeuu\/","title":{"rendered":"En solidaridad , EEUU."},"content":{"rendered":"\n<p>Saludos liminales en este pasado 20 de diciembre, el \u00faltimo d\u00eda del oto\u00f1o en el hemisferio norte. Tambi\u00e9n desconocido como el <a href=\"https:\/\/www.un.org\/es\/observances\/human-solidarity-day\">D\u00eda Internacional de la Solidaridad Humana<\/a> desde 2005, a\u00f1o en que la Asamblea General de la ONU decidi\u00f3 que hac\u00eda falta un d\u00eda especial para (cito textualmente de su p\u00e1gina web):<\/p>\n\n\n\n<p><br \/>.-Celebrar nuestra unidad en la diversidad;<br \/>.-Recordar a los gobiernos que deben respetar sus compromisos con los acuerdos internacionales; Sensibilizar al p\u00fablico sobre la importancia de la solidaridad; Fomentar el debate sobre las maneras de promover la solidaridad para el logro de los Objetivos de Desarrollo Sostenible, entre otros, el objetivo de poner fin a la pobreza; Y, finalmente, actuar y buscar nuevas iniciativas para la erradicaci\u00f3n de la pobreza.<\/p>\n\n\n\n<p>Como ya dijo Hamlet, muy perspicazmente, palabras, palabras, palabras. Reinterpretado en el siglo XXI por Greta Thunberg como bla bla bla.<\/p>\n\n\n\n<p>Pues, en este d\u00eda tan bien intencionado, que adem\u00e1s precede a unas fechas TAN entra\u00f1ables en gran parte del mundo cristiano, quiero hablaros de un dato que pone de relieve el esp\u00edritu que anima a mucha gente en mi pa\u00eds de adopci\u00f3n.<\/p>\n\n\n\n<figure class=\"wp-block-image size-large\"><img fetchpriority=\"high\" decoding=\"async\" width=\"1280\" height=\"960\" src=\"http:\/\/xn--tuvozdiasporaespaola-k7b.com\/wp-content\/uploads\/2022\/12\/img_20221221_123921_1582100468608252600646.jpg?w=1024\" alt=\"\" class=\"wp-image-858\" srcset=\"https:\/\/xn--tuvozdiasporaespaola-k7b.com\/wp-content\/uploads\/2022\/12\/img_20221221_123921_1582100468608252600646.jpg 1280w, https:\/\/xn--tuvozdiasporaespaola-k7b.com\/wp-content\/uploads\/2022\/12\/img_20221221_123921_1582100468608252600646-300x225.jpg 300w, https:\/\/xn--tuvozdiasporaespaola-k7b.com\/wp-content\/uploads\/2022\/12\/img_20221221_123921_1582100468608252600646-1024x768.jpg 1024w, https:\/\/xn--tuvozdiasporaespaola-k7b.com\/wp-content\/uploads\/2022\/12\/img_20221221_123921_1582100468608252600646-768x576.jpg 768w\" sizes=\"(max-width: 1280px) 100vw, 1280px\" \/><\/figure>\n\n\n\n<p>Y no es ni m\u00e1s ni menos que en EEUU hay m\u00e1s armas de fuego que personas, al menos 120 armas por cada 100 personas, seg\u00fan un <a href=\"https:\/\/edition.cnn.com\/2022\/06\/02\/us\/gun-ownership-numbers-us-cec\/index.html?utm_source=substack&amp;utm_medium=email\">reportaje de la CNN<\/a> que tiene en cuenta solo las armas registradas. Que, por supuesto, no son todas las que hay en circulaci\u00f3n porque en diferentes estados, con diferentes tipos de armas, no hace falta llevar registro de venta. Pero incluso con esta baja estimaci\u00f3n, se trata de la tasa m\u00e1s alta de todos los pa\u00edses del mundo, y el doble de la del segundo pa\u00eds en la lista, Yemen, que tiene 52 armas por cada 100 personas.&nbsp;<br \/>\u00bfA que esto os anima a venir a hacer turismo? Pues si ven\u00eds, podr\u00e9is conocer a muches estadounidenses que insisten en que el poseer armas es un derecho hist\u00f3rico garantizado por la Segunda Enmienda a la Constituci\u00f3n, lo cual es entre debatible, impreciso y enga\u00f1oso. Lo que dec\u00eda esta enmienda de 1791 (cuando hab\u00eda que volver a cargar <a href=\"https:\/\/www.washingtonpost.com\/news\/volokh-conspiracy\/wp\/2017\/04\/03\/firearms-technology-and-the-original-meaning-of-the-second-amendment\/\">la inmensa mayor\u00eda de escopetas y pistolas<\/a> despu\u00e9s de cada disparo) es que (cito) \u201cSiendo necesaria una milicia bien organizada para la seguridad de un Estado libre, el derecho del Pueblo a poseer y portar armas no ser\u00e1 infringido.\u201d Es dif\u00edcil saber qu\u00e9 exactamente ten\u00edan en mente los legisladores que urdieron esta ley, pero es muy posible que est\u00e9 relacionado con la idea de defender como naci\u00f3n su reci\u00e9n ganada independencia del Imperio Brit\u00e1nico contra cualquier fuerza que intentara subyugarla. De hecho, hasta 1959, todos los art\u00edculos que se refer\u00edan a la Segunda Enmienda dejaban claro que el derecho no era individual y no daba, como asumen les defensores a ultranza de las armas actuales, la libertad de poseer arsenales propios para volarle los sesos a quien te mire mal, o haga jogging en un barrio rico no siendo de raza blanca, o ponga el pie en tu jard\u00edn, o vaya al colegio o a un supermercado un d\u00eda que te has levantado del pie equivocado\u2026<\/p>\n\n\n\n<figure class=\"wp-block-image size-large\"><img decoding=\"async\" width=\"1280\" height=\"960\" src=\"http:\/\/xn--tuvozdiasporaespaola-k7b.com\/wp-content\/uploads\/2022\/12\/img_20221221_123910_6371626694578472737222.jpg?w=1024\" alt=\"\" class=\"wp-image-859\" srcset=\"https:\/\/xn--tuvozdiasporaespaola-k7b.com\/wp-content\/uploads\/2022\/12\/img_20221221_123910_6371626694578472737222.jpg 1280w, https:\/\/xn--tuvozdiasporaespaola-k7b.com\/wp-content\/uploads\/2022\/12\/img_20221221_123910_6371626694578472737222-300x225.jpg 300w, https:\/\/xn--tuvozdiasporaespaola-k7b.com\/wp-content\/uploads\/2022\/12\/img_20221221_123910_6371626694578472737222-1024x768.jpg 1024w, https:\/\/xn--tuvozdiasporaespaola-k7b.com\/wp-content\/uploads\/2022\/12\/img_20221221_123910_6371626694578472737222-768x576.jpg 768w\" sizes=\"(max-width: 1280px) 100vw, 1280px\" \/><\/figure>\n\n\n\n<p>En realidad, el mito del cowboy individualista que necesita proteger su libertad, su independencia y sus armas por encima de todo se forj\u00f3, como tantos otros males que nos afligen ahora, en el partido Republicano del presidente vaquero Ronald Reagan. (Ah, y hago aqu\u00ed un inciso para aclarar que no se pronuncia \u201crigan\u201d, sino \u201cregan\u201d. Bueno, Reagan, con el acentazo.)<\/p>\n\n\n\n<p>\u00bfY qu\u00e9 buscaban estos tipos duros? \u00bfSe os pasa algo por la mente? Si hab\u00e9is pensado \u201cacabar con el socialismo de los programas de posguerra del New Deal, que amenazaban la supremac\u00eda blanca\u201d, enhorabuena &#8211; hab\u00e9is dado en la diana.<\/p>\n\n\n\n<figure class=\"wp-block-image size-large\"><img decoding=\"async\" width=\"1280\" height=\"960\" src=\"http:\/\/xn--tuvozdiasporaespaola-k7b.com\/wp-content\/uploads\/2022\/12\/img_20221221_123852_3312320288380730178929.jpg?w=1024\" alt=\"\" class=\"wp-image-860\" srcset=\"https:\/\/xn--tuvozdiasporaespaola-k7b.com\/wp-content\/uploads\/2022\/12\/img_20221221_123852_3312320288380730178929.jpg 1280w, https:\/\/xn--tuvozdiasporaespaola-k7b.com\/wp-content\/uploads\/2022\/12\/img_20221221_123852_3312320288380730178929-300x225.jpg 300w, https:\/\/xn--tuvozdiasporaespaola-k7b.com\/wp-content\/uploads\/2022\/12\/img_20221221_123852_3312320288380730178929-1024x768.jpg 1024w, https:\/\/xn--tuvozdiasporaespaola-k7b.com\/wp-content\/uploads\/2022\/12\/img_20221221_123852_3312320288380730178929-768x576.jpg 768w\" sizes=\"(max-width: 1280px) 100vw, 1280px\" \/><\/figure>\n\n\n\n<p>Hasta 1977, la Asociaci\u00f3n Nacional del Rifle (NRA) abogaba mayormente por el control de las armas de fuego, que se conceb\u00edan sobre todo como equipo deportivo para la caza. Pero un sector ambicioso de la organizaci\u00f3n decidi\u00f3 entrar en pol\u00edtica, apoyando la campa\u00f1a de Reagan y buscando la desregulaci\u00f3n. Y de aquellos barros, estos lodos. Hoy la NRA, financiada por la industria manufacturera de armas, es uno de los 3 lobbies m\u00e1s ricos y poderosos en Washington y destina 99% de su dinero a candidates del partido Republicano. Gracias a su influencia, en 2008 el Tribunal Supremo decidi\u00f3 que la Segunda Enmienda protege los derechos individuales, y desde entonces ha financiado exitosas campa\u00f1as a todos los niveles del gobierno (local, estatal y federal) para eliminar cualquier tipo de restricci\u00f3n, la m\u00e1s reciente este verano en el estado de Nueva York.<\/p>\n\n\n\n<figure class=\"wp-block-image size-large\"><img loading=\"lazy\" decoding=\"async\" width=\"1280\" height=\"960\" src=\"http:\/\/xn--tuvozdiasporaespaola-k7b.com\/wp-content\/uploads\/2022\/12\/img_20221221_123938_9423900249733682065628.jpg?w=1024\" alt=\"\" class=\"wp-image-861\" srcset=\"https:\/\/xn--tuvozdiasporaespaola-k7b.com\/wp-content\/uploads\/2022\/12\/img_20221221_123938_9423900249733682065628.jpg 1280w, https:\/\/xn--tuvozdiasporaespaola-k7b.com\/wp-content\/uploads\/2022\/12\/img_20221221_123938_9423900249733682065628-300x225.jpg 300w, https:\/\/xn--tuvozdiasporaespaola-k7b.com\/wp-content\/uploads\/2022\/12\/img_20221221_123938_9423900249733682065628-1024x768.jpg 1024w, https:\/\/xn--tuvozdiasporaespaola-k7b.com\/wp-content\/uploads\/2022\/12\/img_20221221_123938_9423900249733682065628-768x576.jpg 768w\" sizes=\"(max-width: 1280px) 100vw, 1280px\" \/><\/figure>\n\n\n\n<p>Y, sin embargo, el porcentaje de la poblaci\u00f3n que posee armas de fuego ha ido disminuyendo lentamente desde la d\u00e9cada de los 70. Seg\u00fan un estudio del Centro de Investigaci\u00f3n Pew, en 2017 solo un 3% de la poblaci\u00f3n era due\u00f1a del 50% del total de armas registrado. Y quienes tienen armas suelen responder a un perfil muy claro: hombres blancos que residen en zonas rurales y se identifican como Republicanos. Para las personas a quienes les gustan los n\u00fameros aqu\u00ed van algunos datos del estudio mencionado:&nbsp;<\/p>\n\n\n\n<ul class=\"wp-block-list\">\n<li>59% de hombres blancos dijeron tener armas, frente al 24% de mujeres blancas y el 24% de hombres no blancos.&nbsp;<\/li>\n\n\n\n<li>Quienes menos armas pose\u00edan eran las mujeres de color, un 16%.&nbsp;<\/li>\n\n\n\n<li>Un 44% de quienes dec\u00edan pertenecer al partido Republicano ten\u00edan armas, frente al 20% de Dem\u00f3cratas.<\/li>\n\n\n\n<li>Un 46% de la poblaci\u00f3n rural ten\u00eda armas, frente a un 28% de habitantes de \u00e1reas en la periferia de ciudades y un 19% de urbanitas.<\/li>\n\n\n\n<li>Y mientras que 16% de personas que viven en estados del Noreste (Nueva Inglaterra) dec\u00edan tener armas, en el sur, medio oeste y oeste la cifra sube al 30%.<\/li>\n<\/ul>\n\n\n\n<p>Finalmente, os doy otro dato de este a\u00f1o sobre los motivos que alegan quienes dicen poseer armas: un 56% es para la caza; un 70% para hacer tiro al blanco\/plato, etc.; y un 88%, para protegerse. A pesar de que much\u00edsimas armas del arsenal actual no fueron dise\u00f1adas para la caza, el deporte o la defensa, sino m\u00e1s bien para la aniquilaci\u00f3n instant\u00e1nea de masas.<\/p>\n\n\n\n<figure class=\"wp-block-image size-large\"><img loading=\"lazy\" decoding=\"async\" width=\"960\" height=\"1280\" src=\"http:\/\/xn--tuvozdiasporaespaola-k7b.com\/wp-content\/uploads\/2022\/12\/img_20221221_123951_831759747180823081668.jpg?w=768\" alt=\"\" class=\"wp-image-862\" srcset=\"https:\/\/xn--tuvozdiasporaespaola-k7b.com\/wp-content\/uploads\/2022\/12\/img_20221221_123951_831759747180823081668.jpg 960w, https:\/\/xn--tuvozdiasporaespaola-k7b.com\/wp-content\/uploads\/2022\/12\/img_20221221_123951_831759747180823081668-225x300.jpg 225w, https:\/\/xn--tuvozdiasporaespaola-k7b.com\/wp-content\/uploads\/2022\/12\/img_20221221_123951_831759747180823081668-768x1024.jpg 768w\" sizes=\"(max-width: 960px) 100vw, 960px\" \/><\/figure>\n\n\n\n<p>Si, en estos tiempos de polarizaci\u00f3n y violencia pol\u00edtica, el riesgo de un conflicto civil armado es alto en pa\u00edses que controlan y proh\u00edben las armas, os pod\u00e9is imaginar la angustia de quienes vivimos en EEUU y no compartimos esta visi\u00f3n del mundo.<\/p>\n\n\n\n<p>Cierro la columna de hoy volviendo al principio, para contaros que casi nadie en este pa\u00eds sabe c\u00f3mo traducir el adjetivo \u201csolidario\u201d a ingl\u00e9s. Todo el mundo conoce el sustantivo, \u201csolidarity\u201d, pero preguntadle a la gente qu\u00e9 significa \u201csolidary\u201d. Seg\u00fan mis exhaustivas investigaciones informales entre amigues y allegades, el 100% de encuestades no ha o\u00eddo esta palabra antes y piensan que lo que quiero decir es \u201csolitary\u201d \u2013 \u201csolitario\u201d. Pero no se\u00e1is malpensades y saqu\u00e9is conclusiones err\u00f3neas, que esto no revela nada de la psique de les estadounidenses.&nbsp;<\/p>\n\n\n\n<p>Y ya sin m\u00e1s os deseo \u00a1un feliz d\u00eda de la solidaridad humana!<\/p>\n\n\n\n<p>Celeste Delgado Librero , Redacci\u00f3n de Revista TU VOZ,  Delegaci\u00f3n EEUU- Canad\u00e1. <\/p>\n","protected":false},"excerpt":{"rendered":"<p>Saludos liminales en este pasado 20 de diciembre, el \u00faltimo d\u00eda del oto\u00f1o en el hemisferio norte. Tambi\u00e9n desconocido como el D\u00eda Internacional de &#8230; <\/p>\n<p class=\"read-more-container\"><a title=\"En solidaridad , EEUU.\" class=\"read-more button\" href=\"https:\/\/xn--tuvozdiasporaespaola-k7b.com\/page\/2\/en-solidaridad-eeuu\/#more-857\" aria-label=\"M\u00e1s en En solidaridad , EEUU.\">Leer m\u00e1s<\/a><\/p>\n","protected":false},"author":222560522,"featured_media":0,"comment_status":"open","ping_status":"open","sticky":false,"template":"","format":"standard","meta":{"footnotes":""},"categories":[1771],"tags":[],"class_list":["post-857","post","type-post","status-publish","format-standard","hentry","category-sociales"],"_links":{"self":[{"href":"https:\/\/xn--tuvozdiasporaespaola-k7b.com\/page\/2\/wp-json\/wp\/v2\/posts\/857","targetHints":{"allow":["GET"]}}],"collection":[{"href":"https:\/\/xn--tuvozdiasporaespaola-k7b.com\/page\/2\/wp-json\/wp\/v2\/posts"}],"about":[{"href":"https:\/\/xn--tuvozdiasporaespaola-k7b.com\/page\/2\/wp-json\/wp\/v2\/types\/post"}],"author":[{"embeddable":true,"href":"https:\/\/xn--tuvozdiasporaespaola-k7b.com\/page\/2\/wp-json\/wp\/v2\/users\/222560522"}],"replies":[{"embeddable":true,"href":"https:\/\/xn--tuvozdiasporaespaola-k7b.com\/page\/2\/wp-json\/wp\/v2\/comments?post=857"}],"version-history":[{"count":0,"href":"https:\/\/xn--tuvozdiasporaespaola-k7b.com\/page\/2\/wp-json\/wp\/v2\/posts\/857\/revisions"}],"wp:attachment":[{"href":"https:\/\/xn--tuvozdiasporaespaola-k7b.com\/page\/2\/wp-json\/wp\/v2\/media?parent=857"}],"wp:term":[{"taxonomy":"category","embeddable":true,"href":"https:\/\/xn--tuvozdiasporaespaola-k7b.com\/page\/2\/wp-json\/wp\/v2\/categories?post=857"},{"taxonomy":"post_tag","embeddable":true,"href":"https:\/\/xn--tuvozdiasporaespaola-k7b.com\/page\/2\/wp-json\/wp\/v2\/tags?post=857"}],"curies":[{"name":"wp","href":"https:\/\/api.w.org\/{rel}","templated":true}]}}