{"id":8450,"date":"2025-05-22T12:54:20","date_gmt":"2025-05-22T15:54:20","guid":{"rendered":"https:\/\/xn--tuvozdiasporaespaola-k7b.com\/page\/2\/?p=8450"},"modified":"2025-05-22T12:58:25","modified_gmt":"2025-05-22T15:58:25","slug":"el-desencuentro-entre-donald-trump-y-el-mandatario-sudafricano","status":"publish","type":"post","link":"https:\/\/xn--tuvozdiasporaespaola-k7b.com\/page\/2\/el-desencuentro-entre-donald-trump-y-el-mandatario-sudafricano\/","title":{"rendered":"El desencuentro entre Donald Trump y el mandatario sudafricano."},"content":{"rendered":"\n<p>Por Jes\u00fas Rivero,  Redacci\u00f3n revista TU VOZ,  Rosario, Argentina. <\/p>\n\n\n\n<p>El presidente de Estados Unidos, Donald Trump, increp\u00f3 a su hom\u00f3logo sudafricano, Cyril Ramaphosa, durante su visita a Washington (Casa Blanca). Las acusaciones dirigidas del presidente Donald Trump hacia el presidente sudafricano Cyril Ramaphosa son por asesinatos en masa y confiscaci\u00f3n de tierras.<\/p>\n\n\n\n<p>Ramaphosa lleg\u00f3 el mi\u00e9rcoles 21 de mayo a Washington, con la intenci\u00f3n de negociar sobre comercio y minerales cr\u00edticos, la conversaci\u00f3n tuvo comienzo cordial cuando dialogaron sobre golf. Los campeones de golf sudafricanos Ernie Els  y Retief Goosen estuvieron presentes cono parte de la delegaci\u00f3n de la naci\u00f3n africana.<\/p>\n\n\n\n<p>Pero el di\u00e1logo se tenso cuando Trump reproducio un v\u00eddeo de u pol\u00edtico de izquierda cantando la canci\u00f3n \u201cmaten al granjero\u00bb. Tambi\u00e9n ojeo art\u00edculos de noticias para hacer hincapi\u00e9 y afirmando que los granjeros blancos del pa\u00eds hab enfrentado muertes horribles. Al tiempo insist\u00eda que se estaba produciendo un genocidio en Sud\u00e1frica. <\/p>\n\n\n\n<p>Toda una pol\u00edtica racista del presidente estadounidense. No nos olvidemos que el sudafricano Elon Musk ejerce como administrador del Departamento de Eficiencia Gubernamental de la Casa Blanca.El v\u00eddeo mostrado por Trump mostraba cruces blancas que seg\u00fan \u00e9l, eran las tumbas de miles de personas blancas, y l\u00edderes de la oposici\u00f3n pronunciando discursos incendiarios. Trump sugiri\u00f3 que uno de ellos, Julius Malema, deber\u00eda ser arrestado.<\/p>\n\n\n\n<p>Sud\u00e1frica es enf\u00e1tica al rechazar la afirmaci\u00f3n de que la poblaci\u00f3n blanca es desproporcionadamente m\u00e1s afectada por la delincuencia. Las tasas de asesinato son altas en todo el pa\u00eds, pero la mayor\u00eda de las v\u00edctimas son negras.Trump ya hab\u00eda cortado toda ayuda estadounidense a Pretoria y hab\u00eda dado la bienvenida en Estados Unidos a varios decenas de \u201cgranjeros\u00bb de la minor\u00eda blanca del pa\u00eds africano, como refugiados mientras insist\u00eda en que se estaba produciendo un genocidio.<\/p>\n\n\n\n<p>Los expertos en Sud\u00e1frica subrayan que no hay evidencia de que los blancos sean el objetivo espec\u00edfico de cr\u00edmenes aunque los agricultores de todas las razas son v\u00edctimas de invasiones violentas en sus hogares en un pa\u00eds que sufre una tasa de criminalidad muy alta.<\/p>\n\n\n\n<figure class=\"wp-block-image size-large\"><img fetchpriority=\"high\" decoding=\"async\" width=\"1024\" height=\"461\" src=\"https:\/\/xn--tuvozdiasporaespaola-k7b.com\/wp-content\/uploads\/2025\/05\/1000244711-1024x461.jpg\" alt=\"\" class=\"wp-image-8454\" srcset=\"https:\/\/xn--tuvozdiasporaespaola-k7b.com\/wp-content\/uploads\/2025\/05\/1000244711-1024x461.jpg 1024w, https:\/\/xn--tuvozdiasporaespaola-k7b.com\/wp-content\/uploads\/2025\/05\/1000244711-300x135.jpg 300w, https:\/\/xn--tuvozdiasporaespaola-k7b.com\/wp-content\/uploads\/2025\/05\/1000244711-768x346.jpg 768w, https:\/\/xn--tuvozdiasporaespaola-k7b.com\/wp-content\/uploads\/2025\/05\/1000244711.jpg 1080w\" sizes=\"(max-width: 1024px) 100vw, 1024px\" \/><\/figure>\n\n\n\n<p>Ramaphosa respondi\u00f3 a la acusaci\u00f3n de Trump, se\u00f1alando que quer\u00eda aprovechar la reuni\u00f3n para aclarar las cosas y salvar la relaci\u00f3n de su pa\u00eds con  Estados Unidos.\u201cNos ponemos a eso\u00bb se\u00f1al\u00f3, Cyril.  Por \u00faltimo afirm\u00f3 \u201cesa no es la pol\u00edtica de nuestra Administraci\u00f3n y que nuestra pol\u00edtica de Gobierno es contraria a lo que Trump dice\u00bb.<\/p>\n\n\n\n<p>La relaci\u00f3n bilateral esta en su punto m\u00e1s cr\u00edtico desde que Sud\u00e1frica impuso su sistema de segregaci\u00f3n racial de apartheid, que termin\u00f3 en 1994.Ramaphosa se\u00f1al\u00f3 que si bien hay delitos en Sud\u00e1frica la mayor\u00eda de las v\u00edctimas son negras.Estados Unidos es el segundo socio comercial bilateral m\u00e1s importante de Sud\u00e1frica, luego de China. <\/p>\n\n\n\n<p>Pero el pa\u00eds enfrenta un arancel del 30% bajo el r\u00e9gimen del \u201cD\u00eda de la Liberaci\u00f3n\u201d de Trump, actualmente suspendido, y Ramaphosa hab\u00eda llegado a Washington interesado en discutir un acuerdo comercial y oportunidades de negocia9s, lo que s3 vio abruptamente dejado en segundo plano ante la avalancha de acusaciones de Donald Trump.<\/p>\n\n\n\n<figure class=\"wp-block-image size-full\"><img decoding=\"async\" width=\"992\" height=\"661\" src=\"https:\/\/xn--tuvozdiasporaespaola-k7b.com\/wp-content\/uploads\/2025\/05\/1000244709.jpg\" alt=\"\" class=\"wp-image-8451\" srcset=\"https:\/\/xn--tuvozdiasporaespaola-k7b.com\/wp-content\/uploads\/2025\/05\/1000244709.jpg 992w, https:\/\/xn--tuvozdiasporaespaola-k7b.com\/wp-content\/uploads\/2025\/05\/1000244709-300x200.jpg 300w, https:\/\/xn--tuvozdiasporaespaola-k7b.com\/wp-content\/uploads\/2025\/05\/1000244709-768x512.jpg 768w\" sizes=\"(max-width: 992px) 100vw, 992px\" \/><figcaption class=\"wp-element-caption\">El presidente de EE. UU., Donald Trump, muestra supuestos informes noticiosos mientras se re\u00fane con el presidente de Sud\u00e1frica, Cyril Ramaphosa, en la Oficina Oval de la Casa Blanca en Washington, D.C., EE. UU., el 21 de mayo de 2025. (REUTERS\/Kevin Lamarque)<\/figcaption><\/figure>\n","protected":false},"excerpt":{"rendered":"<p>Por Jes\u00fas Rivero, Redacci\u00f3n revista TU VOZ, Rosario, Argentina. El presidente de Estados Unidos, Donald Trump, increp\u00f3 a su hom\u00f3logo sudafricano, Cyril Ramaphosa, durante &#8230; <\/p>\n<p class=\"read-more-container\"><a title=\"El desencuentro entre Donald Trump y el mandatario sudafricano.\" class=\"read-more button\" href=\"https:\/\/xn--tuvozdiasporaespaola-k7b.com\/page\/2\/el-desencuentro-entre-donald-trump-y-el-mandatario-sudafricano\/#more-8450\" aria-label=\"M\u00e1s en El desencuentro entre Donald Trump y el mandatario sudafricano.\">Leer m\u00e1s<\/a><\/p>\n","protected":false},"author":222560522,"featured_media":8452,"comment_status":"open","ping_status":"open","sticky":false,"template":"","format":"standard","meta":{"footnotes":""},"categories":[121869],"tags":[],"class_list":["post-8450","post","type-post","status-publish","format-standard","has-post-thumbnail","hentry","category-internaciones","resize-featured-image"],"_links":{"self":[{"href":"https:\/\/xn--tuvozdiasporaespaola-k7b.com\/page\/2\/wp-json\/wp\/v2\/posts\/8450","targetHints":{"allow":["GET"]}}],"collection":[{"href":"https:\/\/xn--tuvozdiasporaespaola-k7b.com\/page\/2\/wp-json\/wp\/v2\/posts"}],"about":[{"href":"https:\/\/xn--tuvozdiasporaespaola-k7b.com\/page\/2\/wp-json\/wp\/v2\/types\/post"}],"author":[{"embeddable":true,"href":"https:\/\/xn--tuvozdiasporaespaola-k7b.com\/page\/2\/wp-json\/wp\/v2\/users\/222560522"}],"replies":[{"embeddable":true,"href":"https:\/\/xn--tuvozdiasporaespaola-k7b.com\/page\/2\/wp-json\/wp\/v2\/comments?post=8450"}],"version-history":[{"count":2,"href":"https:\/\/xn--tuvozdiasporaespaola-k7b.com\/page\/2\/wp-json\/wp\/v2\/posts\/8450\/revisions"}],"predecessor-version":[{"id":8455,"href":"https:\/\/xn--tuvozdiasporaespaola-k7b.com\/page\/2\/wp-json\/wp\/v2\/posts\/8450\/revisions\/8455"}],"wp:featuredmedia":[{"embeddable":true,"href":"https:\/\/xn--tuvozdiasporaespaola-k7b.com\/page\/2\/wp-json\/wp\/v2\/media\/8452"}],"wp:attachment":[{"href":"https:\/\/xn--tuvozdiasporaespaola-k7b.com\/page\/2\/wp-json\/wp\/v2\/media?parent=8450"}],"wp:term":[{"taxonomy":"category","embeddable":true,"href":"https:\/\/xn--tuvozdiasporaespaola-k7b.com\/page\/2\/wp-json\/wp\/v2\/categories?post=8450"},{"taxonomy":"post_tag","embeddable":true,"href":"https:\/\/xn--tuvozdiasporaespaola-k7b.com\/page\/2\/wp-json\/wp\/v2\/tags?post=8450"}],"curies":[{"name":"wp","href":"https:\/\/api.w.org\/{rel}","templated":true}]}}