{"id":8436,"date":"2025-05-23T18:12:23","date_gmt":"2025-05-23T21:12:23","guid":{"rendered":"https:\/\/xn--tuvozdiasporaespaola-k7b.com\/page\/2\/?p=8436"},"modified":"2025-05-23T18:12:24","modified_gmt":"2025-05-23T21:12:24","slug":"esperabamos-un-avance-un-poco-mas-rapido-en-politicas-publicasmexico","status":"publish","type":"post","link":"https:\/\/xn--tuvozdiasporaespaola-k7b.com\/page\/2\/esperabamos-un-avance-un-poco-mas-rapido-en-politicas-publicasmexico\/","title":{"rendered":"\u201cEsper\u00e1bamos un avance un poco m\u00e1s r\u00e1pido en pol\u00edticas p\u00fablicas\u201dM\u00e9xico"},"content":{"rendered":"\n<p>Por Walter C. Medina<\/p>\n\n\n\n<p>ENTREVISTA A ISABEL SEGOVIA   <\/p>\n\n\n\n<p>Desde M\u00e9xico, la Secretaria General de la Juventud del Partido Comunista Mexicano, activista de la Educaci\u00f3n de los Derechos de la Mujer y la Organizaci\u00f3n Juvenil, Isabel Segovia, dialog\u00f3 con Noelia Morinigo durante el programa \u201cCenizas de Babilonia. Di\u00e1spora Espa\u00f1ola\u201d que emite AM830 Radio del Pueblo.<\/p>\n\n\n\n<p> <strong>Las violencias estructurales que persisten y se agravan, especialmente hacia las mujeres, las infancias y las defensoras del territorio, en un contexto donde la represi\u00f3n, el despojo y la precariedad que afectan con fuerza a los sectores m\u00e1s vulnerables, fueron algunos de los ejes sobre los que gir\u00f3 la entrevista. <\/strong><\/p>\n\n\n\n<p><strong>\u00bfQu\u00e9 lugar ocupan los derechos de las mujeres en la agenda p\u00fablica, y qui\u00e9nes est\u00e1n pagando el costo de las decisiones pol\u00edticas actuales, en especial en el derecho laboral y educacional?<\/strong><\/p>\n\n\n\n<p>Ahora est\u00e1 muy interesante la situaci\u00f3n. En el caso espec\u00edfico de la mujer no se ha visto el avance que esper\u00e1bamos. Llevamos ya nueve meses con esta nueva administraci\u00f3n, lo que se denomina el segundo piso de la 4T. Esper\u00e1bamos un avance un poco m\u00e1s r\u00e1pido, m\u00e1s conciso en cuanto a la pol\u00edtica p\u00fablica, pero la mayor parte de las cosas se han mantenido detenidas. <\/p>\n\n\n\n<figure class=\"wp-block-image size-large\"><img fetchpriority=\"high\" decoding=\"async\" width=\"991\" height=\"1024\" src=\"https:\/\/xn--tuvozdiasporaespaola-k7b.com\/wp-content\/uploads\/2025\/05\/1000246600-991x1024.jpg\" alt=\"\" class=\"wp-image-8462\" srcset=\"https:\/\/xn--tuvozdiasporaespaola-k7b.com\/wp-content\/uploads\/2025\/05\/1000246600-991x1024.jpg 991w, https:\/\/xn--tuvozdiasporaespaola-k7b.com\/wp-content\/uploads\/2025\/05\/1000246600-290x300.jpg 290w, https:\/\/xn--tuvozdiasporaespaola-k7b.com\/wp-content\/uploads\/2025\/05\/1000246600-768x794.jpg 768w, https:\/\/xn--tuvozdiasporaespaola-k7b.com\/wp-content\/uploads\/2025\/05\/1000246600.jpg 1080w\" sizes=\"(max-width: 991px) 100vw, 991px\" \/><figcaption class=\"wp-element-caption\">ISABEL SEGOVIA<\/figcaption><\/figure>\n\n\n\n<p>Entre el tema de las votaciones en el Congreso y otros asuntos ha paralizado el avance de las pol\u00edticas p\u00fablicas. La realidad es que se esperaba un poco m\u00e1s de legislaci\u00f3n. Ha habido algunas cuestiones que han pasado pero que en la realidad, en la implementaci\u00f3n, no se va a ver consolidada este a\u00f1o, sino a lo mejor el siguiente o un poco m\u00e1s adelante; todav\u00eda faltan algunos temas de consenso y de reuniones de pl\u00e1ticas con el sector privado para la reforma de la Ley del Trabajo, entonces va a ser una situaci\u00f3n bastante interesante. <\/p>\n\n\n\n<p>De hecho una de las cosas es que el d\u00eda de hoy se est\u00e1n haciendo los preparativos porque el 15 estalla la huelga nacional del sector de maestros y trabajadores de la educaci\u00f3n aqu\u00ed en M\u00e9xico. Esto nos va a dar un term\u00f3metro de cu\u00e1l va a ser la pol\u00edtica que se va a poder implementar en esta administraci\u00f3n, tanto en el tema de la educaci\u00f3n como en el de las reformas laborales; y el panorama de cu\u00e1l va a ser el tratamiento que se le va a dar a las organizaciones sociales. <\/p>\n\n\n\n<p>Es la segunda huelga hacia un gobierno que se supone que viene implementando cambios a algunas cuestiones educativas, porque se ha mencionado que la educaci\u00f3n es el coraz\u00f3n de todas estas administraciones y que vamos a tener una claridad muy grande a partir de esta huelga para saber cu\u00e1les van a ser las pol\u00edticas que se van a implementar a trav\u00e9s de la negociaci\u00f3n o de pol\u00edticas que se implemente mediante consensos, o si va a ser \u00fanicamente unilateral y se va a dejar todo como est\u00e1.<\/p>\n\n\n\n<p><strong>\u00bfQu\u00e9 pol\u00edticas har\u00edan falta para garantizar condiciones laborales justas y equitativas?<\/strong><\/p>\n\n\n\n<p>Hay una situaci\u00f3n bastante preocupante en estos momentos. En el caso espec\u00edfico del sector privado hay dos posibilidades. O eres un trabajador con tus garant\u00edas y derechos laborales, o eres un trabajador por outsoucing. Sin embargo en el sector p\u00fablico hay una variedad mucho m\u00e1s grande. Una de las grandes cosas que tiene la 4T es la regulaci\u00f3n de los contratos y una m\u00e1s que se agrega durante este a\u00f1o que son la incorporaci\u00f3n de algunos programas sociales, que son los beneficiarios de programas sociales que terminan trabajando de una forma un poco inestable para las estructuras de gobierno porque se les considera como becarios que a su vez tienen una responsabilidad laboral, pero no tienen ning\u00fan derecho laboral ni c\u00f3mo comprobar una relaci\u00f3n laboral con el gobierno. <\/p>\n\n\n\n<figure class=\"wp-block-image size-large\"><img decoding=\"async\" width=\"1024\" height=\"721\" src=\"https:\/\/xn--tuvozdiasporaespaola-k7b.com\/wp-content\/uploads\/2025\/05\/1000245650-1024x721.jpg\" alt=\"\" class=\"wp-image-8460\" srcset=\"https:\/\/xn--tuvozdiasporaespaola-k7b.com\/wp-content\/uploads\/2025\/05\/1000245650-1024x721.jpg 1024w, https:\/\/xn--tuvozdiasporaespaola-k7b.com\/wp-content\/uploads\/2025\/05\/1000245650-300x211.jpg 300w, https:\/\/xn--tuvozdiasporaespaola-k7b.com\/wp-content\/uploads\/2025\/05\/1000245650-768x540.jpg 768w, https:\/\/xn--tuvozdiasporaespaola-k7b.com\/wp-content\/uploads\/2025\/05\/1000245650.jpg 1080w\" sizes=\"(max-width: 1024px) 100vw, 1024px\" \/><\/figure>\n\n\n\n<p>Va a haber una cuesti\u00f3n interesante de c\u00f3mo se va a poder legislar para que este tipo de figuras puedan tener una garant\u00eda y un respeto a las condiciones de trabajo. En algunos casos son bastante lamentables las condiciones en las que e enfrentan los compa\u00f1eros trabajando en distintos espacios, ya sea en territorio o trabajando en oficinas de gobierno.<\/p>\n\n\n\n<p><strong>\u00bfHay sectores m\u00e1s afectados que otros?<\/strong><\/p>\n\n\n\n<p>Bastante. Un ejemplo muy claro ha sido uno de los programas estrella que se implement\u00f3 en la administraci\u00f3n pasada que fue el tema de los pilares, en donde hay dos estructuras muy grandes que son los l\u00edderes coordinadores de proyecto que son gente con mayor estabilidad, que tienen sus derechos m\u00e1s establecidos; y est\u00e1n los beneficiarios de programas que son los talleristas, las personas que se encargan de atender como docentes a las personas que acuden a estos centros para recibir educaci\u00f3n o alg\u00fan taller u oficios, que tienen un horario abierto y pueden trabajar de lunes a domingos sin parar o que cubren jornadas de vacunaci\u00f3n o emergencias de alg\u00fan siniestro. <\/p>\n\n\n\n<p>Tienen una flexibilidad que puede ser bastante impresionante porque terminan a veces cubriendo jornadas de m\u00e1s de doce horas de trabajo. En algunos casos nos ha tocado ver lo que son las figuras de las empresas de limpieza. Ellos est\u00e1n contratados completamente bajo outsorcing, que es una figura agresiva con los trabajadores porque hay empresas que est\u00e1n trabajando durante un tiempo para el sector privado o de gobierno y al siguiente a\u00f1os desaparece la raz\u00f3n social y se van sin dejar ninguna huella, no reportan al fisco, evaden los impuestos; y a los trabajadores le ha tocado ver que ciertas empresas un mes pagan y al otro mes no, y eso va generando un deterioro en las condiciones de estas familias que dependen de estos sustentos.<\/p>\n\n\n\n<p><strong>Te defin\u00eds como marxista y habl\u00e1s de una obligaci\u00f3n hist\u00f3rica como militante marxista. \u00bfC\u00f3mo se organiza este movimiento en M\u00e9xico y qu\u00e9 estrategias tienen que incidir en las decisiones de gobierno?<\/strong><\/p>\n\n\n\n<p>Aqu\u00ed en M\u00e9xico hay diferentes expresiones del marxismo, hay cinco partidos comunistas diferentes, cada uno con su visi\u00f3n. Hay marxistas leninistas, otros inclinados hacia la vertiente mao\u00edsta. En nuestro caso el posicionamiento ha sido muy claro en el tema del movimiento de los derechos laborales porque so progresivos y no son negociables. <\/p>\n\n\n\n<p>La cuesti\u00f3n del magisterio, la modificaci\u00f3n a la ley general a trav\u00e9s de la unidad de medida que manejan en gobierno y que define cu\u00e1nto es lo que pueden ellos cobrar para las pensiones; y algunos a partir de esa reforma ya no tienen el derecho a la pensi\u00f3n y a la jubilaci\u00f3n, sino que tiene que ser mediante afores en las cuales ellos mismos van generando su ahorro a trav\u00e9s del dinero que pueden ir destinando a ello, de su salario. Es una situaci\u00f3n bastante preocupante porque se est\u00e1 negando un derecho fundamental despu\u00e9s de toda una vida de trabajo. <\/p>\n\n\n\n<figure class=\"wp-block-image size-large\"><img decoding=\"async\" width=\"702\" height=\"1024\" src=\"https:\/\/xn--tuvozdiasporaespaola-k7b.com\/wp-content\/uploads\/2025\/05\/1000245651-1-702x1024.jpg\" alt=\"\" class=\"wp-image-8463\" srcset=\"https:\/\/xn--tuvozdiasporaespaola-k7b.com\/wp-content\/uploads\/2025\/05\/1000245651-1-702x1024.jpg 702w, https:\/\/xn--tuvozdiasporaespaola-k7b.com\/wp-content\/uploads\/2025\/05\/1000245651-1-206x300.jpg 206w, https:\/\/xn--tuvozdiasporaespaola-k7b.com\/wp-content\/uploads\/2025\/05\/1000245651-1.jpg 710w\" sizes=\"(max-width: 702px) 100vw, 702px\" \/><\/figure>\n\n\n\n<p>El derecho a acceder a ese fondo de retiro para poder vivir una vejez digna. Por otro lado est\u00e1n las modificaciones que se le est\u00e1n haciendo a la Ley Federal del Trabajo, es decir la cuesti\u00f3n de las cuarenta horas que finalmente no se ve implementado porque hay cierta reticencia del sector privado y en algunos casos tambi\u00e9n de \u00e1rea de gobierno para reducir la jornada laboral. Y el tema de los derechos y servicios de salud que tendr\u00eda que ser una cuesti\u00f3n b\u00e1sica no negociable y que se ha visto afectada. <\/p>\n\n\n\n<p>Desde la visi\u00f3n y posici\u00f3n del Partido Comunista nosotros decimos que se requiere certeza jur\u00eddica a trav\u00e9s de las regulaciones necesarias para garantizar todos estos aspectos al trabajador, e incluso tendr\u00edamos que estar poniendo el punto sobre las \u00edes de algunas de las cosas que no se han visto consideradas como es el tema de los derechos de la maternidad, porque en algunos casos tambi\u00e9n las madres trabajadoras, aparte de tener dos jornadas, a veces tienen que cubrir jornadas de m\u00e1s de doce horas en outsourcing o incluso otra de las cosas que no se est\u00e1n considerando es el traslado. <\/p>\n\n\n\n<p>Hay personas que se llegan a movilizar durante dos o tres horas para llegar a su centro de trabajo con lo cual esto implica una jornada de trabajo much\u00edsima m\u00e1s amplia y un gasto m\u00e1s grande. Y esto es un golpe en la econom\u00eda y en la estabilidad del n\u00facleo familiar.                                                           <\/p>\n","protected":false},"excerpt":{"rendered":"<p>Por Walter C. Medina ENTREVISTA A ISABEL SEGOVIA Desde M\u00e9xico, la Secretaria General de la Juventud del Partido Comunista Mexicano, activista de la Educaci\u00f3n &#8230; <\/p>\n<p class=\"read-more-container\"><a title=\"\u201cEsper\u00e1bamos un avance un poco m\u00e1s r\u00e1pido en pol\u00edticas p\u00fablicas\u201dM\u00e9xico\" class=\"read-more button\" href=\"https:\/\/xn--tuvozdiasporaespaola-k7b.com\/page\/2\/esperabamos-un-avance-un-poco-mas-rapido-en-politicas-publicasmexico\/#more-8436\" aria-label=\"M\u00e1s en \u201cEsper\u00e1bamos un avance un poco m\u00e1s r\u00e1pido en pol\u00edticas p\u00fablicas\u201dM\u00e9xico\">Leer m\u00e1s<\/a><\/p>\n","protected":false},"author":222560522,"featured_media":8464,"comment_status":"open","ping_status":"open","sticky":false,"template":"","format":"standard","meta":{"footnotes":""},"categories":[121858,121868],"tags":[],"class_list":["post-8436","post","type-post","status-publish","format-standard","has-post-thumbnail","hentry","category-genero","category-latinoamerica","resize-featured-image"],"_links":{"self":[{"href":"https:\/\/xn--tuvozdiasporaespaola-k7b.com\/page\/2\/wp-json\/wp\/v2\/posts\/8436","targetHints":{"allow":["GET"]}}],"collection":[{"href":"https:\/\/xn--tuvozdiasporaespaola-k7b.com\/page\/2\/wp-json\/wp\/v2\/posts"}],"about":[{"href":"https:\/\/xn--tuvozdiasporaespaola-k7b.com\/page\/2\/wp-json\/wp\/v2\/types\/post"}],"author":[{"embeddable":true,"href":"https:\/\/xn--tuvozdiasporaespaola-k7b.com\/page\/2\/wp-json\/wp\/v2\/users\/222560522"}],"replies":[{"embeddable":true,"href":"https:\/\/xn--tuvozdiasporaespaola-k7b.com\/page\/2\/wp-json\/wp\/v2\/comments?post=8436"}],"version-history":[{"count":2,"href":"https:\/\/xn--tuvozdiasporaespaola-k7b.com\/page\/2\/wp-json\/wp\/v2\/posts\/8436\/revisions"}],"predecessor-version":[{"id":8465,"href":"https:\/\/xn--tuvozdiasporaespaola-k7b.com\/page\/2\/wp-json\/wp\/v2\/posts\/8436\/revisions\/8465"}],"wp:featuredmedia":[{"embeddable":true,"href":"https:\/\/xn--tuvozdiasporaespaola-k7b.com\/page\/2\/wp-json\/wp\/v2\/media\/8464"}],"wp:attachment":[{"href":"https:\/\/xn--tuvozdiasporaespaola-k7b.com\/page\/2\/wp-json\/wp\/v2\/media?parent=8436"}],"wp:term":[{"taxonomy":"category","embeddable":true,"href":"https:\/\/xn--tuvozdiasporaespaola-k7b.com\/page\/2\/wp-json\/wp\/v2\/categories?post=8436"},{"taxonomy":"post_tag","embeddable":true,"href":"https:\/\/xn--tuvozdiasporaespaola-k7b.com\/page\/2\/wp-json\/wp\/v2\/tags?post=8436"}],"curies":[{"name":"wp","href":"https:\/\/api.w.org\/{rel}","templated":true}]}}