{"id":840,"date":"2022-12-19T20:33:59","date_gmt":"2022-12-19T23:33:59","guid":{"rendered":"https:\/\/xn--tuvozdiasporaespaola-k7b.com\/?p=840"},"modified":"2022-12-19T20:34:07","modified_gmt":"2022-12-19T23:34:07","slug":"el-poder-judicial-en-espana-intenta-dar-un-golpe-de-estado-a-la-democracia","status":"publish","type":"post","link":"https:\/\/xn--tuvozdiasporaespaola-k7b.com\/page\/2\/el-poder-judicial-en-espana-intenta-dar-un-golpe-de-estado-a-la-democracia\/","title":{"rendered":"\u00bfEl poder Judicial en Espa\u00f1a intenta dar un golpe de Estado a la Democracia?"},"content":{"rendered":"\n<p>Como dice el dicho: no se puede ser juez y parte. Es un principio b\u00e1sico de todo procedimiento de resoluci\u00f3n de conflictos. Pues bien eso es lo que han hecho los \u00abjueces constitucionales\u00bb recusados \u00bfqu\u00e9 va a pasar a partir de ahora? En mi opini\u00f3n, es una cuesti\u00f3n de correlaci\u00f3n de fuerzas. Depende en gran medida de si el Psoe, y sus medios de comunicaci\u00f3n, est\u00e1n por la labor de denunciar a fondo la irregularidad de la situaci\u00f3n. Sin embargo, ya sabemos que dicho partido tiene muchos \u00abagujeros\u00bb desde el punto de vista democr\u00e1tico, uno de ellos que es un partido borb\u00f3nico, pero no el \u00fanico. Como en Per\u00fa y en la mayor\u00eda de los Estados de la comunidad internacional, la mayor\u00eda de las fuerzas armadas y policiales est\u00e1n claramente escoradas hacia la derecha y su extrema, m\u00e1s a\u00fan que los jueces: probablemente el principal obst\u00e1culo al desenvolvimiento democr\u00e1tico en cualquier Estado. Ahora bien, esto es un tema tab\u00fa que el PSOE, en todos sus a\u00f1os de gobierno, en ning\u00fan momento ha querido abordar.<\/p>\n\n\n\n<figure class=\"wp-block-image size-large\"><img fetchpriority=\"high\" decoding=\"async\" width=\"1080\" height=\"1307\" src=\"http:\/\/xn--tuvozdiasporaespaola-k7b.com\/wp-content\/uploads\/2022\/12\/screenshot_20221219-201735_twitter8428925870780914594.jpg?w=846\" alt=\"\" class=\"wp-image-841\" srcset=\"https:\/\/xn--tuvozdiasporaespaola-k7b.com\/wp-content\/uploads\/2022\/12\/screenshot_20221219-201735_twitter8428925870780914594.jpg 1080w, https:\/\/xn--tuvozdiasporaespaola-k7b.com\/wp-content\/uploads\/2022\/12\/screenshot_20221219-201735_twitter8428925870780914594-248x300.jpg 248w, https:\/\/xn--tuvozdiasporaespaola-k7b.com\/wp-content\/uploads\/2022\/12\/screenshot_20221219-201735_twitter8428925870780914594-846x1024.jpg 846w, https:\/\/xn--tuvozdiasporaespaola-k7b.com\/wp-content\/uploads\/2022\/12\/screenshot_20221219-201735_twitter8428925870780914594-768x929.jpg 768w\" sizes=\"(max-width: 1080px) 100vw, 1080px\" \/><\/figure>\n\n\n\n<p> Es m\u00e1s, sigue nombrando a ministros del Interior como Marlaska. Esta es la correlaci\u00f3n de fuerzas que facilita a la derecha y su extrema, incluida la judicial, a actuar con semejante prepotencia \u00bfquerr\u00eda el Psoe que el Congreso y el Senado se pronunciaran claramente sobre el tema, denunciando la extralimitaci\u00f3n de competencias y funciones del TC y ordenandole que se disuelva? o adoptar una ley por la que, al igual que en Italia, se anula la posibilidad legal de que haya \u00f3rganos de la relevancia del TC \u00aben funciones\u00bb, o como mucho una pr\u00f3rroga de m\u00e1ximo seis meses o un a\u00f1o \u00a1no cuatro a\u00f1os!, periodo durante el cual la \u00fanica funci\u00f3n para la que estar\u00eda legitimado dicho \u00f3rgano \u00aben funciones\u00bb ser\u00eda la de abordar su renovaci\u00f3n inmediata y sin dilaciones&#8230; <\/p>\n\n\n\n<figure class=\"wp-block-image size-large\"><img decoding=\"async\" width=\"1080\" height=\"1046\" src=\"http:\/\/xn--tuvozdiasporaespaola-k7b.com\/wp-content\/uploads\/2022\/12\/screenshot_20221219-201819_twitter8085821569618764102.jpg?w=1024\" alt=\"\" class=\"wp-image-842\" srcset=\"https:\/\/xn--tuvozdiasporaespaola-k7b.com\/wp-content\/uploads\/2022\/12\/screenshot_20221219-201819_twitter8085821569618764102.jpg 1080w, https:\/\/xn--tuvozdiasporaespaola-k7b.com\/wp-content\/uploads\/2022\/12\/screenshot_20221219-201819_twitter8085821569618764102-300x291.jpg 300w, https:\/\/xn--tuvozdiasporaespaola-k7b.com\/wp-content\/uploads\/2022\/12\/screenshot_20221219-201819_twitter8085821569618764102-1024x992.jpg 1024w, https:\/\/xn--tuvozdiasporaespaola-k7b.com\/wp-content\/uploads\/2022\/12\/screenshot_20221219-201819_twitter8085821569618764102-768x744.jpg 768w\" sizes=\"(max-width: 1080px) 100vw, 1080px\" \/><\/figure>\n\n\n\n<p>Soluciones puede que las haya, pero claro pasa por poner en evidencia los grandes agujeros y defectos de una \u00abtransici\u00f3n\u00bb democr\u00e1tica comenzada, pero en absoluto culminada, y que se ha limitado fundamentalmente a la restauraci\u00f3n borbonica, tal y como la planearon los franquistas \u00bfcu\u00e1nto tiempo tard\u00f3 el Psoe en sacar una ley que impidiera al CGPJ seguir haciendo nombramientos de magistrados en los tribunales donde se produc\u00edan vacantes, tal y como sugiri\u00f3 Podemos al principio de la legislatura? De aquellos polvos &#8230; estos barrizales.<\/p>\n\n\n\n<p>Les hemos pasado la opini\u00f3n  de la militancia de Podemos.  La VOZ  de la calle,  Guillermo Garcia  desde Bruselas. <\/p>\n\n\n\n<figure class=\"wp-block-embed is-type-rich is-provider-twitter wp-block-embed-twitter\"><div class=\"wp-block-embed__wrapper\">\n<blockquote class=\"twitter-tweet\" data-width=\"550\" data-dnt=\"true\"><p lang=\"es\" dir=\"ltr\">Hay un tipo que est\u00e1 hoy en su casa frente a un tablero de ajedrez pensando: Si estuviera yo en Moncloa, ma\u00f1ana el Presidente ve\u00eda el \u00f3rdago y convocaba elecciones <a href=\"https:\/\/t.co\/UYWL2n2xsr\">pic.twitter.com\/UYWL2n2xsr<\/a><\/p>&mdash; Pablo Iglesias ?{R} (@PabloIglesias) <a href=\"https:\/\/twitter.com\/PabloIglesias\/status\/1604966168317415425?ref_src=twsrc%5Etfw\">December 19, 2022<\/a><\/blockquote><script async src=\"https:\/\/platform.twitter.com\/widgets.js\" charset=\"utf-8\"><\/script>\n<\/div><\/figure>\n\n\n\n<p>A lo que a\u00f1adimos desde esta redaccion esta Reflexi\u00f3n,  imaginaos un juicio por un estafa y que el juez sea el acusado de la estafa. Pues eso es lo que ha pasado hoy en el Tribunal Constitucional. <br>Plena normalidad democr\u00e1tica en la mod\u00e9lica monarqu\u00eda  de Espa\u00f1a.<\/p>\n\n\n\n<p>Esto se llama: #GolpeDeEstadoDelPoderJudicial #GolpeDeEstado porque acaba con la separaci\u00f3n de poderes.  \u00bfToca salir a la calle masivamente a defender la democracia?<\/p>\n\n\n\n<p>\u00bfEl poder Judicial en Espa\u00f1a intenta dar un golpe de Estado a la Democracia?<\/p>\n\n\n\n<p>Grandes Reflexiones, Esto solo es el principio de la acometida del  Partido  Judicial en Espa\u00f1a financiado y auspiciado por el PP. Antes de Rajoy y ahora por Feij\u00f3o para que salgan sentencias para no investigar su corrupci\u00f3n y dar carpetazo a la Democracia.<\/p>\n\n\n\n<p>Redacci\u00f3n de Revista TU VOZ   Delegaci\u00f3n Argentina.<\/p>\n\n\n\n<p><\/p>\n\n\n\n<p><\/p>\n","protected":false},"excerpt":{"rendered":"<p>Como dice el dicho: no se puede ser juez y parte. Es un principio b\u00e1sico de todo procedimiento de resoluci\u00f3n de conflictos. Pues bien &#8230; <\/p>\n<p class=\"read-more-container\"><a title=\"\u00bfEl poder Judicial en Espa\u00f1a intenta dar un golpe de Estado a la Democracia?\" class=\"read-more button\" href=\"https:\/\/xn--tuvozdiasporaespaola-k7b.com\/page\/2\/el-poder-judicial-en-espana-intenta-dar-un-golpe-de-estado-a-la-democracia\/#more-840\" aria-label=\"M\u00e1s en \u00bfEl poder Judicial en Espa\u00f1a intenta dar un golpe de Estado a la Democracia?\">Leer m\u00e1s<\/a><\/p>\n","protected":false},"author":222560522,"featured_media":0,"comment_status":"open","ping_status":"open","sticky":false,"template":"","format":"standard","meta":{"footnotes":""},"categories":[1771],"tags":[],"class_list":["post-840","post","type-post","status-publish","format-standard","hentry","category-sociales"],"_links":{"self":[{"href":"https:\/\/xn--tuvozdiasporaespaola-k7b.com\/page\/2\/wp-json\/wp\/v2\/posts\/840","targetHints":{"allow":["GET"]}}],"collection":[{"href":"https:\/\/xn--tuvozdiasporaespaola-k7b.com\/page\/2\/wp-json\/wp\/v2\/posts"}],"about":[{"href":"https:\/\/xn--tuvozdiasporaespaola-k7b.com\/page\/2\/wp-json\/wp\/v2\/types\/post"}],"author":[{"embeddable":true,"href":"https:\/\/xn--tuvozdiasporaespaola-k7b.com\/page\/2\/wp-json\/wp\/v2\/users\/222560522"}],"replies":[{"embeddable":true,"href":"https:\/\/xn--tuvozdiasporaespaola-k7b.com\/page\/2\/wp-json\/wp\/v2\/comments?post=840"}],"version-history":[{"count":0,"href":"https:\/\/xn--tuvozdiasporaespaola-k7b.com\/page\/2\/wp-json\/wp\/v2\/posts\/840\/revisions"}],"wp:attachment":[{"href":"https:\/\/xn--tuvozdiasporaespaola-k7b.com\/page\/2\/wp-json\/wp\/v2\/media?parent=840"}],"wp:term":[{"taxonomy":"category","embeddable":true,"href":"https:\/\/xn--tuvozdiasporaespaola-k7b.com\/page\/2\/wp-json\/wp\/v2\/categories?post=840"},{"taxonomy":"post_tag","embeddable":true,"href":"https:\/\/xn--tuvozdiasporaespaola-k7b.com\/page\/2\/wp-json\/wp\/v2\/tags?post=840"}],"curies":[{"name":"wp","href":"https:\/\/api.w.org\/{rel}","templated":true}]}}