{"id":833,"date":"2022-12-18T14:27:16","date_gmt":"2022-12-18T17:27:16","guid":{"rendered":"https:\/\/xn--tuvozdiasporaespaola-k7b.com\/?p=833"},"modified":"2022-12-18T14:48:06","modified_gmt":"2022-12-18T17:48:06","slug":"diputados-de-paraguay-rechazan-aporte-de-la-ue-para-programas-educativos-por-ideologia-de-genero","status":"publish","type":"post","link":"https:\/\/xn--tuvozdiasporaespaola-k7b.com\/page\/2\/diputados-de-paraguay-rechazan-aporte-de-la-ue-para-programas-educativos-por-ideologia-de-genero\/","title":{"rendered":"Diputados de Paraguay rechazan aporte de la UE para programas educativos por \u00abideolog\u00eda de g\u00e9nero\u00bb"},"content":{"rendered":"\n<p>La C\u00e1mara de Diputados de Paraguay aprob\u00f3 este mi\u00e9rcoles una ley que busca derogar&nbsp;el convenio de financiaci\u00f3n, de parte la Uni\u00f3n Europea (UE), para el Programa de Apoyo a la Transformaci\u00f3n del Sistema Educativo, bajo el argumento de que impone una&nbsp;\u00abideolog\u00eda de g\u00e9nero\u00bb.&nbsp;<\/p>\n\n\n\n<p>Se trata de un aporte de 38.000 millones de&nbsp;euros no reembolsables,&nbsp;de los cuales ya se ejecutaron 5 millones y otros 8 millones llegar\u00edan en 2023, detall\u00f3 el peri\u00f3dico&nbsp;\u00daltima Hora.&nbsp;<\/p>\n\n\n\n<p>El proyecto que anular\u00eda el aporte econ\u00f3mico recibi\u00f3 63 votos a favor y solo uno en contra, y aunque todav\u00eda tiene que&nbsp;ser tratado en el Senado, el presidente Mario Abdo Ben\u00edtez adelant\u00f3 que, de ser aprobada la ley,&nbsp;la vetar\u00e1.&nbsp;<\/p>\n\n\n\n<p>\u00abEsto no va a prosperar porque lo voy a vetar. Aparte es un tratado internacional. Esto es solo un itinerario electoral que quiere manipular a la gente\u00bb, afirm\u00f3 el mandatario este viernes.<\/p>\n\n\n\n<figure class=\"wp-block-image\"><img fetchpriority=\"high\" decoding=\"async\" width=\"1200\" height=\"675\" src=\"http:\/\/xn--tuvozdiasporaespaola-k7b.com\/wp-content\/uploads\/2022\/12\/manifestacion-padres-familia001jpeg5279600692448153752.jpeg?w=1024\" alt=\"\" class=\"wp-image-832\" srcset=\"https:\/\/xn--tuvozdiasporaespaola-k7b.com\/wp-content\/uploads\/2022\/12\/manifestacion-padres-familia001jpeg5279600692448153752.jpeg 1200w, https:\/\/xn--tuvozdiasporaespaola-k7b.com\/wp-content\/uploads\/2022\/12\/manifestacion-padres-familia001jpeg5279600692448153752-300x169.jpeg 300w, https:\/\/xn--tuvozdiasporaespaola-k7b.com\/wp-content\/uploads\/2022\/12\/manifestacion-padres-familia001jpeg5279600692448153752-1024x576.jpeg 1024w, https:\/\/xn--tuvozdiasporaespaola-k7b.com\/wp-content\/uploads\/2022\/12\/manifestacion-padres-familia001jpeg5279600692448153752-768x432.jpeg 768w\" sizes=\"(max-width: 1200px) 100vw, 1200px\" \/><\/figure>\n\n\n\n<p>La C\u00e1mara de Diputados de Paraguay aprob\u00f3 este mi\u00e9rcoles una ley que busca derogar&nbsp;el convenio de financiaci\u00f3n, de parte la Uni\u00f3n Europea (UE), para el Programa de Apoyo a la Transformaci\u00f3n del Sistema Educativo, bajo el argumento de que impone una&nbsp;\u00abideolog\u00eda de g\u00e9nero\u00bb.&nbsp;<\/p>\n\n\n\n<p>Se trata de un aporte de 38.000 millones de&nbsp;euros no reembolsables,&nbsp;de los cuales ya se ejecutaron 5 millones y otros 8 millones llegar\u00edan en 2023, detall\u00f3 el peri\u00f3dico&nbsp;\u00daltima Hora.&nbsp;<\/p>\n\n\n\n<p>El proyecto que anular\u00eda el aporte econ\u00f3mico recibi\u00f3 63 votos a favor y solo uno en contra, y aunque todav\u00eda tiene que&nbsp;ser tratado en el Senado, el presidente Mario Abdo Ben\u00edtez adelant\u00f3 que, de ser aprobada la ley,&nbsp;la vetar\u00e1.&nbsp;<\/p>\n\n\n\n<p>\u00abEsto no va a prosperar porque lo voy a vetar. Aparte es un tratado internacional. Esto es solo un itinerario electoral que quiere manipular a la gente\u00bb, afirm\u00f3 el mandatario este viernes.<\/p>\n\n\n\n<p>Para Abdo Ben\u00edtez, resulta <em>\u00ablamentable\u00bb<\/em> el rechazo de esta ayuda financiera y consider\u00f3 que hubo&nbsp;\u00ab<em>presi\u00f3n a los diputados en tiempos electorales\u00bb.<\/em> \u00abNo tiene nada que ver esta cooperaci\u00f3n de la UE con nuestro proceso de Transformaci\u00f3n Educativa\u00bb, expres\u00f3, tras asegurar que su gobierno&nbsp;seguir\u00e1 defendiendo \u00ab<em>a la familia\u00bb&nbsp;y que \u00abno se va a introducir ning\u00fan material sobre ideolog\u00eda de g\u00e9nero en el Ministerio de Educaci\u00f3n\u00bb.<\/em>&nbsp;<\/p>\n\n\n\n<figure class=\"wp-block-embed is-type-rich is-provider-twitter wp-block-embed-twitter\"><div class=\"wp-block-embed__wrapper\">\n<blockquote class=\"twitter-tweet\" data-width=\"550\" data-dnt=\"true\"><p lang=\"es\" dir=\"ltr\">Durante su jornada en Misiones, el presidente <a href=\"https:\/\/twitter.com\/MaritoAbdo?ref_src=twsrc%5Etfw\">@MaritoAbdo<\/a> anuncia que  vetar\u00e1  el proyecto de ley que deroga el convenio de cooperaci\u00f3n con la Uni\u00f3n Europea. <a href=\"https:\/\/t.co\/UlnAc7V1ac\">pic.twitter.com\/UlnAc7V1ac<\/a><\/p>&mdash; Presidencia Paraguay (@PresidenciaPy) <a href=\"https:\/\/twitter.com\/PresidenciaPy\/status\/1598664418740604930?ref_src=twsrc%5Etfw\">December 2, 2022<\/a><\/blockquote><script async src=\"https:\/\/platform.twitter.com\/widgets.js\" charset=\"utf-8\"><\/script>\n<\/div><\/figure>\n\n\n\n<p><strong>Voces a favor y en contra<\/strong><\/p>\n\n\n\n<p>La propuesta legislativa fue presentada por los senadores del Partido Liberal Radical Aut\u00e9ntico (PLRA) Abel Gonz\u00e1lez y Blas Lanzoni y Enrique Riera, del movimiento Honor Colorado, quienes recibieron la inquietud de parte de sectores ultraconservadores que se oponen al aborto y a la educaci\u00f3n sexual en las escuelas.<\/p>\n\n\n\n<p>Para el legislador Eusebio Alvarenga, del PLRA, la UE es la que se encarga de instalar en Europa la ideolog\u00eda de genero, y por eso le resulta extra\u00f1o que sea tan \u00ab<em>generosa con Paraguay\u00bb.<\/em><\/p>\n\n\n\n<figure class=\"wp-block-image size-large\"><img decoding=\"async\" width=\"1200\" height=\"646\" src=\"http:\/\/xn--tuvozdiasporaespaola-k7b.com\/wp-content\/uploads\/2022\/12\/frrk7danr5gx5n7xffojw3bace1011997567218734508.jpg?w=1024\" alt=\"\" class=\"wp-image-836\" srcset=\"https:\/\/xn--tuvozdiasporaespaola-k7b.com\/wp-content\/uploads\/2022\/12\/frrk7danr5gx5n7xffojw3bace1011997567218734508.jpg 1200w, https:\/\/xn--tuvozdiasporaespaola-k7b.com\/wp-content\/uploads\/2022\/12\/frrk7danr5gx5n7xffojw3bace1011997567218734508-300x162.jpg 300w, https:\/\/xn--tuvozdiasporaespaola-k7b.com\/wp-content\/uploads\/2022\/12\/frrk7danr5gx5n7xffojw3bace1011997567218734508-1024x551.jpg 1024w, https:\/\/xn--tuvozdiasporaespaola-k7b.com\/wp-content\/uploads\/2022\/12\/frrk7danr5gx5n7xffojw3bace1011997567218734508-768x413.jpg 768w\" sizes=\"(max-width: 1200px) 100vw, 1200px\" \/><\/figure>\n\n\n\n<p>\u00ab<em>De manera astuta se va a instalar un nuevo modelo en nuestro pa\u00eds. Ser\u00eda una especie de lavado de cerebro a nuestros ni\u00f1os y j\u00f3venes y eso va a tener una incidencia directa en la posterior conducta de nuestros j\u00f3venes.&nbsp;La intenci\u00f3n es modificar los conceptos antiqu\u00edsimos que tenemos, modificar el concepto de familia\u00bb,<\/em> argument\u00f3.<\/p>\n\n\n\n<p>A favor del convenio se pronunci\u00f3 Eugenia Peroni, exdirectora del proyecto Paraguay Educa y candidata a Diputada por Asunci\u00f3n, quien advirti\u00f3 durante una audiencia p\u00fablica que si se suspende la vigencia del convenio de transformaci\u00f3n educativa, hay escuelas p\u00fablicas que corren el&nbsp;riesgo de quedar sin almuerzo escolar, \u00fatiles ni posibilidad de reparaciones en caso de emergencia.<\/p>\n\n\n\n<p>\u00ab<em>Hoy tenemos una poblaci\u00f3n muy carente, muy vulnerable, que para que los chicos permanezcan en la escuela necesitamos darle almuerzo escolar. Esta donaci\u00f3n [de la UE] cubre&nbsp;1.900.000 almuerzos en 2023&#8243;<\/em>, advirti\u00f3, y a\u00f1adi\u00f3 que la falta de presupuesto para educaci\u00f3n podr\u00eda empeorar la alta deserci\u00f3n escolar que ya existe en Paraguay.<\/p>\n\n\n\n<figure class=\"wp-block-gallery has-nested-images columns-default is-cropped wp-block-gallery-1 is-layout-flex wp-block-gallery-is-layout-flex\">\n<figure class=\"wp-block-image size-large\"><img decoding=\"async\" width=\"869\" height=\"1114\" data-id=\"837\" src=\"http:\/\/xn--tuvozdiasporaespaola-k7b.com\/wp-content\/uploads\/2022\/12\/34b5p3pcebeklhtesf3ggpoigy1048459647001286562.jpg?w=799\" alt=\"\" class=\"wp-image-837\" srcset=\"https:\/\/xn--tuvozdiasporaespaola-k7b.com\/wp-content\/uploads\/2022\/12\/34b5p3pcebeklhtesf3ggpoigy1048459647001286562.jpg 869w, https:\/\/xn--tuvozdiasporaespaola-k7b.com\/wp-content\/uploads\/2022\/12\/34b5p3pcebeklhtesf3ggpoigy1048459647001286562-234x300.jpg 234w, https:\/\/xn--tuvozdiasporaespaola-k7b.com\/wp-content\/uploads\/2022\/12\/34b5p3pcebeklhtesf3ggpoigy1048459647001286562-799x1024.jpg 799w, https:\/\/xn--tuvozdiasporaespaola-k7b.com\/wp-content\/uploads\/2022\/12\/34b5p3pcebeklhtesf3ggpoigy1048459647001286562-768x985.jpg 768w\" sizes=\"(max-width: 869px) 100vw, 869px\" \/><\/figure>\n<\/figure>\n\n\n\n<p>Peroni fue abucheada por parte de los presentes en la audiencia y tuvo que suspender moment\u00e1neamente su argumentaci\u00f3n.\u00a0<\/p>\n\n\n\n<p>Lamentablemente  en algunos Pa\u00edses de nuestra patria grande existen posturas patriarcales que no entienden de derechos  y tergiversan cualquier conquista tanto del los Movimientos Feministas como educativos Europeos <\/p>\n\n\n\n<p><\/p>\n\n\n\n<p>Redacci\u00f3n Revista TU VOZ,  Delegaci\u00f3n Paraguay. <\/p>\n\n\n\n<p>FUENTES : RT  y ABC Paraguay.<\/p>\n","protected":false},"excerpt":{"rendered":"<p>La C\u00e1mara de Diputados de Paraguay aprob\u00f3 este mi\u00e9rcoles una ley que busca derogar&nbsp;el convenio de financiaci\u00f3n, de parte la Uni\u00f3n Europea (UE), para &#8230; <\/p>\n<p class=\"read-more-container\"><a title=\"Diputados de Paraguay rechazan aporte de la UE para programas educativos por \u00abideolog\u00eda de g\u00e9nero\u00bb\" class=\"read-more button\" href=\"https:\/\/xn--tuvozdiasporaespaola-k7b.com\/page\/2\/diputados-de-paraguay-rechazan-aporte-de-la-ue-para-programas-educativos-por-ideologia-de-genero\/#more-833\" aria-label=\"M\u00e1s en Diputados de Paraguay rechazan aporte de la UE para programas educativos por \u00abideolog\u00eda de g\u00e9nero\u00bb\">Leer m\u00e1s<\/a><\/p>\n","protected":false},"author":222560522,"featured_media":0,"comment_status":"open","ping_status":"open","sticky":false,"template":"","format":"standard","meta":{"footnotes":""},"categories":[1771],"tags":[],"class_list":["post-833","post","type-post","status-publish","format-standard","hentry","category-sociales"],"_links":{"self":[{"href":"https:\/\/xn--tuvozdiasporaespaola-k7b.com\/page\/2\/wp-json\/wp\/v2\/posts\/833","targetHints":{"allow":["GET"]}}],"collection":[{"href":"https:\/\/xn--tuvozdiasporaespaola-k7b.com\/page\/2\/wp-json\/wp\/v2\/posts"}],"about":[{"href":"https:\/\/xn--tuvozdiasporaespaola-k7b.com\/page\/2\/wp-json\/wp\/v2\/types\/post"}],"author":[{"embeddable":true,"href":"https:\/\/xn--tuvozdiasporaespaola-k7b.com\/page\/2\/wp-json\/wp\/v2\/users\/222560522"}],"replies":[{"embeddable":true,"href":"https:\/\/xn--tuvozdiasporaespaola-k7b.com\/page\/2\/wp-json\/wp\/v2\/comments?post=833"}],"version-history":[{"count":0,"href":"https:\/\/xn--tuvozdiasporaespaola-k7b.com\/page\/2\/wp-json\/wp\/v2\/posts\/833\/revisions"}],"wp:attachment":[{"href":"https:\/\/xn--tuvozdiasporaespaola-k7b.com\/page\/2\/wp-json\/wp\/v2\/media?parent=833"}],"wp:term":[{"taxonomy":"category","embeddable":true,"href":"https:\/\/xn--tuvozdiasporaespaola-k7b.com\/page\/2\/wp-json\/wp\/v2\/categories?post=833"},{"taxonomy":"post_tag","embeddable":true,"href":"https:\/\/xn--tuvozdiasporaespaola-k7b.com\/page\/2\/wp-json\/wp\/v2\/tags?post=833"}],"curies":[{"name":"wp","href":"https:\/\/api.w.org\/{rel}","templated":true}]}}