{"id":829,"date":"2022-12-16T23:05:57","date_gmt":"2022-12-17T02:05:57","guid":{"rendered":"https:\/\/xn--tuvozdiasporaespaola-k7b.com\/?p=829"},"modified":"2022-12-16T23:05:58","modified_gmt":"2022-12-17T02:05:58","slug":"podemos-argentina-provincias-se-moviliza-por-los-derechos-de-la-diaspora-espanola","status":"publish","type":"post","link":"https:\/\/xn--tuvozdiasporaespaola-k7b.com\/page\/2\/podemos-argentina-provincias-se-moviliza-por-los-derechos-de-la-diaspora-espanola\/","title":{"rendered":"\u00a1PODEMOS ARGENTINA provincias se moviliza por los derechos de la Di\u00e1spora Espa\u00f1ola!"},"content":{"rendered":"\n<p>En d\u00edas pasados desde el c\u00edrculo de Podemos Argentina Provincias\u00a0 junto con el acompa\u00f1amiento de Podemos Castilla la Mancha y la Red de C\u00edrculos Podemos\u00a0 Am\u00e9rica\u00a0 ,se le envi\u00f3 una carta dirigida al\u00a0 C\u00f3nsul General\u00a0 de Buenos Aires\u00a0 Don\u00a0 Fernando Garcia\u00a0 Casas. ( de la cu\u00e1l les comunicamos respuesta y apreciaciones conforme nos contesten Embajada y Don Xavier Mart\u00ed Mart\u00ed ).<\/p>\n\n\n\n<p>Con Duplicado a Don Pablo Echenique Portavoz&nbsp; grup\u00f3 confederal de Unidas Podemos en el Congreso ,a.&nbsp; &nbsp; D. Xavier Mart\u00ed Mart\u00ed, Director General de espa\u00f1oles en el Exterior y de Asuntos Consulares, a&nbsp; Do\u00f1a Mar\u00eda Jes\u00fas Alonso Embajadora de Espa\u00f1a.<\/p>\n\n\n\n<p>Por lo que  iremos contestando seg\u00fan tengamos  las respuestas de los receptores en diversas notas de prensa. <\/p>\n\n\n\n<figure class=\"wp-block-pullquote\"><blockquote><p><br \/>Reclamando soluciones a una serie de problem\u00e1ticas de la Di\u00e1spora Espa\u00f1ola en los consulados de Argentina y Buenos Aires .<br \/><\/p><cite>Podemos Argentina Provincias <\/cite><\/blockquote><\/figure>\n\n\n\n<p>Hasta el d\u00eda de la fecha contestaron: el Grupo Confederal de Podemos en el Congreso comprometi\u00e9ndose este \u00faltimo a  solicitar  informaci\u00f3n y viendo c\u00f3mo pueden dar soluciones y visibilizar estas cuestiones. <br \/>Y el se\u00f1or C\u00f3nsul de Buenos Aires de la cual les pasamos informe les comunicamos lo contestado  y las apreciaciones a esas respuestas.<\/p>\n\n\n\n<p>A la pregunta :<\/p>\n\n\n\n<p>.<strong>&#8211; Incrementar operativos consulares en habilitaci\u00f3n de viceconsulados de forma urgente&nbsp; para agilizar emisi\u00f3n de Pasaportes sin cita previa y restringir lista de espera en citas ahora en 18 meses (En Venezuela se hizo y se sigue haciendo con la autorizaci\u00f3n de la Direcci\u00f3n General de Espa\u00f1oles en el Exterior y de Asuntos Consulares y Migratorios del Ministerio de Asuntos Exteriores , Uni\u00f3n Europea y de cooperaci\u00f3n (MAEC).<\/strong><\/p>\n\n\n\n<p>Respuesta del Consulado :<\/p>\n\n\n\n<p>\u00ab<em>En relaci\u00f3n a las citas del servicio de pasaportes, el Consulado General en Buenos Aires&nbsp; cuenta con una colectividad de 340.000 espa\u00f1oles inscritos, la mayor del mundo fuera&nbsp;de Espa\u00f1a. En 2021, se expidieron m\u00e1s de 35.000 pasaportes, cifra r\u00e9cord de toda la red&nbsp;Consular espa\u00f1ola. Debido al incremento sustancial del n\u00famero de espa\u00f1oles en los&nbsp;\u00faltimos dos a\u00f1os, y a la reasignaci\u00f3n de efectivos debida a la aplicaci\u00f3n de la nueva Ley&nbsp; de Memoria Democr\u00e1tica, el Consulado General est\u00e1 empleando cuantos recursos&nbsp;dispone para hacer frente a las solicitudes de pasaportes.<\/em>&nbsp;<\/p>\n\n\n\n<p><em>En raz\u00f3n de lo anterior, la agenda de pasaportes se extiende a un a\u00f1o de plazo<\/em>.&nbsp;<\/p>\n\n\n\n<p><em>Adicionalmente, y en funci\u00f3n de los medios humanos disponibles: Habilitamos&nbsp;mensualmente, tal y como figura en nuestra p\u00e1gina web eonline.com.ar, un cupo de&nbsp;turnos de pasaportes (en torno a mil quinientos\/mes) para las personas que tengan que viajar en fechas pr\u00f3ximas. Adem\u00e1s de lo anterior, aquellos casos que presenten una&nbsp; urgencia real y justificada est\u00e1n siendo atendidos para dar respuesta a las situaciones&nbsp; de emergencia.&nbsp;<\/em><\/p>\n\n\n\n<p><em>Aunque se ha estudiado la posibilidad de dispensar turnos sin cita, en raz\u00f3n de la gran&nbsp;afluencia de personas que acuden diariamente a nuestros locales (una media superior a&nbsp; las ochocientas personas\/d\u00eda), \u00fanicamente resulta viable, y adecuada a la dignidad con&nbsp; que el ciudadano debe ser atendido, el sistema de cita previa.<\/em><\/p>\n\n\n\n<p>.-<em>En cuanto a la habilitaci\u00f3n de Viceconsulados Honorarios en la gesti\u00f3n de tr\u00e1mites de&nbsp;pasaportes conforme a la normativa que indican, desde hace m\u00e1s de a\u00f1o y medio el&nbsp;Viceconsulado Honorario en Mar del Plata cuenta con equipo inform\u00e1tico de toma de huellas dactilares&nbsp; esta atenci\u00f3n en materia de pasaportes a la colectividad de su&nbsp;circunscripci\u00f3n y a la de los partidos (municipios) aleda\u00f1os a Mar del Plata.&nbsp;<\/em><\/p>\n\n\n\n<p>.-<em>Asimismo, estamos trabajando para tratar de extender el pr\u00f3ximo a\u00f1o las posibilidades&nbsp; de actuaci\u00f3n de los Viceconsulados Honorarios bajo otras modalidades de gesti\u00f3n de&nbsp; solicitudes de pasaportes. Me gustar\u00eda subrayar, adem\u00e1s, que el sistema de turnos&nbsp; empleado por el Consulado General no permite el acaparamiento de citas. Los turnos se&nbsp; otorgan previo registro del usuario con n\u00famero de DNI\/pasaporte, para garantizar la&nbsp;mayor transparencia y eficacia.\u00bb<\/em><\/p>\n\n\n\n<figure class=\"wp-block-image size-large\"><img fetchpriority=\"high\" decoding=\"async\" width=\"414\" height=\"276\" src=\"http:\/\/xn--tuvozdiasporaespaola-k7b.com\/wp-content\/uploads\/2022\/12\/kegnum7bcmhvpyzmlhik2u4dfe271036056291973933.jpg?w=414\" alt=\"\" class=\"wp-image-824\" srcset=\"https:\/\/xn--tuvozdiasporaespaola-k7b.com\/wp-content\/uploads\/2022\/12\/kegnum7bcmhvpyzmlhik2u4dfe271036056291973933.jpg 414w, https:\/\/xn--tuvozdiasporaespaola-k7b.com\/wp-content\/uploads\/2022\/12\/kegnum7bcmhvpyzmlhik2u4dfe271036056291973933-300x200.jpg 300w\" sizes=\"(max-width: 414px) 100vw, 414px\" \/><figcaption class=\"wp-element-caption\">Grupo Confederal Podemos, Congreso de los Diputados <\/figcaption><\/figure>\n\n\n\n<p>En este hecho y tras contrastar <strong>la respuesta del se\u00f1or consul (que estimamos defiende lo realizado y lo que pueden realizar del cual ya tenemos conocimiento porque coincide con otras respuestas a particulares y al CRE).&nbsp; En&nbsp; la realidad apreciamos que no se contempla la aplicaci\u00f3n de estos dos art\u00edculos ante la situaci\u00f3n de caos .<\/strong><\/p>\n\n\n\n<p>1) <em>El art. 3 del RD 896\/2003 establece que, en el extranjero, los \u00f3rganos competentes para la gesti\u00f3n y expedici\u00f3n del pasaporte son las Representaciones Diplom\u00e1ticas y Consulares de Espa\u00f1a.&nbsp; Por lo que se podr\u00eda proceder a la habilitaci\u00f3n excepcional de unidades administrativas para la tramitaci\u00f3n de pasaportes tanto en Embajadas como Consulados, duplicando as\u00ed la capacidad de actuaci\u00f3n. (Excepcional porque el art. 4 de la Convenci\u00f3n de Viena sobre Relaciones Consulares incide que para ello es necesario el consentimiento expreso del Estado receptor).&nbsp;<\/em><\/p>\n\n\n\n<p><em>2)Del mismo modo, el art. 73 de la misma Convenci\u00f3n permite establecer otros acuerdos internacionales entre Estados que completen o extiendan las funciones de los Consulados. Como es la Directiva 2015\/637 del Consejo de la UE para facilitar la protecci\u00f3n consular de ciudadanos de la UE no representados en terceros pa\u00edses, en base a esta cuando una embajada o consulado no tiene la capacidad temporal de prestar sus servicios o atribuciones debe comunicarse con otros cuerpos exteriores que puedan facilitar su labor.\u00bb<\/em><\/p>\n\n\n\n<p>1.-<strong> Con la aplicaci\u00f3n de este protocolo.( Estos protocolos ya lo realizan en Venezuela)de emergencia se dar\u00eda soluci\u00f3n instant\u00e1nea.<\/strong><\/p>\n\n\n\n<p>&nbsp;Aparte seg\u00fan se contempla <strong>en el Art\u00edculo 73 de la misma Convenci\u00f3n&nbsp; se estar\u00eda entrando en estado de abandono al no dotar de Pasaportes a ciudadanos espa\u00f1oles o demorarlos hasta 18 meses<\/strong> con lo que podr\u00edan proceder a recurso de Amparo ante Consejo de la UE\u00bb.<\/p>\n\n\n\n<p>2.-<strong>Si atienden 1500 citas de pasaporte por mes , \u00bfc\u00f3mo llegan a los 34.000 de emisi\u00f3n de Pasaportes? por , con esa cuentas dan 18.000, con lo que su contestaci\u00f3n&nbsp; no es correcta \u00bfEs un error?<\/strong><\/p>\n\n\n\n<p>3.- Esto te indica que <strong>estamos al 50% del 2021 en edici\u00f3n y renovaci\u00f3n de pasaportes<\/strong> <strong>seg\u00fan explica en el primer&nbsp; p\u00e1rrafo \u00bb Reasignaci\u00f3n de efectivos para Ley de Memoria Hist\u00f3rica\u00bb,&nbsp; esto quiere decir \u00bfque no incorporaron recursos&nbsp; humanos?. \u00bfLos que se dedicaban a pasaportes los reasignan a Ley de Memoria Democr\u00e1tica?<\/strong> m\u00e1s ca\u00f3tico a\u00fan.<\/p>\n\n\n\n<p>Seg\u00fan contestaci\u00f3n al CRE en abril del 2022&nbsp; sobre actividades en el 2021:<\/p>\n\n\n\n<p>\u00aba\u00f1o 2021, si bien se registraron 6.111 bajas consulares, se emitieron 30.478 pasaportes, lo cual constituy\u00f3 un n\u00famero r\u00e9cord, y que en el Consulado se atienden alrededor de 200 turnos presenciales diarios y se reciben cerca de mil correos electr\u00f3nicos y 10.000 llamadas telef\u00f3nicas\u00bb.<\/p>\n\n\n\n<figure class=\"wp-block-image size-large\"><img decoding=\"async\" width=\"2880\" height=\"2880\" src=\"http:\/\/xn--tuvozdiasporaespaola-k7b.com\/wp-content\/uploads\/2022\/12\/20221214_1429438198610301859102691.jpg?w=1024\" alt=\"\" class=\"wp-image-825\" srcset=\"https:\/\/xn--tuvozdiasporaespaola-k7b.com\/wp-content\/uploads\/2022\/12\/20221214_1429438198610301859102691.jpg 2880w, https:\/\/xn--tuvozdiasporaespaola-k7b.com\/wp-content\/uploads\/2022\/12\/20221214_1429438198610301859102691-300x300.jpg 300w, https:\/\/xn--tuvozdiasporaespaola-k7b.com\/wp-content\/uploads\/2022\/12\/20221214_1429438198610301859102691-1024x1024.jpg 1024w, https:\/\/xn--tuvozdiasporaespaola-k7b.com\/wp-content\/uploads\/2022\/12\/20221214_1429438198610301859102691-150x150.jpg 150w, https:\/\/xn--tuvozdiasporaespaola-k7b.com\/wp-content\/uploads\/2022\/12\/20221214_1429438198610301859102691-768x768.jpg 768w, https:\/\/xn--tuvozdiasporaespaola-k7b.com\/wp-content\/uploads\/2022\/12\/20221214_1429438198610301859102691-1568x1568.jpg 1568w\" sizes=\"(max-width: 2880px) 100vw, 2880px\" \/><\/figure>\n\n\n\n<p><strong>Con estos datos se atienden en el 2022 una media&nbsp; de 3.500 turnos menos por mes que en el 2021 en la&nbsp; renovaci\u00f3n&nbsp; o lo que es lo mismo 3.500 pasaportes menos.<\/strong><\/p>\n\n\n\n<p>Con lo que la lista de espera llega al 2024 para turnos con el \u00fanico aliciente que se muera o enferme&nbsp; alguien de la lista de espera la cancele y quede una vacante con lo que aconseja \u00abmeterse a todas horas que asignen turnos\u00bb&nbsp; pero antes indudablemente tienes que anular el que pediste con lo que te puedes quedar sin chicha ni limon\u00e1, como se dice en Espa\u00f1a e irte a un turno m\u00e1s largo.<\/p>\n\n\n\n<p>O tener la suerte que se muera un familiar o que tenga una enfermedad grave para saltarse los turnos ( <strong>IR\u00d3NICAMENTE<\/strong> ) y poder bajar con Pasaporte provisional verde o salvoconducto.<\/p>\n\n\n\n<p>A la Pregunta:<\/p>\n\n\n\n<p>.-<strong>Implementar nuevas pol\u00edticas en temas de violencia de g\u00e9nero y acoplar la Ley y S\u00f3lo si es SI en el exterior con mayor servicio asistencial y un protocolo para ello.<\/strong><\/p>\n\n\n\n<p>Contestaci\u00f3n del Consulado:<\/p>\n\n\n\n<p>\u00ab<em>La lucha contra la violencia de g\u00e9nero es una de nuestras prioridades. En este sentido,&nbsp;se viene aplicando el Protocolo interministerial para la atenci\u00f3n de mujeres espa\u00f1olas&nbsp; v\u00edctimas de violencia de g\u00e9nero en el exterior. Existe un \u00abpunto violeta\u00bb colocado en el&nbsp; tabl\u00f3n de anuncios de nuestras oficinas, en el que se indica el n\u00famero de tel\u00e9fono de&nbsp; emergencia consular al que pueden recurrir las personas que lo necesiten.&nbsp;<\/em><\/p>\n\n\n\n<p><em>La colaboraci\u00f3n que mantiene el Consulado General con las autoridades e instituciones&nbsp;argentinas destinadas a la protecci\u00f3n de la mujer es satisfactoria. Y, gracias a la coordinaci\u00f3n realizada, consideramos que se proporciona a las v\u00edctimas una atenci\u00f3n&nbsp;integral en los t\u00e9rminos previstos en el mencionado Protocolo.\u00bb<\/em><\/p>\n\n\n\n<figure class=\"wp-block-image size-large\"><img decoding=\"async\" width=\"1024\" height=\"576\" src=\"http:\/\/xn--tuvozdiasporaespaola-k7b.com\/wp-content\/uploads\/2022\/12\/709689079_227847758_1024x5766925063668956692565.jpg?w=1024\" alt=\"\" class=\"wp-image-826\" srcset=\"https:\/\/xn--tuvozdiasporaespaola-k7b.com\/wp-content\/uploads\/2022\/12\/709689079_227847758_1024x5766925063668956692565.jpg 1024w, https:\/\/xn--tuvozdiasporaespaola-k7b.com\/wp-content\/uploads\/2022\/12\/709689079_227847758_1024x5766925063668956692565-300x169.jpg 300w, https:\/\/xn--tuvozdiasporaespaola-k7b.com\/wp-content\/uploads\/2022\/12\/709689079_227847758_1024x5766925063668956692565-768x432.jpg 768w\" sizes=\"(max-width: 1024px) 100vw, 1024px\" \/><figcaption class=\"wp-element-caption\">Jose Luis Garcia Gasc\u00f3n, Secretario General Podemos Castilla-La Mancha <\/figcaption><\/figure>\n\n\n\n<p><strong>Estimamos que no se contesta qu\u00e9 tipo de Protocolo del Consulado .Con respecto a este hecho&nbsp; el&nbsp; Consejero de Trabajo en materia de Violencia de G\u00e9nero qu\u00e9 acciones est\u00e1 tomando o ya realiza con datos objetivos.<\/strong><\/p>\n\n\n\n<p>Queremos saber si tienen un protocolo de actuaci\u00f3n y la aplicaci\u00f3n de la Ley Solo Si es Si&nbsp; en el exterior acoplando la misma a este condulado&nbsp;( aparte de la colaboraci\u00f3n con la leyes de  Argentina) y&nbsp; en cuanto a la respuesta del Consulado&nbsp; de que tiene un punto punto violeta dentro del Consulado diciendo que tienen un tf , eso no es punto violeta aunque ayuda. <strong>Por la respuesta estimamos&nbsp; que los Consulados en general &nbsp; tendr\u00edan que&nbsp; ponerse al d\u00eda en entender la&nbsp; \u00abLey Solo Si es Si\u00bb su aplicaci\u00f3n en todo territorio Espa\u00f1ol y Delegaciones Exteriores formando al respecto al Funcionariado y al Consejeria de Trabajo.<\/strong><\/p>\n\n\n\n<figure class=\"wp-block-image size-large\"><img loading=\"lazy\" decoding=\"async\" width=\"1440\" height=\"628\" src=\"http:\/\/xn--tuvozdiasporaespaola-k7b.com\/wp-content\/uploads\/2022\/12\/fotosrgarciacasas22918333727318832887..jpg?w=1024\" alt=\"\" class=\"wp-image-827\" srcset=\"https:\/\/xn--tuvozdiasporaespaola-k7b.com\/wp-content\/uploads\/2022\/12\/fotosrgarciacasas22918333727318832887..jpg 1440w, https:\/\/xn--tuvozdiasporaespaola-k7b.com\/wp-content\/uploads\/2022\/12\/fotosrgarciacasas22918333727318832887.-300x131.jpg 300w, https:\/\/xn--tuvozdiasporaespaola-k7b.com\/wp-content\/uploads\/2022\/12\/fotosrgarciacasas22918333727318832887.-1024x447.jpg 1024w, https:\/\/xn--tuvozdiasporaespaola-k7b.com\/wp-content\/uploads\/2022\/12\/fotosrgarciacasas22918333727318832887.-768x335.jpg 768w\" sizes=\"(max-width: 1440px) 100vw, 1440px\" \/><figcaption class=\"wp-element-caption\">Don Fernando Garc\u00eda Casas   Consulado de Buenos Aires <\/figcaption><\/figure>\n\n\n\n<p>Ante la Pregunta :<br \/>&#8211; <strong>Acciones encaminadas a solucionar las expulsiones o extradiciones a Espa\u00f1a de detenidos Espa\u00f1oles de forma urgente ejecutando los acuerdos entre los Estados de Argentina y Espa\u00f1a en esta  materia entre  los Ministerios de Justicia y Asuntos Exteriores de ambos pa\u00edses.<\/strong><\/p>\n\n\n\n<p>EL Consulado responde:<br \/><em>\u00bb Por \u00faltimo, y en cuanto a las expulsiones y extradiciones de presos, las mismas se llevan <\/em><br \/><em>a cabo por decisi\u00f3n de las autoridades judiciales y policiales competentes de Espa\u00f1a y de Argentina, por lo que la intervenci\u00f3n consular se concreta en la provisi\u00f3n de la <\/em><br \/><em>documentaci\u00f3n de viaje del expulsado o extraditado cuando resulte necesario. Cabe <\/em><br \/><em>se\u00f1alar que, en los casos que se nos han presentado, el trabajo del Consulado General <\/em><br \/><em>ha sido riguroso y diligente. <\/em><br \/><em>Asimismo, me agrada compartir con ustedes que los presos y detenidos espa\u00f1oles de la <\/em><br \/><em>demarcaci\u00f3n de Buenos Aires reciben puntualmente las visitas, ayudas econ\u00f3micas y  asistencias preceptivas, y se lleva a cabo un seguimiento habitual de su situaci\u00f3n <\/em><br \/><em>personal y procesal en Argentina\u00bb.<\/em><\/p>\n\n\n\n<figure class=\"wp-block-image size-large\"><img loading=\"lazy\" decoding=\"async\" width=\"538\" height=\"491\" src=\"http:\/\/xn--tuvozdiasporaespaola-k7b.com\/wp-content\/uploads\/2022\/12\/21207610_-xgiobc461selaes3jhzsqwpj9zkdd4ssygdjcjvhqs2947449663521408106.jpg?w=538\" alt=\"\" class=\"wp-image-828\" srcset=\"https:\/\/xn--tuvozdiasporaespaola-k7b.com\/wp-content\/uploads\/2022\/12\/21207610_-xgiobc461selaes3jhzsqwpj9zkdd4ssygdjcjvhqs2947449663521408106.jpg 538w, https:\/\/xn--tuvozdiasporaespaola-k7b.com\/wp-content\/uploads\/2022\/12\/21207610_-xgiobc461selaes3jhzsqwpj9zkdd4ssygdjcjvhqs2947449663521408106-300x274.jpg 300w\" sizes=\"(max-width: 538px) 100vw, 538px\" \/><\/figure>\n\n\n\n<p>En cuanto a esta respuesta agradecemos la contestaci\u00f3n de la preocupaci\u00f3n mantenida al respecto, nos gustar\u00eda que tanto el Consulado, Embajada y los Ministerios respectivos&nbsp; emitieran notas de protesta y exigencia de cumplimiento inmediato de los protocolos internacionales&nbsp; para estos casos y poder llevar de forma urgente la extradici\u00f3n urgente &nbsp; de compatriotas espa\u00f1oles en el Exterior.<\/p>\n\n\n\n<p>Agradecemos su referencia y nos ponemos a su disposici\u00f3n para intentar mejorar estos puntos y otros que importan a la Di\u00e1spora,Espa\u00f1ola en el Exterior , Argentina y Buenos Aires.<\/p>\n\n\n\n<p>PODEMOS ARGENTINA Provincias. <\/p>\n\n\n\n<p>GT Laboral y derechos Sociales&nbsp;<\/p>\n\n\n\n<p>GT de Feminismo y Igualdad&nbsp;<\/p>\n","protected":false},"excerpt":{"rendered":"<p>En d\u00edas pasados desde el c\u00edrculo de Podemos Argentina Provincias\u00a0 junto con el acompa\u00f1amiento de Podemos Castilla la Mancha y la Red de C\u00edrculos &#8230; <\/p>\n<p class=\"read-more-container\"><a title=\"\u00a1PODEMOS ARGENTINA provincias se moviliza por los derechos de la Di\u00e1spora Espa\u00f1ola!\" class=\"read-more button\" href=\"https:\/\/xn--tuvozdiasporaespaola-k7b.com\/page\/2\/podemos-argentina-provincias-se-moviliza-por-los-derechos-de-la-diaspora-espanola\/#more-829\" aria-label=\"M\u00e1s en \u00a1PODEMOS ARGENTINA provincias se moviliza por los derechos de la Di\u00e1spora Espa\u00f1ola!\">Leer m\u00e1s<\/a><\/p>\n","protected":false},"author":222560522,"featured_media":0,"comment_status":"open","ping_status":"open","sticky":false,"template":"","format":"standard","meta":{"footnotes":""},"categories":[1771],"tags":[],"class_list":["post-829","post","type-post","status-publish","format-standard","hentry","category-sociales"],"_links":{"self":[{"href":"https:\/\/xn--tuvozdiasporaespaola-k7b.com\/page\/2\/wp-json\/wp\/v2\/posts\/829","targetHints":{"allow":["GET"]}}],"collection":[{"href":"https:\/\/xn--tuvozdiasporaespaola-k7b.com\/page\/2\/wp-json\/wp\/v2\/posts"}],"about":[{"href":"https:\/\/xn--tuvozdiasporaespaola-k7b.com\/page\/2\/wp-json\/wp\/v2\/types\/post"}],"author":[{"embeddable":true,"href":"https:\/\/xn--tuvozdiasporaespaola-k7b.com\/page\/2\/wp-json\/wp\/v2\/users\/222560522"}],"replies":[{"embeddable":true,"href":"https:\/\/xn--tuvozdiasporaespaola-k7b.com\/page\/2\/wp-json\/wp\/v2\/comments?post=829"}],"version-history":[{"count":0,"href":"https:\/\/xn--tuvozdiasporaespaola-k7b.com\/page\/2\/wp-json\/wp\/v2\/posts\/829\/revisions"}],"wp:attachment":[{"href":"https:\/\/xn--tuvozdiasporaespaola-k7b.com\/page\/2\/wp-json\/wp\/v2\/media?parent=829"}],"wp:term":[{"taxonomy":"category","embeddable":true,"href":"https:\/\/xn--tuvozdiasporaespaola-k7b.com\/page\/2\/wp-json\/wp\/v2\/categories?post=829"},{"taxonomy":"post_tag","embeddable":true,"href":"https:\/\/xn--tuvozdiasporaespaola-k7b.com\/page\/2\/wp-json\/wp\/v2\/tags?post=829"}],"curies":[{"name":"wp","href":"https:\/\/api.w.org\/{rel}","templated":true}]}}