{"id":822,"date":"2022-12-14T15:01:37","date_gmt":"2022-12-14T18:01:37","guid":{"rendered":"https:\/\/xn--tuvozdiasporaespaola-k7b.com\/2022\/12\/14\/nuestros-ciudadanos-estan-secuestrados-en-ciertos-paises-porque-no-se-les-hace-el-tramite-que-deberia-ser-inmediato\/"},"modified":"2022-12-15T00:29:15","modified_gmt":"2022-12-15T03:29:15","slug":"nuestros-ciudadanos-estan-secuestrados-en-ciertos-paises-porque-no-se-les-hace-el-tramite-que-deberia-ser-inmediato","status":"publish","type":"post","link":"https:\/\/xn--tuvozdiasporaespaola-k7b.com\/page\/2\/nuestros-ciudadanos-estan-secuestrados-en-ciertos-paises-porque-no-se-les-hace-el-tramite-que-deberia-ser-inmediato\/","title":{"rendered":"\u201cNuestros ciudadanos est\u00e1n secuestrados en ciertos pa\u00edses porque no se les hace el tr\u00e1mite que deber\u00eda ser inmediato\u201d"},"content":{"rendered":"\n<p>Durante una entrevista concedida al programa radial \u201cCenizas de Babilonia. Di\u00e1spora Espa\u00f1ola\u201d -que emite AM570. Radio Argentina- el Presidente de la Comisi\u00f3n de Derechos Civiles y de Participaci\u00f3n del Consejo General de la Ciudadan\u00eda de Espa\u00f1oles en el Exterior&nbsp; (Presidente, adem\u00e1s, del Consejo de Residentes Espa\u00f1oles de la ciudad de Manchester), David Casarejos, se refiri\u00f3 a los temas m\u00e1s urgentes a resolver y mejorar en pos de atender las necesidades de los espa\u00f1oles en el exterior.&nbsp;<\/p>\n\n\n\n<figure class=\"wp-block-image size-large\"><img fetchpriority=\"high\" decoding=\"async\" width=\"1280\" height=\"1016\" src=\"http:\/\/xn--tuvozdiasporaespaola-k7b.com\/wp-content\/uploads\/2022\/12\/cre6252942594603926486.jpg?w=1024\" alt=\"\" class=\"wp-image-820\" srcset=\"https:\/\/xn--tuvozdiasporaespaola-k7b.com\/wp-content\/uploads\/2022\/12\/cre6252942594603926486.jpg 1280w, https:\/\/xn--tuvozdiasporaespaola-k7b.com\/wp-content\/uploads\/2022\/12\/cre6252942594603926486-300x238.jpg 300w, https:\/\/xn--tuvozdiasporaespaola-k7b.com\/wp-content\/uploads\/2022\/12\/cre6252942594603926486-1024x813.jpg 1024w, https:\/\/xn--tuvozdiasporaespaola-k7b.com\/wp-content\/uploads\/2022\/12\/cre6252942594603926486-768x610.jpg 768w\" sizes=\"(max-width: 1280px) 100vw, 1280px\" \/><figcaption class=\"wp-element-caption\">CRE de Manchester <\/figcaption><\/figure>\n\n\n\n<p><strong>\u00bfHabi\u00e9ndose aprobado ya la Ley de Memoria Democr\u00e1tica, que incluye a la Ley de Nacionalidad, la cl\u00e1usula octava que logr\u00f3 una ampliaci\u00f3n m\u00e1s acelerada para la recepci\u00f3n de personas en Espa\u00f1a, \u00bfc\u00f3mo se est\u00e1n llevando a cabo estas medidas?<\/strong><\/p>\n\n\n\n<p><em>Va mejorando. Hubo un mont\u00f3n de dudas y bastantes problemas con el desarrollo de la articulaci\u00f3n de la ley en diferentes pa\u00edses. La semana pasada, por ejemplo, nos informaron que en Lima, Per\u00fa, por fin ya se abr\u00edan las citas para este caso. Os pod\u00e9is imaginar, con la cantidad de gente que lleva esperando quince a\u00f1os por una ley parecida, la Ley de Memoria Hist\u00f3rica, pues esto supon\u00eda un mont\u00f3n de estr\u00e9s para muchos pa\u00edses que ve\u00edan que pasaba el tiempo y que no se hac\u00eda nada. Luego nos hemos encontrado con que hay lo que yo denomino \u201cVirreinatos\u201d en vez de consulados. En ciertos consulados del mundo donde no entendemos por qu\u00e9, pero no ejecutan las leyes de la misma manera. Entonces nos encontramos con problemas en varios consulados en Brasil, como R\u00edo o San Pablo que todav\u00eda est\u00e1n pidiendo pruebas de exilio cuando en la Ley de Memoria Democr\u00e1tica la instrucci\u00f3n vino a separar el supuesto uno en dos partes; una primera parte con exilio, y una segunda parte que, simplemente por ser descendiente, hijo, hija, nieto o nieta de ciudadanos originalmente espa\u00f1oles, pod\u00edan solicitar la nacionalidad. Entonces nos vamos encontrando que poco a poco los problemas se van solucionando en diferentes sitios, pero al mismo tiempo tenemos que asegurarnos que no hay ninguna discriminaci\u00f3n, y que en todos los pa\u00edses del mundo se est\u00e1 haciendo de la misma manera. Hace unos d\u00edas recib\u00ed muchas quejas del consulado de Mendoza, en Argentina. Me ven\u00edan a decir que en Buenos Aires ya han dado m\u00e1s de veinte mil citas para los primeros meses, y que ya hay citas dadas hasta junio de 2023, pero me dec\u00edan que no estaba clara la manera en la que se estaba haciendo en lugares como Mendoza. Con lo cual lo que exigimos es lo de siempre: Estandarizaci\u00f3n de procedimientos, que no pueda ser posible que por vivir en un pa\u00eds o en otro vayas a poder tener la nacionalidad de manera justa, o alguna traba burocr\u00e1tica est\u00fapida vaya a hacer que no puedas luchar por tener la nacionalidad. Creo que los CREs tienen que tomar esta responsabilidad. Tienen que asegurarse de que conocen cu\u00e1les son las trabas que est\u00e1n habiendo en sus consulados generales y que sean ellos los que sean la punta de lanza en la defensa de los derechos de nuestros ciudadanos. Y nuestros ciudadanos no son solo los que tienen el pasaporte espa\u00f1ol ahora mismo, sino tambi\u00e9n los que deber\u00edan tenerlo y se les ha estado negando\u00bb.&nbsp;<\/em><\/p>\n\n\n\n<p>\u201c<strong>La aplicaci\u00f3n de la Ley de Memoria Democr\u00e1tica es igual en todo el mundo, pero no se aplica igual en todo el mundo\u201d,<\/strong> sostiene Casarejos, que asegura que \u201c<em>tras las mejoras ya hay gente a la que se le ha dado la nacionalidad; gente a la que se le ha solucionado muy r\u00e1pidamente. Evidentemente esto tambi\u00e9n puede levantar dudas. Yo conozco gente en Buenos Aires que ha presentado toda la informaci\u00f3n de manera correcta y les han dicho que les responder\u00e1n en los pr\u00f3ximos cinco o seis meses. Ha habido otra gente a la que se le ha dado la nacionalidad de manera extra\u00f1amente r\u00e1pida. Entonces lo que tenemos que asegurarnos es que no sea la rapidez del proceso sino asegurarnos que todas la gente que tiene derecho a solicitar esta nacionalidad, que puedan hacerlo en los dos pr\u00f3ximos a\u00f1os. Tambi\u00e9n tenemos que bajar un poco el nivel de tensi\u00f3n que hay, porque hay mucha gente estresada porque no ha podido presentar aun la informaci\u00f3n. Pero hay que decir que acabamos de empezar. Esto ha empezado el 26 de octubre. Tenemos que recordar la promesa del Director de Consulares, Xavier Mart\u00ed, en la que asegur\u00f3 que no habr\u00eda ning\u00fan problema en asegurarnos de que todo aquel que quiera aplicar el procedimiento, entre dentro de los dos a\u00f1os. En el Consejo General nos propusimos que hubiera un proceso paralelo de recogida de datos, en el que la gente pudiera mostrar su inter\u00e9s en comenzar el proceso y que con este solo inter\u00e9s pudiera valer como punto de partida del proceso<\/em>\u00ab.&nbsp;<\/p>\n\n\n\n<p> <strong>Estos dias pasados Podemos Argentina  envio una carta  con reclamos como :<\/strong> \u00ab<strong>En Buenos Aires los turnos para la renovaci\u00f3n de pasaportes los est\u00e1n dando para enero de 2024&#8243;. A este respecto se le envi\u00f3 una carta al Director de Consulares. Tambi\u00e9n se le consult\u00f3 por detenidos en c\u00e1rceles argentinas. \u00bf Que opinas al respecto?<\/strong><\/p>\n\n\n\n<p>Casarejos sostiene que \u201c<em>lo que hay que hacer es denunciar el servicio penoso que se est\u00e1 dando en estos casos. En el consulado que a m\u00ed me ata\u00f1e, que es Manchester, si quiero reservar una cita para sacar el pasaporte probablemente pueda tener cita en los pr\u00f3ximos tres d\u00edas. Es un fallo de gesti\u00f3n por parte de los consulados. Los consulados no se den cuenta de que est\u00e1n para servir a los ciudadanos espa\u00f1oles y el servicio que nos tienen que dar es acorde al pa\u00eds del que estamos hablando.<\/em><\/p>\n\n\n\n<figure class=\"wp-block-pullquote\"><blockquote><p>\u00abNuestros ciudadanos est\u00e1n secuestrados en ciertos pa\u00edses, porque no se les hace el tr\u00e1mite que deber\u00eda ser inmediato. La \u00fanica soluci\u00f3n es que se pongan m\u00e1s medios\u00bb<\/p><cite>David Casarejos<\/cite><\/blockquote><\/figure>\n\n\n\n<p><em> Estamos muy contentos de ser espa\u00f1oles y europeos, pero tenemos que serlo para todo. <strong>En aquellos pa\u00edses en los que hay problemas en la ejecuci\u00f3n de pasaportes y hay que esperar m\u00e1s de un par de meses, evidentemente el gobierno espa\u00f1ol tiene que mirar los recursos consulares que hay en estos sitios y de manera urgente tienen que equipar estos consulados para poder agilizar los tr\u00e1mites.<\/strong> <strong>Nuestros ciudadanos est\u00e1n secuestrados en ciertos pa\u00edses, porque no se les hace el tr\u00e1mite que deber\u00eda ser inmediato. La \u00fanica soluci\u00f3n es que se pongan m\u00e1s medios\u00bb<\/strong>.\u00a0<\/em><\/p>\n\n\n\n<p><strong>El art\u00edculo 3 del Real Decreto 896, del a\u00f1o 2003, establece que en extranjero, los \u00f3rganos competentes para la gesti\u00f3n y expedici\u00f3n del pasaporte son las representaciones diplom\u00e1ticas y consulares de Espa\u00f1a. Por lo que se podr\u00eda proceder a la habilitaci\u00f3n excepcional de unidades administrativas para la tramitaci\u00f3n del pasaporte tanto en embajadas como en consulados, duplicando as\u00ed la capacidad de actuaci\u00f3n. Excepcional porque el art\u00edculo 4 de la Convenci\u00f3n de Viena incide en que para esto es necesario el consentimiento expreso del estado receptor. En el art\u00edculo 73 de la misma convenci\u00f3n permite establecer otros acuerdos internacionales entre estados que completen las funciones de los consulados.&nbsp;<\/strong><\/p>\n\n\n\n<figure class=\"wp-block-pullquote\"><blockquote><p>\u201c<strong><em>Estamos en un problema de discriminaci\u00f3n con nuestra ciudadan\u00eda fuera de Europa<\/em>\u201d,<\/strong><\/p><\/blockquote><\/figure>\n\n\n\n<p>Si bien lo antedicho est\u00e1 contemplado en los art\u00edculos de los reales decretos, en la pr\u00e1ctica no se est\u00e1 ejecutando. \u201c<strong><em>Estamos en un problema de discriminaci\u00f3n con nuestra ciudadan\u00eda fuera de Europa<\/em><\/strong><strong>\u201d,<\/strong> sostiene Casarejos a este respecto. \u201c<strong><em>Los que estamos en Europa estamos a un golpe de avi\u00f3n de poder viajar a Espa\u00f1a, y todos los que estamos en Europa, aparte de tener pasaporte, solemos tener DNI, con lo cual tambi\u00e9n se nos permite el viaje con el DNI. Los ciudadanos que vivimos en el exterior tenemos derecho a ser atendidos en cualquier comisar\u00eda sin necesidad de cita previa para sacar el DNI o el pasaporte. La cita previa no es obligatoria para los que vivimos en el exterior si podemos demostrar que estamos solo por un n\u00famero de d\u00edas y que no hemos podido reservar cita previa. Nos tienen que hacer un hueco ese d\u00eda para hacer los tr\u00e1mites. En estos casos en los que no se est\u00e1n cumpliendo las normas, Exteriores deber\u00eda actuar de manera urgente, incrementando los recursos o viendo qu\u00e9 opciones hay para que desde otros consulados se les pueda ayudar; incluso desde la embajada.<\/em><\/strong><strong>&nbsp;<\/strong><\/p>\n\n\n\n<figure class=\"wp-block-pullquote\"><blockquote><p>Casarejos inform\u00f3 que el Consejo General se reunir\u00e1 a finales de diciembre en Madrid con el fin de elevar un comunicado en relaci\u00f3n a los problemas de demoras en los tr\u00e1mites de renovaci\u00f3n de pasaporte. \u201c<\/p><\/blockquote><\/figure>\n\n\n\n<p>Casarejos inform\u00f3 que el Consejo General se reunir\u00e1 a finales de diciembre en Madrid con el fin de elevar un comunicado en relaci\u00f3n a los problemas de demoras en los tr\u00e1mites de renovaci\u00f3n de pasaporte. \u201c<em><strong>Creo que desde los CREs tenemos que ayudar a dar la informaci\u00f3n a nuestra ciudadan\u00eda. Si sus pasaportes van a caducar en los pr\u00f3ximos doce meses, pueden sacar ya el nuevo pasaporte manteniendo la fecha. Este tipo de informaci\u00f3n ayudar\u00eda a solventar algunos de estos problemas\u201d<\/strong><\/em><\/p>\n\n\n\n<figure class=\"wp-block-image size-large\"><img decoding=\"async\" width=\"1960\" height=\"1470\" src=\"http:\/\/xn--tuvozdiasporaespaola-k7b.com\/wp-content\/uploads\/2022\/12\/1490719966_497975_1490769238_noticia_fotograma7301547428672795470.jpg?w=1024\" alt=\"\" class=\"wp-image-821\" srcset=\"https:\/\/xn--tuvozdiasporaespaola-k7b.com\/wp-content\/uploads\/2022\/12\/1490719966_497975_1490769238_noticia_fotograma7301547428672795470.jpg 1960w, https:\/\/xn--tuvozdiasporaespaola-k7b.com\/wp-content\/uploads\/2022\/12\/1490719966_497975_1490769238_noticia_fotograma7301547428672795470-300x225.jpg 300w, https:\/\/xn--tuvozdiasporaespaola-k7b.com\/wp-content\/uploads\/2022\/12\/1490719966_497975_1490769238_noticia_fotograma7301547428672795470-1024x768.jpg 1024w, https:\/\/xn--tuvozdiasporaespaola-k7b.com\/wp-content\/uploads\/2022\/12\/1490719966_497975_1490769238_noticia_fotograma7301547428672795470-768x576.jpg 768w, https:\/\/xn--tuvozdiasporaespaola-k7b.com\/wp-content\/uploads\/2022\/12\/1490719966_497975_1490769238_noticia_fotograma7301547428672795470-1568x1176.jpg 1568w\" sizes=\"(max-width: 1960px) 100vw, 1960px\" \/><figcaption class=\"wp-element-caption\">David Casarejos,  Presidente de Comisi\u00f3n de Derechos Civiles y de Participaci\u00f3n del Consejo General de la Ciudadan\u00eda de Espa\u00f1oles en el Exterior  <\/figcaption><\/figure>\n\n\n\n<p>En relaci\u00f3n a detenidos espa\u00f1oles en penitenciar\u00edas en el exterior, que esperan ser extraditados a Espa\u00f1a, Casarejos dijo que \u201c<em>Es un problema que tambi\u00e9n estamos empezando a tener en Reino Unido. Al haber dejado de ser miembro de la Uni\u00f3n Europea, aqu\u00ed las repatriaciones no son tan r\u00e1pidas como era antes entre pa\u00edses de la Uni\u00f3n Europea. La Fundaci\u00f3n \u201cM\u00e1s 34\u201d,<\/em> con la que he estado en contacto, se encarga de ayudar a nuestros presos en el exterior asegur\u00e1ndose de que no tienen problemas m\u00e9dicos, si los tienen, que puedan tener la medicaci\u00f3n adecuada, se les visita, etc, etc. Me imagino que esta fundaci\u00f3n estar\u00e1 enterada de este problema. Igualmente, desde el Consejo General lo que necesitamos es saber de esta problem\u00e1tica para poder elevarla al Ministerio de la manera correcta.&nbsp;&nbsp;&nbsp;<\/p>\n\n\n\n<p>Por Walter Medina ,Redacci\u00f3n Revista TU VOZ Delegaci\u00f3n Argentina.<\/p>\n","protected":false},"excerpt":{"rendered":"<p>Durante una entrevista concedida al programa radial \u201cCenizas de Babilonia. Di\u00e1spora Espa\u00f1ola\u201d -que emite AM570. Radio Argentina- el Presidente de la Comisi\u00f3n de Derechos &#8230; <\/p>\n<p class=\"read-more-container\"><a title=\"\u201cNuestros ciudadanos est\u00e1n secuestrados en ciertos pa\u00edses porque no se les hace el tr\u00e1mite que deber\u00eda ser inmediato\u201d\" class=\"read-more button\" href=\"https:\/\/xn--tuvozdiasporaespaola-k7b.com\/page\/2\/nuestros-ciudadanos-estan-secuestrados-en-ciertos-paises-porque-no-se-les-hace-el-tramite-que-deberia-ser-inmediato\/#more-822\" aria-label=\"M\u00e1s en \u201cNuestros ciudadanos est\u00e1n secuestrados en ciertos pa\u00edses porque no se les hace el tr\u00e1mite que deber\u00eda ser inmediato\u201d\">Leer m\u00e1s<\/a><\/p>\n","protected":false},"author":222560522,"featured_media":0,"comment_status":"open","ping_status":"open","sticky":false,"template":"","format":"standard","meta":{"footnotes":""},"categories":[1771],"tags":[],"class_list":["post-822","post","type-post","status-publish","format-standard","hentry","category-sociales"],"_links":{"self":[{"href":"https:\/\/xn--tuvozdiasporaespaola-k7b.com\/page\/2\/wp-json\/wp\/v2\/posts\/822","targetHints":{"allow":["GET"]}}],"collection":[{"href":"https:\/\/xn--tuvozdiasporaespaola-k7b.com\/page\/2\/wp-json\/wp\/v2\/posts"}],"about":[{"href":"https:\/\/xn--tuvozdiasporaespaola-k7b.com\/page\/2\/wp-json\/wp\/v2\/types\/post"}],"author":[{"embeddable":true,"href":"https:\/\/xn--tuvozdiasporaespaola-k7b.com\/page\/2\/wp-json\/wp\/v2\/users\/222560522"}],"replies":[{"embeddable":true,"href":"https:\/\/xn--tuvozdiasporaespaola-k7b.com\/page\/2\/wp-json\/wp\/v2\/comments?post=822"}],"version-history":[{"count":0,"href":"https:\/\/xn--tuvozdiasporaespaola-k7b.com\/page\/2\/wp-json\/wp\/v2\/posts\/822\/revisions"}],"wp:attachment":[{"href":"https:\/\/xn--tuvozdiasporaespaola-k7b.com\/page\/2\/wp-json\/wp\/v2\/media?parent=822"}],"wp:term":[{"taxonomy":"category","embeddable":true,"href":"https:\/\/xn--tuvozdiasporaespaola-k7b.com\/page\/2\/wp-json\/wp\/v2\/categories?post=822"},{"taxonomy":"post_tag","embeddable":true,"href":"https:\/\/xn--tuvozdiasporaespaola-k7b.com\/page\/2\/wp-json\/wp\/v2\/tags?post=822"}],"curies":[{"name":"wp","href":"https:\/\/api.w.org\/{rel}","templated":true}]}}