{"id":816,"date":"2022-12-12T15:03:50","date_gmt":"2022-12-12T18:03:50","guid":{"rendered":"https:\/\/xn--tuvozdiasporaespaola-k7b.com\/?p=816"},"modified":"2022-12-12T15:03:59","modified_gmt":"2022-12-12T18:03:59","slug":"manifiesto-12-de-diciembre-dia-de-homenaje-a-las-victimas-del-franquismo","status":"publish","type":"post","link":"https:\/\/xn--tuvozdiasporaespaola-k7b.com\/page\/2\/manifiesto-12-de-diciembre-dia-de-homenaje-a-las-victimas-del-franquismo\/","title":{"rendered":"Manifiesto 12 de Diciembre. D\u00eda de Homenaje a las V\u00edctimas del Franquismo"},"content":{"rendered":"\n<p><strong>Manifiesto 12 de diciembre<\/strong><\/p>\n\n\n\n<p><strong>Homenaje a las v\u00edctimas de la dictadura franquista<\/strong><\/p>\n\n\n\n<p>El 12 de diciembre de 1946, se aprob\u00f3 la&nbsp;<strong>Resoluci\u00f3n 39(I) de la Asamblea General de la ONU sobre la cuesti\u00f3n&nbsp;<\/strong><strong>espa\u00f1ola&nbsp;<\/strong>en la que, entre otras cosas, se dice:<\/p>\n\n\n\n<p><em>\u201cEn origen, naturaleza, estructura y conducta general, el r\u00e9gimen de Franco es un&nbsp;<strong>r\u00e9gimen de car\u00e1cter fascista<\/strong>, establecido en gran parte gracias a la ayuda recibida de la Alemania nazi de Hitler y de la Italia fascista de Mussolini.\u201d<\/em><\/p>\n\n\n\n<p>Tambi\u00e9n se\u00f1ala la ayuda que Franco hab\u00eda dado a las potencias enemigas del Eje, con la Divisi\u00f3n Azul, la Legi\u00f3n espa\u00f1ola y la Escuadrilla A\u00e9rea Salvador que participaron en el frente oriental contra la Rusia sovi\u00e9tica, as\u00ed como la toma de T\u00e1nger en violaci\u00f3n del estatuto internacional, que provoc\u00f3 la movilizaci\u00f3n de las tropas aliadas en el norte de \u00c1frica. Y acusa a Franco de formar parte, junto a Hitler y Mussolini, de la conspiraci\u00f3n de guerra contra los pa\u00edses aliados.<\/p>\n\n\n\n<figure class=\"wp-block-embed is-type-rich is-provider-twitter wp-block-embed-twitter\"><div class=\"wp-block-embed__wrapper\">\n<blockquote class=\"twitter-tweet\" data-width=\"550\" data-dnt=\"true\"><p lang=\"zxx\" dir=\"ltr\"><a href=\"https:\/\/t.co\/H6kXl8oYNt\">https:\/\/t.co\/H6kXl8oYNt<\/a><\/p>&mdash; RED C\u00cdRCULOS PODEMOS LATINOAMERICA (@RedPodemosLatam) <a href=\"https:\/\/twitter.com\/RedPodemosLatam\/status\/1602362356021039105?ref_src=twsrc%5Etfw\">December 12, 2022<\/a><\/blockquote><script async src=\"https:\/\/platform.twitter.com\/widgets.js\" charset=\"utf-8\"><\/script>\n<\/div><\/figure>\n\n\n\n<p>Previamente, en la Conferencia de San Francisco (Conferencia de las Naciones Unidas sobre Organizaci\u00f3n Internacional, mayo 1945), ya se hab\u00eda condenado al r\u00e9gimen de Franco y se hab\u00eda denegado la admisi\u00f3n de Espa\u00f1a en el seno de las Naciones Unidas. Hab\u00eda pasado muy poco tiempo desde el triunfo de los sovi\u00e9ticos y aliados contra los nazifascistas en la II Guerra Mundial y ese esp\u00edritu antifascista hab\u00eda propiciado el avance sobre los derechos humanos y la democracia. Sin embargo, nueve a\u00f1os despu\u00e9s, en diciembre de 1954, EEUU impuso la admisi\u00f3n del r\u00e9gimen de Franco en la ONU, tras la firma un a\u00f1o antes de los pactos hispano-norteamericanos y del Concordato con el Vaticano, algo que entraba dentro de las necesidades geopol\u00edticas de la Guerra Fr\u00eda. El pueblo espa\u00f1ol, de nuevo, fue abandonado a su suerte por las democracias occidentales en manos de la dictadura militar franquista.<\/p>\n\n\n\n<p>A pesar de ello, la fecha del&nbsp;<strong>12 de diciembre de 1946<\/strong>&nbsp;ha quedado como hito del apoyo internacional al pueblo espa\u00f1ol frente a una de las dictaduras m\u00e1s largas, crueles y sanguinarias que se han conocido y, por ello, las organizaciones representadas en el Encuentro de asociaciones memorialistas y de v\u00edctimas del franquismo la reivindicamos como&nbsp;<strong>digna fecha de homenaje<\/strong>&nbsp;a todas ellas<\/p>\n\n\n\n<p>.<\/p>\n\n\n\n<figure class=\"wp-block-image size-large\"><img fetchpriority=\"high\" decoding=\"async\" width=\"1200\" height=\"628\" src=\"http:\/\/xn--tuvozdiasporaespaola-k7b.com\/wp-content\/uploads\/2022\/12\/8a946a8a-e99d-4680-860a-b80ceb18f927_twitter-aspect-ratio_default_0166010117731793563.jpg?w=1024\" alt=\"\" class=\"wp-image-817\" srcset=\"https:\/\/xn--tuvozdiasporaespaola-k7b.com\/wp-content\/uploads\/2022\/12\/8a946a8a-e99d-4680-860a-b80ceb18f927_twitter-aspect-ratio_default_0166010117731793563.jpg 1200w, https:\/\/xn--tuvozdiasporaespaola-k7b.com\/wp-content\/uploads\/2022\/12\/8a946a8a-e99d-4680-860a-b80ceb18f927_twitter-aspect-ratio_default_0166010117731793563-300x157.jpg 300w, https:\/\/xn--tuvozdiasporaespaola-k7b.com\/wp-content\/uploads\/2022\/12\/8a946a8a-e99d-4680-860a-b80ceb18f927_twitter-aspect-ratio_default_0166010117731793563-1024x536.jpg 1024w, https:\/\/xn--tuvozdiasporaespaola-k7b.com\/wp-content\/uploads\/2022\/12\/8a946a8a-e99d-4680-860a-b80ceb18f927_twitter-aspect-ratio_default_0166010117731793563-768x402.jpg 768w\" sizes=\"(max-width: 1200px) 100vw, 1200px\" \/><\/figure>\n\n\n\n<p>El&nbsp;<strong>Encuentro de asociaciones memorialistas y de v\u00edctimas del franquismo<\/strong>, manifestamos en su momento que no est\u00e1bamos de acuerdo con que la fecha en la que se aprob\u00f3, en 1978, la Constituci\u00f3n espa\u00f1ola por las Cortes, el 31 de octubre se estableciera por la Ley 20\/2022 de Memoria Democr\u00e1tica como \u201cd\u00eda de recuerdo y homenaje a todas las v\u00edctimas\u201d (y tambi\u00e9n lo hicimos patente en nuestras sugerencias y enmiendas al proyecto de ley), por considerar que el proceso constituyente estuvo marcado por la perpetuaci\u00f3n de los mismos poderes f\u00e1cticos del r\u00e9gimen de Franco, y su impunidad derivada de la Amnist\u00eda del a\u00f1o 1977, y, debido a ello, en dicha Constituci\u00f3n no se conden\u00f3 a la dictadura franquista, manteni\u00e9ndose a sus v\u00edctimas en la indefensi\u00f3n y negaci\u00f3n del acceso a la justicia.<\/p>\n\n\n\n<p>A\u00fan est\u00e1 por conseguirse que se cumplan los cuatro principios fundamentales de la justicia transicional seg\u00fan el Derecho Internacional Humanitario y el Derecho Internacional de Derechos Humanos: verdad, justicia, reparaci\u00f3n y garant\u00edas de no repetici\u00f3n. En la Ley 20\/2022, a pesar de los avances que supone respecto a la anterior Ley de Memoria Hist\u00f3rica, estos derechos no est\u00e1n del todo asegurados \u2013en especial el derecho a la justicia\u2013, lo que permite el mantenimiento de la impunidad del franquismo. A\u00fan as\u00ed, vamos a seguir peleando para que se cumpla esta ley y no se quede en agua de borrajas como la anterior. Adem\u00e1s, conviene recordar que las pol\u00edticas de memoria democr\u00e1tica son pol\u00edticas de Estado, no de partidos ni gobiernos, tal y como han dejado dicho los Relatores Especiales de la ONU para la promoci\u00f3n de la verdad, la justica, la reparaci\u00f3n y las garant\u00edas de no repetici\u00f3n.<\/p>\n\n\n\n<p>Por otra parte, la actual paralizaci\u00f3n injustificada de la tramitaci\u00f3n y aprobaci\u00f3n de la Ley de Beb\u00e9s Robados en el Congreso, contribuye adicionalmente al mantenimiento de esa impunidad sobre unos cr\u00edmenes execrables que siguieron cometi\u00e9ndose hasta bien entrada la democracia.<\/p>\n\n\n\n<figure class=\"wp-block-image size-large\"><img decoding=\"async\" width=\"513\" height=\"221\" src=\"http:\/\/xn--tuvozdiasporaespaola-k7b.com\/wp-content\/uploads\/2022\/12\/screenshot_20221212-145706_chrome7909584156217691350.jpg?w=513\" alt=\"\" class=\"wp-image-815\" srcset=\"https:\/\/xn--tuvozdiasporaespaola-k7b.com\/wp-content\/uploads\/2022\/12\/screenshot_20221212-145706_chrome7909584156217691350.jpg 513w, https:\/\/xn--tuvozdiasporaespaola-k7b.com\/wp-content\/uploads\/2022\/12\/screenshot_20221212-145706_chrome7909584156217691350-300x129.jpg 300w\" sizes=\"(max-width: 513px) 100vw, 513px\" \/><\/figure>\n\n\n\n<p>Por ello, en esta fecha en que simb\u00f3licamente reivindicamos la memoria de las v\u00edctimas del franquismo, reafirmamos que la<strong>&nbsp;lucha contra la impunidad<\/strong>&nbsp;de los delitos de lesa humanidad cometidos durante la dictadura y la transici\u00f3n entronca claramente con el resto de las luchas por los derechos humanos, pol\u00edticos y sociales y, por ello, la convierte en&nbsp;<strong>una lucha del presente<\/strong>, fundamental para conseguir la democracia de calidad que nos merecemos tras tantos a\u00f1os de lucha.<\/p>\n\n\n\n<p>12 de diciembre de 2022<\/p>\n\n\n\n<p>Redacci\u00f3n Revista TU VOZ . <\/p>\n\n\n\n<p>FUENTE: P\u00e1gina encuentro por la Memoria.<\/p>\n\n\n\n<p><\/p>\n\n\n\n<p><\/p>\n","protected":false},"excerpt":{"rendered":"<p>Manifiesto 12 de diciembre Homenaje a las v\u00edctimas de la dictadura franquista El 12 de diciembre de 1946, se aprob\u00f3 la&nbsp;Resoluci\u00f3n 39(I) de la &#8230; <\/p>\n<p class=\"read-more-container\"><a title=\"Manifiesto 12 de Diciembre. D\u00eda de Homenaje a las V\u00edctimas del Franquismo\" class=\"read-more button\" href=\"https:\/\/xn--tuvozdiasporaespaola-k7b.com\/page\/2\/manifiesto-12-de-diciembre-dia-de-homenaje-a-las-victimas-del-franquismo\/#more-816\" aria-label=\"M\u00e1s en Manifiesto 12 de Diciembre. D\u00eda de Homenaje a las V\u00edctimas del Franquismo\">Leer m\u00e1s<\/a><\/p>\n","protected":false},"author":222560522,"featured_media":0,"comment_status":"open","ping_status":"open","sticky":false,"template":"","format":"standard","meta":{"footnotes":""},"categories":[1771],"tags":[],"class_list":["post-816","post","type-post","status-publish","format-standard","hentry","category-sociales"],"_links":{"self":[{"href":"https:\/\/xn--tuvozdiasporaespaola-k7b.com\/page\/2\/wp-json\/wp\/v2\/posts\/816","targetHints":{"allow":["GET"]}}],"collection":[{"href":"https:\/\/xn--tuvozdiasporaespaola-k7b.com\/page\/2\/wp-json\/wp\/v2\/posts"}],"about":[{"href":"https:\/\/xn--tuvozdiasporaespaola-k7b.com\/page\/2\/wp-json\/wp\/v2\/types\/post"}],"author":[{"embeddable":true,"href":"https:\/\/xn--tuvozdiasporaespaola-k7b.com\/page\/2\/wp-json\/wp\/v2\/users\/222560522"}],"replies":[{"embeddable":true,"href":"https:\/\/xn--tuvozdiasporaespaola-k7b.com\/page\/2\/wp-json\/wp\/v2\/comments?post=816"}],"version-history":[{"count":0,"href":"https:\/\/xn--tuvozdiasporaespaola-k7b.com\/page\/2\/wp-json\/wp\/v2\/posts\/816\/revisions"}],"wp:attachment":[{"href":"https:\/\/xn--tuvozdiasporaespaola-k7b.com\/page\/2\/wp-json\/wp\/v2\/media?parent=816"}],"wp:term":[{"taxonomy":"category","embeddable":true,"href":"https:\/\/xn--tuvozdiasporaespaola-k7b.com\/page\/2\/wp-json\/wp\/v2\/categories?post=816"},{"taxonomy":"post_tag","embeddable":true,"href":"https:\/\/xn--tuvozdiasporaespaola-k7b.com\/page\/2\/wp-json\/wp\/v2\/tags?post=816"}],"curies":[{"name":"wp","href":"https:\/\/api.w.org\/{rel}","templated":true}]}}