{"id":811,"date":"2022-12-12T00:44:19","date_gmt":"2022-12-12T03:44:19","guid":{"rendered":"https:\/\/xn--tuvozdiasporaespaola-k7b.com\/?p=811"},"modified":"2022-12-12T00:45:31","modified_gmt":"2022-12-12T03:45:31","slug":"el-inmediato-cierre-del-congreso-liberacion-y-restitucion-en-el-cargo-de-pedro-castillo-junto-a-una-nueva-constitucion","status":"publish","type":"post","link":"https:\/\/xn--tuvozdiasporaespaola-k7b.com\/page\/2\/el-inmediato-cierre-del-congreso-liberacion-y-restitucion-en-el-cargo-de-pedro-castillo-junto-a-una-nueva-constitucion\/","title":{"rendered":"El inmediato cierre del Congreso y la liberaci\u00f3n y restituci\u00f3n en el cargo de Pedro Castillo junto a una Nueva Constituci\u00f3n."},"content":{"rendered":"\n<p>Peruanos Autoconvocados en Argentina  emitieron una nota de prensa en la que denuncian el apresamiento del presidente Castillo y exigen su libertad.<\/p>\n\n\n\n<p>Dicho comunicado se lo pasamos completo para si divulgaci\u00f3n.<\/p>\n\n\n\n<p><em>Ciudad Aut\u00f3noma de Buenos Aires, Argentina 10 de diciembre de 2022<\/em><br \/><strong>COMUNICADO<\/strong><br \/> Nos encontramos en la obligaci\u00f3n de pronunciarnos en relaci\u00f3n a la crisis pol\u00edtica actual que est\u00e1 viviendo nuestro querido Per\u00fa.<br \/>Consideramos que la decisi\u00f3n del presidente Pedro Castillo Terrones de cerrar el congreso fue la \u00fanica respuesta posible a las distintas acciones ilegales y actos ileg\u00edtimos llevados adelante por el Congreso de la Rep\u00fablica y el Tribunal Constitucional.<br \/>Algunas de ellas fueron:<br \/>-La obstaculizaci\u00f3n permanente al presidente electo por la voluntad popular desde el primer d\u00eda, rechazando 70 proyectos de ley enviados, as\u00ed como no permitiendo viajes al exterior del primer mandatario, bloqueando as\u00ed completamente el ejercicio del poder ejecutivo.<br \/>-Los tres intentos de vacancia al presidente electo.<br \/>-Negarse a debatir la \u00faltima Cuesti\u00f3n de confianza enviada por el ejecutivo al Congreso.<br \/>-La decisi\u00f3n del Tribunal Constitucional de no considerar rechazada la Cuesti\u00f3n de confianza que dicho \u00f3rgano se neg\u00f3 a debatir.<\/p>\n\n\n\n<figure class=\"wp-block-image size-large\"><img fetchpriority=\"high\" decoding=\"async\" width=\"1280\" height=\"960\" src=\"http:\/\/xn--tuvozdiasporaespaola-k7b.com\/wp-content\/uploads\/2022\/12\/img-20221210-wa00355490095385310443776.jpg?w=1024\" alt=\"\" class=\"wp-image-808\" srcset=\"https:\/\/xn--tuvozdiasporaespaola-k7b.com\/wp-content\/uploads\/2022\/12\/img-20221210-wa00355490095385310443776.jpg 1280w, https:\/\/xn--tuvozdiasporaespaola-k7b.com\/wp-content\/uploads\/2022\/12\/img-20221210-wa00355490095385310443776-300x225.jpg 300w, https:\/\/xn--tuvozdiasporaespaola-k7b.com\/wp-content\/uploads\/2022\/12\/img-20221210-wa00355490095385310443776-1024x768.jpg 1024w, https:\/\/xn--tuvozdiasporaespaola-k7b.com\/wp-content\/uploads\/2022\/12\/img-20221210-wa00355490095385310443776-768x576.jpg 768w\" sizes=\"(max-width: 1280px) 100vw, 1280px\" \/><figcaption class=\"wp-element-caption\">Embajada de Per\u00fa en Buenos Aires, Argentina <\/figcaption><\/figure>\n\n\n\n<p>Clausurando en los hechos toda posibilidad de cierre del Congreso por v\u00eda constitucional.<br \/>Todo lo mencionado se desarrolla en el contexto de la vigencia de una Constituci\u00f3n redactada por la dictadura Fujimorista neoliberal que ha recibido a lo largo de las \u00faltimas d\u00e9cadas incontables reformas por parte del congreso, generando el pasaje de una dictadura Fujimorista ejercida por el ejecutivo a una Dictadura fujimorista Congresal. Todo ello hizo posible la aplicaci\u00f3n de un modelo neoliberal que ha empobrecido a las mayor\u00edas y enriquecido a unas pocas corporaciones monop\u00f3licas nacionales y extranjeras.<\/p>\n\n\n\n<figure class=\"wp-block-image size-large\"><img decoding=\"async\" width=\"1080\" height=\"1344\" src=\"http:\/\/xn--tuvozdiasporaespaola-k7b.com\/wp-content\/uploads\/2022\/12\/screenshot_20221212-003913_whatsapp1861186190055356895.jpg?w=823\" alt=\"\" class=\"wp-image-810\" srcset=\"https:\/\/xn--tuvozdiasporaespaola-k7b.com\/wp-content\/uploads\/2022\/12\/screenshot_20221212-003913_whatsapp1861186190055356895.jpg 1080w, https:\/\/xn--tuvozdiasporaespaola-k7b.com\/wp-content\/uploads\/2022\/12\/screenshot_20221212-003913_whatsapp1861186190055356895-241x300.jpg 241w, https:\/\/xn--tuvozdiasporaespaola-k7b.com\/wp-content\/uploads\/2022\/12\/screenshot_20221212-003913_whatsapp1861186190055356895-823x1024.jpg 823w, https:\/\/xn--tuvozdiasporaespaola-k7b.com\/wp-content\/uploads\/2022\/12\/screenshot_20221212-003913_whatsapp1861186190055356895-768x956.jpg 768w\" sizes=\"(max-width: 1080px) 100vw, 1080px\" \/><figcaption class=\"wp-element-caption\">Hacemos un llamado a todas las organizaciones de Argentina que quieran solidarizarse con las causas justas del pueblo peruano, para que puedan solidarizarse y acompa\u00f1arnos el mi\u00e9rcoles a las 18:00 afuera de la embajada del Per\u00fa en Argentina.<\/figcaption><\/figure>\n\n\n\n<p> El principal aliado en este esquema de poder ha sido el Tribunal Constitucional que es elegido exclusivamente por el Congreso desde el a\u00f1o 1996.<br \/>Considerando que el pueblo peruano ha declarado abiertamente su opini\u00f3n en las calles, declarando que no reconocen a Dina Boluarte como presidenta del Per\u00fa, quien ha incumplido su promesa de renunciar en caso de que el presidente fuera vacado. Lo presente se da con el agravante de que una vez asumido su cargo ha expresado la necesidad de entrar en una <strong>\u201ctregua y unidad nacional\u201d <\/strong>con los sectores de poder que han realizado el <strong>golpe de Estado a Castillo (Congreso, Fuerzas Armadas, Tribunal Constitucional y Monopolios<\/strong>). Es decir se ha rendido en lugar de iniciar un plan de gobierno para cerrar el Congreso, Reformar la Constituci\u00f3n y exigir la liberaci\u00f3n del presidente que confi\u00f3 en ella para acompa\u00f1arlo.<\/p>\n\n\n\n<figure class=\"wp-block-image size-large\"><img decoding=\"async\" width=\"827\" height=\"835\" src=\"http:\/\/xn--tuvozdiasporaespaola-k7b.com\/wp-content\/uploads\/2022\/12\/screenshot_20221212-003834_whatsapp7217623702248183875.jpg?w=827\" alt=\"\" class=\"wp-image-809\" srcset=\"https:\/\/xn--tuvozdiasporaespaola-k7b.com\/wp-content\/uploads\/2022\/12\/screenshot_20221212-003834_whatsapp7217623702248183875.jpg 827w, https:\/\/xn--tuvozdiasporaespaola-k7b.com\/wp-content\/uploads\/2022\/12\/screenshot_20221212-003834_whatsapp7217623702248183875-297x300.jpg 297w, https:\/\/xn--tuvozdiasporaespaola-k7b.com\/wp-content\/uploads\/2022\/12\/screenshot_20221212-003834_whatsapp7217623702248183875-150x150.jpg 150w, https:\/\/xn--tuvozdiasporaespaola-k7b.com\/wp-content\/uploads\/2022\/12\/screenshot_20221212-003834_whatsapp7217623702248183875-768x775.jpg 768w\" sizes=\"(max-width: 827px) 100vw, 827px\" \/><\/figure>\n\n\n\n<p>Giovana&nbsp; Bendezu Aquino. Portavoz de Peruanos Autoconvocados , Redacci\u00f3n de Revista TU VOZ. <\/p>\n\n\n\n<p><strong>NOTA: El c\u00edrculo de Podemos Argentina Provincias acompa\u00f1ar\u00e1 las acciones que se realizan junto a los y las compa\u00f1eras de la Patria Grande y movimientos progresistas.<\/strong><\/p>\n","protected":false},"excerpt":{"rendered":"<p>Peruanos Autoconvocados en Argentina emitieron una nota de prensa en la que denuncian el apresamiento del presidente Castillo y exigen su libertad. Dicho comunicado &#8230; <\/p>\n<p class=\"read-more-container\"><a title=\"El inmediato cierre del Congreso y la liberaci\u00f3n y restituci\u00f3n en el cargo de Pedro Castillo junto a una Nueva Constituci\u00f3n.\" class=\"read-more button\" href=\"https:\/\/xn--tuvozdiasporaespaola-k7b.com\/page\/2\/el-inmediato-cierre-del-congreso-liberacion-y-restitucion-en-el-cargo-de-pedro-castillo-junto-a-una-nueva-constitucion\/#more-811\" aria-label=\"M\u00e1s en El inmediato cierre del Congreso y la liberaci\u00f3n y restituci\u00f3n en el cargo de Pedro Castillo junto a una Nueva Constituci\u00f3n.\">Leer m\u00e1s<\/a><\/p>\n","protected":false},"author":222560522,"featured_media":0,"comment_status":"open","ping_status":"open","sticky":false,"template":"","format":"standard","meta":{"footnotes":""},"categories":[1771],"tags":[],"class_list":["post-811","post","type-post","status-publish","format-standard","hentry","category-sociales"],"_links":{"self":[{"href":"https:\/\/xn--tuvozdiasporaespaola-k7b.com\/page\/2\/wp-json\/wp\/v2\/posts\/811","targetHints":{"allow":["GET"]}}],"collection":[{"href":"https:\/\/xn--tuvozdiasporaespaola-k7b.com\/page\/2\/wp-json\/wp\/v2\/posts"}],"about":[{"href":"https:\/\/xn--tuvozdiasporaespaola-k7b.com\/page\/2\/wp-json\/wp\/v2\/types\/post"}],"author":[{"embeddable":true,"href":"https:\/\/xn--tuvozdiasporaespaola-k7b.com\/page\/2\/wp-json\/wp\/v2\/users\/222560522"}],"replies":[{"embeddable":true,"href":"https:\/\/xn--tuvozdiasporaespaola-k7b.com\/page\/2\/wp-json\/wp\/v2\/comments?post=811"}],"version-history":[{"count":0,"href":"https:\/\/xn--tuvozdiasporaespaola-k7b.com\/page\/2\/wp-json\/wp\/v2\/posts\/811\/revisions"}],"wp:attachment":[{"href":"https:\/\/xn--tuvozdiasporaespaola-k7b.com\/page\/2\/wp-json\/wp\/v2\/media?parent=811"}],"wp:term":[{"taxonomy":"category","embeddable":true,"href":"https:\/\/xn--tuvozdiasporaespaola-k7b.com\/page\/2\/wp-json\/wp\/v2\/categories?post=811"},{"taxonomy":"post_tag","embeddable":true,"href":"https:\/\/xn--tuvozdiasporaespaola-k7b.com\/page\/2\/wp-json\/wp\/v2\/tags?post=811"}],"curies":[{"name":"wp","href":"https:\/\/api.w.org\/{rel}","templated":true}]}}