{"id":8097,"date":"2025-04-08T04:49:09","date_gmt":"2025-04-08T07:49:09","guid":{"rendered":"https:\/\/xn--tuvozdiasporaespaola-k7b.com\/page\/2\/?p=8097"},"modified":"2025-04-08T04:54:41","modified_gmt":"2025-04-08T07:54:41","slug":"en-rosarioargentina-se-lanzo-una-nueva-expresion-del-peronismo","status":"publish","type":"post","link":"https:\/\/xn--tuvozdiasporaespaola-k7b.com\/page\/2\/en-rosarioargentina-se-lanzo-una-nueva-expresion-del-peronismo\/","title":{"rendered":"En Rosario(Argentina) se lanz\u00f3 una nueva expresi\u00f3n del peronismo."},"content":{"rendered":"\n<p>Redacci\u00f3n de la Revista TU VOZ, Rosario,  Argentina <\/p>\n\n\n\n<p>Uno de esos signos de esta nueva alternativa pol\u00edtica es Jes\u00fas Rivero precandidato a concejal en la lista QTP ( M\u00e1s para Santa Fe).<\/p>\n\n\n\n<p>Jes\u00fas Rivero, es escritor, activista pol\u00edtico y fundador del Frente de Liberaci\u00f3n Socialista y militante de PODEMOS en Argentina, afirma que <strong>\u201cla decisi\u00f3n de participar en la interna del PJ con ocho listas para ocupar una banca en el Concejo Deliberante de la ciudad de Rosario, es una apuesta pol\u00edtica\u201d.<\/strong><\/p>\n\n\n\n<p>\u201c<strong>Vengo de los barrios, de las periferias de Rosario, de ese \u00faltimo eslab\u00f3n de la sociedad. No me pesa, es un orgullo para mi representar a los barrios, a los sectores m\u00e1s vulnerables. Mi intenci\u00f3n es materializar las demandas del Pueblo por las v\u00edas democr\u00e1ticas. Es decir, llevar al Pueblo al Concejo y el Concejo para los barrios\u201d.<\/strong><\/p>\n\n\n\n<figure class=\"wp-block-image size-large\"><img fetchpriority=\"high\" decoding=\"async\" width=\"1024\" height=\"655\" src=\"https:\/\/xn--tuvozdiasporaespaola-k7b.com\/wp-content\/uploads\/2025\/04\/1000175806-1024x655.jpg\" alt=\"\" class=\"wp-image-8098\" srcset=\"https:\/\/xn--tuvozdiasporaespaola-k7b.com\/wp-content\/uploads\/2025\/04\/1000175806-1024x655.jpg 1024w, https:\/\/xn--tuvozdiasporaespaola-k7b.com\/wp-content\/uploads\/2025\/04\/1000175806-300x192.jpg 300w, https:\/\/xn--tuvozdiasporaespaola-k7b.com\/wp-content\/uploads\/2025\/04\/1000175806-768x491.jpg 768w, https:\/\/xn--tuvozdiasporaespaola-k7b.com\/wp-content\/uploads\/2025\/04\/1000175806.jpg 1069w\" sizes=\"(max-width: 1024px) 100vw, 1024px\" \/><\/figure>\n\n\n\n<p>\u00ab<em>Hace tiempo vengo construyendo pol\u00edticas inclusivas con otros compa\u00f1eros de nuestro espacio pol\u00edtico, sumado a articulaciones con otras organizaciones e instituciones.Nuestro espacio esta constituido por compa\u00f1eras y compa\u00f1eros de la Facultad de Psicolog\u00eda y compa\u00f1eras y compa\u00f1eros de los barrios, con los cuales hacemos trabajo de territorio.<\/em><\/p>\n\n\n\n<p><em>En nuestros espacios comunitarios comenzamos satisfaciendo las necesidades b\u00e1sicas y sobre este sustrato material por medio de diversos dispositivos, entre ellos talleres de alfabetizaci\u00f3n y acompa\u00f1amiento escolar, crear conciencia social. Es un trabajo micropol\u00edtico pero con una conciencia macropol\u00edtica, teniendo en cuenta el contexto macro-econ\u00f3mico-pol\u00edtico y sus determinantes\u201d, <\/em>afirma Jes\u00fas Rivero.<\/p>\n\n\n\n<p>\u201c<em>Hay un resto que ha quedado por fuera del sistema y algo hay que hacer con eso. Son los nuevos n\u00f3madas del trabajo que con la revoluci\u00f3n tecnol\u00f3gica y el desplazamiento del trabajador (proletario) a quien le extra\u00edan el plus-valor para la maximizaci\u00f3n del capital, ha  sido  sustituido por los dispositivos tecnol\u00f3gicos. Es decir, no hay riesgo para los poseedores del capital. No hay sujeto activo (huelga) que obstaculice la maximizaci\u00f3n de su capital.<\/em><\/p>\n\n\n\n<p><em>Es volver a poner sobre la mesa la rueda del sistema, su funcionamiento, su objetivo. Un trabajo micro, con un objetivo macro. Describir y evidenciar la estrategia de un sistema que excluye a la mayor\u00eda a los mismos de siempre. Con una salvedad, que sus medios para llegar al objetivo que es la maximizaci\u00f3n del gran capital por medio del robo (estafa) estructural m\u00e1s grande que es la extracci\u00f3n del plus valor del proletario, no son s\u00f3lo las grandes industrias y m\u00e1quinas antiguas, ahora est\u00e1n los dispositivos tecnol\u00f3gicos.Una tarea muy dif\u00edcil, pero no imposible para aquellos que creemos en un mundo diferente, de todos. <\/em><\/p>\n\n\n\n<p><em>La actualidad nacional es distopica, no es una excepci\u00f3n, el mundo est\u00e1 distopico. Pero la renegociaci\u00f3n del gobierno argentino por medio del ministro de Econom\u00eda Luis Caputo, el mismo que endeudo al pueblo argentino por m\u00e1s de 47.000.000.000 millones de d\u00f3lares vuelve a repetir la  haza\u00f1a para que los fugadores seriales bicicleteen en cuentas extranjeras Off Shore. Los efectos son los mismos, quien paga lo impagable son los mismos, el Pueblo.<\/em><\/p>\n\n\n\n<p><em>En este sentido u otro, esta precandidatura tiene la intenci\u00f3n de seguir intentando lo que siempre hice, materializar las demandas del pueblo. Es decir conquistar, garantizar y legitimar derechos, pero por otros medios, los canales legislativos.  Como sea seguiremos intentando. Una de nuestras premisas universales, es el registro del otro, la inclusi\u00f3n, la dignidad. Siempre lo intentamos por fuera de las instituciones, ha llegado el momento de intentarlo por dentro de las mismas<\/em>\u00ab, sentencia Jes\u00fas Rivero.<\/p>\n\n\n\n<figure class=\"wp-block-image size-large\"><img decoding=\"async\" width=\"1024\" height=\"612\" src=\"https:\/\/xn--tuvozdiasporaespaola-k7b.com\/wp-content\/uploads\/2025\/04\/1000175812-1024x612.jpg\" alt=\"\" class=\"wp-image-8099\" srcset=\"https:\/\/xn--tuvozdiasporaespaola-k7b.com\/wp-content\/uploads\/2025\/04\/1000175812-1024x612.jpg 1024w, https:\/\/xn--tuvozdiasporaespaola-k7b.com\/wp-content\/uploads\/2025\/04\/1000175812-300x179.jpg 300w, https:\/\/xn--tuvozdiasporaespaola-k7b.com\/wp-content\/uploads\/2025\/04\/1000175812-768x459.jpg 768w, https:\/\/xn--tuvozdiasporaespaola-k7b.com\/wp-content\/uploads\/2025\/04\/1000175812.jpg 1080w\" sizes=\"(max-width: 1024px) 100vw, 1024px\" \/><\/figure>\n","protected":false},"excerpt":{"rendered":"<p>Redacci\u00f3n de la Revista TU VOZ, Rosario, Argentina Uno de esos signos de esta nueva alternativa pol\u00edtica es Jes\u00fas Rivero precandidato a concejal en &#8230; <\/p>\n<p class=\"read-more-container\"><a title=\"En Rosario(Argentina) se lanz\u00f3 una nueva expresi\u00f3n del peronismo.\" class=\"read-more button\" href=\"https:\/\/xn--tuvozdiasporaespaola-k7b.com\/page\/2\/en-rosarioargentina-se-lanzo-una-nueva-expresion-del-peronismo\/#more-8097\" aria-label=\"M\u00e1s en En Rosario(Argentina) se lanz\u00f3 una nueva expresi\u00f3n del peronismo.\">Leer m\u00e1s<\/a><\/p>\n","protected":false},"author":222560522,"featured_media":8100,"comment_status":"open","ping_status":"open","sticky":false,"template":"","format":"standard","meta":{"footnotes":""},"categories":[121850],"tags":[],"class_list":["post-8097","post","type-post","status-publish","format-standard","has-post-thumbnail","hentry","category-politica","resize-featured-image"],"_links":{"self":[{"href":"https:\/\/xn--tuvozdiasporaespaola-k7b.com\/page\/2\/wp-json\/wp\/v2\/posts\/8097","targetHints":{"allow":["GET"]}}],"collection":[{"href":"https:\/\/xn--tuvozdiasporaespaola-k7b.com\/page\/2\/wp-json\/wp\/v2\/posts"}],"about":[{"href":"https:\/\/xn--tuvozdiasporaespaola-k7b.com\/page\/2\/wp-json\/wp\/v2\/types\/post"}],"author":[{"embeddable":true,"href":"https:\/\/xn--tuvozdiasporaespaola-k7b.com\/page\/2\/wp-json\/wp\/v2\/users\/222560522"}],"replies":[{"embeddable":true,"href":"https:\/\/xn--tuvozdiasporaespaola-k7b.com\/page\/2\/wp-json\/wp\/v2\/comments?post=8097"}],"version-history":[{"count":2,"href":"https:\/\/xn--tuvozdiasporaespaola-k7b.com\/page\/2\/wp-json\/wp\/v2\/posts\/8097\/revisions"}],"predecessor-version":[{"id":8102,"href":"https:\/\/xn--tuvozdiasporaespaola-k7b.com\/page\/2\/wp-json\/wp\/v2\/posts\/8097\/revisions\/8102"}],"wp:featuredmedia":[{"embeddable":true,"href":"https:\/\/xn--tuvozdiasporaespaola-k7b.com\/page\/2\/wp-json\/wp\/v2\/media\/8100"}],"wp:attachment":[{"href":"https:\/\/xn--tuvozdiasporaespaola-k7b.com\/page\/2\/wp-json\/wp\/v2\/media?parent=8097"}],"wp:term":[{"taxonomy":"category","embeddable":true,"href":"https:\/\/xn--tuvozdiasporaespaola-k7b.com\/page\/2\/wp-json\/wp\/v2\/categories?post=8097"},{"taxonomy":"post_tag","embeddable":true,"href":"https:\/\/xn--tuvozdiasporaespaola-k7b.com\/page\/2\/wp-json\/wp\/v2\/tags?post=8097"}],"curies":[{"name":"wp","href":"https:\/\/api.w.org\/{rel}","templated":true}]}}