{"id":794,"date":"2022-12-10T13:27:42","date_gmt":"2022-12-10T16:27:42","guid":{"rendered":"https:\/\/xn--tuvozdiasporaespaola-k7b.com\/?p=794"},"modified":"2022-12-10T14:47:58","modified_gmt":"2022-12-10T17:47:58","slug":"pedro-castillo-presidente-indefinido-o-imperfecto","status":"publish","type":"post","link":"https:\/\/xn--tuvozdiasporaespaola-k7b.com\/page\/2\/pedro-castillo-presidente-indefinido-o-imperfecto\/","title":{"rendered":"Pedro Castillo, \u00bfpresidente indefinido o imperfecto?"},"content":{"rendered":"\n<p>1.-Adelanto que este art\u00edculo no pretende ser una clase de lengua espa\u00f1ola. No tengo aptitudes y creo que tampoco actitudes para ser profesor, pero me considero una persona curiosa y compartir una curiosidad suele ser sin\u00f3nimo de despertar buenas conversaciones, cosa que disfruto.<\/p>\n\n\n\n<figure class=\"wp-block-pullquote\"><blockquote><p>Un poco de \u201cFondo\u201d. Fujimorismo incrustado, debilidad de partidos y la&nbsp; cohabitaci\u00f3n formal, el fraude de ley como norma, el golpe de estado&nbsp; permanente.<\/p><\/blockquote><\/figure>\n\n\n\n<figure class=\"wp-block-image size-large\"><img fetchpriority=\"high\" decoding=\"async\" width=\"827\" height=\"1024\" src=\"http:\/\/xn--tuvozdiasporaespaola-k7b.com\/wp-content\/uploads\/2022\/12\/img-20221209-wa00163980633067629254316.jpg?w=827\" alt=\"\" class=\"wp-image-789\" srcset=\"https:\/\/xn--tuvozdiasporaespaola-k7b.com\/wp-content\/uploads\/2022\/12\/img-20221209-wa00163980633067629254316.jpg 827w, https:\/\/xn--tuvozdiasporaespaola-k7b.com\/wp-content\/uploads\/2022\/12\/img-20221209-wa00163980633067629254316-242x300.jpg 242w, https:\/\/xn--tuvozdiasporaespaola-k7b.com\/wp-content\/uploads\/2022\/12\/img-20221209-wa00163980633067629254316-768x951.jpg 768w\" sizes=\"(max-width: 827px) 100vw, 827px\" \/><\/figure>\n\n\n\n<p>Lo sucedido hace dos d\u00edas en la pol\u00edtica del Per\u00fa se est\u00e1 contando de muchas maneras distintas, pero hay unas explicaciones que predominan sobre otras decidiendo as\u00ed esa \u201cbatalla por el&nbsp; relato\u201d que ocurre con toda actualidad que la merezca. <br \/>Per\u00fa tiene una Constituci\u00f3n de 1993 elaborada por el r\u00e9gimen de Alberto Fujimori que se&nbsp; instaur\u00f3 despu\u00e9s de un auto-golpe de Estado con militares, en el que se suprimieron por la&nbsp; fuerza todas las dem\u00e1s instituciones democr\u00e1ticas fundamentales. Fujimori fue condenado a&nbsp; 25 a\u00f1os de prisi\u00f3n, confirmado por la Corte Suprema, debido a las graves y masivas violaciones&nbsp; a los derechos humanos cometidas durante su periodo de gobierno (1990-2000).&nbsp; <br \/>Esta Constituci\u00f3n, hecha a medida de semejante dictador, ha sido retocada pero no ha sufrido&nbsp; una reforma seria desde entonces. Desde el fujimorismo, institucionalmente el Per\u00fa arrastra&nbsp; un problema cada vez m\u00e1s grave de cohabitaci\u00f3n entre el Congreso y la Presidencia. <br \/>Desde el primer momento de la investidura, el poder Legislativo ataca y el Ejecutivo reacciona. <br \/>El Congreso intenta destituir al poder Ejecutivo \u2013el Presidente y su Gabinete de Ministros\u2013 y&nbsp; el Ejecutivo responde intentando disolver el Congreso, ambas operaciones mediante&nbsp; instrumentos entendidos como excepcionales de la Constituci\u00f3n, fuera del normal transcurso&nbsp; <br \/>de un mandato. <\/p>\n\n\n\n<p>2)<strong>Estos mecanismos excepcionales son la moci\u00f3n de vacancia y la&nbsp; moci\u00f3n de confianza. <\/strong><br \/>El sistema de representaci\u00f3n pol\u00edtica peruano se caracteriza por la debilidad extrema del&nbsp; <br \/>sistema de partidos. Sin partidos pol\u00edticos m\u00ednimamente cuajados, es muy dif\u00edcil llegar a&nbsp; acuerdos de cohabitaci\u00f3n sostenidos (C\u00e1rdenas, A. 24\/6\/2022. \u00bfEs factible la cohabitaci\u00f3n en el sistema pol\u00edtico <br \/>peruano? RPP NOTICIA. https:\/\/rpp.pe\/columnistas\/alonso_cardenas\/es-factible-la-cohabitacion-en-el-sistema-politico-peruano-noticia-1413838)<\/p>\n\n\n\n<figure class=\"wp-block-image size-large\"><img decoding=\"async\" width=\"685\" height=\"502\" src=\"http:\/\/xn--tuvozdiasporaespaola-k7b.com\/wp-content\/uploads\/2022\/12\/img-20221209-wa00125900687007845089296-1.jpg?w=685\" alt=\"\" class=\"wp-image-793\" srcset=\"https:\/\/xn--tuvozdiasporaespaola-k7b.com\/wp-content\/uploads\/2022\/12\/img-20221209-wa00125900687007845089296-1.jpg 685w, https:\/\/xn--tuvozdiasporaespaola-k7b.com\/wp-content\/uploads\/2022\/12\/img-20221209-wa00125900687007845089296-1-300x220.jpg 300w\" sizes=\"(max-width: 685px) 100vw, 685px\" \/><\/figure>\n\n\n\n<p>El Congreso sufre, por una parte, una atomizaci\u00f3n de partidos \u2013ahora existen 13 con representaci\u00f3n parlamentaria\u2013 y por otra, una corrupci\u00f3n galopante que se ha extendido a la inmensa mayor\u00eda de la clase pol\u00edtica. Es una combinaci\u00f3n endiablada, porque comprar a 10 diputados de varios partidos peque\u00f1os siempre costar\u00e1 menos que a 30 diputados de dos  partidos grandes.<\/p>\n\n\n\n<p>Desde la condena a Fujimori por delitos contra los derechos humanos, el fujimorismo ha seguido enquistado en las instituciones sobre todo en el Congreso, al que usa, junto a otros grupos de ultraderecha y de derecha, para bloquear sistem\u00e1ticamente la acci\u00f3n de los diferentes gobiernos electos. Siete ministros \u201cvacados\u201d, en el caso de Castillo, adem\u00e1s de las destituciones del propio Presidente, y anteriormente Vizcarra. Otro presidente anterior en 2017, Pedro Pablo Kuczynski se libr\u00f3 de la vacancia tras un continuo enfrentamiento con el<br \/>Legislativo (El Congreso), gracias a canjear con el fujimorismo los votos que lo salvar\u00edan de la vacancia a cambio de la gracia presidencial a favor de Fujimori. Cuando salieron a la luz los v\u00eddeos finalmente el presidente tuvo que renunciar.<br \/>El fujimorismo no gana en las elecciones presidenciales, pero es lo suficientemente fuerte en las elecciones parlamentarias para hacer oposici\u00f3n en reiterado fraude de ley, que <strong>algunos analistas denominan golpe de estado permanente.<\/strong> (Pascual, S. 9\/12\/2022. Per\u00fa o el Golpe Permanente.<br \/>DIARIO P\u00daBLICO. https:\/\/blogs.publico.es\/otrasmiradas\/66827\/peru-o-el-golpe-permanente\/#analytics-tag:listado)<\/p>\n\n\n\n<p><br \/>3<strong>) El Fondo del fondo. El Per\u00fa un Estado m\u00ednimo para un pa\u00eds inmenso. El<\/strong><br \/><strong>para\u00edso del neoliberalismo integral.<\/strong><br \/><strong>El Per\u00fa es un Estado Ausente m\u00e1s all\u00e1 de Lima y de algunas ciudades secundarias importantes.<\/strong><br \/>En las localidades de la sierra andina, muchas veces a distancias de menos de 70 km de capitales de provincias o de departamentos, no existe una comisar\u00eda de polic\u00eda ni hay un juez en varios kil\u00f3metros a la redonda. Los vecinos para organizar su convivencia y asegurar las pocas propiedades que tienen se organizan en patrullas llam<em>adas<\/em><strong><em> \u201cRondas Campesinas\u201d,<\/em><\/strong> que hacen las veces de polic\u00eda siendo muy frecuentes las extralimitaciones, abusos y humillaciones con los peque\u00f1os \u201c<em><strong>delincuentes<\/strong><\/em>\u201d. La justicia se imparte por los llamados <strong><em>\u201cjuicios populares\u201d,<\/em><\/strong> esto<br \/>son juicios p\u00fablicos en medio de la plaza del pueblo con participaci\u00f3n libre del mismo que<br \/>hacen de testigos, fiscales y jurado.<br \/>En la selva amaz\u00f3nica esta situaci\u00f3n es mucho m\u00e1s extrema debido al aislamiento natural de las comunidades, algunas de ellas a varias horas de navegaci\u00f3n en bote, del puesto m\u00e9dico m\u00e1s cercano.<br \/>El Per\u00fa se dice que es un para\u00edso pol\u00edtico del neoliberalismo, donde esta \u201c<em><strong>teolog\u00eda<\/strong><\/em>\u201d ha<br \/>conquistado, no solo los sistemas econ\u00f3mico y pol\u00edtico, sino tambi\u00e9n el mismo imaginario<br \/>popular. Como dice Sergio Pascual en al art\u00edculo del Diario P\u00fablico<strong><em> \u201cPer\u00fa o el golpe de estado permanente\u201d ya citado \u201cEl Per\u00fa es un Estado tan m\u00ednimo que no requiere de instituciones pol\u00edticas para caminar. En un pa\u00eds que ha tenido seis presidentes en seis a\u00f1os el establishment econ\u00f3mico no ha tenido problemas para seguir haciendo negocios\u201d.<\/em><\/strong><\/p>\n\n\n\n<figure class=\"wp-block-embed is-type-rich is-provider-twitter wp-block-embed-twitter\"><div class=\"wp-block-embed__wrapper\">\n<blockquote class=\"twitter-tweet\" data-width=\"550\" data-dnt=\"true\"><p lang=\"es\" dir=\"ltr\"><a href=\"https:\/\/twitter.com\/PedroCastilloTe?ref_src=twsrc%5Etfw\">@PedroCastilloTe<\/a> tuvo las agallas para cerrar el Congreso, cometi\u00f3 errores legales en el camino, no le sali\u00f3 bien.  <br>Ahora, es el pueblo soberano que sali\u00f3 a las calles para terminar el trabajo.<a href=\"https:\/\/twitter.com\/hashtag\/CierrenElCongreso?src=hash&amp;ref_src=twsrc%5Etfw\">#CierrenElCongreso<\/a><a href=\"https:\/\/twitter.com\/hashtag\/CongresoGolpistaDictador?src=hash&amp;ref_src=twsrc%5Etfw\">#CongresoGolpistaDictador<\/a> <a href=\"https:\/\/t.co\/ss8oXM1N8W\">pic.twitter.com\/ss8oXM1N8W<\/a><\/p>&mdash; Giovana Bendez\u00fa (@BendezuGiovana) <a href=\"https:\/\/twitter.com\/BendezuGiovana\/status\/1601224283908321280?ref_src=twsrc%5Etfw\">December 9, 2022<\/a><\/blockquote><script async src=\"https:\/\/platform.twitter.com\/widgets.js\" charset=\"utf-8\"><\/script>\n<\/div><\/figure>\n\n\n\n<p><strong>4) C\u00f3mo se est\u00e1 contando lo acontecido en Per\u00fa: Los tiempos verbales son<\/strong><br \/><strong>\u201c<em>im\u00e1genes ling\u00fc\u00edsticas\u201d<\/em><\/strong><br \/>Escuchando hace dos d\u00edas a mi pareja estrujarse la sesera para ofrecer a sus aprendices alemanes de espa\u00f1ol una explicaci\u00f3n sencilla y convincente de las resbaladizas y sutiles \u201c<em><strong>diferencias entre el pasado indefinido y el pasado imperfecto,\u201d<\/strong><\/em> no pod\u00eda evitar distraerme encontrando paralelismos con lo que estaba aconteciendo en el pa\u00eds andino y  sobre todo, con c\u00f3mo se estaba contando el proceso de destituci\u00f3n.<br \/>Ser\u00e9 breve con la explicaci\u00f3n de esta teor\u00eda.<br \/>Resulta que los nuevos desarrollos de la gram\u00e1tica del espa\u00f1ol de la que mi pareja es ferviente seguidora explican y recomiendan as\u00ed explicar a los aprendices del espa\u00f1ol que los com\u00fanmente conocidos como <em>\u201ctiempos verbales\u201d<\/em> m\u00e1s que expresar un momento del<br \/>tiempo en sentido literal lo que expresan de forma metaf\u00f3rica son \u00a1diferentes posiciones en el espacio! Seg\u00fan usemos un tiempo verbal u otro el hablante (o el lector), podr\u00e1 incluirse en la escena o situar esta en un espacio (virtual) alejado de s\u00ed.<br \/>Para nuestro caso, el de diferenciar entre pret\u00e9rito imperfecto e indefinido, mientras con el imperfecto <strong>podemos adentramos en el espacio donde la acci\u00f3n se realiza, con el<\/strong><br \/><strong>indefinido nos situamos fuera de ese espacio.<\/strong><br \/>Ejemplo en imperfecto: \u201c<em><strong>Para las clases altas due\u00f1as de Per\u00fa -y operadoras del poder real all\u00ed- Castillo era un \u00abcholo\u00bb desautorizado para mandar\u2026\u201d<\/strong><\/em><br \/>Ejemplo en indefinido: \u201c<em><strong>Pedro Castillo decidi\u00f3 poner fin a su presidencia de una de las peores formas posibles\u201d.<\/strong><\/em><br \/>\u00bfNotan la diferencia? <strong>El pret\u00e9rito imperfecto nos permite ver el desarrollo de la acci\u00f3n dejando abierto el final. El indefinido, en cambio, presupone el proceso, lo obvia, y<\/strong> <strong>dirige su foco, hacia el final del mismo.<\/strong><br \/>Veamos m\u00e1s ejemplos. Pongo algunos extractos de los primeros p\u00e1rrafos de unos editoriales de peri\u00f3dicos con los cuales (creo) me mantengo informado:<\/p>\n\n\n\n<p><strong><em> \u00ab<\/em><\/strong><em>Tras liderar uno de los gobiernos m\u00e1s desastrosos de la historia del pa\u00eds, Castillo <\/em><em><strong>viol\u00f3<\/strong><\/em><em> el mi\u00e9rcoles (7.12.2022) la Constituci\u00f3n que <\/em><em><strong>jur\u00f3<\/strong><\/em><em> cumplir al asumir el cargo y <\/em><em><strong>orden\u00f3<\/strong><\/em><em> el cierre de un Congreso elegido de forma democr\u00e1tica.\u201d<\/em><br \/>\u201c<em>Parte de la tragedia personal de Pedro Castillo es que \u00e9l mismo, en los apenas 17 meses que ha durado su presidencia, <\/em><em><strong>termin\u00f3<\/strong><\/em><em> por convencer a una gran mayor\u00eda de sus compatriotas de su manifiesta incapacidad<\/em> <em>para gobernar.\u201d<\/em><br \/>\u201c<em>Dados los funestos precedentes de Castillo, es veros\u00edmil suponer que la medida fue un <\/em><em><strong>manotazo de ahogado,<\/strong><\/em><em> un acto desesperado y absurdo para evitar ser destituido cuando los indicios de corrupci\u00f3n contra \u00e9l se volv\u00edan<\/em><br \/><em>cada vez m\u00e1s contundentes.\u201d<\/em><\/p>\n\n\n\n<p><br \/>Risco, I 7\/12\/2022 Pedro Castillo pone fin a su presidencia con un autogolpe al estilo Fujimori DEUTSCHE WELLE<br \/>https:\/\/www.dw.com\/es\/pedro-castillo-pone-fin-a-su-presidencia-con-un-autogolpe-al-estilo-fujimori\/a-64022480<\/p>\n\n\n\n<figure class=\"wp-block-image size-large\"><img decoding=\"async\" width=\"800\" height=\"450\" src=\"http:\/\/xn--tuvozdiasporaespaola-k7b.com\/wp-content\/uploads\/2022\/12\/boluarte6538701520024082905.jpg?w=800\" alt=\"\" class=\"wp-image-791\" srcset=\"https:\/\/xn--tuvozdiasporaespaola-k7b.com\/wp-content\/uploads\/2022\/12\/boluarte6538701520024082905.jpg 800w, https:\/\/xn--tuvozdiasporaespaola-k7b.com\/wp-content\/uploads\/2022\/12\/boluarte6538701520024082905-300x169.jpg 300w, https:\/\/xn--tuvozdiasporaespaola-k7b.com\/wp-content\/uploads\/2022\/12\/boluarte6538701520024082905-768x432.jpg 768w\" sizes=\"(max-width: 800px) 100vw, 800px\" \/><\/figure>\n\n\n\n<p>\u201c<em>Alberto Fujimori y Pedro Castillo est\u00e1n juntos. El destino ha reunido a los dos expresidentes peruanos en la<\/em><br \/><em>misma prisi\u00f3n de Lima y tambi\u00e9n los ha unido en la historia. Ambos <\/em><em><strong>dieron<\/strong><\/em><em> un autogolpe. El derechista Fujimori, que gobern\u00f3 Per\u00fa entre 1990 y el 2000, tuvo \u00e9xito con el fujimorazo de 1992. Castillo, que ha durado en el cargo a\u00f1o y medio, <\/em><em><strong>no pas\u00f3<\/strong><\/em><em> de un mero pronunciamiento, <\/em><em><strong>se qued\u00f3<\/strong><\/em><em> absolutamente solo y <\/em><em><strong>fue <\/strong><\/em><em>detenido por sus propios escoltas<\/em>\u00ab<br \/>Mur, R. 8\/12\/2022, El \u2018Fujimorazo\u2019 en solitario de Pedro Castillo, LA VANGUARDIA.<br \/>https:\/\/www.lavanguardia.com\/internacional\/20221208\/8638110\/peru-pedro-castillo-autogolpe-golpe-de-estado-detenido-<br \/>boluarte-fujimori.html<br \/>\u201c<em>La inesperada decisi\u00f3n del presidente Pedro Castillo de disolver el Congreso imponer el toque de queda y gobernar por decreto para evitar someterse a una moci\u00f3n de censura <\/em><em><strong>puso<\/strong><\/em><em> al pa\u00eds andino al borde del abismo.<\/em><br \/><em>El firme rechazo del Tribunal Constitucional, que <\/em><em><strong>calific\u00f3<\/strong><\/em><em> inmediatamente la maniobra de golpe de Estado, as\u00ed como la negativa del Ej\u00e9rcito a secundar la intentona, <\/em><em><strong>permitieron<\/strong><\/em><em> que el Congreso siguiese funcionando.\u201d<\/em><br \/><em>\u201cSuperada la fase aguda de la crisis quedan muchos puntos por aclarar, pero pocos dudan, tanto dentro como fuera del pa\u00eds, que de haber prosperado el plan de Castillo, Per\u00fa hubiera sufrido una fuerte implosi\u00f3n de las libertades.\u201d<\/em><br \/>\u2026Y en vez de respetar los cauces formales, Castillo <strong>opt\u00f3<\/strong> por buscar su salvaci\u00f3n personal apenas unas horas antes con unas medidas tan alarmantes como peligrosas. Salvando las distancias, a muchos peruanos esa maniobra les hizo recordar el funesto mes de abril de 1992, cuando el aut\u00f3crata Alberto Fujimori orden\u00f3 el cierre del Congreso e intervino el poder judicial.<br \/>Editorial El Pa\u00eds 8\/12\/2022 El Desplome de Per\u00fa EL PA\u00cdS https:\/\/elpais.com\/opinion\/2022-12-08\/el-desplome-de-peru.html<br \/>Esta corriente de pensamiento que destilan estos art\u00edculos, la l\u00ednea editorial, se expresa<br \/>intensamente en la abundante presencia del tiempo verbal (me he permitido subrayar los<br \/>verbos) en <strong>pret\u00e9rito indefinido.<\/strong> As\u00ed que, siguiendo los hallazgos de la nueva gram\u00e1tica del espa\u00f1ol, podr\u00edamos decir que, adem\u00e1s de referirse a unas acciones pasadas, metaf\u00f3ricamente estas frases as\u00ed expresadas sit\u00faan al lector <strong>fuera de lo que sucede<\/strong>. El proceso que ha dado lugar a estas acciones comentadas se nos presenta de forma fugaz, consumado, sin opci\u00f3n por tanto adentrarnos en \u00e9l.<br \/>Me apoyo en este ejemplo para destacar una postura predominante de los medios de<br \/>informaci\u00f3n de tendencia progresista-liberal. Si bien es verdad que estos fragmentos son<br \/>extractos y que los textos completos cuentan m\u00e1s cosas sobre el caso del presidente peruano, estas explicaciones en los art\u00edculos est\u00e1n separadas no articuladas en la misma frase o p\u00e1rrafo y normalmente en posiciones secundarias. Esta manera de exponer los hechos que, por una parte, presenta a Castillo, consumado, sentenciado sin destacar el proceso, se hace desde <strong>una supuesta distancia temporal, algo lejano y acabado<\/strong>. No es, por tanto, s\u00f3lo un tiempo verbal, pret\u00e9rito, es tambi\u00e9n una <strong>posici\u00f3n alejada en el espacio de pensamiento (epist\u00e9mico le llaman los acad\u00e9micos)<\/strong>.<\/p>\n\n\n\n<p>No podr\u00eda terminar sin invitaros a observar bajo este prisma los ejemplos, m\u00e1s escasos, de<br \/>art\u00edculos con predominancia del otro pret\u00e9rito, el imperfecto. Otra de las advertencias dela nueva gram\u00e1tica es que el pret\u00e9rito imperfecto no necesariamente indica una acci\u00f3n  inacabada, m\u00e1s bien es una acci\u00f3n cuyo final no se menciona y puede sobreentenderse. <br \/>\u201cEra la tercera ocasi\u00f3n en la que la oposici\u00f3n trataba de destituir a Castillo bajo la rancia f\u00f3rmula de la \u00ab<em><strong>incapacidad moral permanente\u00bb.<\/strong><\/em> Los dos intentos anteriores, el \u00faltimo de ellos en marzo, hab\u00edan  fracasado. En el atomizado Congreso peruano, con 13 grupos parlamentarios, la disciplina partidaria   suele brillar por su ausencia cuando las cosas se ponen feas. Todos quieren preservar su esca\u00f1o y para  ello, la infidelidad del voto es solo un recurso m\u00e1s. Si la popularidad de Castillo estaba bajo m\u00ednimos,  todav\u00eda est\u00e1 por debajo la del devaluado Parlamento peruano a los ojos de la ciudadan\u00eda. En alg\u00fan  momento de la ma\u00f1ana de ayer, las cuentas empezaron a cuadrar en las filas de la oposici\u00f3n\u201d. <br \/>\u201cCastillo deb\u00eda acudir al Congreso para defenderse antes de que comenzara el debate y la votaci\u00f3n. Cuando  asumi\u00f3 que su suerte <strong>estaba<\/strong> echada, <strong>volvi\u00f3<\/strong> a cometer otro error: ordenar el cierre del Parlamento, una  <br \/>maniobra que recordaba el autogolpe de Alberto Fujimori en 1992, aunque el contexto pol\u00edtico y el perfil   pol\u00edtico y humano de ambos mandatarios no permita comparaci\u00f3n alguna.\u201d <br \/>Calero G. C\u00e9sar. 8\/12\/2022 V\u00e9rtigo en Per\u00fa: el amargo final de Pedro Castillo, DIARIO P\u00daBLICO,  <br \/>https:\/\/www.publico.es\/internacional\/vertigo-peru-amargo-final-pedro-castillo.html#analytics-tag:listado <br \/>\u201cPedro Castillo ha sido destituido en Per\u00fa. Mientras nos <strong>dec\u00edan<\/strong> que <strong>hab\u00eda<\/strong> dado un golpe de Estado y que se  <br \/>convert\u00eda en \u00abdictador\u00bb(sic) <strong>estaba<\/strong> pasando otra cosa realmente.\u201c <br \/>\u201cEn Per\u00fa, pa\u00eds andino donde la forma hacienda de raigambre colonial sigue definiendo subjetividades y  estructuras sociales, racismo y clasismo son decisivos. Para las clases altas due\u00f1as de Per\u00fa -y operadoras del  poder real all\u00ed- Castillo<strong> era un \u00abcholo\u00bb<\/strong> desautorizado para mandar&#8230;\u201d <br \/>\u201cTercero, el caso Castillo da cuenta de c\u00f3mo opera la l\u00f3gica de construcci\u00f3n de verdades medi\u00e1ticas que  tanto he explicado. Como dije, mientras nos <strong>dec\u00edan<\/strong> que nac\u00eda un nuevo dictador la verdad era que se estaba  concretando la ca\u00edda de un presidente que nunca tuvo poder real&#8230;\u201d <br \/>\u201cEl marco mental que se impuso hoy -que tristemente hasta gente progresista asumi\u00f3- es que Castillo dio un  \u00abgolpe de Estado\u00bb. Pero eso es narrativa para generar efectos de verdad. F\u00e1cticamente es imposible un golpe  sin poder militar y los militares no apoyaron nunca a Castillo. Es tan as\u00ed que solo horas despu\u00e9s de su decreto  de disoluci\u00f3n del Congreso -para lo cual estaba constitucionalmente facultado- fue arrestado por militares y  polic\u00edas que ya hab\u00edan dicho que no acatar\u00edan su decisi\u00f3n. \u00bfSe dan cuenta c\u00f3mo manipulan?, \u00bfc\u00f3mo todo es  mentira?&#8230;\u201d <br \/>\u201c\u00c9l mismo prepar\u00f3 el terreno para lo que pas\u00f3 hoy. Sin bases movilizadas ni solvencia intelectual ni legitimidad   frente a quienes en su momento votaron por \u00e9l, era cuesti\u00f3n de tiempo para que lo destituyeran sin ninguna  consecuencia. Una cr\u00f3nica de muerte anunciada&#8230;\u201d <br \/>Calca\u00f1o Ortiz, Elvin Hilo de twiter, @elvin_calcano24, 7\/12\/2022, <\/p>\n\n\n\n<figure class=\"wp-block-embed is-type-rich is-provider-twitter wp-block-embed-twitter\"><div class=\"wp-block-embed__wrapper\">\n<blockquote class=\"twitter-tweet\" data-width=\"550\" data-dnt=\"true\"><p lang=\"es\" dir=\"ltr\">Pedro Castillo ha sido destituido en Per\u00fa. Mientras nos dec\u00edan que hab\u00eda dado un golpe de Estado y que se convert\u00eda en &quot;dictador&quot;(sic) estaba pasando otra cosa realmente. Propongo ver este caso desde varias claves que entiendo es donde podr\u00eda estar la verdad de lo ocurrido. Hilo. <a href=\"https:\/\/t.co\/tP0WjCgIWf\">pic.twitter.com\/tP0WjCgIWf<\/a><\/p>&mdash; Elvin Calca\u00f1o Ortiz (@elvin_calcano24) <a href=\"https:\/\/twitter.com\/elvin_calcano24\/status\/1600617277916946432?ref_src=twsrc%5Etfw\">December 7, 2022<\/a><\/blockquote><script async src=\"https:\/\/platform.twitter.com\/widgets.js\" charset=\"utf-8\"><\/script>\n<\/div><\/figure>\n\n\n\n<p> <\/p>\n\n\n\n<p><br \/><br \/>Bien diferente, \u00bfverdad? En estos textos, predominantemente expresados en pret\u00e9rito<br \/>imperfecto, se nos introduce en el proceso y acompa\u00f1amos, virtualmente, a Pedro<br \/>Castillo a trav\u00e9s de su funesta singladura. Es una manera de describir lo sucedido, no como algo cerrado, acabado y por tanto lejano. La posici\u00f3n espacial que toma el texto, y a la que nos invita como lectores, es bien diferente. Estamos en condiciones de reflexionar y  preguntarnos, m\u00e1s que de sentenciar a priori.<\/p>\n\n\n\n<figure class=\"wp-block-embed is-type-rich is-provider-twitter wp-block-embed-twitter\"><div class=\"wp-block-embed__wrapper\">\n<blockquote class=\"twitter-tweet\" data-width=\"550\" data-dnt=\"true\"><p lang=\"es\" dir=\"ltr\"><a href=\"https:\/\/twitter.com\/hashtag\/ULTIMAHORA?src=hash&amp;ref_src=twsrc%5Etfw\">#ULTIMAHORA<\/a> Pueblo peruano se comienza a movilizar para denunciar el golpe de Estado de la ultraderecha. Exigen la restituci\u00f3n del presidente <a href=\"https:\/\/twitter.com\/PedroCastilloTe?ref_src=twsrc%5Etfw\">@PedroCastilloTe<\/a>. <a href=\"https:\/\/t.co\/EY61JsSJqE\">pic.twitter.com\/EY61JsSJqE<\/a><\/p>&mdash; Michel Caballero Palma (@MichelCaballero) <a href=\"https:\/\/twitter.com\/MichelCaballero\/status\/1601155225477591041?ref_src=twsrc%5Etfw\">December 9, 2022<\/a><\/blockquote><script async src=\"https:\/\/platform.twitter.com\/widgets.js\" charset=\"utf-8\"><\/script>\n<\/div><\/figure>\n\n\n\n<p>La \u201cimagen ling\u00fc\u00edstica\u201d la conforman unas perspectivas diferentes, el imperfecto nos permite como observador interno, ver el desarrollo de la acci\u00f3n desentendi\u00e9ndose del final, el indefinido en cambio obvia el proceso y se centra en el final del mismo.<br \/>\u201cmientras nos dec\u00edan que nac\u00eda un nuevo dictador la verdad era que se estaba concretando la ca\u00edda de un presidente que nunca tuvo poder real\u2026\u201d<\/p>\n\n\n\n<p><br \/>Esta frase es la s\u00edntesis del dilema. Es un contraste entre imperfecto e indefinido;<br \/>Imperfecto: con letras azules, es para la nueva gram\u00e1tica la descripci\u00f3n de la situaci\u00f3n de fondo. El indefinido en letras rojas, es lo que hace avanzar la historia, la acci\u00f3n.<br \/>Fondo y resultado. En todo an\u00e1lisis se necesita un adentro y un afuera, (un etic y un emic para la antropolog\u00eda ling\u00fc\u00edstica) que nos permitan una visi\u00f3n m\u00e1s completa del fen\u00f3meno Quiz\u00e1s es en el contraste de imperfecto e indefinido donde podr\u00edamos encontrar descripciones m\u00e1s interesantes que nos inviten a introducirnos en el proceso para entenderlo desde dentro antes de ver sentenciado el final desde fuera.<br \/>Si tenemos todo esto ya entendido, estamos en mejores condiciones para abordar lo sucedido en Per\u00fa, como un contraste entre el fondo y el resultado. Pedro Castillo era una<br \/>contingencia, un accidente, que erraba, en un sistema, que estructuralmente err\u00f3. A Pedro<br \/>Castillo me parece m\u00e1s justo y sobre todo \u00fatil, verlo como un presidente indefinido e<br \/>imperfecto, porque no podemos quedarnos \u00fanicamente con el resultado y obviar el fondo, si verdaderamente queremos comprender lo sucedido en toda su complejidad.<br \/>Y no est\u00e1n al mismo nivel accidente y estructura, no est\u00e1n en igual rango de importancia lo primero con lo segundo, como es claramente comprensible. Varios presidentes han sido destituidos por un sistema pervertido que no funciona. Lo relevante es el error del sistema y no el accidente en el sistema.<br \/>De no abordar el sistema pol\u00edtico e institucional del Per\u00fa, este continuar\u00e1 fallando en bucle, y nos seguir\u00e1n intentando girar la cabeza hacia el accidente para no ver el fondo que lo envuelve, nos har\u00e1n leer en pret\u00e9rito indefinido en vez de en imperfecto.<br \/><strong>5) Para terminar, una pel\u00edcula.<\/strong><br \/>Hay una, sobre todo una, entre la cascada de cientos de frases geniales y desternillantes de la pel\u00edcula \u201cAmanece que no es poco\u201d del desaparecido Jos\u00e9 Luis Cuerda, que no he podido dejar de repetir cuando la ocasi\u00f3n me lo ha permitido, por inteligente, culta, sonora y totalmente inapropiada al contexto donde se expresa. Me refiero a esa que, a modo de v\u00edtor dice un cualquiera de los habitantes del pueblo \u2013es decir \u201cel Pueblo\u201d \u2013 a la llegada a la localidad del alcalde del brazo de su nueva novia<strong>: \u201calcalde, todos somos contingentes pero t\u00fa eres necesario!!\u201d<\/strong><\/p>\n\n\n\n<figure class=\"wp-block-image size-large\"><img loading=\"lazy\" decoding=\"async\" width=\"980\" height=\"640\" src=\"http:\/\/xn--tuvozdiasporaespaola-k7b.com\/wp-content\/uploads\/2022\/12\/642jehbfrzhjzjxaokui4b4mpi542167635663563660.jpg?w=980\" alt=\"\" class=\"wp-image-792\" srcset=\"https:\/\/xn--tuvozdiasporaespaola-k7b.com\/wp-content\/uploads\/2022\/12\/642jehbfrzhjzjxaokui4b4mpi542167635663563660.jpg 980w, https:\/\/xn--tuvozdiasporaespaola-k7b.com\/wp-content\/uploads\/2022\/12\/642jehbfrzhjzjxaokui4b4mpi542167635663563660-300x196.jpg 300w, https:\/\/xn--tuvozdiasporaespaola-k7b.com\/wp-content\/uploads\/2022\/12\/642jehbfrzhjzjxaokui4b4mpi542167635663563660-768x502.jpg 768w\" sizes=\"(max-width: 980px) 100vw, 980px\" \/><\/figure>\n\n\n\n<p>Pol\u00edticamente esta frase es para darle dos vueltas, bueno, media vuelta, porque en democracia es justo al rev\u00e9s, el \u201cdemos\u201d, el Pueblo, es lo necesario, lo primero, lo que perdura, y de \u00e9l, el Pueblo, emana el poder, la krataiea, que se cede, se presta con condiciones a miembros del Pueblo, por un tiempo, con caducidad, con renovaci\u00f3n, poder por tanto contingente, para ejercer el gobierno de los asuntos de todos. As\u00ed que el chiste est\u00e1 en que la frase deber\u00eda ser al rev\u00e9s, es decir, ser\u00eda el alcalde el que tendr\u00eda que gritarle al pueblo: <strong>Pueblo, yo soy<\/strong><br \/><strong>contingente, \u00a1\u00a1pero t\u00fa eres necesario!!<\/strong><\/p>\n\n\n\n<p>Yago Odriozola S\u00e1ez  Sevillano, Redacci\u00f3n Revista TU VOZ,  Delegaci\u00f3n Alemania.<\/p>\n","protected":false},"excerpt":{"rendered":"<p>1.-Adelanto que este art\u00edculo no pretende ser una clase de lengua espa\u00f1ola. No tengo aptitudes y creo que tampoco actitudes para ser profesor, pero &#8230; <\/p>\n<p class=\"read-more-container\"><a title=\"Pedro Castillo, \u00bfpresidente indefinido o imperfecto?\" class=\"read-more button\" href=\"https:\/\/xn--tuvozdiasporaespaola-k7b.com\/page\/2\/pedro-castillo-presidente-indefinido-o-imperfecto\/#more-794\" aria-label=\"M\u00e1s en Pedro Castillo, \u00bfpresidente indefinido o imperfecto?\">Leer m\u00e1s<\/a><\/p>\n","protected":false},"author":222560522,"featured_media":0,"comment_status":"open","ping_status":"open","sticky":false,"template":"","format":"standard","meta":{"footnotes":""},"categories":[1771],"tags":[],"class_list":["post-794","post","type-post","status-publish","format-standard","hentry","category-sociales"],"_links":{"self":[{"href":"https:\/\/xn--tuvozdiasporaespaola-k7b.com\/page\/2\/wp-json\/wp\/v2\/posts\/794","targetHints":{"allow":["GET"]}}],"collection":[{"href":"https:\/\/xn--tuvozdiasporaespaola-k7b.com\/page\/2\/wp-json\/wp\/v2\/posts"}],"about":[{"href":"https:\/\/xn--tuvozdiasporaespaola-k7b.com\/page\/2\/wp-json\/wp\/v2\/types\/post"}],"author":[{"embeddable":true,"href":"https:\/\/xn--tuvozdiasporaespaola-k7b.com\/page\/2\/wp-json\/wp\/v2\/users\/222560522"}],"replies":[{"embeddable":true,"href":"https:\/\/xn--tuvozdiasporaespaola-k7b.com\/page\/2\/wp-json\/wp\/v2\/comments?post=794"}],"version-history":[{"count":0,"href":"https:\/\/xn--tuvozdiasporaespaola-k7b.com\/page\/2\/wp-json\/wp\/v2\/posts\/794\/revisions"}],"wp:attachment":[{"href":"https:\/\/xn--tuvozdiasporaespaola-k7b.com\/page\/2\/wp-json\/wp\/v2\/media?parent=794"}],"wp:term":[{"taxonomy":"category","embeddable":true,"href":"https:\/\/xn--tuvozdiasporaespaola-k7b.com\/page\/2\/wp-json\/wp\/v2\/categories?post=794"},{"taxonomy":"post_tag","embeddable":true,"href":"https:\/\/xn--tuvozdiasporaespaola-k7b.com\/page\/2\/wp-json\/wp\/v2\/tags?post=794"}],"curies":[{"name":"wp","href":"https:\/\/api.w.org\/{rel}","templated":true}]}}