{"id":783,"date":"2022-12-09T14:12:41","date_gmt":"2022-12-09T17:12:41","guid":{"rendered":"https:\/\/xn--tuvozdiasporaespaola-k7b.com\/2022\/12\/09\/a-un-espanol-que-vive-en-el-extranjero-le-falta-tiempo-para-ayudar-a-un-compatriota-en-apuros\/"},"modified":"2022-12-10T09:14:37","modified_gmt":"2022-12-10T12:14:37","slug":"a-un-espanol-que-vive-en-el-extranjero-le-falta-tiempo-para-ayudar-a-un-compatriota-en-apuros","status":"publish","type":"post","link":"https:\/\/xn--tuvozdiasporaespaola-k7b.com\/page\/2\/a-un-espanol-que-vive-en-el-extranjero-le-falta-tiempo-para-ayudar-a-un-compatriota-en-apuros\/","title":{"rendered":"\u00abA un espa\u00f1ol que vive en el extranjero le falta tiempo para ayudar a un compatriota en apuros\u00bb"},"content":{"rendered":"\n<p>El encarcelamiento de un amigo en Austrialia hace cuatro a\u00f1os movi\u00f3 a Javier Casado, junto a un grupo de personas de Valladolid a buscar f\u00f3rmulas de ayudarlo y al encontrarse sin cauces decidieron crear la Fundaci\u00f3n +34 (el prefijo para llamar a Espa\u00f1a desde el exterior) para tratar de ayudar a los presos espa\u00f1oles en c\u00e1rceles extranjeras. Desde entonces ha conseguido movilizar una red de 700 voluntarios espa\u00f1oles por todo el mundo para este fin. Ahora, trabaja en la implicaci\u00f3n de las instituciones y tras el apoyo un\u00e1nime de las Cortes de Castilla y Le\u00f3n ha firmado con la Junta el primer convenio de colaboraci\u00f3n para atender a los castellanos y leoneses reos que precisan de ayuda humanitaria.&nbsp;&nbsp;<\/p>\n\n\n\n<figure class=\"wp-block-image size-large\"><img fetchpriority=\"high\" decoding=\"async\" width=\"1080\" height=\"945\" src=\"http:\/\/xn--tuvozdiasporaespaola-k7b.com\/wp-content\/uploads\/2022\/12\/screenshot_20221208-155905_chrome1593117662170050412.jpg?w=1024\" alt=\"\" class=\"wp-image-778\" srcset=\"https:\/\/xn--tuvozdiasporaespaola-k7b.com\/wp-content\/uploads\/2022\/12\/screenshot_20221208-155905_chrome1593117662170050412.jpg 1080w, https:\/\/xn--tuvozdiasporaespaola-k7b.com\/wp-content\/uploads\/2022\/12\/screenshot_20221208-155905_chrome1593117662170050412-300x263.jpg 300w, https:\/\/xn--tuvozdiasporaespaola-k7b.com\/wp-content\/uploads\/2022\/12\/screenshot_20221208-155905_chrome1593117662170050412-1024x896.jpg 1024w, https:\/\/xn--tuvozdiasporaespaola-k7b.com\/wp-content\/uploads\/2022\/12\/screenshot_20221208-155905_chrome1593117662170050412-768x672.jpg 768w\" sizes=\"(max-width: 1080px) 100vw, 1080px\" \/><\/figure>\n\n\n\n<p><strong>\u00bfAhora que hay asociaciones y colectivos para atender casi todas las demandas ciudadanas, no le extra\u00f1\u00f3 que nadie en Espa\u00f1a cubriese este vac\u00edo?<\/strong><\/p>\n\n\n\n<p><em>No hab\u00eda nada. Igual que quisimos atender a nuestro amigo nos encontramos con m\u00e1s casos. El de otra chica de Valladolid, detenida en la Rep\u00fablica Dominicana y su situaci\u00f3n era much\u00edsimo peor que la de nuestro amigo.&nbsp;<\/em><\/p>\n\n\n\n<p><strong>\u00bfQu\u00e9 obst\u00e1culos se han encontrado en la puesta en marcha de la fundaci\u00f3n?<\/strong><\/p>\n\n\n\n<p><em>Todos. Como no hay nada y quieres entrar en una ayuda que hasta ese momento ha dependido del consulado de turno, las dificultades son tremendas. Con el agravante de que Espa\u00f1a no tiene una ley consultar, lo cual impide tener un protocolo de actuaci\u00f3n. Hay unas acciones fijadas, por ejemplo la visita del c\u00f3nsul en el momento de la detenci\u00f3n para informar de los derechos legales, pero no tiene car\u00e1cter humanitario. En un penal donde no tienes ni alimentos, ni medicinas, ni nada, est\u00e1 muy bien que venga el c\u00f3nsul y diga que me pueden condenar a seis a\u00f1os y a lo mejor dentro de tres me traen a Espa\u00f1a, pero a ver c\u00f3mo aguanto esos tres en esas condiciones. En los \u00faltimos cuatro a\u00f1os hay 70 espa\u00f1oles fallecidos en el c\u00e1rceles extranjeras, la gran mayor\u00eda por falta de ayuda.&nbsp;<\/em><\/p>\n\n\n\n<p><strong>\u00bfDurante su andadura, qu\u00e9 es lo que se ha encontrado?<\/strong><\/p>\n\n\n\n<p><em>Lo que m\u00e1s nos ha sorprendido ha sido que la gran mayor\u00eda de los presos, m\u00e1s del 80 por ciento, son gente sin causas penales anterior de ning\u00fan tipo. Son gente de clase media venida a menos, que encadenan una secuencia de errores que les lleva al error m\u00e1s garrafal, caer en manos de gente que les ofrece el oro y el moro para pasar algo que les sale gratis y a los que no les importa lo que ocurra con esta gente. Muchas v\u00edctimas de la crisis se han convertido en un chollo para el narcotr\u00e1fico porque nunca se han visto en esa situaci\u00f3n de vulnerabilidad. Estas redes recurren a las \u00f3rdenes de embargo, a los servicios sociales, casas de acogida, comedores sociales&#8230;<\/em><\/p>\n\n\n\n<figure class=\"wp-block-image size-large\"><img decoding=\"async\" width=\"1080\" height=\"1458\" src=\"http:\/\/xn--tuvozdiasporaespaola-k7b.com\/wp-content\/uploads\/2022\/12\/screenshot_20221208-155708_chrome5507935866333827323.jpg?w=759\" alt=\"\" class=\"wp-image-779\" srcset=\"https:\/\/xn--tuvozdiasporaespaola-k7b.com\/wp-content\/uploads\/2022\/12\/screenshot_20221208-155708_chrome5507935866333827323.jpg 1080w, https:\/\/xn--tuvozdiasporaespaola-k7b.com\/wp-content\/uploads\/2022\/12\/screenshot_20221208-155708_chrome5507935866333827323-222x300.jpg 222w, https:\/\/xn--tuvozdiasporaespaola-k7b.com\/wp-content\/uploads\/2022\/12\/screenshot_20221208-155708_chrome5507935866333827323-759x1024.jpg 759w, https:\/\/xn--tuvozdiasporaespaola-k7b.com\/wp-content\/uploads\/2022\/12\/screenshot_20221208-155708_chrome5507935866333827323-768x1037.jpg 768w\" sizes=\"(max-width: 1080px) 100vw, 1080px\" \/><\/figure>\n\n\n\n<p><strong>\u00bfC\u00f3mo se orienta la ayuda y el apoyo a estos presos desde la fundaci\u00f3n?<\/strong><\/p>\n\n\n\n<p><em>Para un espa\u00f1ol detenido en el extranjero, la condena es doble: la cumplen ellos en aquel infierno y su familia aqu\u00ed, que no duerme hasta que llega ese avi\u00f3n a Espa\u00f1a que le trae de vuelta, aunque sea para seguir en la c\u00e1rcel. Por eso nuestra lucha es por agilizar los tr\u00e1mites para que puedan venir a cumplir condena a nuestro pa\u00eds. De momento, la familia descansa. Est\u00e1n en un r\u00e9gimen carcelario, pero normal, no en un r\u00e9gimen de dormir en el suelo, en un patio de una prisi\u00f3n de Latinoam\u00e9rica porque no tienes dinero para pagar a los \u2018disciplina\u2019 el derecho a suelo. Hay c\u00e1rceles donde lo primero que te exigen es pagar para poder dormir. En muchos sitios del Altiplano eso significa estar a dos grados en invierno.&nbsp;<\/em><\/p>\n\n\n\n<p><em>Luego est\u00e1 la ayuda que se les puede ofrecer all\u00ed. Lo bueno de esa emigraci\u00f3n de espa\u00f1oles hacia el resto del mundo para buscar una oportunidad laboral es la red de solidaridad que se ha creado. A un espa\u00f1ol le falta tiempo cuando sabe que un compatriota necesita ayuda. Esa red de voluntariado es la que intentamos gestionar de urgencia y si al que llamamos no puede, enseguida recurre a otro conocido pero la ayuda siempre llega. Luego los voluntarios, en funci\u00f3n de sus circunstancias, van a verlos una vez al mes o cada quince d\u00edas para llevarles lo que necesiten. Desde un peri\u00f3dico, hasta medicinas o ropa.&nbsp;<\/em><\/p>\n\n\n\n<p><strong>\u00bfQu\u00e9 receptividad encuentra la fundaci\u00f3n en las autoridades de otros pa\u00edses cuando trata de ayudar a un preso espa\u00f1ol?<\/strong><\/p>\n\n\n\n<p><em>No hay problema. Ellos saben sus carencias. Nunca reconocer\u00e1n que vulneran los derechos pero saben la situaci\u00f3n real. Nosotros estamos registrados en muchos pa\u00edses como ONG que salvaguarda los intereses de los espa\u00f1oles all\u00ed. <\/em><\/p>\n\n\n\n<p><strong>De cu\u00e1nto se nutre su red de voluntarios?<\/strong><br \/><strong>M\u00e1s de 700 por todo el mundo, de Castilla y Le\u00f3n unos 40. Eso es lo bueno que tienen tambi\u00e9n tener tantos emigrantes.<\/strong><br \/><strong>\u00bfY c\u00f3mo se coordina esa red?<\/strong><\/p>\n\n\n\n<p><em>Las redes sociales nos dan muchas facilidades. El voluntario se pone en contacto con nosotros, nos da sus datos, d\u00f3nde vive, disponibilidad horaria, direcci\u00f3n, correo electr\u00f3nico\u2026 Con toda esa informaci\u00f3n sabemos a qui\u00e9n recurrir en cada momento. Luego, en algunas ciudades, como en Buenos Aires, hay un voluntario que se encarga de coordinarlos all\u00ed y organizan visitas conjuntas, por ejemplo a ver el penal de Ezeiza, donde hay 40 espa\u00f1oles. Y tambi\u00e9n, entre ellos y sus c\u00edrculos de allegados se encargan de conseguir lo que necesiten: ropa, prensa, medicinas\u2026 <\/em><\/p>\n\n\n\n<figure class=\"wp-block-embed is-type-rich is-provider-twitter wp-block-embed-twitter\"><div class=\"wp-block-embed__wrapper\">\n<blockquote class=\"twitter-tweet\" data-width=\"550\" data-dnt=\"true\"><p lang=\"es\" dir=\"ltr\">&#8211; Para nosotros en Fundaci\u00f3n +34, ?? ????????? ?? ??? ?????????? desde el primer momento en que sabemos que un espa\u00f1ol se encuentra en un? ?????????? ?? ?????????????? ?n el extranjero. <a href=\"https:\/\/t.co\/WM6vSxAFxE\">pic.twitter.com\/WM6vSxAFxE<\/a><\/p>&mdash; Fundaci\u00f3n+34 (@Fundacionmas34) <a href=\"https:\/\/twitter.com\/Fundacionmas34\/status\/1588970227986989057?ref_src=twsrc%5Etfw\">November 5, 2022<\/a><\/blockquote><script async src=\"https:\/\/platform.twitter.com\/widgets.js\" charset=\"utf-8\"><\/script>\n<\/div><\/figure>\n\n\n\n<p><strong>\u00bfDesde aqu\u00ed, qu\u00e9 receptividad ha encontrado para lograr la repatriaci\u00f3n de estos espa\u00f1oles que est\u00e1n en c\u00e1rceles extranjeras?<\/strong><\/p>\n\n\n\n<p><em>Hay dos tipos de presos. Uno, todo aquel que se encuentra en la Uni\u00f3n Europea y otros de fuera. Dentro de la UE ya no hace falta que entre pa\u00edses se soliciten la extradici\u00f3n de un preso y pueden hacerlo directamente los juzgados. El problema lo encontramos en la gran mayor\u00eda de espa\u00f1oles que est\u00e1n en Latinoam\u00e9rica. All\u00ed, lo primero es que la sentencia sea firme y no recurrible. Tenemos la primera complicaci\u00f3n: la prisi\u00f3n preventiva en muchos pa\u00edses es eterna. Ya se le juzgar\u00e1, \u2018ahorita\u2019. \u2018No metas prisa, cuando toque\u2019. Cuando est\u00e1 todo se env\u00eda la documentaci\u00f3n a Espa\u00f1a. Aqu\u00ed se han agilizado todos los tr\u00e1mites en los ministerios de Interior y Justicia, para que luego el tr\u00e1mite vuelva al pa\u00eds de origen a que otra vez comience con el papelito. As\u00ed te encuentras pa\u00edses donde pueden pasar dos o tres a\u00f1os, o Per\u00fa, de donde no viene ninguno.<\/em>&nbsp;<\/p>\n\n\n\n<p><strong>El hecho de que casi todos los presos que se encuentran en esas c\u00e1rceles cumplan condena por tr\u00e1fico de drogas \u00bfqu\u00e9 le hace pensar?&nbsp;<\/strong><\/p>\n\n\n\n<p><em>Que es un \u2018delito ciego\u2019, sabes que llevas una maleta con veneno pero no sabes qui\u00e9n lo va a tomar, no visualizas directamente el da\u00f1o. Si no eres delincuente com\u00fan, cometer un delito en el que puedas hacer da\u00f1o a un tercero, es muy dif\u00edcil. Las redes de narcotr\u00e1fico lo venden todo muy f\u00e1cil. Les dicen que est\u00e1 todo ama\u00f1ado, es dinero f\u00e1cil\u2026<\/em><\/p>\n\n\n\n<figure class=\"wp-block-embed is-type-rich is-provider-twitter wp-block-embed-twitter\"><div class=\"wp-block-embed__wrapper\">\n<blockquote class=\"twitter-tweet\" data-width=\"550\" data-dnt=\"true\"><p lang=\"es\" dir=\"ltr\">La <a href=\"https:\/\/twitter.com\/Fundacionmas34?ref_src=twsrc%5Etfw\">@Fundacionmas34<\/a> se ocupa de los 21 valencianos encarcelados fuera de Espa\u00f1a<a href=\"https:\/\/t.co\/sT9lfhGZuH\">https:\/\/t.co\/sT9lfhGZuH<\/a><\/p>&mdash; Radio Valencia SER (@radiovalencia) <a href=\"https:\/\/twitter.com\/radiovalencia\/status\/1502675788096671745?ref_src=twsrc%5Etfw\">March 12, 2022<\/a><\/blockquote><script async src=\"https:\/\/platform.twitter.com\/widgets.js\" charset=\"utf-8\"><\/script>\n<\/div><\/figure>\n\n\n\n<p><strong>\u00bfHay alg\u00fan delito sobre el que no quieran mediar?<\/strong><\/p>\n\n\n\n<p><em>Nos salvaguardamos el hecho de dar atenci\u00f3n a aquellas personas condenadas por colaboraci\u00f3n con banda armada, terrorismo, delitos de sangre o sexuales\u2026&nbsp;<\/em><\/p>\n\n\n\n<p><strong>Qu\u00e9 dir\u00eda a aquellos que piensan, \u2018no la hagas y no la temas\u2019\u2026<\/strong><\/p>\n\n\n\n<p><em>Nosotros decimos, \u2018no la hagas\u2019. Vale la pena vivir bajo un puente en Espa\u00f1a antes que estar preso all\u00e1. Es el infierno sobre la tierra, como dijo el papa en su visita a Palmasola. A d\u00eda de hoy sigue habiendo campos de concentraci\u00f3n y son algunas c\u00e1rceles de esos pa\u00edses de Latinoam\u00e9rica.&nbsp;<\/em><\/p>\n\n\n\n<figure class=\"wp-block-image size-large\"><img decoding=\"async\" width=\"625\" height=\"526\" src=\"http:\/\/xn--tuvozdiasporaespaola-k7b.com\/wp-content\/uploads\/2022\/12\/logo-344420446468050157580.png?w=625\" alt=\"\" class=\"wp-image-780\" srcset=\"https:\/\/xn--tuvozdiasporaespaola-k7b.com\/wp-content\/uploads\/2022\/12\/logo-344420446468050157580.png 625w, https:\/\/xn--tuvozdiasporaespaola-k7b.com\/wp-content\/uploads\/2022\/12\/logo-344420446468050157580-300x252.png 300w\" sizes=\"(max-width: 625px) 100vw, 625px\" \/><\/figure>\n\n\n\n<p><strong>\u00bfEn qu\u00e9 medida pueden colaborar las instituciones auton\u00f3micas?<\/strong><\/p>\n\n\n\n<p><em>Como ha hecho la Junta de Castilla y Le\u00f3n, Navarra, Baleares , Valencia  etc&#8230; comprometerse a que cualquier castellano y leon\u00e9s que est\u00e9 en esa situaci\u00f3n, que no le falte una medicina, asistencia, o ese trozo de pan hasta que pueda venir a Esp<\/em>a\u00f1a a cumplir condena. <\/p>\n\n\n\n<p><strong>\u00bfC\u00f3mo puede un ciudadano colaborar con la Fundaci\u00f3n +34?<\/strong><\/p><br><\/p>\n\n\n\n<p><em>De m\u00faltiples formas. Desde donativos econ\u00f3micos a mandar cartas. En aquellos pa\u00edses no hay correos electr\u00f3nicos y se mandan cartas, de las de toda la vida.&nbsp;<\/em><\/p>\n\n\n\n<p><strong>\u00bfOs llegan todos los casos?<\/strong><\/p>\n\n\n\n<p><em>Hay que tener en cuenta que hay 450 espa\u00f1oles de esos 1.500 registrados en el \u00faltimo informe del Defensor del Pueblo que est\u00e1n en situaci\u00f3n de \u2018no consta\u2019; que voluntariamente no quieren transmitir a nadie, ni a su entorno m\u00e1s pr\u00f3ximo, la situaci\u00f3n en la que se encuentran. Dicen a su familia que han emigrado para trabajar cuando realmente est\u00e1n en un penal. No quieren hacer sufrir a su entorno porque piensa que es una deshonra.&nbsp;<\/em><\/p>\n\n\n\n<figure class=\"wp-block-image size-large\"><img loading=\"lazy\" decoding=\"async\" width=\"1030\" height=\"1066\" src=\"http:\/\/xn--tuvozdiasporaespaola-k7b.com\/wp-content\/uploads\/2022\/12\/screenshot_20221112-171830_telegram1111075179487204561.jpg?w=989\" alt=\"\" class=\"wp-image-785\" srcset=\"https:\/\/xn--tuvozdiasporaespaola-k7b.com\/wp-content\/uploads\/2022\/12\/screenshot_20221112-171830_telegram1111075179487204561.jpg 1030w, https:\/\/xn--tuvozdiasporaespaola-k7b.com\/wp-content\/uploads\/2022\/12\/screenshot_20221112-171830_telegram1111075179487204561-290x300.jpg 290w, https:\/\/xn--tuvozdiasporaespaola-k7b.com\/wp-content\/uploads\/2022\/12\/screenshot_20221112-171830_telegram1111075179487204561-989x1024.jpg 989w, https:\/\/xn--tuvozdiasporaespaola-k7b.com\/wp-content\/uploads\/2022\/12\/screenshot_20221112-171830_telegram1111075179487204561-768x795.jpg 768w\" sizes=\"(max-width: 1030px) 100vw, 1030px\" \/><\/figure>\n\n\n\n<p><strong>\u00bfSer espa\u00f1oles supone un peor trato en algunas c\u00e1rceles?<\/strong><\/p>\n\n\n\n<p><em>Hay que tener en cuenta que hay 450 espa\u00f1oles de esos 1.500 registrados en el \u00faltimo informe del Defensor del Pueblo que est\u00e1n en situaci\u00f3n de \u2018no consta\u2019; que voluntariamente no quieren transmitir a nadie, ni a su entorno m\u00e1s pr\u00f3ximo, la situaci\u00f3n en la que se encuentran. Dicen a su familia que han emigrado para trabajar cuando realmente est\u00e1n en un penal. No quieren hacer sufrir a su entorno porque piensa que es una deshonra.&nbsp;<\/em><\/p>\n\n\n\n<p><strong>\u00bfSer espa\u00f1oles supone un peor trato en algunas c\u00e1rceles?<\/strong><\/p>\n\n\n\n<p><em>Hay sitios en los que por desgracia, la historia mal entendida hace percibir al espa\u00f1ol como un colonizador y ser m\u00e1s vulnerables a la hora de ser explotados, entre los presos europeos, porque adem\u00e1s hablan su lengua<\/em>.&nbsp;<\/p>\n\n\n\n<p><strong>\u00bfCu\u00e1ntos han conseguido cumplir condena en Espa\u00f1a?<\/strong><\/p>\n\n\n\n<p>En los \u00faltimos a\u00f1os, cerca de 300.&nbsp;<\/p>\n\n\n\n<p>NOTA: Desde el GT DE laboral y derechos Sociales  del C\u00edrculo de Podemos Argentina Provincias  se env\u00edo una carta a la Embajada de Espa\u00f1a, Director General de espa\u00f1oles en el Exterior y de Asuntos Consulares y Grupo Confederal de Podemis en el Congreso en lo que se reclama lo siguiente :<\/p>\n\n\n\n<p>Estimades :&nbsp;<\/p>\n\n\n\n<p>&nbsp;<em>Ante los&nbsp; hechos&nbsp; en MATERIA DE ASIGNACI\u00d3N de turnos&nbsp; para emitir nuevos pasaportes siendo la demora ya insultante; La falta de protocolo en materia de Violencia de G\u00e9nero m\u00e1s la falta de puntos violetas en los consulados y viceconsulados o el&nbsp; abandono al que est\u00e1n sometidos los detenidos espa\u00f1oles en c\u00e1rceles Argentinas a\u00fan no habiendo tenido un juicio esperando la extradici\u00f3n&nbsp; o expulsi\u00f3n hacia Espa\u00f1a solicitamos&nbsp; nuevamente &nbsp;!respuesta inmediata a estos hechos! lo siguiente&nbsp; :<\/em><\/p>\n\n\n\n<p><em><strong>.- Acciones encaminadas a solucionar las expulsiones o extradiciones a Espa\u00f1a de detenidos Espa\u00f1oles de forma urgente ejecutando los acuerdos entre los Estados de Argentina y Espa\u00f1a en esta&nbsp; materia entre&nbsp; los Ministerios de Justicia y Asuntos Exteriores de ambos pa\u00edses.<\/strong><\/em><\/p>\n\n\n\n<figure class=\"wp-block-image size-large\"><img loading=\"lazy\" decoding=\"async\" width=\"477\" height=\"265\" src=\"http:\/\/xn--tuvozdiasporaespaola-k7b.com\/wp-content\/uploads\/2022\/12\/60b20ec444a5b7341421408257870751.jpeg?w=477\" alt=\"\" class=\"wp-image-784\" srcset=\"https:\/\/xn--tuvozdiasporaespaola-k7b.com\/wp-content\/uploads\/2022\/12\/60b20ec444a5b7341421408257870751.jpeg 477w, https:\/\/xn--tuvozdiasporaespaola-k7b.com\/wp-content\/uploads\/2022\/12\/60b20ec444a5b7341421408257870751-300x167.jpeg 300w\" sizes=\"(max-width: 477px) 100vw, 477px\" \/><\/figure>\n\n\n\n<p>GT  Laboral y Derechos Sociales de Circulo Podemos Argentina prov. Redacci\u00f3n de Revista TU VOZ.<\/p>\n\n\n\n<p>Fuentes : EL d\u00eda de Valladolid entrevista comoleta.<\/p>\n","protected":false},"excerpt":{"rendered":"<p>El encarcelamiento de un amigo en Austrialia hace cuatro a\u00f1os movi\u00f3 a Javier Casado, junto a un grupo de personas de Valladolid a buscar &#8230; <\/p>\n<p class=\"read-more-container\"><a title=\"\u00abA un espa\u00f1ol que vive en el extranjero le falta tiempo para ayudar a un compatriota en apuros\u00bb\" class=\"read-more button\" href=\"https:\/\/xn--tuvozdiasporaespaola-k7b.com\/page\/2\/a-un-espanol-que-vive-en-el-extranjero-le-falta-tiempo-para-ayudar-a-un-compatriota-en-apuros\/#more-783\" aria-label=\"M\u00e1s en \u00abA un espa\u00f1ol que vive en el extranjero le falta tiempo para ayudar a un compatriota en apuros\u00bb\">Leer m\u00e1s<\/a><\/p>\n","protected":false},"author":222560522,"featured_media":0,"comment_status":"open","ping_status":"open","sticky":false,"template":"","format":"standard","meta":{"footnotes":""},"categories":[1771],"tags":[],"class_list":["post-783","post","type-post","status-publish","format-standard","hentry","category-sociales"],"_links":{"self":[{"href":"https:\/\/xn--tuvozdiasporaespaola-k7b.com\/page\/2\/wp-json\/wp\/v2\/posts\/783","targetHints":{"allow":["GET"]}}],"collection":[{"href":"https:\/\/xn--tuvozdiasporaespaola-k7b.com\/page\/2\/wp-json\/wp\/v2\/posts"}],"about":[{"href":"https:\/\/xn--tuvozdiasporaespaola-k7b.com\/page\/2\/wp-json\/wp\/v2\/types\/post"}],"author":[{"embeddable":true,"href":"https:\/\/xn--tuvozdiasporaespaola-k7b.com\/page\/2\/wp-json\/wp\/v2\/users\/222560522"}],"replies":[{"embeddable":true,"href":"https:\/\/xn--tuvozdiasporaespaola-k7b.com\/page\/2\/wp-json\/wp\/v2\/comments?post=783"}],"version-history":[{"count":0,"href":"https:\/\/xn--tuvozdiasporaespaola-k7b.com\/page\/2\/wp-json\/wp\/v2\/posts\/783\/revisions"}],"wp:attachment":[{"href":"https:\/\/xn--tuvozdiasporaespaola-k7b.com\/page\/2\/wp-json\/wp\/v2\/media?parent=783"}],"wp:term":[{"taxonomy":"category","embeddable":true,"href":"https:\/\/xn--tuvozdiasporaespaola-k7b.com\/page\/2\/wp-json\/wp\/v2\/categories?post=783"},{"taxonomy":"post_tag","embeddable":true,"href":"https:\/\/xn--tuvozdiasporaespaola-k7b.com\/page\/2\/wp-json\/wp\/v2\/tags?post=783"}],"curies":[{"name":"wp","href":"https:\/\/api.w.org\/{rel}","templated":true}]}}