{"id":771,"date":"2022-12-08T13:46:56","date_gmt":"2022-12-08T16:46:56","guid":{"rendered":"https:\/\/xn--tuvozdiasporaespaola-k7b.com\/?p=771"},"modified":"2022-12-08T17:12:06","modified_gmt":"2022-12-08T20:12:06","slug":"para-entender-un-poco-lo-ocurrido-en-%f0%9f%87%b5%f0%9f%87%aaperu","status":"publish","type":"post","link":"https:\/\/xn--tuvozdiasporaespaola-k7b.com\/page\/2\/para-entender-un-poco-lo-ocurrido-en-%f0%9f%87%b5%f0%9f%87%aaperu\/","title":{"rendered":"PARA ENTENDER UN POCO LO OCURRIDO EN ??PER\u00da"},"content":{"rendered":"\n<p>Comparto tu indignaci\u00f3n y breve an\u00e1lisis Heinz. Hace 1 a\u00f1o y 4 meses, el 26 de agosto del 2021, lo escrib\u00ed, lo predije y lo anunci\u00e9 p\u00fablicamente en este texto publicado en Radio La Calle de Ecuador y&nbsp;Aporrea de Venezuela.&nbsp;<\/p>\n\n\n\n<p>Opini\u00f3n de Alexis Ponce. Leerlo hoy me reitera la raz\u00f3n y la rabia.<\/p>\n\n\n\n<p><strong>Castillo \u00bfde arena o de naipes?<\/strong>  21.08.2021<\/p>\n\n\n\n<p>El mal ejemplo de Moreno se regionaliza, \u00bfo no? No, porque no da la talla para ser clonado.<\/p>\n\n\n\n<p>Apenas a dos semanas de posesionado, Pedro Castillo presidente del pa\u00eds de Susana Baca y Tania Libertad, cede a la extrema derecha y le pide la renuncia a su mejor cuadro: el hist\u00f3rico dirigente fundador del MIR y del ELN del Per\u00fa en los \u201960, amigo y contacto del Che Guevara, compa\u00f1ero de Javier Heraud, prisionero pol\u00edtico y condenado a muerte, por cuya vida escribieron al gobierno peruano de Bela\u00fande Terry nada m\u00e1s y nada menos que Jean Paul Sartre y Simone de Beauvoir, soci\u00f3logo, pintor, polit\u00f3logo y premio Casa de Las Am\u00e9ricas en 1969, el intelectual vivo m\u00e1s l\u00facido de la Izquierda peruana.<\/p>\n\n\n\n<p>Castillo nombra al poco tiempo en su lugar como nuevo canciller a un hombre de confianza de las \u00e9lites y ex ministro de Toledo.<\/p>\n\n\n\n<p>H\u00e9ctor B\u00e9jar, como bien lo se\u00f1ala el analista peruano Ricardo Jim\u00e9nez en la entrevista de&nbsp;Resumen Latinoamericano, sab\u00eda que ir\u00edan por \u00e9l de forma veloz en esta \u00abtercera vuelta\u00bb que el golpismo m\u00e1s descarado inici\u00f3 apenas se posesion\u00f3 el profesor rural, sin darle reposo al procesar desde la Fiscal\u00eda a decenas de sus altos cuadros, 18 hasta hoy, por \u00abterrorismo\u00bb o \u00abapolog\u00eda de terrorismo\u00bb.<\/p>\n\n\n\n<p>Pero antes, B\u00e9jar actu\u00f3 con inusitada maestr\u00eda geopol\u00edtica y sangre fr\u00eda logrando en apenas d\u00edas antes de su salida, dos medidas gravitantes: el retorno de las relaciones con Venezuela apoyando la negociaci\u00f3n de gobierno y oposici\u00f3n empezada en M\u00e9xico, y la digna salida del Per\u00fa del curuchupa \u00abGrupo de Lima\u00bb (tema en el que un preocupado Guillermo Lasso cit\u00f3 en p\u00fablico, que en el acto de posesi\u00f3n al que asisti\u00f3, le pidi\u00f3 a Castillo que no se saliera).<\/p>\n\n\n\n<p>Al quebrarle la espalda y doblarle la mano a Castillo, y sacar al hombre m\u00e1s preparado y con mayor trayectoria hist\u00f3rica de su gabinete, el profesor rural demuestra ser asustadizo, sino que prueba fatalmente que, si una vez pudieron presionarle y ganarle apenas a las dos semanas de ser gobierno, tan solo inundando portadas y fake \u2013 news en contra de su canciller, podr\u00e1n sacar a cualquiera que estorbe la estrategia golpista del clan Fujimori y el proyecto de poder de la racista \u00e9lite lime\u00f1a.&nbsp;<\/p>\n\n\n\n<p>Luego ir\u00e1n por el resto y al final por el propio profesor, si no lo convierten en un Alejandro Toledo con sombrero o un Lenin Moreno sin Ina-papers.<\/p>\n\n\n\n<p>Con H\u00e9ctor estuve en la Caracas post-golpe de abril de 2002. Ah\u00ed lo conoc\u00ed personalmente, y quiso la vida y la buena suerte que comparti\u00e9ramos el mini apartamento de estancia hotelera con \u00e9l y con otro querido amigo desde antes y entonces: Gustavo Petro, de Colombia. Conversamos mucho y de varios temas. H\u00e9ctor B\u00e9jar, hombre de una cultura profunda, como Petro, mostr\u00f3 siempre un poder anal\u00edtico fuera de lo com\u00fan. Compartimos muchas ideas y me qued\u00f3 grabado en mi memoria el breve y fugaz encuentro con \u00e9l y Hugo Blanco, otro mito del Per\u00fa hist\u00f3rico y como H\u00e9ctor, otro t\u00f3tem profundo de \u00ablas izquierdas de antes\u00bb.<\/p>\n\n\n\n<figure class=\"wp-block-image size-large\"><img fetchpriority=\"high\" decoding=\"async\" width=\"1200\" height=\"675\" src=\"http:\/\/xn--tuvozdiasporaespaola-k7b.com\/wp-content\/uploads\/2022\/12\/63559226f07e0_1200265357791276057941.jpg?w=1024\" alt=\"\" class=\"wp-image-772\" srcset=\"https:\/\/xn--tuvozdiasporaespaola-k7b.com\/wp-content\/uploads\/2022\/12\/63559226f07e0_1200265357791276057941.jpg 1200w, https:\/\/xn--tuvozdiasporaespaola-k7b.com\/wp-content\/uploads\/2022\/12\/63559226f07e0_1200265357791276057941-300x169.jpg 300w, https:\/\/xn--tuvozdiasporaespaola-k7b.com\/wp-content\/uploads\/2022\/12\/63559226f07e0_1200265357791276057941-1024x576.jpg 1024w, https:\/\/xn--tuvozdiasporaespaola-k7b.com\/wp-content\/uploads\/2022\/12\/63559226f07e0_1200265357791276057941-768x432.jpg 768w\" sizes=\"(max-width: 1200px) 100vw, 1200px\" \/><\/figure>\n\n\n\n<p>Faltando un d\u00eda para que B\u00e9jar rechace con dignidad la inaceptable propuesta presidencial de que pida perd\u00f3n a la ultraderecha enquistada en la Marina, y d\u00e1ndome cuenta que el breve proceso peruano era sometido a un descarado ataque en todos los frentes; se me ocurri\u00f3 que deb\u00eda escribirle lo m\u00e1s pronto a H\u00e9ctor, el canciller revolucionario, y proponerle entre otra cosas (irremediable quijote de causas perdidas yo) un \u2018Encuentro Mundial de Solidaridad con el Pueblo Peruano\u2019: \u00abCon el Per\u00fa de Arguedas, Vallejo, Heraud, Mari\u00e1tegui y Chabuca\u00bb, pues el abierto proceso de cambios lo ve\u00eda muy fr\u00e1gil, poco defendido en el exterior y carente de movilizaci\u00f3n propia al estilo boliviano.<\/p>\n\n\n\n<p>Le coment\u00e9 mi an\u00e1lisis fugaz del r\u00e1pido deterioro de la situaci\u00f3n peruana, al estilo chileno poco antes del \u00abTancazo\u00bb de junio del \u201973 y mi plan de 7 ejes regionales y mundiales a una persona que mucho respeto y quiero en mi familia. Y cuando me pregunt\u00f3 \u00ab\u00bfpero por qu\u00e9 es tan urgente?\u00bb, le adelant\u00e9 los motivos que yo percib\u00eda a breves rasgos: \u00abLa ultraderecha es m\u00e1s opertivamente global que nunca, en el continente ha puesto incluso a actuar mercenarios y no tiene empacho en asesinar presidentes de otras naciones, si ya quiso asesinar con paracos a uno y logr\u00f3 asesinar a otro en Hait\u00ed, por qu\u00e9 no va a poder meterse en Per\u00fa y actuar en Lima si as\u00ed deciden los que mandan? Esa extrema derecha ya act\u00faa en conjunto hace rato y en coordinaci\u00f3n regional como se vio en el caso de Macri y Moreno con la Bolivia de \u00c1\u00f1ez; y se prepara para desmoronar el proceso peruano cooptando a Castillo, al estilo ecuatoriano (Lucio y Moreno), o sac\u00e1ndolo al estilo hondure\u00f1o\u00bb.<\/p>\n\n\n\n<p>24 horas m\u00e1s tarde se fue al carajo todo. H\u00e9ctor fue depuesto y Castillo culipande\u00f3 hacia la derecha. Imposible, o muy dif\u00edcil, ser solidario en esas condiciones, menos a\u00fan con gente que no es capaz de ser leal a su propio programa y resistir con dignidad.<\/p>\n\n\n\n<p>El castillo es cada vez m\u00e1s de naipes y arena. Y eso, la extrema derecha peruana, la ecuatoriana, brasile\u00f1a y boliviana, ya lo acaban de saber. Los resultados ser\u00e1n no solo para el Per\u00fa sino incluso regionales.<\/p>\n\n\n\n<p>Esperemos que el nuevo canciller toledista no vuelva el Per\u00fa al grupo ultra-neo-liberal del que, en un acto de entereza geopol\u00edtica, H\u00e9ctor lo aniquil\u00f3 a toda prisa. M\u00e9xico, Argentina y Bolivia, tan prudentes, no dicen \u00abni chis, ni mus\u00bb. Peor a\u00fan Caracas y La Habana. Ya pronto se ver\u00e1 las consecuencias de no pensar y actuar regionalmente.<\/p>\n\n\n\n<p>Es un orgullo que a\u00fan haya indignada dignidad como la de H\u00e9ctor B\u00e9jar, en un mundo pol\u00edtico tan repleto de acomodaticia inmundicia, donde es tan normal y rutinario el ver multiplicarse indignos cada d\u00eda.<\/p>\n\n\n\n<figure class=\"wp-block-image size-large\"><img decoding=\"async\" width=\"1079\" height=\"1080\" src=\"http:\/\/xn--tuvozdiasporaespaola-k7b.com\/wp-content\/uploads\/2022\/12\/img-20221207-wa00588332458488006346823.jpg?w=1024\" alt=\"\" class=\"wp-image-770\" srcset=\"https:\/\/xn--tuvozdiasporaespaola-k7b.com\/wp-content\/uploads\/2022\/12\/img-20221207-wa00588332458488006346823.jpg 1079w, https:\/\/xn--tuvozdiasporaespaola-k7b.com\/wp-content\/uploads\/2022\/12\/img-20221207-wa00588332458488006346823-300x300.jpg 300w, https:\/\/xn--tuvozdiasporaespaola-k7b.com\/wp-content\/uploads\/2022\/12\/img-20221207-wa00588332458488006346823-1024x1024.jpg 1024w, https:\/\/xn--tuvozdiasporaespaola-k7b.com\/wp-content\/uploads\/2022\/12\/img-20221207-wa00588332458488006346823-150x150.jpg 150w, https:\/\/xn--tuvozdiasporaespaola-k7b.com\/wp-content\/uploads\/2022\/12\/img-20221207-wa00588332458488006346823-768x769.jpg 768w\" sizes=\"(max-width: 1079px) 100vw, 1079px\" \/><\/figure>\n\n\n\n<p><em>Hola Gustavo Esinoza,<\/em><\/p>\n\n\n\n<p><em>Dices en tu art\u00edculo que el golpe en Per\u00fa era un \u00abdesenlace de alguna manera inesperado\u00bb.<\/em><\/p>\n\n\n\n<p><em>Est\u00e1s inventando mitos. El golpe era\u00a0totalmente previsible y esperado y Castillo no fue nunca m\u00e1s que un payaso del sistema puesto en el gobierno por una bola de irresponsables. <\/em><\/p>\n\n\n\n<p>\u00bf<em>Cu\u00e1ndo la \u00abIzquierda Trasvesti\u00bb (Alfredo Jalife-Rahme) y oportunista latinoamericana, va a ser responsable y hablar con la verdad a la gente? Cuando eso suceda dejar\u00e1n de ser corresponsables de esos golpes olig\u00e1rquicos previsibles.<\/em><\/p>\n\n\n\n<p><em>Heinz&nbsp;Dieterich.<\/em><\/p>\n\n\n\n<p>21\/08\/2021<\/p>\n\n\n\n<p>Por Alex Flores. Equipo de Redacci\u00f3n de Revista TU VOZ. Delegaci\u00f3n ECUADOR-PER\u00da.<\/p>\n","protected":false},"excerpt":{"rendered":"<p>Comparto tu indignaci\u00f3n y breve an\u00e1lisis Heinz. Hace 1 a\u00f1o y 4 meses, el 26 de agosto del 2021, lo escrib\u00ed, lo predije y &#8230; <\/p>\n<p class=\"read-more-container\"><a title=\"PARA ENTENDER UN POCO LO OCURRIDO EN ??PER\u00da\" class=\"read-more button\" href=\"https:\/\/xn--tuvozdiasporaespaola-k7b.com\/page\/2\/para-entender-un-poco-lo-ocurrido-en-%f0%9f%87%b5%f0%9f%87%aaperu\/#more-771\" aria-label=\"M\u00e1s en PARA ENTENDER UN POCO LO OCURRIDO EN ??PER\u00da\">Leer m\u00e1s<\/a><\/p>\n","protected":false},"author":222560522,"featured_media":0,"comment_status":"open","ping_status":"open","sticky":false,"template":"","format":"standard","meta":{"footnotes":""},"categories":[1771],"tags":[],"class_list":["post-771","post","type-post","status-publish","format-standard","hentry","category-sociales"],"_links":{"self":[{"href":"https:\/\/xn--tuvozdiasporaespaola-k7b.com\/page\/2\/wp-json\/wp\/v2\/posts\/771","targetHints":{"allow":["GET"]}}],"collection":[{"href":"https:\/\/xn--tuvozdiasporaespaola-k7b.com\/page\/2\/wp-json\/wp\/v2\/posts"}],"about":[{"href":"https:\/\/xn--tuvozdiasporaespaola-k7b.com\/page\/2\/wp-json\/wp\/v2\/types\/post"}],"author":[{"embeddable":true,"href":"https:\/\/xn--tuvozdiasporaespaola-k7b.com\/page\/2\/wp-json\/wp\/v2\/users\/222560522"}],"replies":[{"embeddable":true,"href":"https:\/\/xn--tuvozdiasporaespaola-k7b.com\/page\/2\/wp-json\/wp\/v2\/comments?post=771"}],"version-history":[{"count":0,"href":"https:\/\/xn--tuvozdiasporaespaola-k7b.com\/page\/2\/wp-json\/wp\/v2\/posts\/771\/revisions"}],"wp:attachment":[{"href":"https:\/\/xn--tuvozdiasporaespaola-k7b.com\/page\/2\/wp-json\/wp\/v2\/media?parent=771"}],"wp:term":[{"taxonomy":"category","embeddable":true,"href":"https:\/\/xn--tuvozdiasporaespaola-k7b.com\/page\/2\/wp-json\/wp\/v2\/categories?post=771"},{"taxonomy":"post_tag","embeddable":true,"href":"https:\/\/xn--tuvozdiasporaespaola-k7b.com\/page\/2\/wp-json\/wp\/v2\/tags?post=771"}],"curies":[{"name":"wp","href":"https:\/\/api.w.org\/{rel}","templated":true}]}}