{"id":76,"date":"2022-08-29T00:30:17","date_gmt":"2022-08-29T03:30:17","guid":{"rendered":"https:\/\/xn--tuvozdiasporaespaola-k7b.com\/2022\/08\/29\/el-peronismo-y-el-progresismo-en-estado-de-alerta-y-movilizacion-en-defensa-de-la-lider-cristina-kirchner\/"},"modified":"2022-08-29T01:40:59","modified_gmt":"2022-08-29T04:40:59","slug":"el-peronismo-y-el-progresismo-en-estado-de-alerta-y-movilizacion-en-defensa-de-la-lider-cristina-kirchner","status":"publish","type":"post","link":"https:\/\/xn--tuvozdiasporaespaola-k7b.com\/page\/2\/el-peronismo-y-el-progresismo-en-estado-de-alerta-y-movilizacion-en-defensa-de-la-lider-cristina-kirchner\/","title":{"rendered":"El PERONISMO Y EL PROGRESISMO EN ESTADO DE ALERTA Y MOVILIZACI\u00d3N en DEFENSA de la L\u00edder CRISTINA KIRCHNER."},"content":{"rendered":"\n<p>Hoy hemos estado los compa\u00f1eros de <strong>PODEMOS ARGENTINA Prov.<\/strong> en la marcha por la Dignidad y respeto hacia CRISTINA KIRCHNER y hemos presenciado el orgullo de un pueblo por la justicia,\u00a0 la emoci\u00f3n\u00a0 en los ojos de muchas personas con las que compartimos gritos y canciones emocionados y relatando las conquistas de 12 A\u00f1os de Lucha , (incluso ni\u00f1os derramaron sus l\u00e1grimas emocionadas )Por fin Argentina\u00a0 se despert\u00f3 del letargo\u00a0 participando en este reclamo los Partidos de Izquierada , Peronistas\u00a0 y representantes de todos los partidos y agrupaciones latinoamericanas de tendencia Popular al grito\u00a0 \u00abhoy es Cristina ma\u00f1ana Podemos ser cualquiera\u00bb o \u00bb Si la tocan a Cristina que quilombo\u00a0 se va a armar\u00bb\u00a0 en defensa de la Justicia y la derogaci\u00f3n de una prensa mediatica pagada por los oligarcas neoliberales.<\/p>\n\n\n\n<figure class=\"wp-block-image size-large\"><img fetchpriority=\"high\" decoding=\"async\" width=\"750\" height=\"498\" src=\"http:\/\/xn--tuvozdiasporaespaola-k7b.com\/wp-content\/uploads\/2022\/08\/630a23c12b5b4_750x4982113517141377719772.jpg?w=750\" alt=\"\" class=\"wp-image-72\" srcset=\"https:\/\/xn--tuvozdiasporaespaola-k7b.com\/wp-content\/uploads\/2022\/08\/630a23c12b5b4_750x4982113517141377719772.jpg 750w, https:\/\/xn--tuvozdiasporaespaola-k7b.com\/wp-content\/uploads\/2022\/08\/630a23c12b5b4_750x4982113517141377719772-300x199.jpg 300w\" sizes=\"(max-width: 750px) 100vw, 750px\" \/><\/figure>\n\n\n\n<p>&nbsp;En tiempos asistimos&nbsp; a la crucifixi\u00f3n&nbsp; y destituidos con causas falsas de Lula, Dilma , Fernando Lugo , Rafael Correa , Manuel&nbsp; Zelaya&nbsp; a lo largo de estos a\u00f1os , pero nunca vimos nada igual en Defensa de la Vicepresidenta del Gobierno&nbsp; Argentino .<\/p>\n\n\n\n<figure class=\"wp-block-image size-large\"><img decoding=\"async\" width=\"420\" height=\"276\" src=\"http:\/\/xn--tuvozdiasporaespaola-k7b.com\/wp-content\/uploads\/2022\/08\/1377808260_b7709633511696565716.jpg?w=420\" alt=\"\" class=\"wp-image-71\" srcset=\"https:\/\/xn--tuvozdiasporaespaola-k7b.com\/wp-content\/uploads\/2022\/08\/1377808260_b7709633511696565716.jpg 420w, https:\/\/xn--tuvozdiasporaespaola-k7b.com\/wp-content\/uploads\/2022\/08\/1377808260_b7709633511696565716-300x197.jpg 300w\" sizes=\"(max-width: 420px) 100vw, 420px\" \/><\/figure>\n\n\n\n<p><\/p>\n\n\n\n<figure class=\"wp-block-embed is-type-rich is-provider-twitter wp-block-embed-twitter\"><div class=\"wp-block-embed__wrapper\">\n<blockquote class=\"twitter-tweet\" data-width=\"550\" data-dnt=\"true\"><p lang=\"es\" dir=\"ltr\">No s\u00e9 si fue todo magia, pero magia no falt\u00f3. No hay valla capaz de separar a un pueblo de quien lo hizo vivir tantos d\u00edas felices. Amor con amor se paga. Que triste ser como ellos que solo saben odiar. <a href=\"https:\/\/t.co\/Cl0Cn0HD5y\">https:\/\/t.co\/Cl0Cn0HD5y<\/a><\/p>&mdash; Juan Grabois (@JuanGrabois) <a href=\"https:\/\/twitter.com\/JuanGrabois\/status\/1563724696977383424?ref_src=twsrc%5Etfw\">August 28, 2022<\/a><\/blockquote><script async src=\"https:\/\/platform.twitter.com\/widgets.js\" charset=\"utf-8\"><\/script>\n<\/div><\/figure>\n\n\n\n<p><strong>Las vallas no pudieron separar a Cristina de su pueblo<\/strong><\/p>\n\n\n\n<p>La l\u00edder del peronismo tuvo su 17 de octubre. El PJ estaba planeando un gran acto que demostrara que la gente estaba con Cristina y Larreta adelant\u00f3 los tiempos.<\/p>\n\n\n\n<p>&nbsp;Fue un 27 de agosto. El pueblo despert\u00f3 sabiendo que&nbsp;Cristina Kirchner&nbsp;estaba sitiada. Sitiada por la derecha. Y fue a liberarla. Las vallas que&nbsp;Horacio Rodr\u00edguez Larreta&nbsp;hab\u00eda impuesto a hurtadillas por la noche como rejas de una c\u00e1rcel en la que le gustar\u00eda verla presa&nbsp;fueron derribadas. Hoy el pueblo le dijo a la derecha que no acepta ver a su l\u00edder encerrada.&nbsp;<\/p>\n\n\n\n<figure class=\"wp-block-embed is-type-rich is-provider-twitter wp-block-embed-twitter\"><div class=\"wp-block-embed__wrapper\">\n<blockquote class=\"twitter-tweet\" data-width=\"550\" data-dnt=\"true\"><p lang=\"es\" dir=\"ltr\">El viernes le cont\u00e9 a <a href=\"https:\/\/twitter.com\/CFKArgentina?ref_src=twsrc%5Etfw\">@CFKArgentina<\/a> como dos burdos montajes policiales sirvieron para que ciertos jueces condenaran y dejaran sin acta de diputado a Alberto Rodr\u00edguez e inhabilitaran a Isa Serra; en ambos casos con connivencias medi\u00e1ticas y pol\u00edticas. <br><br>Anoche en Buenos Aires ?? <a href=\"https:\/\/t.co\/HI7KJax5ja\">https:\/\/t.co\/HI7KJax5ja<\/a><\/p>&mdash; Pablo Iglesias ?{R} (@PabloIglesias) <a href=\"https:\/\/twitter.com\/PabloIglesias\/status\/1563971320827846657?ref_src=twsrc%5Etfw\">August 28, 2022<\/a><\/blockquote><script async src=\"https:\/\/platform.twitter.com\/widgets.js\" charset=\"utf-8\"><\/script>\n<\/div><\/figure>\n\n\n\n<p>Se iniciaron causas a&nbsp;Cristina&nbsp;y se sostuvieron en los medios hasta que los fallos la sobreseyeran. Esta vez quisieron avanzar hacia una condena. La posibilidad de ver a la l\u00edder del peronismo presa o proscrita despert\u00f3 al pueblo peronista que estaba golpeado por la inflaci\u00f3n y los bajos sueldos. Hoy salieron a defender a quien les dio dignidad y felicidad, hoy todos y todas recordaron los a\u00f1os felices y salieron a agradecerle el pasado, a bancarla en el presente y a pedirle que vuelva en el futuro: La ilusi\u00f3n de recobrar lo que se tuvo sin duda fue una de las fuerzas en juego en esta tarde hist\u00f3rica.&nbsp;<\/p>\n\n\n\n<p><em>\u00abSeis millones de empleos creados, el salario m\u00e1s alto de Latinoam\u00e9rica, la cobertura previsional total, la AUH, las computadoras para los pibes, el desarrollo industrial, los mil cient\u00edficos repatriados, el sat\u00e9lite Arsat, la Ley de Pe\u00f3n rural, la Ley de personal dom\u00e9stico, la Ley de genero, el Plan Remediar, el Plan Procrear, el Plan Progresar, las universidades en el conurbano y tantos logros de los 12 a\u00f1os de gobierno resurgieron en la memoria colectiva y llevaron a cientos de miles a las calles al grito de Cristina\u00bb.<\/em>&nbsp;declar\u00f3 el periodista Roberto Navarro.<\/p>\n\n\n\n<p><strong>Hoy un pueblo dijo basta, ni&nbsp; vallas ni represi\u00f3n que lo separe de su l\u00edder<\/strong>.<\/p>\n\n\n\n<figure class=\"wp-block-image size-large\"><img decoding=\"async\" width=\"1200\" height=\"675\" src=\"http:\/\/xn--tuvozdiasporaespaola-k7b.com\/wp-content\/uploads\/2022\/08\/eb96c36c-191d-42d1-95a9-12f9ec79cefd_16-9-discover-aspect-ratio_default_07873188739560103765.jpg?w=1024\" alt=\"\" class=\"wp-image-69\" srcset=\"https:\/\/xn--tuvozdiasporaespaola-k7b.com\/wp-content\/uploads\/2022\/08\/eb96c36c-191d-42d1-95a9-12f9ec79cefd_16-9-discover-aspect-ratio_default_07873188739560103765.jpg 1200w, https:\/\/xn--tuvozdiasporaespaola-k7b.com\/wp-content\/uploads\/2022\/08\/eb96c36c-191d-42d1-95a9-12f9ec79cefd_16-9-discover-aspect-ratio_default_07873188739560103765-300x169.jpg 300w, https:\/\/xn--tuvozdiasporaespaola-k7b.com\/wp-content\/uploads\/2022\/08\/eb96c36c-191d-42d1-95a9-12f9ec79cefd_16-9-discover-aspect-ratio_default_07873188739560103765-1024x576.jpg 1024w, https:\/\/xn--tuvozdiasporaespaola-k7b.com\/wp-content\/uploads\/2022\/08\/eb96c36c-191d-42d1-95a9-12f9ec79cefd_16-9-discover-aspect-ratio_default_07873188739560103765-768x432.jpg 768w\" sizes=\"(max-width: 1200px) 100vw, 1200px\" \/><\/figure>\n\n\n\n<p><em>\u00bb Nadie puede hacerse el distra\u00eddo: la posibilidad de avanzar con esa causa trucha que es vialidad para encarcelar o proscribir a Cristina hoy es infinitamente menor que ayer\u00bb.&nbsp; <\/em>Sigui\u00f3 Navarro.<\/p>\n\n\n\n<p>Polic\u00edas de la Ciudad\u00a0 incluso insultaron y golpearon a M\u00e1ximo Kirchner frente a la casa de Cristina , diputado nacional e hijo de la vicepresidenta fue agredido por efectivos de la Polic\u00eda de la Ciudad. <em>\u00abForro, no vas a pasar\u00bb, s<\/em>e los escucha decir en distintas im\u00e1genes compartidas en las redes sociales nos recordaron momentos decla dictadura Espa\u00f1ola corriendo de los Grises ( Polic\u00eda Espa\u00f1ola a\u00f1os 70 ) o en las manifestaciones del 15M  o abrazando al  congreso de Espa\u00f1a donde la polic\u00eda marc\u00f3 una REPRESI\u00d3N brutal  que hizo despertar al pueblo Espa\u00f1ol.<\/p>\n\n\n\n<p>https:\/\/www.instagram.com\/reel\/Chz8xMsj7fl\/?igshid=MDJmNzVkMjY=<\/p>\n\n\n\n<p>La historia argentina gira&nbsp; siempre como un carrusel y vuelve siempre a su punto de partida. Pero vuelve transformada.<\/p>\n\n\n\n<p><\/p>\n\n\n\n<figure class=\"wp-block-embed is-type-rich is-provider-twitter wp-block-embed-twitter\"><div class=\"wp-block-embed__wrapper\">\n<blockquote class=\"twitter-tweet\" data-width=\"550\" data-dnt=\"true\"><p lang=\"es\" dir=\"ltr\">La columna de <a href=\"https:\/\/twitter.com\/PedroBriegerOk?ref_src=twsrc%5Etfw\">@PedroBriegerOk<\/a> | El lawfare y la fachada democr\u00e1tica contra CFK <a href=\"https:\/\/twitter.com\/InfoNodal?ref_src=twsrc%5Etfw\">@InfoNodal<\/a> <a href=\"https:\/\/t.co\/RIsQl02WyX\">https:\/\/t.co\/RIsQl02WyX<\/a><\/p>&mdash; Pablo Iglesias ?{R} (@PabloIglesias) <a href=\"https:\/\/twitter.com\/PabloIglesias\/status\/1563876179504947201?ref_src=twsrc%5Etfw\">August 28, 2022<\/a><\/blockquote><script async src=\"https:\/\/platform.twitter.com\/widgets.js\" charset=\"utf-8\"><\/script>\n<\/div><\/figure>\n\n\n\n<p>En tiempos estos&nbsp; Argentinos y Argentinas&nbsp; formaron parte de una generaci\u00f3n a la que en sus primeros a\u00f1os escolares le inocularon la historia argentina , sin ideolog\u00eda, sin militancia pol\u00edtica, sin nada, en fin, que justificara el uso del adjetivo \u201crevolucionarios\u201d.&nbsp;<\/p>\n\n\n\n<p>&nbsp;La rebeli\u00f3n popular de obreros y estudiantes en la ciudad de C\u00f3rdoba, en mayo de 1969 nos meti\u00f3 en la historia real. Despu\u00e9s vino el triunfo peronista, la hist\u00f3rica plaza de mayo de festejo por la recuperaci\u00f3n de la democracia con una multitud que cantaba por Per\u00f3n y tambi\u00e9n por Salvador Allende -entonces presidente de Chile- y por Osvaldo Dortic\u00f3s, miembro de la conducci\u00f3n pol\u00edtica del estado cubano dirigido por Fidel Castro. Todo eso fue el bautismo pol\u00edtico de una generaci\u00f3n que incluyera el conflicto armado y su tr\u00e1gica desembocadura en el terrorismo de estado c\u00edvico-militar-empresarial que se desatara en marzo de 1976.&nbsp;<\/p>\n\n\n\n<figure class=\"wp-block-image size-large\"><img loading=\"lazy\" decoding=\"async\" width=\"2880\" height=\"2880\" src=\"http:\/\/xn--tuvozdiasporaespaola-k7b.com\/wp-content\/uploads\/2022\/08\/20220828_2354412679815810169661781.jpg?w=1024\" alt=\"\" class=\"wp-image-73\" srcset=\"https:\/\/xn--tuvozdiasporaespaola-k7b.com\/wp-content\/uploads\/2022\/08\/20220828_2354412679815810169661781.jpg 2880w, https:\/\/xn--tuvozdiasporaespaola-k7b.com\/wp-content\/uploads\/2022\/08\/20220828_2354412679815810169661781-300x300.jpg 300w, https:\/\/xn--tuvozdiasporaespaola-k7b.com\/wp-content\/uploads\/2022\/08\/20220828_2354412679815810169661781-1024x1024.jpg 1024w, https:\/\/xn--tuvozdiasporaespaola-k7b.com\/wp-content\/uploads\/2022\/08\/20220828_2354412679815810169661781-150x150.jpg 150w, https:\/\/xn--tuvozdiasporaespaola-k7b.com\/wp-content\/uploads\/2022\/08\/20220828_2354412679815810169661781-768x768.jpg 768w, https:\/\/xn--tuvozdiasporaespaola-k7b.com\/wp-content\/uploads\/2022\/08\/20220828_2354412679815810169661781-1568x1568.jpg 1568w\" sizes=\"(max-width: 2880px) 100vw, 2880px\" \/><figcaption class=\"wp-element-caption\">PODEMOS ARGENTINA PROV  presente <\/figcaption><\/figure>\n\n\n\n<p>En las aulas de aquel tiempo no se hablaba mucho de Per\u00f3n de vez en cuando we recib\u00edan  dosis homeop\u00e1ticas sobre el \u201ctirano pr\u00f3fugo\u201d,. Pero el muchos chicos de ese tiempo\u00a0 intu\u00edan algo que estaba escondido; ese algo se infer\u00eda de la clara indicaci\u00f3n, acerca de la inconveniencia de hablar de Per\u00f3n -ni mal ni bien-simplemente callar e ignorar su historia.\u00a0<\/p>\n\n\n\n<p><strong>\u00bfQu\u00e9 tiene que ver todo este relato con nuestra realidad actual? <\/strong><\/p>\n\n\n\n<p>Con nombres e historias cambiadas, la sombra de un profundo antagonismo vuelve hoy a cernirse sobre nuestra vida pol\u00edtica. As\u00ed como se cre\u00f3 el demonio peronista -que lleg\u00f3 a justificar no solamente la persecuci\u00f3n de su militancia y su larga proscripci\u00f3n pol\u00edtica sino tambi\u00e9n la persecuci\u00f3n a un cad\u00e1ver -el de Evita- al que se someti\u00f3 a todo tipo devejaciones.\u00a0As\u00ed, tambi\u00e9n, como se invent\u00f3 el mito de los dos demonios para justificar el terrorismo de estado, y como se manipul\u00f3 la interpretaci\u00f3n de una generaci\u00f3n \u00a0y de entrega militante, hoy asistimos a un nuevo operativo autoritario de imponer una interpretaci\u00f3n autorizada y excluyente de la historia en la represi\u00f3n de nuestro pueblo y nuestra juventud.\u00a0<\/p>\n\n\n\n<figure class=\"wp-block-image size-large\"><img loading=\"lazy\" decoding=\"async\" width=\"767\" height=\"430\" src=\"http:\/\/xn--tuvozdiasporaespaola-k7b.com\/wp-content\/uploads\/2022\/08\/dvjtm3szefedbfixk7aahe7gb48372345412271370382.jpg?w=767\" alt=\"\" class=\"wp-image-70\" srcset=\"https:\/\/xn--tuvozdiasporaespaola-k7b.com\/wp-content\/uploads\/2022\/08\/dvjtm3szefedbfixk7aahe7gb48372345412271370382.jpg 767w, https:\/\/xn--tuvozdiasporaespaola-k7b.com\/wp-content\/uploads\/2022\/08\/dvjtm3szefedbfixk7aahe7gb48372345412271370382-300x168.jpg 300w\" sizes=\"(max-width: 767px) 100vw, 767px\" \/><figcaption class=\"wp-element-caption\">Cristina Kirchner <\/figcaption><\/figure>\n\n\n\n<p>El demonio tiene hoy nombre y apellido: se llama Cristina Kirchner. El derroche de calumnias, mentiras y golpes bajos del que es objeto la actual vicepresidenta de la rep\u00fablica ocupa, de pleno derecho, un lugar en la trama de la creaci\u00f3n de una historia oficial en la que los malos y los buenos son siempre los mismos: est\u00e1n los \u201crepublicanos\u201d y los \u201cpopulistas\u201d a\u00f1os igual que en Espa\u00f1a los Patriotas Espa\u00f1oles y los Comunistas de Izquierda (PODEMOS ,&nbsp; Socialistas,&nbsp; Izquierda Unida &nbsp; Ezquerra Republicana EHBildu , etc..) que quieren destruir la patria , del mismo modo que en los tiempos de la proscripci\u00f3n \u201cdemocr\u00e1tica\u201d del movimiento por \u00e9l creado por Peron , as\u00ed como de diversas manifestaciones de lucha protagonizados por partidos y corrientes de izquierda. Se prepara el camino de la proscripci\u00f3n pol\u00edtica de Cristina. Para demostrar que no es as\u00ed, har\u00eda falta que los insultos de los periodistas del establishment y del fiscal Luciani fueran, aunque sea, \u201cmatizados\u201d por alguna prueba m\u00e1s o menos persuasiva relacionada con &nbsp;aquello de lo que se la acusa. Pero esto no puede ser as\u00ed porque ser\u00eda una mezcla inadmisible de g\u00e9neros: la mezcla del agravio ruidoso y sostenido con el argumento s\u00f3lido y concreto.&nbsp;<\/p>\n\n\n\n<figure class=\"wp-block-image size-large\"><img loading=\"lazy\" decoding=\"async\" width=\"745\" height=\"497\" src=\"http:\/\/xn--tuvozdiasporaespaola-k7b.com\/wp-content\/uploads\/2022\/08\/gran_movilizacixn_por_cristina_kirchner3380998097871715692.jpg?w=745\" alt=\"\" class=\"wp-image-74\" srcset=\"https:\/\/xn--tuvozdiasporaespaola-k7b.com\/wp-content\/uploads\/2022\/08\/gran_movilizacixn_por_cristina_kirchner3380998097871715692.jpg 745w, https:\/\/xn--tuvozdiasporaespaola-k7b.com\/wp-content\/uploads\/2022\/08\/gran_movilizacixn_por_cristina_kirchner3380998097871715692-300x200.jpg 300w\" sizes=\"(max-width: 745px) 100vw, 745px\" \/><\/figure>\n\n\n\n<p>Est\u00e1 notablemente claro que Cristina Kirchner es el obst\u00e1culo largamente principal en el plan ideado para conseguir una \u201cdemocracia ideal\u201d.&nbsp;Una en la que no haga falta represi\u00f3n violenta ni proscripci\u00f3n pol\u00edtica (excepto la de \u201cuna mujer\u201d). Lo m\u00ednimo a lo que se deber\u00eda aspirar en un pa\u00eds y un pueblo con la historia de lucha y de rebeld\u00eda que tiene Argentina y Espa\u00f1a , es que no permitamos que el plan se consume en general en kamucha contra el poder medi\u00e1tico y judicial . Sin embargo, no han de faltar quienes crean que la proscripci\u00f3n de Cristina pueda allanar el camino de su propia \u201cposici\u00f3n en la pol\u00edtica\u201d. Que el pa\u00eds con Cristina excluida del juego democr\u00e1tico logre \u201cpacificarse\u201d, terminar con la grieta, saltar el antagonismo. Esa historia ya la vivimos los argentinos y argentinas y los Espa\u00f1oles&nbsp;<\/p>\n\n\n\n<figure class=\"wp-block-image size-large\"><img loading=\"lazy\" decoding=\"async\" width=\"1140\" height=\"641\" src=\"http:\/\/xn--tuvozdiasporaespaola-k7b.com\/wp-content\/uploads\/2022\/08\/foto-casa-cristina-sentada-telam-jpg-mejorjpg1124868271746578097.jpg?w=1024\" alt=\"\" class=\"wp-image-75\" srcset=\"https:\/\/xn--tuvozdiasporaespaola-k7b.com\/wp-content\/uploads\/2022\/08\/foto-casa-cristina-sentada-telam-jpg-mejorjpg1124868271746578097.jpg 1140w, https:\/\/xn--tuvozdiasporaespaola-k7b.com\/wp-content\/uploads\/2022\/08\/foto-casa-cristina-sentada-telam-jpg-mejorjpg1124868271746578097-300x169.jpg 300w, https:\/\/xn--tuvozdiasporaespaola-k7b.com\/wp-content\/uploads\/2022\/08\/foto-casa-cristina-sentada-telam-jpg-mejorjpg1124868271746578097-1024x576.jpg 1024w, https:\/\/xn--tuvozdiasporaespaola-k7b.com\/wp-content\/uploads\/2022\/08\/foto-casa-cristina-sentada-telam-jpg-mejorjpg1124868271746578097-768x432.jpg 768w\" sizes=\"(max-width: 1140px) 100vw, 1140px\" \/><figcaption class=\"wp-element-caption\">En la calle junto al pueblo <\/figcaption><\/figure>\n\n\n\n<p>. Parafraseando a Brecht \u201cprimero se llevaron a Cristina y no me import\u00f3\u201d y nunca m\u00e1s debemos permitir que se excluya a pol\u00edticos y pol\u00edticas<\/p>\n\n\n\n<p><\/p>\n\n\n\n<p>Equipo Comunicaci\u00f3n&nbsp; C\u00edrculo Podemos Argentina Prov.,<\/p>\n\n\n\n<p>Red de C\u00edrculos Podemos Latinoam\u00e9rica.&nbsp;<\/p>\n","protected":false},"excerpt":{"rendered":"<p>Hoy hemos estado los compa\u00f1eros de PODEMOS ARGENTINA Prov. en la marcha por la Dignidad y respeto hacia CRISTINA KIRCHNER y hemos presenciado el &#8230; <\/p>\n<p class=\"read-more-container\"><a title=\"El PERONISMO Y EL PROGRESISMO EN ESTADO DE ALERTA Y MOVILIZACI\u00d3N en DEFENSA de la L\u00edder CRISTINA KIRCHNER.\" class=\"read-more button\" href=\"https:\/\/xn--tuvozdiasporaespaola-k7b.com\/page\/2\/el-peronismo-y-el-progresismo-en-estado-de-alerta-y-movilizacion-en-defensa-de-la-lider-cristina-kirchner\/#more-76\" aria-label=\"M\u00e1s en El PERONISMO Y EL PROGRESISMO EN ESTADO DE ALERTA Y MOVILIZACI\u00d3N en DEFENSA de la L\u00edder CRISTINA KIRCHNER.\">Leer m\u00e1s<\/a><\/p>\n","protected":false},"author":222560522,"featured_media":0,"comment_status":"open","ping_status":"open","sticky":false,"template":"","format":"standard","meta":{"footnotes":""},"categories":[1771],"tags":[],"class_list":["post-76","post","type-post","status-publish","format-standard","hentry","category-sociales"],"_links":{"self":[{"href":"https:\/\/xn--tuvozdiasporaespaola-k7b.com\/page\/2\/wp-json\/wp\/v2\/posts\/76","targetHints":{"allow":["GET"]}}],"collection":[{"href":"https:\/\/xn--tuvozdiasporaespaola-k7b.com\/page\/2\/wp-json\/wp\/v2\/posts"}],"about":[{"href":"https:\/\/xn--tuvozdiasporaespaola-k7b.com\/page\/2\/wp-json\/wp\/v2\/types\/post"}],"author":[{"embeddable":true,"href":"https:\/\/xn--tuvozdiasporaespaola-k7b.com\/page\/2\/wp-json\/wp\/v2\/users\/222560522"}],"replies":[{"embeddable":true,"href":"https:\/\/xn--tuvozdiasporaespaola-k7b.com\/page\/2\/wp-json\/wp\/v2\/comments?post=76"}],"version-history":[{"count":0,"href":"https:\/\/xn--tuvozdiasporaespaola-k7b.com\/page\/2\/wp-json\/wp\/v2\/posts\/76\/revisions"}],"wp:attachment":[{"href":"https:\/\/xn--tuvozdiasporaespaola-k7b.com\/page\/2\/wp-json\/wp\/v2\/media?parent=76"}],"wp:term":[{"taxonomy":"category","embeddable":true,"href":"https:\/\/xn--tuvozdiasporaespaola-k7b.com\/page\/2\/wp-json\/wp\/v2\/categories?post=76"},{"taxonomy":"post_tag","embeddable":true,"href":"https:\/\/xn--tuvozdiasporaespaola-k7b.com\/page\/2\/wp-json\/wp\/v2\/tags?post=76"}],"curies":[{"name":"wp","href":"https:\/\/api.w.org\/{rel}","templated":true}]}}