{"id":752,"date":"2022-12-03T16:59:44","date_gmt":"2022-12-03T19:59:44","guid":{"rendered":"https:\/\/xn--tuvozdiasporaespaola-k7b.com\/?p=752"},"modified":"2022-12-03T18:12:33","modified_gmt":"2022-12-03T21:12:33","slug":"la-ley-de-memoria-democratica-colapsa-los-consulados-y-puede-dejar-en-el-olvido-la-necesidad-de-renovar-pasaportes-para-espanoles-que-no-tienen-doble-nacionalidad-18-meses-de-espera","status":"publish","type":"post","link":"https:\/\/xn--tuvozdiasporaespaola-k7b.com\/page\/2\/la-ley-de-memoria-democratica-colapsa-los-consulados-y-puede-dejar-en-el-olvido-la-necesidad-de-renovar-pasaportes-para-espanoles-que-no-tienen-doble-nacionalidad-18-meses-de-espera\/","title":{"rendered":"\u00bb La Ley de Memoria Democr\u00e1tica colapsa los consulados y puede dejar en el olvido la necesidad de renovar pasaportes para Espa\u00f1oles que no tienen doble Nacionalidad \u00a118 meses de Espera!\u00bb"},"content":{"rendered":"\n<p>Colas en los consulados para obtener la nacionalidad espa\u00f1ola por la Ley de Memoria Democr\u00e1tica.La Ley de Memoria Democr\u00e1tica colapsa los consulados y puede dejar en el olvido la necesidad de renovar pasaportes para Espa\u00f1oles que no tienen doble Nacionalidad \u00a118 meses de Espera!\u00bb<\/p>\n\n\n\n<p>Hay gran demanda en toda Hispanoam\u00e9rica despu\u00e9s de que el Gobierno haya abierto la puerta de la espa\u00f1olidad a decenas de miles de descendientes de emigrantes exiliados del franquismo.<\/p>\n\n\n\n<figure class=\"wp-block-image size-large\"><img fetchpriority=\"high\" decoding=\"async\" width=\"1600\" height=\"1200\" src=\"http:\/\/xn--tuvozdiasporaespaola-k7b.com\/wp-content\/uploads\/2022\/12\/img-20221115-wa01232881306548781023040.jpg?w=1024\" alt=\"\" class=\"wp-image-748\" srcset=\"https:\/\/xn--tuvozdiasporaespaola-k7b.com\/wp-content\/uploads\/2022\/12\/img-20221115-wa01232881306548781023040.jpg 1600w, https:\/\/xn--tuvozdiasporaespaola-k7b.com\/wp-content\/uploads\/2022\/12\/img-20221115-wa01232881306548781023040-300x225.jpg 300w, https:\/\/xn--tuvozdiasporaespaola-k7b.com\/wp-content\/uploads\/2022\/12\/img-20221115-wa01232881306548781023040-1024x768.jpg 1024w, https:\/\/xn--tuvozdiasporaespaola-k7b.com\/wp-content\/uploads\/2022\/12\/img-20221115-wa01232881306548781023040-768x576.jpg 768w, https:\/\/xn--tuvozdiasporaespaola-k7b.com\/wp-content\/uploads\/2022\/12\/img-20221115-wa01232881306548781023040-1568x1176.jpg 1568w\" sizes=\"(max-width: 1600px) 100vw, 1600px\" \/><figcaption class=\"wp-element-caption\">Acto informativo del CEDU en Buenos Aires <\/figcaption><\/figure>\n\n\n\n<p>El Consulado General de Espa\u00f1a en Caracas colg\u00f3 el mi\u00e9rcoles un mensaje en su cuenta de Twitter informando de que esta semana se han resuelto favorablemente las primeras 18 solicitudes de nacionalidad en base a la que en Hispanoam\u00e9rica ya se conoce como la ley de nietos espa\u00f1ola.<\/p>\n\n\n\n<p>\u00c9sta es, en realidad, una disposici\u00f3n adicional (la octava) incluida en la Ley de Memoria Democr\u00e1tica para abrir la puerta de la nacionalidad espa\u00f1ola a decenas de miles de descendientes de emigrantes que hasta ahora la ten\u00edan cerrada. Hasta bisnietos y tataranietos.<\/p>\n\n\n\n<p><strong>\u00abPAPELES PARA TODOS\u00bb<\/strong><\/p>\n\n\n\n<p>La Ley de Memoria da derecho a la nacionalidad espa\u00f1ola hasta a los tataranietos de exiliados.<\/p>\n\n\n\n<p>En el Consulado General de Espa\u00f1a en M\u00e9xico incluso publicaron la fotograf\u00eda del primer nacionalizado en base a esta ley, despu\u00e9s de un procedimiento expr\u00e9s. Se llama Jos\u00e9 Pablo del Castillo Zabalgoitia, es un ingeniero de 37 a\u00f1os de padres mexicanos y, desde el pasado 15 de noviembre, espa\u00f1ol de pleno derecho.<\/p>\n\n\n\n<p>En todos los consulados se repiten escenas parecidas. Las primeras semanas de aplicaci\u00f3n de la ley de nietos han provocado una avalancha de solicitudes y largas colas en multitud de consulados espa\u00f1oles. En el de la ciudad argentina de Mendoza, la prensa local ha informado de una avalancha de solicitantes en los primeros d\u00edas de aplicaci\u00f3n de la normativa. En el Consulado General de Espa\u00f1a en Cuba van con algo m\u00e1s de retraso: empezaron a dar citas el 21 de noviembre. En su p\u00e1gina web advierten: \u00abNo se admitir\u00e1n registros a trav\u00e9s de terceros, los interesados deben tramitar su registro personalmente\u00bb.<\/p>\n\n\n\n<p>\u00c9sa es precisamente una de las particularidades de esta nueva forma de nacionalizarse: los bufetes de abogados no pueden actuar de intermediarios ni gestionar el papeleo, sino que el solicitante debe acudir al consulado o al registro civil de turno en persona. Aun as\u00ed, algunos despachos expertos en extranjer\u00eda est\u00e1n ofreciendo servicios de asesoramiento ante la gran demanda de informaci\u00f3n, m\u00e1s desde pa\u00edses hispanoamericanos que desde Espa\u00f1a. Y en YouTube hay decenas de v\u00eddeos de abogados explicando qui\u00e9nes pueden acogerse a esta ley.<\/p>\n\n\n\n<p>La ley de nietos est\u00e1 pensada para resarcir a los descendientes de exiliados durante la guerra civil y el franquismo que quedaron fuera del anterior proceso de nacionalizaci\u00f3n: el que se llev\u00f3 a cabo en virtud de la Ley de Memoria Hist\u00f3rica de Jos\u00e9 Luis Rodr\u00edguez Zapatero en 2007. \u00c9sa es la teor\u00eda, pero la realidad es que la manga es muy ancha. M\u00e1s despu\u00e9s de que la Direcci\u00f3n General de Seguridad Jur\u00eddica y Fe P\u00fablica del Ministerio de Justicia publicara el pasado 26 de octubre una instrucci\u00f3n rebajando todav\u00eda m\u00e1s los requisitos inicialmente previstos.<\/p>\n\n\n\n<p>En esta ocasi\u00f3n, y durante un plazo de dos a\u00f1os (prorrogable a un tercero), permite adquirir la nacionalidad espa\u00f1ola ya no solo a los hijos de exiliados, sino tambi\u00e9n a los nietos. Lo que, a su vez, abre el camino a los bisnietos y tataranietos (porque ser\u00e1n los hijos y nietos de los solicitantes), generando un efecto multiplicador. Y, adem\u00e1s, sin l\u00edmite de edad: en el anterior proceso estaban solo afectados los hijos menores de edad no emancipados.<\/p>\n\n\n\n<figure class=\"wp-block-image size-large\"><img decoding=\"async\" width=\"618\" height=\"349\" src=\"http:\/\/xn--tuvozdiasporaespaola-k7b.com\/wp-content\/uploads\/2022\/12\/cola-consulado-kiv-620x34940abc7214454175308578483..jpg?w=618\" alt=\"\" class=\"wp-image-749\" srcset=\"https:\/\/xn--tuvozdiasporaespaola-k7b.com\/wp-content\/uploads\/2022\/12\/cola-consulado-kiv-620x34940abc7214454175308578483..jpg 618w, https:\/\/xn--tuvozdiasporaespaola-k7b.com\/wp-content\/uploads\/2022\/12\/cola-consulado-kiv-620x34940abc7214454175308578483.-300x169.jpg 300w\" sizes=\"(max-width: 618px) 100vw, 618px\" \/><figcaption class=\"wp-element-caption\">Consulado en Caracas <\/figcaption><\/figure>\n\n\n\n<p><strong>Tres supuestos<\/strong><\/p>\n\n\n\n<p>La disposici\u00f3n adicional octava de la Ley de Memoria Democr\u00e1tica contempla tres supuestos para obtener la nacionalidad espa\u00f1ola. En primer lugar, quienes hayan nacido fuera de Espa\u00f1a y tengan padre, madre, abuelo o abuela originariamente espa\u00f1oles, pero que hubieran perdido o renunciado a la nacionalidad espa\u00f1ola por haber \u00absufrido exilio\u00bb. En segundo lugar, hijos nacidos fuera de Espa\u00f1a de madres que perdieron su nacionalidad espa\u00f1ola por haberse casado con un extranjero antes de la entrada en vigor de la Constituci\u00f3n de 1978. En tercer lugar, los hijos mayores de edad de aquellos que obtuvieron la nacionalidad espa\u00f1ola, acogi\u00e9ndose a la anterior Ley de Memoria Hist\u00f3rica.<\/p>\n\n\n\n<p>En origen, la nueva ley de nietos era condici\u00f3n de exiliado a todos los espa\u00f1oles que salieron de Espa\u00f1a entre el 18 de julio de 1936 y el 31 de diciembre de 1955. De manera que sus descendientes no ten\u00edan que aportar ninguna prueba documental de que su antepasado emigr\u00f3 por motivos pol\u00edticos. En cambio, el solicitante s\u00ed deb\u00eda acreditar documentalmente esa condici\u00f3n de exiliado si su antepasado hab\u00eda salido de Espa\u00f1a entre el 1 de enero de 1956 y el 28 de diciembre de 1978 (el d\u00eda en que entr\u00f3 en vigor la Constituci\u00f3n).<\/p>\n\n\n\n<p>El procedimiento abarca desde el 18 de julio de 1936 y hasta el 28 de diciembre de 1978<\/p>\n\n\n\n<figure class=\"wp-block-embed is-type-rich is-provider-twitter wp-block-embed-twitter\"><div class=\"wp-block-embed__wrapper\">\n<blockquote class=\"twitter-tweet\" data-width=\"550\" data-dnt=\"true\"><p lang=\"es\" dir=\"ltr\">El Consulado General de ?? en ?? ha realizado la primera inscripci\u00f3n de nacimiento en virtud de la Ley de Memoria Democr\u00e1tica en la persona de don Jos\u00e9 Pablo del Castillo Zabalgoitia.<br>Espa\u00f1a tiene un nuevo compatriota. <a href=\"https:\/\/t.co\/qwjxThoWMh\">pic.twitter.com\/qwjxThoWMh<\/a><\/p>&mdash; ConsEspCDMX (@ConsEspCDMX) <a href=\"https:\/\/twitter.com\/ConsEspCDMX\/status\/1592587576887902209?ref_src=twsrc%5Etfw\">November 15, 2022<\/a><\/blockquote><script async src=\"https:\/\/platform.twitter.com\/widgets.js\" charset=\"utf-8\"><\/script>\n<\/div><\/figure>\n\n\n\n<p>Sin embargo, la instrucci\u00f3n del 26 de octubre elimina ese papeleo tambi\u00e9n para los familiares de quienes emigraron entre 1956 y 1978. Basta con las partidas de nacimiento, lo cual supone un gran salto. En el anterior proceso de nacionalizaci\u00f3n, el de la ley Zapatero, el Gobierno acab\u00f3 revocando concesiones de nacionalidad que los consulados de Espa\u00f1a hab\u00edan otorgado de forma irregular. El tiempo dir\u00e1 si en esta ocasi\u00f3n sucede lo mismo.<\/p>\n\n\n\n<figure class=\"wp-block-image size-large\"><img decoding=\"async\" width=\"991\" height=\"987\" src=\"http:\/\/xn--tuvozdiasporaespaola-k7b.com\/wp-content\/uploads\/2022\/12\/screenshot_20221203-160948_canva3605721358940736406.jpg?w=991\" alt=\"\" class=\"wp-image-754\" srcset=\"https:\/\/xn--tuvozdiasporaespaola-k7b.com\/wp-content\/uploads\/2022\/12\/screenshot_20221203-160948_canva3605721358940736406.jpg 991w, https:\/\/xn--tuvozdiasporaespaola-k7b.com\/wp-content\/uploads\/2022\/12\/screenshot_20221203-160948_canva3605721358940736406-300x300.jpg 300w, https:\/\/xn--tuvozdiasporaespaola-k7b.com\/wp-content\/uploads\/2022\/12\/screenshot_20221203-160948_canva3605721358940736406-150x150.jpg 150w, https:\/\/xn--tuvozdiasporaespaola-k7b.com\/wp-content\/uploads\/2022\/12\/screenshot_20221203-160948_canva3605721358940736406-768x765.jpg 768w\" sizes=\"(max-width: 991px) 100vw, 991px\" \/><figcaption class=\"wp-element-caption\">Podemos Argentina pone a disposici\u00f3n de la Di\u00e1spora Espa\u00f1ola un servicio gratuito de Informaci\u00f3n sobre Acceso a Nacionalidad Espa\u00f1ola y otras consultas.<\/figcaption><\/figure>\n\n\n\n<p>De momento, ni el Ministerio de Asuntos Exteriores ni el de Justicia han aportado cifras de estas primeras semanas de aplicaci\u00f3n de la ley. <\/p>\n\n\n\n<p>Aunque el Gobierno de coalici\u00f3n  PSOE-PODEMOS argumenta que esta ley de nietos es una \u00abmedida reparadora de las personas que sufrieron el exilio\u00bb, las razones de los solicitantes no son solo sentimentales sino tambi\u00e9n  pr\u00e1cticas ya que les abre las puertas de Espa\u00f1a y de la Uni\u00f3n Europea. Adem\u00e1s, una vez adquirida la nacionalidad pueden venir con la familia y regularizar la situaci\u00f3n del resto una vez aqu\u00ed  este hecho contribuir\u00e1 a recuperar esa Espa\u00f1a Vaciada y repoblar Espa\u00f1a o viajar a EEUU&nbsp; sin necesidad de Visado, aparte de participar de forma activa en la Pol\u00edtica Espa\u00f1ola y en las pr\u00f3ximas votaciones Generales del 2023.<\/p>\n\n\n\n<figure class=\"wp-block-image size-large\"><img loading=\"lazy\" decoding=\"async\" width=\"300\" height=\"300\" src=\"http:\/\/xn--tuvozdiasporaespaola-k7b.com\/wp-content\/uploads\/2022\/12\/cita-previa-pasaporte4941552067796399174.jpg?w=300\" alt=\"\" class=\"wp-image-750\" srcset=\"https:\/\/xn--tuvozdiasporaespaola-k7b.com\/wp-content\/uploads\/2022\/12\/cita-previa-pasaporte4941552067796399174.jpg 300w, https:\/\/xn--tuvozdiasporaespaola-k7b.com\/wp-content\/uploads\/2022\/12\/cita-previa-pasaporte4941552067796399174-150x150.jpg 150w\" sizes=\"(max-width: 300px) 100vw, 300px\" \/><\/figure>\n\n\n\n<p>Este colapso condiciona sin lugar a dudas la obtenci\u00f3n de renovaci\u00f3n de pasaportes espa\u00f1oles por parte de los consulados ante la falta de personal y la demora obtenida por la pandemia, llegando a 18 meses en Argentina una renovaci\u00f3n de pasaportes.<\/p>\n\n\n\n<p>Desde Podemos Argentina Provincias de Pidrmos Exterior se envi\u00f3 una carta a&nbsp;D. Xavier Mart\u00ed Mart\u00ed&nbsp;,Director General de espa\u00f1oles en el Exterior y de Asuntos Consulares.&nbsp;pidiendo soluciones y no solo palabras, solicitando un protocolo de Urgencia para la renovaci\u00f3n&nbsp; de pasaportes por dos meses sin cita previa( a d\u00eda de la fecha no ha contestado).<\/p>\n\n\n\n<p>No podemos olvidar a los espa\u00f1oles que s\u00f3lo tienen una sola nacionalidad y no pueden volver a Espa\u00f1a  por no tener pasaporte hecho producido por  la falta de personal en los consulados y por volcar todas los servicios de los consulados a la Ley de Memoria Democr\u00e1tica y perjuicio de renovaci\u00f3n de pasaportes.<\/p>\n\n\n\n<figure class=\"wp-block-image size-large\"><img loading=\"lazy\" decoding=\"async\" width=\"1080\" height=\"1663\" src=\"http:\/\/xn--tuvozdiasporaespaola-k7b.com\/wp-content\/uploads\/2022\/12\/screenshot_20221203-150908_chrome6100803377638200981.jpg?w=665\" alt=\"\" class=\"wp-image-751\" srcset=\"https:\/\/xn--tuvozdiasporaespaola-k7b.com\/wp-content\/uploads\/2022\/12\/screenshot_20221203-150908_chrome6100803377638200981.jpg 1080w, https:\/\/xn--tuvozdiasporaespaola-k7b.com\/wp-content\/uploads\/2022\/12\/screenshot_20221203-150908_chrome6100803377638200981-195x300.jpg 195w, https:\/\/xn--tuvozdiasporaespaola-k7b.com\/wp-content\/uploads\/2022\/12\/screenshot_20221203-150908_chrome6100803377638200981-665x1024.jpg 665w, https:\/\/xn--tuvozdiasporaespaola-k7b.com\/wp-content\/uploads\/2022\/12\/screenshot_20221203-150908_chrome6100803377638200981-768x1183.jpg 768w\" sizes=\"(max-width: 1080px) 100vw, 1080px\" \/><\/figure>\n\n\n\n<p>No podemos dejar en el abandono a miles de Espa\u00f1oles sin poder obtener la renovaci\u00f3n de pasaportes durante 18 meses, dejando a los mismos como Espa\u00f1oles de Segunda Categor\u00eda&nbsp; con el olvido de los Partidos Pol\u00edticos PSOE y PP.<\/p>\n\n\n\n<p>La Red de C\u00edrculos de Latinoam\u00e9rica de Podemos Exterior esta haciendo gestiones para solucionar esta debacle administrativa del Ministerio de Asuntos Exteriores ,el Ministerio de Justicia y la Direcci\u00f3n General de Espa\u00f1oles en el Exterior y de Asuntos Consulares.<\/p>\n\n\n\n<p>No nos sirve que nos digan en los CREs  que en cinco meses habr\u00e1 m\u00e1s personal, seguramente en cinco meses tendremos m\u00e1s incremento de solicitudes de Nacionalidad  y lista infinita en citas para Pasaportes.  La soluci\u00f3n es ahora y de forma urgente.<\/p>\n\n\n\n<p>Redacci\u00f3n Revista TU VOZ,&nbsp; Delegaci\u00f3n Argentina&nbsp;<br \/><br \/>FUENTES : El debate y Europa Pres.<br \/><\/p>\n","protected":false},"excerpt":{"rendered":"<p>Colas en los consulados para obtener la nacionalidad espa\u00f1ola por la Ley de Memoria Democr\u00e1tica.La Ley de Memoria Democr\u00e1tica colapsa los consulados y puede &#8230; <\/p>\n<p class=\"read-more-container\"><a title=\"\u00bb La Ley de Memoria Democr\u00e1tica colapsa los consulados y puede dejar en el olvido la necesidad de renovar pasaportes para Espa\u00f1oles que no tienen doble Nacionalidad \u00a118 meses de Espera!\u00bb\" class=\"read-more button\" href=\"https:\/\/xn--tuvozdiasporaespaola-k7b.com\/page\/2\/la-ley-de-memoria-democratica-colapsa-los-consulados-y-puede-dejar-en-el-olvido-la-necesidad-de-renovar-pasaportes-para-espanoles-que-no-tienen-doble-nacionalidad-18-meses-de-espera\/#more-752\" aria-label=\"M\u00e1s en \u00bb La Ley de Memoria Democr\u00e1tica colapsa los consulados y puede dejar en el olvido la necesidad de renovar pasaportes para Espa\u00f1oles que no tienen doble Nacionalidad \u00a118 meses de Espera!\u00bb\">Leer m\u00e1s<\/a><\/p>\n","protected":false},"author":222560522,"featured_media":0,"comment_status":"open","ping_status":"open","sticky":false,"template":"","format":"standard","meta":{"footnotes":""},"categories":[1771],"tags":[],"class_list":["post-752","post","type-post","status-publish","format-standard","hentry","category-sociales"],"_links":{"self":[{"href":"https:\/\/xn--tuvozdiasporaespaola-k7b.com\/page\/2\/wp-json\/wp\/v2\/posts\/752","targetHints":{"allow":["GET"]}}],"collection":[{"href":"https:\/\/xn--tuvozdiasporaespaola-k7b.com\/page\/2\/wp-json\/wp\/v2\/posts"}],"about":[{"href":"https:\/\/xn--tuvozdiasporaespaola-k7b.com\/page\/2\/wp-json\/wp\/v2\/types\/post"}],"author":[{"embeddable":true,"href":"https:\/\/xn--tuvozdiasporaespaola-k7b.com\/page\/2\/wp-json\/wp\/v2\/users\/222560522"}],"replies":[{"embeddable":true,"href":"https:\/\/xn--tuvozdiasporaespaola-k7b.com\/page\/2\/wp-json\/wp\/v2\/comments?post=752"}],"version-history":[{"count":0,"href":"https:\/\/xn--tuvozdiasporaespaola-k7b.com\/page\/2\/wp-json\/wp\/v2\/posts\/752\/revisions"}],"wp:attachment":[{"href":"https:\/\/xn--tuvozdiasporaespaola-k7b.com\/page\/2\/wp-json\/wp\/v2\/media?parent=752"}],"wp:term":[{"taxonomy":"category","embeddable":true,"href":"https:\/\/xn--tuvozdiasporaespaola-k7b.com\/page\/2\/wp-json\/wp\/v2\/categories?post=752"},{"taxonomy":"post_tag","embeddable":true,"href":"https:\/\/xn--tuvozdiasporaespaola-k7b.com\/page\/2\/wp-json\/wp\/v2\/tags?post=752"}],"curies":[{"name":"wp","href":"https:\/\/api.w.org\/{rel}","templated":true}]}}