{"id":739,"date":"2022-12-01T20:44:29","date_gmt":"2022-12-01T23:44:29","guid":{"rendered":"https:\/\/xn--tuvozdiasporaespaola-k7b.com\/2022\/12\/01\/esta-tierra-es-ejemplo-de-lucha-obreracantabria\/"},"modified":"2022-12-01T20:44:29","modified_gmt":"2022-12-01T23:44:29","slug":"esta-tierra-es-ejemplo-de-lucha-obreracantabria","status":"publish","type":"post","link":"https:\/\/xn--tuvozdiasporaespaola-k7b.com\/page\/2\/esta-tierra-es-ejemplo-de-lucha-obreracantabria\/","title":{"rendered":"\u201cESTA TIERRA ES EJEMPLO DE LUCHA OBRERA\u201dCantabria."},"content":{"rendered":"\n<p>Madrile\u00f1a de nacimiento, aunque c\u00e1ntabra por opci\u00f3n, M\u00f3nica Rodero es la Candidata a Presidenta de la Comunidad de Cantabria por Podemos en las pr\u00f3ximas elecciones auton\u00f3micas.<\/p>\n\n\n\n<p>Militante activa y responsable de Movimientos Sociales de la agrupaci\u00f3n progresista, Rodero concedi\u00f3 una entrevista radial a \u201cCenizas de Babilonia. Di\u00e1spora Espa\u00f1ola\u201d (que emite Radio Argentina -AM570- y presentan Roberto San Mart\u00edn y Francisco L\u00f3pez), en la que destac\u00f3 propuestas e iniciativas para impulsar una Cantabria con derechos e inclusi\u00f3n.<\/p>\n\n\n\n<figure class=\"wp-block-image size-large\"><img fetchpriority=\"high\" decoding=\"async\" width=\"880\" height=\"495\" src=\"http:\/\/xn--tuvozdiasporaespaola-k7b.com\/wp-content\/uploads\/2022\/12\/7cc4a44d-d7f7-4388-a59c-68df422e9ba7_16-9-aspect-ratio_default_03539882160288099257.jpg?w=880\" alt=\"\" class=\"wp-image-735\" srcset=\"https:\/\/xn--tuvozdiasporaespaola-k7b.com\/wp-content\/uploads\/2022\/12\/7cc4a44d-d7f7-4388-a59c-68df422e9ba7_16-9-aspect-ratio_default_03539882160288099257.jpg 880w, https:\/\/xn--tuvozdiasporaespaola-k7b.com\/wp-content\/uploads\/2022\/12\/7cc4a44d-d7f7-4388-a59c-68df422e9ba7_16-9-aspect-ratio_default_03539882160288099257-300x169.jpg 300w, https:\/\/xn--tuvozdiasporaespaola-k7b.com\/wp-content\/uploads\/2022\/12\/7cc4a44d-d7f7-4388-a59c-68df422e9ba7_16-9-aspect-ratio_default_03539882160288099257-768x432.jpg 768w\" sizes=\"(max-width: 880px) 100vw, 880px\" \/><figcaption class=\"wp-element-caption\">MONICA RODERO candidata a presidenta de Cantabria por Podemos.<\/figcaption><\/figure>\n\n\n\n<p><strong>\u00bfC\u00f3mo nace tu compromiso pol\u00edtico que te lleva a ser candidata a la Presidencia de la Comunidad de Cantabria por Podemos?<\/strong><\/p>\n\n\n\n<p>Mi vinculaci\u00f3n con Podemos surge en el mismo momento en que aparece Podemos. Yo era una fiel seguidora de Pablo Iglesias y de sus programas \u201cLa Tuerca\u201d y \u201cFort Apache\u201d y en d\u00eda en el que se hace p\u00fablico que finalmente todas esas personas, tertulianos que hablaban de pol\u00edtica casi en la clandestinidad, pues para m\u00ed fue la aparici\u00f3n de la luz al final del t\u00fanel. Fue muy ilusionante ver c\u00f3mo personas que compart\u00edan esa misma ideolog\u00eda, esa misma visi\u00f3n de lo que ten\u00eda que ser la pol\u00edtica, hab\u00edan decidido formar un partido pol\u00edtico. Y esa sensaci\u00f3n de que \u00edbamos a tener a alguien que realmente pudiera representarte dentro de las instituciones. Mi militancia comenz\u00f3 desde un primer momento, porque yo estaba criando y la conciliaci\u00f3n familiar para m\u00ed en esos momentos me resultaba bastante complicada entre trabajo y dem\u00e1s, y quer\u00eda pasar tiempo dedicada a mi hijo y a su crianza; aunque segu\u00eda estos programas y era ilusionante esa sensaci\u00f3n de tener por fin a personas que hab\u00edan tomado la iniciativa de formar un partido que me iba a representar. Tom\u00e9 contacto con la Secretar\u00eda de Movimientos Sociales, empec\u00e9 a participar aqu\u00ed, en el C\u00edrculo de Torrelavega que es donde yo vivo, a ir a los actos, conoc\u00ed a Rafa Mayoral que para m\u00ed era un claro ejemplo de lo que ten\u00eda que ser la militancia a pie de calle. Y a partir de all\u00ed ha sido un suma y sigue. Ya no pude desvincularme, sino todo lo contrario, siempre que dec\u00eda que iba a tomar un poco de distancia ha resultado todo lo contrario; al final he ido cogiendo cada vez mayor responsabilidades y he pasado por diferentes etapas dentro del partido; mucho tiempo como militante de base, haciendo mi trabajo desde el anonimato pero siempre intentando ser un puente entre la calle, las asociaciones, el tejido social y la base de la sociedad organizada, con las herramientas que pod\u00eda ofrecer desde Podemos como formaci\u00f3n pol\u00edtica.&nbsp;<\/p>\n\n\n\n<figure class=\"wp-block-image size-large\"><img decoding=\"async\" width=\"1080\" height=\"1002\" src=\"http:\/\/xn--tuvozdiasporaespaola-k7b.com\/wp-content\/uploads\/2022\/12\/screenshot_20221201-202858_chrome654853762529108399.jpg?w=1024\" alt=\"\" class=\"wp-image-736\" srcset=\"https:\/\/xn--tuvozdiasporaespaola-k7b.com\/wp-content\/uploads\/2022\/12\/screenshot_20221201-202858_chrome654853762529108399.jpg 1080w, https:\/\/xn--tuvozdiasporaespaola-k7b.com\/wp-content\/uploads\/2022\/12\/screenshot_20221201-202858_chrome654853762529108399-300x278.jpg 300w, https:\/\/xn--tuvozdiasporaespaola-k7b.com\/wp-content\/uploads\/2022\/12\/screenshot_20221201-202858_chrome654853762529108399-1024x950.jpg 1024w, https:\/\/xn--tuvozdiasporaespaola-k7b.com\/wp-content\/uploads\/2022\/12\/screenshot_20221201-202858_chrome654853762529108399-768x713.jpg 768w\" sizes=\"(max-width: 1080px) 100vw, 1080px\" \/><\/figure>\n\n\n\n<p><strong>\u00bfCu\u00e1les son las bases program\u00e1ticas de tu candidatura?<\/strong><\/p>\n\n\n\n<p>Pues las tengo bastante bien definidas. Ofrecer un proyecto de Cantabria en el que la ciudadan\u00eda tenga su carta de derechos. Ya lo trabajamos en las anteriores elecciones auton\u00f3micas. Nuestro programa estaba basado en la Carta de Derechos de la Ciudadan\u00eda de Cantabria y como no ha cambiado nada, por el contrario, la situaci\u00f3n se ha agravado m\u00e1s, los servicios p\u00fablicos est\u00e1n m\u00e1s deteriorados, el empleo est\u00e1 much\u00edsimo peor que hace algunos a\u00f1os, el plan de desarrollo de Cantabria sigue siendo el mismo, basado en el ladrillo y en el turismo que no trae una estabilidad econ\u00f3mica a Cantabria ni un futuro para esos j\u00f3venes que muchas veces tienen que irse de aqu\u00ed. Tenemos la comunidad con mayor tasa de paro juvenil; uno de las mayores de Europa. Entonces las bases program\u00e1ticas son esas: Una Carta de Derechos para la Ciudadan\u00eda de Cantabria, en la que todos y todas los que vivimos en esta comunidad nos sintamos cuidados, nos sintamos que esta tierra, teniendo todos los recursos naturales y estrat\u00e9gicos para tener una vida digna, pues en estos momentos la verdad es que la situaci\u00f3n es bastante desalentadora. Hemos visto una destrucci\u00f3n absoluta del tejido industrial, somos una comunidad en la se producen muchos desahucios sin una alternativa habitacional. Desde luego que hay much\u00edsimo trabajo por hacer.<\/p>\n\n\n\n<figure class=\"wp-block-image size-large\"><img decoding=\"async\" width=\"1200\" height=\"675\" src=\"http:\/\/xn--tuvozdiasporaespaola-k7b.com\/wp-content\/uploads\/2022\/12\/podemos-cantabria-celebra-la-formacion-de-un-gobierno-progresista-con-una-fiesta-en-la-moraduca3333975532726017271.jpeg?w=1024\" alt=\"\" class=\"wp-image-737\" srcset=\"https:\/\/xn--tuvozdiasporaespaola-k7b.com\/wp-content\/uploads\/2022\/12\/podemos-cantabria-celebra-la-formacion-de-un-gobierno-progresista-con-una-fiesta-en-la-moraduca3333975532726017271.jpeg 1200w, https:\/\/xn--tuvozdiasporaespaola-k7b.com\/wp-content\/uploads\/2022\/12\/podemos-cantabria-celebra-la-formacion-de-un-gobierno-progresista-con-una-fiesta-en-la-moraduca3333975532726017271-300x169.jpeg 300w, https:\/\/xn--tuvozdiasporaespaola-k7b.com\/wp-content\/uploads\/2022\/12\/podemos-cantabria-celebra-la-formacion-de-un-gobierno-progresista-con-una-fiesta-en-la-moraduca3333975532726017271-1024x576.jpeg 1024w, https:\/\/xn--tuvozdiasporaespaola-k7b.com\/wp-content\/uploads\/2022\/12\/podemos-cantabria-celebra-la-formacion-de-un-gobierno-progresista-con-una-fiesta-en-la-moraduca3333975532726017271-768x432.jpeg 768w\" sizes=\"(max-width: 1200px) 100vw, 1200px\" \/><\/figure>\n\n\n\n<p><strong>En el imaginario colectivo, Cantabria se encuentra como una Comunidad Aut\u00f3noma m\u00e1s bien conservadora. Teniendo en cuenta esto, \u00bfcu\u00e1les son tus perspectivas respecto a las pr\u00f3ximas elecciones auton\u00f3micas, y cu\u00e1les ser\u00edan los objetivos razonablemente a conseguir?<\/strong><\/p>\n\n\n\n<p>Es verdad que Cantabria se aparece como una comunidad conservadora, pero a lo largo de estos a\u00f1os, yo que he estado al frente de la Secretar\u00eda de Movimientos Sociales, he visto como hay una implicaci\u00f3n y un desarrollo de las organizaciones y la red social en Cantabria; como se han creado asociaciones, grupos de apoyo; como la gente se ha organizado, bueno, esta tierra es ejemplo de lucha obrera. Este a\u00f1o hemos tenido la huelga de la industria de metal que ha sido un ejemplo clar\u00edsimo de lo que la ciudadan\u00eda de Cantabria es capaz de hacer cuando peligran sus derechos. Entonces las expectativas que tengo, desde luego son llegar al Parlamento, como ya tuvimos representaci\u00f3n, volver a tener representaci\u00f3n y entrar en todos los ayuntamientos posibles para hacer esas pol\u00edticas sociales que le den a Cantabria un proyecto y un desarrollo en el que todos y todas tengamos cabida.<\/p>\n\n\n\n<figure class=\"wp-block-image size-large\"><img loading=\"lazy\" decoding=\"async\" width=\"1080\" height=\"984\" src=\"http:\/\/xn--tuvozdiasporaespaola-k7b.com\/wp-content\/uploads\/2022\/12\/screenshot_20221201-201953_chrome634887299075975543.jpg?w=1024\" alt=\"\" class=\"wp-image-738\" srcset=\"https:\/\/xn--tuvozdiasporaespaola-k7b.com\/wp-content\/uploads\/2022\/12\/screenshot_20221201-201953_chrome634887299075975543.jpg 1080w, https:\/\/xn--tuvozdiasporaespaola-k7b.com\/wp-content\/uploads\/2022\/12\/screenshot_20221201-201953_chrome634887299075975543-300x273.jpg 300w, https:\/\/xn--tuvozdiasporaespaola-k7b.com\/wp-content\/uploads\/2022\/12\/screenshot_20221201-201953_chrome634887299075975543-1024x933.jpg 1024w, https:\/\/xn--tuvozdiasporaespaola-k7b.com\/wp-content\/uploads\/2022\/12\/screenshot_20221201-201953_chrome634887299075975543-768x700.jpg 768w\" sizes=\"(max-width: 1080px) 100vw, 1080px\" \/><\/figure>\n\n\n\n<p><strong>Porcentualmente Cantabria es una de las regiones de Espa\u00f1a con mayor n\u00famero de ciudadanos residentes en el extranjero, llegando a un neto de 41 mil censados en el exterior, que supone alrededor de un diez por ciento del electorado, \u00bfexiste actualmente alg\u00fan programa de integraci\u00f3n al retornado? Si no lo hay o es insuficiente, \u00bfqu\u00e9 propones para que el residente c\u00e1ntabro vuelva o quiera volver a sus or\u00edgenes?<\/strong><\/p>\n\n\n\n<p>El gobierno de Cantabria s\u00ed tiene un programa de retorno para toda esa gente que en alg\u00fan momento ha tenido que salir de Cantabria, pero es verdad que no est\u00e1 siendo muy efectivo. Tenemos una gran cantidad de j\u00f3venes altamente preparados que salen de esta comunidad. Estamos teniendo una fuga de talentos impresionante. Se forman aqu\u00ed y salen fuera, lo que supone una gran p\u00e9rdida. Porque al final no lo estamos sabiendo aprovechar. Cantabria ahora mismo carece de un proyecto que garantice que los j\u00f3venes no van a tener que salir de aqu\u00ed o que los que est\u00e1n fuera puedan volver. Realmente habr\u00eda que trabajar por tener un proyecto de futuro para Cantabria, cosa que los gobiernos regionales de los \u00faltimos a\u00f1os no han conseguido. Est\u00e1n dejando escapar cada vez m\u00e1s gente. Cuando nosotros hemos estado en el Parlamento, s\u00ed que hubo propuestas. Tenemos que ser conscientes de que debe haber una aportaci\u00f3n presupuestaria y crear proyectos activos, no solo para los que est\u00e1n fuera, sino tambi\u00e9n cuidando a los que tenemos aqu\u00ed. Tenemos que tener un proyecto industrial, trabajar la bioeconom\u00eda, aprovechar los recursos que tenemos para generar nuevos proyectos, para un turismo de calidad. Habr\u00eda que estar dentro de la instituci\u00f3n, dentro del gobierno regional, para hacer un proyecto v\u00e1lido y apostar por el retorno de todas esas personas que un d\u00eda tuvieron que marcharse porque ve\u00edan que en Cantabria no iban a poder tener un futuro.<\/p>\n\n\n\n<p> Por Walter C. Medina  Equipo de Redacci\u00f3n Revista TU VOZ.<\/p>\n","protected":false},"excerpt":{"rendered":"<p>Madrile\u00f1a de nacimiento, aunque c\u00e1ntabra por opci\u00f3n, M\u00f3nica Rodero es la Candidata a Presidenta de la Comunidad de Cantabria por Podemos en las pr\u00f3ximas &#8230; <\/p>\n<p class=\"read-more-container\"><a title=\"\u201cESTA TIERRA ES EJEMPLO DE LUCHA OBRERA\u201dCantabria.\" class=\"read-more button\" href=\"https:\/\/xn--tuvozdiasporaespaola-k7b.com\/page\/2\/esta-tierra-es-ejemplo-de-lucha-obreracantabria\/#more-739\" aria-label=\"M\u00e1s en \u201cESTA TIERRA ES EJEMPLO DE LUCHA OBRERA\u201dCantabria.\">Leer m\u00e1s<\/a><\/p>\n","protected":false},"author":222560522,"featured_media":0,"comment_status":"open","ping_status":"open","sticky":false,"template":"","format":"standard","meta":{"footnotes":""},"categories":[1771],"tags":[],"class_list":["post-739","post","type-post","status-publish","format-standard","hentry","category-sociales"],"_links":{"self":[{"href":"https:\/\/xn--tuvozdiasporaespaola-k7b.com\/page\/2\/wp-json\/wp\/v2\/posts\/739","targetHints":{"allow":["GET"]}}],"collection":[{"href":"https:\/\/xn--tuvozdiasporaespaola-k7b.com\/page\/2\/wp-json\/wp\/v2\/posts"}],"about":[{"href":"https:\/\/xn--tuvozdiasporaespaola-k7b.com\/page\/2\/wp-json\/wp\/v2\/types\/post"}],"author":[{"embeddable":true,"href":"https:\/\/xn--tuvozdiasporaespaola-k7b.com\/page\/2\/wp-json\/wp\/v2\/users\/222560522"}],"replies":[{"embeddable":true,"href":"https:\/\/xn--tuvozdiasporaespaola-k7b.com\/page\/2\/wp-json\/wp\/v2\/comments?post=739"}],"version-history":[{"count":0,"href":"https:\/\/xn--tuvozdiasporaespaola-k7b.com\/page\/2\/wp-json\/wp\/v2\/posts\/739\/revisions"}],"wp:attachment":[{"href":"https:\/\/xn--tuvozdiasporaespaola-k7b.com\/page\/2\/wp-json\/wp\/v2\/media?parent=739"}],"wp:term":[{"taxonomy":"category","embeddable":true,"href":"https:\/\/xn--tuvozdiasporaespaola-k7b.com\/page\/2\/wp-json\/wp\/v2\/categories?post=739"},{"taxonomy":"post_tag","embeddable":true,"href":"https:\/\/xn--tuvozdiasporaespaola-k7b.com\/page\/2\/wp-json\/wp\/v2\/tags?post=739"}],"curies":[{"name":"wp","href":"https:\/\/api.w.org\/{rel}","templated":true}]}}