{"id":7364,"date":"2024-12-19T00:36:18","date_gmt":"2024-12-19T03:36:18","guid":{"rendered":"https:\/\/xn--tuvozdiasporaespaola-k7b.com\/page\/2\/?p=7364"},"modified":"2024-12-19T00:39:55","modified_gmt":"2024-12-19T03:39:55","slug":"el-concejo-presidencial-en-libia-insta-a-elecciones-generales-en-el-ano-2025","status":"publish","type":"post","link":"https:\/\/xn--tuvozdiasporaespaola-k7b.com\/page\/2\/el-concejo-presidencial-en-libia-insta-a-elecciones-generales-en-el-ano-2025\/","title":{"rendered":"El Concejo Presidencial en Libia insta a elecciones generales en el a\u00f1o 2025."},"content":{"rendered":"\n<p>Por Jes\u00fas Rivero, Redacci\u00f3n de Revista TU VOZ, Rosario, Argentina<\/p>\n\n\n\n<p>Este s\u00e1bado pasado  el presidente del Consejo Presidencial en Libia, Mohamed Al-Menfi, inst\u00f3 a la celebraci\u00f3n de elecciones generales en el a\u00f1o entrante (2025) de acuerdo con las legislaciones del Comit\u00e9 de Leyes Electorales \u201c6+6&#8243; formado por el Parlamento y el Alto Concejo de Estado, tras resolver las cuestiones controvertidas.<\/p>\n\n\n\n<p>\u201cLa exitosa experiencia de las municipales nos motiva a celebrar elecciones nacionales en 2025 d.C. de acuerdo con las leyes del Comit\u00e9 \u201c6+6&#8243; despu\u00e9s de resolver las cuestiones controvertidas, otorgando poderes m\u00e1s amplios al Comit\u00e9 Militar 5+5 y a las Direcciones de Seguridad, con plena supervisi\u00f3n judicial y control internacional\u201d, afirm\u00f3 Al-Menfi.<\/p>\n\n\n\n<p>Las elecciones municipales celebradas el pasado 16 de noviembre inclu\u00eda 29 municipios de la regi\u00f3n occidental, 12 de la regi\u00f3n oriental y 17 municipios de la regi\u00f3n sur.<\/p>\n\n\n\n<p> Los comicios que cuentan con dos fases, continuar\u00e1n el pr\u00f3ximo 1 de enero.Al-Menfi se\u00f1al\u00f3 que \u201cel principio unificado al evaluar el desempe\u00f1o de las instituciones su legitimidad y el alcance de su compromiso con la hoja de ruta es la garant\u00eda de un di\u00e1logo exitoso que garantice la continuaci\u00f3n de la estabilidad lograda\u201d.<\/p>\n\n\n\n<p>En este sentido el presidente del Concejo Presidencial en Libia asegur\u00f3 el apoyo a los esfuerzos de la Misi\u00f3n de Apoyo de las Naciones Unidas en la naci\u00f3n para romper el estancamiento pol\u00edtico y activar un di\u00e1logo entre las instituciones, \u201ccomo un est\u00e1ndar claro y \u00fanico que garantice la propiedad nacional del di\u00e1logo y sus resultados\u00bb.<\/p>\n\n\n\n<p>Desde hace varios a\u00f1os la naci\u00f3n esta dividida en dos administraciones. El oeste es controlado por el gobierno de Unidad Nacional que encabeza Abdelhamid Dbebiba y el este por el mariscal Jalifa Hafta.Ante esta situaci\u00f3n el canciller de Argelia Ahmed Attaf, se reuni\u00f3 en agosto pasado con el embajador libio en Argel, con el objetivo de transmitir las preocupaciones de su pa\u00eds respecto a los enfrentamientos entre milicias armadas que tuvieron lugar en Tajura, distrito de Tr\u00edpoli, que dej\u00f3 un saldo de al menos 9 muertos.<\/p>\n\n\n\n<p>Asimismo inst\u00f3 a que todas las capacidades de la naci\u00f3n norafricana se enfoquen en acelerar el proceso pol\u00edtico en busca de unidad y celebrar en el plazo m\u00e1s breve comicios para elegir a los representantes de la sociedad.<\/p>\n\n\n\n<figure class=\"wp-block-gallery has-nested-images columns-default is-cropped wp-block-gallery-1 is-layout-flex wp-block-gallery-is-layout-flex\">\n<figure class=\"wp-block-image size-large\"><img fetchpriority=\"high\" decoding=\"async\" width=\"1024\" height=\"768\" data-id=\"7368\" src=\"https:\/\/xn--tuvozdiasporaespaola-k7b.com\/wp-content\/uploads\/2024\/12\/MUGKLLXY4NERDCVEIVFTEPSYGA-1024x768.jpg\" alt=\"\" class=\"wp-image-7368\" srcset=\"https:\/\/xn--tuvozdiasporaespaola-k7b.com\/wp-content\/uploads\/2024\/12\/MUGKLLXY4NERDCVEIVFTEPSYGA-1024x768.jpg 1024w, https:\/\/xn--tuvozdiasporaespaola-k7b.com\/wp-content\/uploads\/2024\/12\/MUGKLLXY4NERDCVEIVFTEPSYGA-300x225.jpg 300w, https:\/\/xn--tuvozdiasporaespaola-k7b.com\/wp-content\/uploads\/2024\/12\/MUGKLLXY4NERDCVEIVFTEPSYGA-768x576.jpg 768w, https:\/\/xn--tuvozdiasporaespaola-k7b.com\/wp-content\/uploads\/2024\/12\/MUGKLLXY4NERDCVEIVFTEPSYGA-1536x1152.jpg 1536w, https:\/\/xn--tuvozdiasporaespaola-k7b.com\/wp-content\/uploads\/2024\/12\/MUGKLLXY4NERDCVEIVFTEPSYGA.jpg 1960w\" sizes=\"(max-width: 1024px) 100vw, 1024px\" \/><figcaption class=\"wp-element-caption\">De izquierda a derecha, Sadiq Kabir, gobernador del banco central; Abdulhamid Dbeiba, primer ministro de Libia; Mohamed Menfi, presidente del Consejo Presidencial; y Mohamed Takala, presidente del Consejo de Estado Superior, en una imagen de archivo de septiembre de 2023.<\/figcaption><\/figure>\n<\/figure>\n","protected":false},"excerpt":{"rendered":"<p>Por Jes\u00fas Rivero, Redacci\u00f3n de Revista TU VOZ, Rosario, Argentina Este s\u00e1bado pasado el presidente del Consejo Presidencial en Libia, Mohamed Al-Menfi, inst\u00f3 a &#8230; <\/p>\n<p class=\"read-more-container\"><a title=\"El Concejo Presidencial en Libia insta a elecciones generales en el a\u00f1o 2025.\" class=\"read-more button\" href=\"https:\/\/xn--tuvozdiasporaespaola-k7b.com\/page\/2\/el-concejo-presidencial-en-libia-insta-a-elecciones-generales-en-el-ano-2025\/#more-7364\" aria-label=\"M\u00e1s en El Concejo Presidencial en Libia insta a elecciones generales en el a\u00f1o 2025.\">Leer m\u00e1s<\/a><\/p>\n","protected":false},"author":222560522,"featured_media":7369,"comment_status":"open","ping_status":"open","sticky":false,"template":"","format":"standard","meta":{"footnotes":""},"categories":[121869],"tags":[],"class_list":["post-7364","post","type-post","status-publish","format-standard","has-post-thumbnail","hentry","category-internaciones","resize-featured-image"],"_links":{"self":[{"href":"https:\/\/xn--tuvozdiasporaespaola-k7b.com\/page\/2\/wp-json\/wp\/v2\/posts\/7364","targetHints":{"allow":["GET"]}}],"collection":[{"href":"https:\/\/xn--tuvozdiasporaespaola-k7b.com\/page\/2\/wp-json\/wp\/v2\/posts"}],"about":[{"href":"https:\/\/xn--tuvozdiasporaespaola-k7b.com\/page\/2\/wp-json\/wp\/v2\/types\/post"}],"author":[{"embeddable":true,"href":"https:\/\/xn--tuvozdiasporaespaola-k7b.com\/page\/2\/wp-json\/wp\/v2\/users\/222560522"}],"replies":[{"embeddable":true,"href":"https:\/\/xn--tuvozdiasporaespaola-k7b.com\/page\/2\/wp-json\/wp\/v2\/comments?post=7364"}],"version-history":[{"count":4,"href":"https:\/\/xn--tuvozdiasporaespaola-k7b.com\/page\/2\/wp-json\/wp\/v2\/posts\/7364\/revisions"}],"predecessor-version":[{"id":7371,"href":"https:\/\/xn--tuvozdiasporaespaola-k7b.com\/page\/2\/wp-json\/wp\/v2\/posts\/7364\/revisions\/7371"}],"wp:featuredmedia":[{"embeddable":true,"href":"https:\/\/xn--tuvozdiasporaespaola-k7b.com\/page\/2\/wp-json\/wp\/v2\/media\/7369"}],"wp:attachment":[{"href":"https:\/\/xn--tuvozdiasporaespaola-k7b.com\/page\/2\/wp-json\/wp\/v2\/media?parent=7364"}],"wp:term":[{"taxonomy":"category","embeddable":true,"href":"https:\/\/xn--tuvozdiasporaespaola-k7b.com\/page\/2\/wp-json\/wp\/v2\/categories?post=7364"},{"taxonomy":"post_tag","embeddable":true,"href":"https:\/\/xn--tuvozdiasporaespaola-k7b.com\/page\/2\/wp-json\/wp\/v2\/tags?post=7364"}],"curies":[{"name":"wp","href":"https:\/\/api.w.org\/{rel}","templated":true}]}}