{"id":7352,"date":"2024-12-18T23:50:00","date_gmt":"2024-12-19T02:50:00","guid":{"rendered":"https:\/\/xn--tuvozdiasporaespaola-k7b.com\/page\/2\/?p=7352"},"modified":"2024-12-18T23:50:01","modified_gmt":"2024-12-19T02:50:01","slug":"cuando-el-pueblo-se-frustra-mira-mas-hacia-la-extrema-derecha-o-hacia-el-fascismo","status":"publish","type":"post","link":"https:\/\/xn--tuvozdiasporaespaola-k7b.com\/page\/2\/cuando-el-pueblo-se-frustra-mira-mas-hacia-la-extrema-derecha-o-hacia-el-fascismo\/","title":{"rendered":"\u201cCuando el pueblo se frustra  mira m\u00e1s hacia la extrema derecha o hacia el fascismo\u201d"},"content":{"rendered":"\n<p>Por Walter C. Medina<\/p>\n\n\n\n<p>ENTREVISTA A PABLO SEP\u00daLVEDA ALLENDE.<\/p>\n\n\n\n<p>En tiempos de neofascismos, de globalizaci\u00f3n y geopol\u00edtica, Pablo Sep\u00falveda Allende \u2013nieto de Salvador Allende- reflexion\u00f3 acerca de la realidad socio-econ\u00f3mica de Latinoam\u00e9rica, sus desaf\u00edos y sus contradicciones.<\/p>\n\n\n\n<p>En di\u00e1logo con Francisco L\u00f3pez para el programa radial \u201cCenizas de Babilonia. Di\u00e1spora Espa\u00f1ola\u201d que emite AM830 Radio del Pueblo, Allende sostuvo que \u201ccuando el pueblo se frustra  mira m\u00e1s hacia la extrema derecha o hacia el fascismo\u201d  <\/p>\n\n\n\n<p><strong>\u00bfC\u00f3mo ves la situaci\u00f3n de Latinoam\u00e9rica con respecto al fascismo?<\/strong><\/p>\n\n\n\n<p>Como hemos visto recientemente en M\u00e9xico, en Colombia han seguido eligiendo candidatos m\u00e1s hacia la izquierda, pero tenemos las amenazas latentes como en Argentina, con Milei, con un discurso ultra neoliberal, fascistoide, sionista, que gan\u00f3 electoralmente, haciendo una especie de terapia de shock econ\u00f3mico. <\/p>\n\n\n\n<p>Muchos cre\u00edamos que no iba a durar mucho por las medidas econ\u00f3micas, por los despidos de los funcionarios de distintos ministerios que ha ido cerrando, etc, y el empobrecimiento que se ha visto mucho m\u00e1s acelerado; pero se ha mantenido con un cierto apoyo a\u00fan, pero s\u00ed hay un riesgo latente. Creo que el discurso de la ultraderecha en el mundo utiliza simplificaciones muy b\u00e1sicas para explicar las cuestiones econ\u00f3micas, sociales, migratorias y de geopol\u00edtica; una forma muy agresiva que pega en ciertos grupos de gente. <\/p>\n\n\n\n<p>En Chile no estamos muy alejados de que salga una especie de ultraderecha; hasta ahora la candidata favorita viene de un padre militar, golpista, general de la Fuerza A\u00e9rea responsable de cr\u00edmenes de lesa humanidad. Se pinta como una derecha m\u00e1s moderada al candidato republicano Jos\u00e9 Antonio Katz, que es hijo de un oficial nazi que escap\u00f3 de Alemania y se exili\u00f3 en Chile.<\/p>\n\n\n\n<figure class=\"wp-block-gallery has-nested-images columns-default is-cropped wp-block-gallery-1 is-layout-flex wp-block-gallery-is-layout-flex\">\n<figure class=\"wp-block-image size-large\"><img fetchpriority=\"high\" decoding=\"async\" width=\"512\" height=\"291\" data-id=\"7359\" src=\"https:\/\/xn--tuvozdiasporaespaola-k7b.com\/wp-content\/uploads\/2024\/12\/unnamed-2.jpg.webp\" alt=\"\" class=\"wp-image-7359\" srcset=\"https:\/\/xn--tuvozdiasporaespaola-k7b.com\/wp-content\/uploads\/2024\/12\/unnamed-2.jpg.webp 512w, https:\/\/xn--tuvozdiasporaespaola-k7b.com\/wp-content\/uploads\/2024\/12\/unnamed-2.jpg-300x171.webp 300w\" sizes=\"(max-width: 512px) 100vw, 512px\" \/><figcaption class=\"wp-element-caption\">Pablo Sep\u00falveda Allende \u2013nieto de Salvador Allende<\/figcaption><\/figure>\n<\/figure>\n\n\n\n<p><strong>\u00bfCrees que facilita esto el progresismo que cuando llega al poder tiene tibieza para solucionar los problemas, y les dejamos las puertas abiertas a estos personajes de la ultraderecha?        <\/strong><\/p>\n\n\n\n<p>Cuando la izquierda no concreta los procesos de transformaci\u00f3n que demandan los pueblos en los momentos de crisis, o se pierde una oportunidad m\u00e1s o menos revolucionaria y no lleva a cabo las reformas por distintas causas o porque no tiene el coraje, la valent\u00eda o la voluntad pol\u00edtica, el pueblo se frustra y es ah\u00ed cuando mira m\u00e1s hacia la extrema derecha o hacia el fascismo. <\/p>\n\n\n\n<p>Aqu\u00ed lo m\u00e1s probable es que se entregue el poder a la derecha. Lo vimos en el caso de Argentina despu\u00e9s del gobierno de Alberto Fern\u00e1ndez, en donde el empeoramiento de las condiciones, con una econom\u00eda que tambi\u00e9n estaba empeorando, con las mismas pol\u00edticas neoliberales, el gran error fue asumir la deuda como leg\u00edtima y seguir gastando grandes fondos en eso. Y ac\u00e1 el proceso m\u00e1s transformador que Chile tuvo como momento pol\u00edtico fue la reuni\u00f3n popular del 2019. <\/p>\n\n\n\n<p>Pero las propuestas tampoco respond\u00edan a las demandas econ\u00f3micas de transformaci\u00f3n. Se enfoc\u00f3 mucho en factores identitarios que no hac\u00edan tanto ruido o sentido al pueblo, no hubo propuestas profundas al cambio del modelo econ\u00f3mico. Tampoco hab\u00eda mucho margen para dar respuesta a las demandas sociales. <\/p>\n\n\n\n<p>Por eso a la hora de ratificar este proyecto constitucional la derecha h\u00e1bilmente lo puso como un voto obligatorio; y una masa que antes no votaba, muy descontenta, cay\u00f3 m\u00e1s f\u00e1cilmente en el discurso de la derecha que utiliz\u00f3 mucho fakenews diciendo que no iba a ver carabineros, que no iba a ver polic\u00edas, que iba a crecer la delincuencia, que te iban a quitar tu casa, etc. <\/p>\n\n\n\n<p>Sumado esto a todo el aparato medi\u00e1tico tanto en redes como en los grandes medios de comunicaci\u00f3n que aqu\u00ed en Chile est\u00e1n ultra concentrado en grupos econ\u00f3micos y tienen el dominio del relato. La pandemia tambi\u00e9n influy\u00f3 mucho en parar las grandes movilizaciones; de hecho eso fue clave; y el discurso del miedo. <\/p>\n\n\n\n<figure class=\"wp-block-gallery has-nested-images columns-default is-cropped wp-block-gallery-2 is-layout-flex wp-block-gallery-is-layout-flex\">\n<figure class=\"wp-block-image size-large\"><img decoding=\"async\" width=\"800\" height=\"483\" data-id=\"7361\" src=\"https:\/\/xn--tuvozdiasporaespaola-k7b.com\/wp-content\/uploads\/2024\/12\/allende.jpg\" alt=\"\" class=\"wp-image-7361\" srcset=\"https:\/\/xn--tuvozdiasporaespaola-k7b.com\/wp-content\/uploads\/2024\/12\/allende.jpg 800w, https:\/\/xn--tuvozdiasporaespaola-k7b.com\/wp-content\/uploads\/2024\/12\/allende-300x181.jpg 300w, https:\/\/xn--tuvozdiasporaespaola-k7b.com\/wp-content\/uploads\/2024\/12\/allende-768x464.jpg 768w\" sizes=\"(max-width: 800px) 100vw, 800px\" \/><\/figure>\n<\/figure>\n\n\n\n<p><strong>\u00bfQu\u00e9 queda hoy en d\u00eda en la izquierda de los mensajes de movilizaci\u00f3n del pueblo de los que supo hacer bandera Salvador Allende?<\/strong><\/p>\n\n\n\n<p>Yo creo que el proyecto de sociedad revolucionaria o de transformaci\u00f3n social, econ\u00f3mica y pol\u00edtica est\u00e1 vigente. La piedra angular de la transformaci\u00f3n de la vida chilena hacia el socialismo de Allende part\u00eda de la nacionalizaci\u00f3n de los grandes bienes comunes naturales, de los recursos estrat\u00e9gicos, principalmente los mineros; la reforma agraria, la propiedad de la tierra, que la tierra sea para la producci\u00f3n de alimentos, y el cobre. <\/p>\n\n\n\n<p>Chile es la mayor reserva del mundo de cobre; alrededor del 25 o 30 por ciento de las reservas mundiales, y \u00e9l ten\u00eda todo un proyecto de industrializaci\u00f3n basado en el cobre y en las tecnolog\u00edas, desarrollar todo el capital humano, la educaci\u00f3n t\u00e9cnica y cient\u00edfica a todos los niveles; es decir, ten\u00eda todo un proyecto de pa\u00eds, de desarrollo nacional bastante avanzado, que es todo lo contrario a lo que tenemos ahora, que somos un productor b\u00e1sico. <\/p>\n\n\n\n<p>Cada vez se privatiza m\u00e1s los yacimientos de cobre y de litio; todo eso est\u00e1 en manos de privados. De hecho el litio, la empresa m\u00e1s grade, es del yerno de Pinochet; nacionalizada por Allende, privatizada por Pinochet que se la dio a un precio muy barato a su yerno, y \u00e9l se ha hecho millonario, es el hombre m\u00e1s poderoso de Chile. Ese proyecto qued\u00f3 ah\u00ed, y ahora somos un pa\u00eds exportador de materia prima; dependemos ahora de los llamados \u201ccomodities\u201d <\/p>\n\n\n\n<figure class=\"wp-block-gallery has-nested-images columns-default is-cropped wp-block-gallery-3 is-layout-flex wp-block-gallery-is-layout-flex\">\n<figure class=\"wp-block-image size-large\"><img decoding=\"async\" width=\"740\" height=\"480\" data-id=\"7360\" src=\"https:\/\/xn--tuvozdiasporaespaola-k7b.com\/wp-content\/uploads\/2024\/12\/patria-grande-1.gif\" alt=\"\" class=\"wp-image-7360\"\/><\/figure>\n<\/figure>\n\n\n\n<p><strong>\u00bfCrees que es amplio el intervencionismo? Porque los comodities en su mayor\u00eda son norteamericanos. \u00bfCrees que con la victoria de Trump se puede ampliar el intervencionismo de los Estados Unidos en Latinoam\u00e9rica?<\/strong><\/p>\n\n\n\n<p>Dem\u00f3cratas y Republicanos son lo mismo, al fin. Cambia mucho en la forma. La forma que tiene Trump, parecida a la de Milei, a la de Bolsonaro, con discursos de ultraderecha muy disruptivos pero que al final siguen las mismas pol\u00edticas de dominaci\u00f3n, de explotaci\u00f3n. Aqu\u00ed la gira que ha hecho la jefa del Comando Sur, Laura Richardson, viene para asegurar que estos recursos, sobre todo mineros, que son bastante estrat\u00e9gicos en este momento. <\/p>\n\n\n\n<p>Ha dicho que Estados Unidos ve con preocupaci\u00f3n la presencia China. De hecho China es el principal comprador de minerales. Lo ven con preocupaci\u00f3n porque no quieren que China les quite esa parte, aunque China hace otro tipo de tratados. Nosotros tenemos que cuidar nuestras reservas, darles valor agregado ac\u00e1 para generar buenos puestos de trabajo y poder manejar nuestras reservas. Mientras no compitamos entre nosotros van a seguir saque\u00e1ndonos. <\/p>\n\n\n\n<p>La \u00fanica forma que tenemos de pararnos frente a las grandes potencias econ\u00f3micas, incluyendo China, es tener unidad latinoamericana en base al desarrollo de nuestras capacidades con los recursos que tenemos. Si nos vemos siempre como competidores los unos contra los otros, creo que va a ser m\u00e1s de lo mismo. La integraci\u00f3n econ\u00f3mica y regional es fundamental. <\/p>\n\n\n\n<p>De hecho la globalizaci\u00f3n se est\u00e1 transformando en una regionalizaci\u00f3n: Bloques regionales de desarrollo, tanto econ\u00f3mico como desde el punto de vista geopol\u00edtico. Latinoam\u00e9rica tiene el poder de hacerlo, y con eso se pueden para tratados desfavorables y el saqueo, pero hay que tener pol\u00edticas comunes entre los pa\u00edses latinoamericanos                                          <\/p>\n","protected":false},"excerpt":{"rendered":"<p>Por Walter C. Medina ENTREVISTA A PABLO SEP\u00daLVEDA ALLENDE. En tiempos de neofascismos, de globalizaci\u00f3n y geopol\u00edtica, Pablo Sep\u00falveda Allende \u2013nieto de Salvador Allende- &#8230; <\/p>\n<p class=\"read-more-container\"><a title=\"\u201cCuando el pueblo se frustra  mira m\u00e1s hacia la extrema derecha o hacia el fascismo\u201d\" class=\"read-more button\" href=\"https:\/\/xn--tuvozdiasporaespaola-k7b.com\/page\/2\/cuando-el-pueblo-se-frustra-mira-mas-hacia-la-extrema-derecha-o-hacia-el-fascismo\/#more-7352\" aria-label=\"M\u00e1s en \u201cCuando el pueblo se frustra  mira m\u00e1s hacia la extrema derecha o hacia el fascismo\u201d\">Leer m\u00e1s<\/a><\/p>\n","protected":false},"author":222560522,"featured_media":7362,"comment_status":"open","ping_status":"open","sticky":false,"template":"","format":"standard","meta":{"footnotes":""},"categories":[121868],"tags":[],"class_list":["post-7352","post","type-post","status-publish","format-standard","has-post-thumbnail","hentry","category-latinoamerica","resize-featured-image"],"_links":{"self":[{"href":"https:\/\/xn--tuvozdiasporaespaola-k7b.com\/page\/2\/wp-json\/wp\/v2\/posts\/7352","targetHints":{"allow":["GET"]}}],"collection":[{"href":"https:\/\/xn--tuvozdiasporaespaola-k7b.com\/page\/2\/wp-json\/wp\/v2\/posts"}],"about":[{"href":"https:\/\/xn--tuvozdiasporaespaola-k7b.com\/page\/2\/wp-json\/wp\/v2\/types\/post"}],"author":[{"embeddable":true,"href":"https:\/\/xn--tuvozdiasporaespaola-k7b.com\/page\/2\/wp-json\/wp\/v2\/users\/222560522"}],"replies":[{"embeddable":true,"href":"https:\/\/xn--tuvozdiasporaespaola-k7b.com\/page\/2\/wp-json\/wp\/v2\/comments?post=7352"}],"version-history":[{"count":2,"href":"https:\/\/xn--tuvozdiasporaespaola-k7b.com\/page\/2\/wp-json\/wp\/v2\/posts\/7352\/revisions"}],"predecessor-version":[{"id":7363,"href":"https:\/\/xn--tuvozdiasporaespaola-k7b.com\/page\/2\/wp-json\/wp\/v2\/posts\/7352\/revisions\/7363"}],"wp:featuredmedia":[{"embeddable":true,"href":"https:\/\/xn--tuvozdiasporaespaola-k7b.com\/page\/2\/wp-json\/wp\/v2\/media\/7362"}],"wp:attachment":[{"href":"https:\/\/xn--tuvozdiasporaespaola-k7b.com\/page\/2\/wp-json\/wp\/v2\/media?parent=7352"}],"wp:term":[{"taxonomy":"category","embeddable":true,"href":"https:\/\/xn--tuvozdiasporaespaola-k7b.com\/page\/2\/wp-json\/wp\/v2\/categories?post=7352"},{"taxonomy":"post_tag","embeddable":true,"href":"https:\/\/xn--tuvozdiasporaespaola-k7b.com\/page\/2\/wp-json\/wp\/v2\/tags?post=7352"}],"curies":[{"name":"wp","href":"https:\/\/api.w.org\/{rel}","templated":true}]}}