{"id":725,"date":"2022-12-01T11:11:31","date_gmt":"2022-12-01T14:11:31","guid":{"rendered":"https:\/\/xn--tuvozdiasporaespaola-k7b.com\/?p=725"},"modified":"2022-12-01T11:11:55","modified_gmt":"2022-12-01T14:11:55","slug":"la-reconquista-autoritaria-el-libro-que-devela-la-amenaza-de-la-derecha-global-en-america-latina","status":"publish","type":"post","link":"https:\/\/xn--tuvozdiasporaespaola-k7b.com\/page\/2\/la-reconquista-autoritaria-el-libro-que-devela-la-amenaza-de-la-derecha-global-en-america-latina\/","title":{"rendered":"&#8216;La reconquista autoritaria&#8217;: el libro que devela la amenaza de la derecha global en Am\u00e9rica Latina"},"content":{"rendered":"\n<p>El soci\u00f3logo Ariel Goldstein analiza la influencia y conformaci\u00f3n de las alianzas ultraconservadoras<\/p>\n\n\n\n<p>El autoritarismo y la regresi\u00f3n democr\u00e1tica son posibilidades abiertas en Am\u00e9rica Latina gracias a la reconversi\u00f3n de la derecha en\u00a0<strong>\u00abuna gran familia global\u00bb<\/strong>\u00a0que retoma narrativas de la Guerra Fr\u00eda y que, con Vox al frente, revive nociones paternalistas y colonizadoras.<\/p>\n\n\n\n<figure class=\"wp-block-image size-large\"><img fetchpriority=\"high\" decoding=\"async\" width=\"1104\" height=\"622\" src=\"http:\/\/xn--tuvozdiasporaespaola-k7b.com\/wp-content\/uploads\/2022\/12\/5de1c78459bf5b55040fb725802494530152451011.jpg?w=1024\" alt=\"\" class=\"wp-image-732\" srcset=\"https:\/\/xn--tuvozdiasporaespaola-k7b.com\/wp-content\/uploads\/2022\/12\/5de1c78459bf5b55040fb725802494530152451011.jpg 1104w, https:\/\/xn--tuvozdiasporaespaola-k7b.com\/wp-content\/uploads\/2022\/12\/5de1c78459bf5b55040fb725802494530152451011-300x169.jpg 300w, https:\/\/xn--tuvozdiasporaespaola-k7b.com\/wp-content\/uploads\/2022\/12\/5de1c78459bf5b55040fb725802494530152451011-1024x577.jpg 1024w, https:\/\/xn--tuvozdiasporaespaola-k7b.com\/wp-content\/uploads\/2022\/12\/5de1c78459bf5b55040fb725802494530152451011-768x433.jpg 768w\" sizes=\"(max-width: 1104px) 100vw, 1104px\" \/><figcaption class=\"wp-element-caption\">Luis Fernando Camacho impulsor del golpe de Estado en Bolivia contra Evo Morales.<br><br><\/figcaption><\/figure>\n\n\n\n<p>Esta es la premisa central de &#8216;La reconquista autoritaria. C\u00f3mo la derecha amenaza la democracia en Am\u00e9rica Latina&#8217;, el m\u00e1s reciente libro del soci\u00f3logo argentino Ariel Goldstein, publicado por Marea Editorial, que analiza la radicalizaci\u00f3n ideol\u00f3gica que enfrenta la regi\u00f3n desde hace varios a\u00f1os y que ha tenido en el presidente Jair Bolsonaro a uno de sus principales exponentes.<\/p>\n\n\n\n<p>Goldstein, tambi\u00e9n autor del libro &#8216;<a rel=\"noreferrer noopener\" href=\"https:\/\/actualidad.rt.com\/actualidad\/367400-poder-evangelico-libro-peligro-democracia-america\" target=\"_blank\">Poder evang\u00e9lico<\/a>&#8216;, advierte que la derecha global era hasta hace pocos a\u00f1os un espacio de trayectorias heterog\u00e9neas y culturalmente divergentes, en algunos casos ubicadas hacia el centro, pero ahora, de forma repentina, parece haber encontrado cauces comunes y, sobre todo, se ha radicalizado.<\/p>\n\n\n\n<figure class=\"wp-block-embed is-type-rich is-provider-twitter wp-block-embed-twitter\"><div class=\"wp-block-embed__wrapper\">\n<blockquote class=\"twitter-tweet\" data-width=\"550\" data-dnt=\"true\"><p lang=\"es\" dir=\"ltr\">Este es mi nuevo libro ?<br>&quot;La Reconquista Autoritaria. C\u00f3mo la derecha global amenaza la democracia en Am\u00e9rica Latina&quot; por <a href=\"https:\/\/twitter.com\/mareaeditorial?ref_src=twsrc%5Etfw\">@mareaeditorial<\/a> <br>Aqu\u00ed puede leerse la introducci\u00f3n<a href=\"https:\/\/t.co\/mrdbBPVpMt\">https:\/\/t.co\/mrdbBPVpMt<\/a><br>Sigue? para contar de qu\u00e9 se trata <a href=\"https:\/\/t.co\/RpFsg614NH\">pic.twitter.com\/RpFsg614NH<\/a><\/p>&mdash; Ariel Goldstein (@AGoldok) <a href=\"https:\/\/twitter.com\/AGoldok\/status\/1581425881951899648?ref_src=twsrc%5Etfw\">October 15, 2022<\/a><\/blockquote><script async src=\"https:\/\/platform.twitter.com\/widgets.js\" charset=\"utf-8\"><\/script>\n<\/div><\/figure>\n\n\n\n<p>Tambi\u00e9n recuerda que su irrupci\u00f3n en Am\u00e9rica Latina no es una novedad ya que, durante la Segunda Guerra Mundial, colectivos argentinos buscaron unirse con Espa\u00f1a y Portugal para \u00abreconstruir la hispanidad\u00bb a trav\u00e9s de una alianza fascista que promet\u00eda neutralidad ante la guerra, proyecto que se vino abajo tras la derrota del nazismo.<\/p>\n\n\n\n<p>M\u00e1s tarde, durante las dictaduras que prevalecieron en Sudam\u00e9rica, hubo represiones fascistas en las que participaron&nbsp;<strong>italianos como Stefano Delle Chiaie; agentes de la CIA como Michael Townley; o criminales de guerra nazis como Klaus Barbie<\/strong>.<\/p>\n\n\n\n<p>\u00ab<em>Las dictaduras estaban alineadas con Estados Unidos y la Operaci\u00f3n C\u00f3ndor fue una herramienta clave en la persecuci\u00f3n conjunta y el asesinato de opositores pol\u00edticos. Este contexto fue propicio al fortalecimiento de los lazos entre grupos de extrema derecha\u00bb,<\/em> explica.<\/p>\n\n\n\n<p>De esta forma, los fascistas y los nazis acorralados en Europa por los cr\u00edmenes cometidos, encontraron en Am\u00e9rica Latina un lugar para continuar sus tareas y en donde&nbsp;<strong>sus conocimientos sobre estrategias de represi\u00f3n, persecuci\u00f3n y asesinato fueron valorados.<\/strong><\/p>\n\n\n\n<p>Otro de los ejemplos de la cercan\u00eda con los fascismos fue la admiraci\u00f3n que el dictador chileno Augusto Pinochet le profes\u00f3 al dictador espa\u00f1ol Francisco Franco.<br \/><br \/><strong>IDEARIO<\/strong><br \/><br \/>Las dictaduras sudamericanas, precisa Goldstein, sosten\u00edan que combat\u00edan un enemigo interno y que las mayores violencias estaban justificadas para salvar al pa\u00eds de \u00abla subversi\u00f3n\u00bb y \u00abel comunismo\u00bb y defender \u00abla libertad\u00bb, discurso de la Guerra Fr\u00eda que las derechas de hoy&nbsp;han retomado al designar \u00abun nuevo peligro comunista\u00bb.<br \/><br \/>En su agenda tambi\u00e9n predominan temas de seguridad, culturales, de valores o religiosos, adem\u00e1s de que han mutado de una derecha tradicional elitista a una que es capaz de movilizar votantes y realizar actos masivos en las calles.<br \/><br \/>Uno de los ejemplos m\u00e1s recientes en Argentina, por ejemplo, es el caso del diputado Javier Milei, quien, a pesar de su escasa trayectoria, ya es precandidato presidencial rumbo a las elecciones generales de 2013.<\/p>\n\n\n\n<figure class=\"wp-block-embed is-type-rich is-provider-twitter wp-block-embed-twitter\"><div class=\"wp-block-embed__wrapper\">\n<blockquote class=\"twitter-tweet\" data-width=\"550\" data-dnt=\"true\"><p lang=\"es\" dir=\"ltr\">?&quot;Milei pesca sobre los imaginarios y representaciones de quienes se conciben como clase media, y coloca a estos en el lugar de la v\u00edctima saqueada por el Estado y los pol\u00edticos&quot;.<a href=\"https:\/\/twitter.com\/AGoldok?ref_src=twsrc%5Etfw\">@AGoldok<\/a> ensaya sobre el proceso que unific\u00f3 a las derechas regionales???<a href=\"https:\/\/t.co\/cywYaExK9X\">https:\/\/t.co\/cywYaExK9X<\/a> <a href=\"https:\/\/t.co\/IuRlAfkAdx\">pic.twitter.com\/IuRlAfkAdx<\/a><\/p>&mdash; Marea Editorial (@mareaeditorial) <a href=\"https:\/\/twitter.com\/mareaeditorial\/status\/1597683365372514304?ref_src=twsrc%5Etfw\">November 29, 2022<\/a><\/blockquote><script async src=\"https:\/\/platform.twitter.com\/widgets.js\" charset=\"utf-8\"><\/script>\n<\/div><\/figure>\n\n\n\n<p>A\u00f1ade, adem\u00e1s, que la sombra de la herencia de las dictaduras y los autoritarismos siembre se ha cernido sobre las transiciones democr\u00e1ticas en la regi\u00f3n. El riesgo, latente, hoy es todav\u00eda m\u00e1s visible.<\/p>\n\n\n\n<p><strong>\u00abLa pandemia, al acentuar las desigualdades y la ilegitimidad de las instituciones, ha intensificado los reflejos de defensa y temor\u00bb<\/strong>, considera al detallar uno de los motivos que intensificaron la desconfianza hacia un sistema que, luego de una emergencia sanitaria mundial, dej\u00f3 un retroceso social y un mayor empobrecimiento.<\/p>\n\n\n\n<p>\u00ab<em>El fuerte cuestionamiento hacia las \u00e9lites gobernantes ha derivado en el descr\u00e9dito del r\u00e9gimen democr\u00e1tico. Cuando las \u00e9lites gobernantes y los funcionarios son percibidos como alejados del destino de las mayor\u00edas populares, el r\u00e9gimen democr\u00e1tico pierde legitimidad y&nbsp;<\/em><em><strong>se vuelven m\u00e1s aceptables soluciones autoritarias y\/o&nbsp;outsiders<\/strong><\/em><em>&nbsp;a la clase pol\u00edtica que aparecen con propuestas disruptivas\u00bb, <\/em>se\u00f1ala.<\/p>\n\n\n\n<p>En este proceso han sido fundamentales los medios tradicionales y m\u00e1s influyentes&nbsp;que se dejaron seducir y cayeron en la trampa de promover la pol\u00edtica del esc\u00e1ndalo y el espect\u00e1culo, lo que ha beneficiado a los l\u00edderes de la derecha radical.<\/p>\n\n\n\n<p>La democracia ha quedado debilitada, tanto, que&nbsp;<strong>en Paraguay, Guatemala, Per\u00fa y Honduras, el 40 % o m\u00e1s reconoce que apoyar\u00eda a un gobierno militar<\/strong>. La decepci\u00f3n hacia el sistema democr\u00e1tico tambi\u00e9n se ha reflejado con altos niveles en Brasil, Argentina y Chile.<\/p>\n\n\n\n<figure class=\"wp-block-image size-large\"><img decoding=\"async\" width=\"1200\" height=\"800\" src=\"http:\/\/xn--tuvozdiasporaespaola-k7b.com\/wp-content\/uploads\/2022\/12\/3hrnc722mnd4fjbskt4ewbfv348182249464668840981.jpg?w=1024\" alt=\"\" class=\"wp-image-728\" srcset=\"https:\/\/xn--tuvozdiasporaespaola-k7b.com\/wp-content\/uploads\/2022\/12\/3hrnc722mnd4fjbskt4ewbfv348182249464668840981.jpg 1200w, https:\/\/xn--tuvozdiasporaespaola-k7b.com\/wp-content\/uploads\/2022\/12\/3hrnc722mnd4fjbskt4ewbfv348182249464668840981-300x200.jpg 300w, https:\/\/xn--tuvozdiasporaespaola-k7b.com\/wp-content\/uploads\/2022\/12\/3hrnc722mnd4fjbskt4ewbfv348182249464668840981-1024x683.jpg 1024w, https:\/\/xn--tuvozdiasporaespaola-k7b.com\/wp-content\/uploads\/2022\/12\/3hrnc722mnd4fjbskt4ewbfv348182249464668840981-768x512.jpg 768w\" sizes=\"(max-width: 1200px) 100vw, 1200px\" \/><figcaption class=\"wp-element-caption\">Mauricio Macri, Pi\u00f1era y Bolsonaro <\/figcaption><\/figure>\n\n\n\n<h3 class=\"wp-block-heading\">Hermandad<\/h3>\n\n\n\n<p>En medio de ese desencantamiento, la derecha radical emergi\u00f3 en la regi\u00f3n, en sinton\u00eda con sus versiones de EE.UU. y Europa, y hoy tiene a sus m\u00e1ximas figuras en&nbsp;<strong>Bolsonaro<\/strong>&nbsp;y en el excandidato presidencial de Chile,&nbsp;<strong>Jos\u00e9 Antonio Kast.<\/strong><\/p>\n\n\n\n<p>Si se toma en cuenta a los partidos, a las tendencias m\u00e1s antidemocr\u00e1ticas se suma el uribismo en Colombia, es decir, los seguidores del expresidente&nbsp;<strong>\u00c1lvaro Uribe<\/strong>; y la derecha en Per\u00fa, que tiene en&nbsp;<strong>Keiko Fujimori<\/strong>&nbsp;a su principal exponente.<\/p>\n\n\n\n<p>&#8216;La reconquista autoritaria&#8217; devela c\u00f3mo se ha construido una red internacional de la derecha en Occidente que tiene entre sus principales protagonistas a\u00a0<strong>Vox<\/strong>, de Espa\u00f1a;\u00a0<strong>Ley y Justicia<\/strong>, de Polonia;\u00a0<strong>Hermanos de Italia<\/strong>;\u00a0<strong>Chega<\/strong>, de Portugal; y\u00a0<em>think thanks<\/em>\u00a0vinculados al Partido Republicano.<\/p>\n\n\n\n<figure class=\"wp-block-image size-large\"><img decoding=\"async\" width=\"999\" height=\"399\" src=\"http:\/\/xn--tuvozdiasporaespaola-k7b.com\/wp-content\/uploads\/2022\/12\/51850030031_461787f872_b3268395942794844901.jpg?w=999\" alt=\"\" class=\"wp-image-731\" srcset=\"https:\/\/xn--tuvozdiasporaespaola-k7b.com\/wp-content\/uploads\/2022\/12\/51850030031_461787f872_b3268395942794844901.jpg 999w, https:\/\/xn--tuvozdiasporaespaola-k7b.com\/wp-content\/uploads\/2022\/12\/51850030031_461787f872_b3268395942794844901-300x120.jpg 300w, https:\/\/xn--tuvozdiasporaespaola-k7b.com\/wp-content\/uploads\/2022\/12\/51850030031_461787f872_b3268395942794844901-768x307.jpg 768w\" sizes=\"(max-width: 999px) 100vw, 999px\" \/><figcaption class=\"wp-element-caption\">Cumbre de L\u00edderes Fascistas Europeos. <\/figcaption><\/figure>\n\n\n\n<p>La novedad de Vox, a\u00f1ade, reside en su capacidad de articular alianzas en Europa con&nbsp;<strong>los gobiernos de Hungr\u00eda y Polonia<\/strong>&nbsp;y l\u00edderes de la derecha radical en Italia, Portugal y Francia y con&nbsp;<strong>los seguidores del expresidente de EE. UU. Donald Trump.<\/strong><\/p>\n\n\n\n<p><em>\u00abTodos juntos alimentan la radicalizaci\u00f3n y uni\u00f3n de la derecha de Am\u00e9rica Latina (\u2026) Hacen uso de conflictos hist\u00f3ricos y culturales propios de cada pa\u00eds, se presentan como salvadores, construyen nuevos enemigos a atacar y canalizan las pulsiones sociales del odio\u00bb,<\/em> explica.<\/p>\n\n\n\n<p>Adem\u00e1s, Vox se ha acercado de manera particular al bolsonarismo, al uribismo, a la derecha peruana, al PRO, el partido del expresidentes&nbsp;<strong>Mauricio Macri<\/strong>, en Argentina; y al Partido Acci\u00f3n Nacional (PAN) de&nbsp;<strong>Vicente Fox y Felipe Calder\u00f3n<\/strong>&nbsp;en M\u00e9xico.<\/p>\n\n\n\n<figure class=\"wp-block-embed is-type-rich is-provider-twitter wp-block-embed-twitter\"><div class=\"wp-block-embed__wrapper\">\n<blockquote class=\"twitter-tweet\" data-width=\"550\" data-dnt=\"true\"><p lang=\"es\" dir=\"ltr\">? <a href=\"https:\/\/twitter.com\/Santi_ABASCAL?ref_src=twsrc%5Etfw\">@Santi_ABASCAL<\/a> presenta en M\u00e9xico el Foro Madrid, la alianza internacional para hacer frente al avance del narcocomunismo en la Iberosfera.<br><br>Gracias a los senadores y congresistas de <a href=\"https:\/\/twitter.com\/AccionNacional?ref_src=twsrc%5Etfw\">@AccionNacional<\/a> y <a href=\"https:\/\/twitter.com\/PRI_Nacional?ref_src=twsrc%5Etfw\">@PRI_Nacional<\/a> por el recibimiento ?????<br><br>?? NdP: <a href=\"https:\/\/t.co\/ZBhQ7FXg3q\">https:\/\/t.co\/ZBhQ7FXg3q<\/a> <a href=\"https:\/\/t.co\/jOEqPzhLDI\">pic.twitter.com\/jOEqPzhLDI<\/a><\/p>&mdash; VOX ?? (@vox_es) <a href=\"https:\/\/twitter.com\/vox_es\/status\/1433710824477052950?ref_src=twsrc%5Etfw\">September 3, 2021<\/a><\/blockquote><script async src=\"https:\/\/platform.twitter.com\/widgets.js\" charset=\"utf-8\"><\/script>\n<\/div><\/figure>\n\n\n\n<p>Es una regi\u00f3n que la ultraderecha espa\u00f1ola ha bautizado como \u00abla Iber\u00f3sfera\u00bb con base en una idea de la \u00abreconquista\u00bb que quiere volver a instalar una noci\u00f3n paternalista y colonizadora en la relaci\u00f3n entre Espa\u00f1a y Am\u00e9rica Latina.<\/p>\n\n\n\n<h3 class=\"wp-block-heading\">\u00bfY la izquierda?<\/h3>\n\n\n\n<p>Goldstein aclara que la derecha radical es un peligro en Am\u00e9rica Latina, pero tambi\u00e9n lo es&nbsp;<strong>la izquierda dogm\u00e1tica y autoritaria<\/strong>&nbsp;que es reacia a reflexionar sobre el pasado y que se codea con jerarcas autoritarios.<\/p>\n\n\n\n<p><em>\u00abEn nombre de pragmatismo pol\u00edtico, la izquierda regional hace o\u00eddos sordos ante el sufrimiento de la gente en funci\u00f3n de ideales que no supieron sopesar sus costos\u00bb<\/em>, se\u00f1ala en el mismo sentido en el que lo ha hecho el progresista presidente de Chile, Gabriel Boric. &nbsp;<\/p>\n\n\n\n<figure class=\"wp-block-image size-large\"><img loading=\"lazy\" decoding=\"async\" width=\"1003\" height=\"734\" src=\"http:\/\/xn--tuvozdiasporaespaola-k7b.com\/wp-content\/uploads\/2022\/12\/screenshot_20221201-105257_chrome4437288100147839938.jpg?w=1003\" alt=\"\" class=\"wp-image-733\" srcset=\"https:\/\/xn--tuvozdiasporaespaola-k7b.com\/wp-content\/uploads\/2022\/12\/screenshot_20221201-105257_chrome4437288100147839938.jpg 1003w, https:\/\/xn--tuvozdiasporaespaola-k7b.com\/wp-content\/uploads\/2022\/12\/screenshot_20221201-105257_chrome4437288100147839938-300x220.jpg 300w, https:\/\/xn--tuvozdiasporaespaola-k7b.com\/wp-content\/uploads\/2022\/12\/screenshot_20221201-105257_chrome4437288100147839938-768x562.jpg 768w\" sizes=\"(max-width: 1003px) 100vw, 1003px\" \/><\/figure>\n\n\n\n<p>\u00ab<em>Para disminuir el crecimiento de la derecha radical, es correcto entender c\u00f3mo determinadas pr\u00e1cticas que se condenan f\u00e1cilmente cuando aparecen encarnados en liderazgos de derecha, como el autoritarismo, el verticalismo, lo dogm\u00e1tico, las violaciones a los derechos humanos y la corrupci\u00f3n, son tolerados por la izquierda cuando aparecen en sus propias filas\u00bb,<\/em> cuestiona el autor.<\/p>\n\n\n\n<p>De esta forma, agrega,&nbsp;<strong>predomina la solidaridad org\u00e1nica y emocional<\/strong>&nbsp;para mantener la cohesi\u00f3n interna de los grupos por sobre un comportamiento racional y reflexivo. Es lo que se denomina \u00abla paradoja militante\u00bb que acepta cuestionar pero no ser cuestionado porque las cr\u00edticas suponen un ataque a su propia existencia. El problema es que esas posiciones terminan beneficiando a los ultraconservadores.<\/p>\n\n\n\n<p><em>\u00abLa izquierda debe mantener una pr\u00e1ctica coherente en su acci\u00f3n pol\u00edtica entre los dichos y los hechos porque, cuando se pierde la dignidad, el desencanto lleva al crecimiento de la derecha radical\u00bb,<\/em> se\u00f1ala.<\/p>\n\n\n\n<p>Redacci\u00f3n de Revista TU VOZ. <\/p>\n\n\n\n<p>FUENTES :Actualidad RT.<\/p>\n","protected":false},"excerpt":{"rendered":"<p>El soci\u00f3logo Ariel Goldstein analiza la influencia y conformaci\u00f3n de las alianzas ultraconservadoras El autoritarismo y la regresi\u00f3n democr\u00e1tica son posibilidades abiertas en Am\u00e9rica &#8230; <\/p>\n<p class=\"read-more-container\"><a title=\"&#8216;La reconquista autoritaria&#8217;: el libro que devela la amenaza de la derecha global en Am\u00e9rica Latina\" class=\"read-more button\" href=\"https:\/\/xn--tuvozdiasporaespaola-k7b.com\/page\/2\/la-reconquista-autoritaria-el-libro-que-devela-la-amenaza-de-la-derecha-global-en-america-latina\/#more-725\" aria-label=\"M\u00e1s en &#8216;La reconquista autoritaria&#8217;: el libro que devela la amenaza de la derecha global en Am\u00e9rica Latina\">Leer m\u00e1s<\/a><\/p>\n","protected":false},"author":222560522,"featured_media":0,"comment_status":"open","ping_status":"open","sticky":false,"template":"","format":"standard","meta":{"footnotes":""},"categories":[1771],"tags":[],"class_list":["post-725","post","type-post","status-publish","format-standard","hentry","category-sociales"],"_links":{"self":[{"href":"https:\/\/xn--tuvozdiasporaespaola-k7b.com\/page\/2\/wp-json\/wp\/v2\/posts\/725","targetHints":{"allow":["GET"]}}],"collection":[{"href":"https:\/\/xn--tuvozdiasporaespaola-k7b.com\/page\/2\/wp-json\/wp\/v2\/posts"}],"about":[{"href":"https:\/\/xn--tuvozdiasporaespaola-k7b.com\/page\/2\/wp-json\/wp\/v2\/types\/post"}],"author":[{"embeddable":true,"href":"https:\/\/xn--tuvozdiasporaespaola-k7b.com\/page\/2\/wp-json\/wp\/v2\/users\/222560522"}],"replies":[{"embeddable":true,"href":"https:\/\/xn--tuvozdiasporaespaola-k7b.com\/page\/2\/wp-json\/wp\/v2\/comments?post=725"}],"version-history":[{"count":0,"href":"https:\/\/xn--tuvozdiasporaespaola-k7b.com\/page\/2\/wp-json\/wp\/v2\/posts\/725\/revisions"}],"wp:attachment":[{"href":"https:\/\/xn--tuvozdiasporaespaola-k7b.com\/page\/2\/wp-json\/wp\/v2\/media?parent=725"}],"wp:term":[{"taxonomy":"category","embeddable":true,"href":"https:\/\/xn--tuvozdiasporaespaola-k7b.com\/page\/2\/wp-json\/wp\/v2\/categories?post=725"},{"taxonomy":"post_tag","embeddable":true,"href":"https:\/\/xn--tuvozdiasporaespaola-k7b.com\/page\/2\/wp-json\/wp\/v2\/tags?post=725"}],"curies":[{"name":"wp","href":"https:\/\/api.w.org\/{rel}","templated":true}]}}