{"id":724,"date":"2022-11-30T11:48:58","date_gmt":"2022-11-30T14:48:58","guid":{"rendered":"https:\/\/xn--tuvozdiasporaespaola-k7b.com\/2022\/11\/30\/la-batalla-contra-la-hegemonia-mediatica-assange-y-el-nuevo-canal-red-desde-las-dos-orillas\/"},"modified":"2022-11-30T11:48:58","modified_gmt":"2022-11-30T14:48:58","slug":"la-batalla-contra-la-hegemonia-mediatica-assange-y-el-nuevo-canal-red-desde-las-dos-orillas","status":"publish","type":"post","link":"https:\/\/xn--tuvozdiasporaespaola-k7b.com\/page\/2\/la-batalla-contra-la-hegemonia-mediatica-assange-y-el-nuevo-canal-red-desde-las-dos-orillas\/","title":{"rendered":"La batalla contra la hegemon\u00eda medi\u00e1tica, Assange y el nuevo Canal Red desde las dos orillas"},"content":{"rendered":"\n<p>Hace unos d\u00edas el nuevo presidente de Colombia y uno de los principales l\u00edderes en la nueva realidad pol\u00edtica Latinoamericana, Gustavo Petro, se entrevist\u00f3 con la Comisi\u00f3n de apoyo al periodista de investigaci\u00f3n y director de Wikileaks Julien Assange. De dicha reuni\u00f3n sali\u00f3 su firme compromiso con la causa de la Libertad de expresi\u00f3n e informaci\u00f3n, claves en la defensa de los sistemas democr\u00e1ticos m\u00e1s avanzados a los que aspira su pa\u00eds y que se ven en grave peligro por el papel de mat\u00f3n mundial de la potencia Estadounidense y las agresivas y t\u00f3xicas estrategias medi\u00e1ticas de las \u00e9lites en el Poder a uno y otro lado del charco.&nbsp;<\/p>\n\n\n\n<p>No por casualidad, tras la experiencia colombiana de dominio total del aparato informativo por parte de las mafias, la ultraderecha y los poderes financieros, en Colombia ha surgido un nuevo movimiento impulsado por el Colectivo \u201cPeriodismo por la Verdad\u201d, surgido desde los&nbsp; profesionales que han sabido aliarse estos \u00faltimos a\u00f1os para contrarrestar las mentiras oficiales sobre la realidad del pa\u00eds y la verdadera voluntad de Cambio manifestada en las plazas y las urnas. Su prop\u00f3sito, parece mentira a estas alturas, es recuperar el valor de la informaci\u00f3n veraz y contrastada y, de paso, el prestigio social del periodismo, tan ligado hoy en dia a su papel de correveidile del poder econ\u00f3mico m\u00e1s voraz.<\/p>\n\n\n\n<figure class=\"wp-block-image size-large\"><img fetchpriority=\"high\" decoding=\"async\" width=\"275\" height=\"183\" src=\"http:\/\/xn--tuvozdiasporaespaola-k7b.com\/wp-content\/uploads\/2022\/11\/img-20221122-wa0044897610593971861652.jpg?w=275\" alt=\"\" class=\"wp-image-720\" \/><\/figure>\n\n\n\n<p>Precisamente, en un reflejo com\u00fan a las dos orillas, se\u00f1al de lo muy parecido que resultan los hechos y mecanismos que rigen nuestros sistemas tanto en Europa como en Am\u00e9rica Latina, en el Estado Espa\u00f1ol han aparecido recientemente iniciativas period\u00edsticas que est\u00e1n poniendo en cuesti\u00f3n gravemente el control y manipulaci\u00f3n sine die de la opini\u00f3n p\u00fablica y la Agenda medi\u00e1tica de las masas. La batalla medi\u00e1tica, junto a la judicial, son los dos frentes en los que el nuevo mecanismo golpista del Lawfare opera mayoritariamente en descr\u00e9dito de la propia Democracia liberal y sus principios Constitucionales.<\/p>\n\n\n\n<p>Tanto en Argentina, como en Espa\u00f1a, en Brasil, en Chile o cualesquiera de los pa\u00edses de nuestro entorno la asfixiante concentraci\u00f3n de medios de comunicaci\u00f3n y su dependencia de los poderes financieros nacionales o multinacionales, ha puesto en peligro esos dos derechos mencionados, el de expresi\u00f3n y de informaci\u00f3n plural. Quienes pretenden desestabilizar los actuales gobiernos progresistas, ya de por s\u00ed muy vigilados y presionados por los Mercados y organismos Internacionales, necesitan un escenario de \u201csilencio medi\u00e1tico\u201d total, en el que no se escuchen las voces de los sectores afectados por sus pol\u00edticas antisociales, ni se vean confrontados al dilema aquel de no dejar \u201cque la realidad les pueda estropear un buen titular\u201d.<\/p>\n\n\n\n<p>Una de esas voces que se les ha atravesado en el silencio del desierto medi\u00e1tico ha sido la del Podcast \u201cLa Base\u201d, impulsado desde hace ahora menos de un a\u00f1o por el exvicepresidente del Gobierno espa\u00f1ol y exsecretario General de Podemos, Pablo Iglesias. Con una audiencia media de 230.000 ciudadanos y picos de hasta 600.000, ha ido incrementando en poco tiempo su presencia en el panorama medi\u00e1tico a uno y otro lado del Atl\u00e1ntico, con presencia creciente en Chile, Argentina, M\u00e9xico o Brasil.&nbsp;<\/p>\n\n\n\n<figure class=\"wp-block-image size-large\"><img decoding=\"async\" width=\"640\" height=\"480\" src=\"http:\/\/xn--tuvozdiasporaespaola-k7b.com\/wp-content\/uploads\/2022\/11\/sddefault6206049474886884454.jpg?w=640\" alt=\"\" class=\"wp-image-721\" srcset=\"https:\/\/xn--tuvozdiasporaespaola-k7b.com\/wp-content\/uploads\/2022\/11\/sddefault6206049474886884454.jpg 640w, https:\/\/xn--tuvozdiasporaespaola-k7b.com\/wp-content\/uploads\/2022\/11\/sddefault6206049474886884454-300x225.jpg 300w\" sizes=\"(max-width: 640px) 100vw, 640px\" \/><\/figure>\n\n\n\n<p>Ahora, a las puertas de un nuevo Ciclo electoral en Espa\u00f1a sin precedentes, con la misma polarizaci\u00f3n entre Democracia y Derechos o Fascismo y sumisi\u00f3n que se ha producido en los recientes comicios en Am\u00e9rica Latina, Pablo Iglesias ha anunciado la puesta en marcha de \u201cCanal Red\u201d, una alternativa televisiva que pretende romper el monopolio del Poder medi\u00e1tico y cuya financiaci\u00f3n ha tenido una desbordante respuesta de la ciudadan\u00eda a trav\u00e9s de un crowdfunding.<\/p>\n\n\n\n<p>Canal Red se propone, mediante esta nueva plataforma audiovisual, conectar las dos audiencias, la espa\u00f1ola y la latinoamericana. La cara visible en Latinoam\u00e9rica ser\u00e1 el periodista argentino, Daniel Tognetti. \u00abVa a ser un canal que impulse las libertades y los derechos de nuestro pa\u00eds, un canal que va defender a los de abajo, un canal para cambiarlo todo\u00bb, explic\u00f3 en su presentaci\u00f3n el propio Iglesias.<\/p>\n\n\n\n<figure class=\"wp-block-image size-large\"><img decoding=\"async\" width=\"650\" height=\"364\" src=\"http:\/\/xn--tuvozdiasporaespaola-k7b.com\/wp-content\/uploads\/2022\/11\/mediapro5853373179921719830.jpg?w=650\" alt=\"\" class=\"wp-image-722\" srcset=\"https:\/\/xn--tuvozdiasporaespaola-k7b.com\/wp-content\/uploads\/2022\/11\/mediapro5853373179921719830.jpg 650w, https:\/\/xn--tuvozdiasporaespaola-k7b.com\/wp-content\/uploads\/2022\/11\/mediapro5853373179921719830-300x168.jpg 300w\" sizes=\"(max-width: 650px) 100vw, 650px\" \/><\/figure>\n\n\n\n<p>Quedamos a la espera del nacimiento de esta nueva ventana de libertad y pluralidad informativa, sin dependencias gubernamentales ni privadas y abierta a la participaci\u00f3n de la ciudadan\u00eda. Un concepto que ya funcion\u00f3 cuando el boom de las Radios Libres y Comunitarias de los 80 y que, con la aportaci\u00f3n valiosa de las nuevas tecnolog\u00edas, nos permite ahora llegar m\u00e1s y mejor a las audiencias, contribuyendo al servicio p\u00fablico y social de la Informaci\u00f3n.<\/p>\n\n\n\n<p>Por nuestra parte, desde los n\u00facleos organizados de la emigraci\u00f3n espa\u00f1ola, tambi\u00e9n estamos en proceso de alumbramiento y pronto anunciaremos una nueva apuesta por la Comunicaci\u00f3n popular en las dos orillas, como lo es ya este espacio radiof\u00f3nico de \u2018Cenizas de Babilonia. la Di\u00e1spora espa\u00f1ola\u2019.&nbsp;<\/p>\n\n\n\n<p>Conscientes de que la \u201clucha final\u201d, como alude uno de los himnos m\u00e1s conocidos del g\u00e9nero humano, se libra ahora en el campo de batalla medi\u00e1tica, en donde se puede legitimar tanto la ruina econ\u00f3mica y el saqueo de un pa\u00eds como la petici\u00f3n de un golpe de Estado ante el no reconocimiento del resultado de la voluntad democr\u00e1tica en las urnas, todas las iniciativas del periodismo sin tutelas y de la ciudadan\u00eda empoderada construyendo sus propios Medios son de agradecer.&nbsp;<\/p>\n\n\n\n<figure class=\"wp-block-image size-large\"><img loading=\"lazy\" decoding=\"async\" width=\"1080\" height=\"980\" src=\"http:\/\/xn--tuvozdiasporaespaola-k7b.com\/wp-content\/uploads\/2022\/11\/screenshot_20221130-113859_gallery8574270241920425451.jpg?w=1024\" alt=\"\" class=\"wp-image-723\" srcset=\"https:\/\/xn--tuvozdiasporaespaola-k7b.com\/wp-content\/uploads\/2022\/11\/screenshot_20221130-113859_gallery8574270241920425451.jpg 1080w, https:\/\/xn--tuvozdiasporaespaola-k7b.com\/wp-content\/uploads\/2022\/11\/screenshot_20221130-113859_gallery8574270241920425451-300x272.jpg 300w, https:\/\/xn--tuvozdiasporaespaola-k7b.com\/wp-content\/uploads\/2022\/11\/screenshot_20221130-113859_gallery8574270241920425451-1024x929.jpg 1024w, https:\/\/xn--tuvozdiasporaespaola-k7b.com\/wp-content\/uploads\/2022\/11\/screenshot_20221130-113859_gallery8574270241920425451-768x697.jpg 768w\" sizes=\"(max-width: 1080px) 100vw, 1080px\" \/><\/figure>\n\n\n\n<p>&nbsp;Estas y otras noticias similares deben ser una fuente de esperanza. Que ya es hora de que los Pueblos tengan menos miedo y m\u00e1s esperanza y las \u00e9lites empiecen a preocuparse y renuncien a sus macabras distopias. Sus sue\u00f1os delirantes no pueden ser las pesadillas de la Humanidad. Acord\u00e9monos del \u201cReloj del Apocalipsis\u201d de mi anterior Columna, y d\u00e9mosle la vuelta a las manecillas, en sentido contrario, a las actuales amenazas mundiales, pero sin dudas ni temores. En definitiva, que \u201cS\u00ed se Puede\u201d.&nbsp;<\/p>\n\n\n\n<p>En Espa\u00f1a, como en todo el mundo, la defensa de la tit\u00e1nica batalla por la Libertad de expresi\u00f3n e Informaci\u00f3n realizada por Julian Assange y Wikileaks nos concierne a todos. No se puede apagar ni una voz m\u00e1s en las mazmorras del Imperio. Aquel y aquello que simboliza la lucha m\u00e1s digna y frontal por las Libertades que fundamentan la posibilidad del derecho real a elegir, clave de b\u00f3veda de nuestra Democracias, debe ser liberado del secuestro judicial de las autoridades brit\u00e1nicas y nuestros pa\u00edses, mayoritariamente representados por gobiernos que creen firmemente en los Derechos Humanos y los valores mencionados, han de ser un ariete contra las pretensiones del pa\u00eds cuya famosa estatua de la Libertad hace tiempo que no ilumina m\u00e1s que las verg\u00fcenzas de lo peor de la raza humana, la violencia, la desigualdad y la opresi\u00f3n<\/p>\n\n\n\n<p>Miguel \u00c1ngel Ferris,  Portavoz de Red de C\u00edrculos de Podemos Europa  Equipo de Redacci\u00f3n de Revista TU VOZ  y Radio Cenizas de Babilonia Di\u00e1spora Espa\u00f1ola.<\/p>\n","protected":false},"excerpt":{"rendered":"<p>Hace unos d\u00edas el nuevo presidente de Colombia y uno de los principales l\u00edderes en la nueva realidad pol\u00edtica Latinoamericana, Gustavo Petro, se entrevist\u00f3 &#8230; <\/p>\n<p class=\"read-more-container\"><a title=\"La batalla contra la hegemon\u00eda medi\u00e1tica, Assange y el nuevo Canal Red desde las dos orillas\" class=\"read-more button\" href=\"https:\/\/xn--tuvozdiasporaespaola-k7b.com\/page\/2\/la-batalla-contra-la-hegemonia-mediatica-assange-y-el-nuevo-canal-red-desde-las-dos-orillas\/#more-724\" aria-label=\"M\u00e1s en La batalla contra la hegemon\u00eda medi\u00e1tica, Assange y el nuevo Canal Red desde las dos orillas\">Leer m\u00e1s<\/a><\/p>\n","protected":false},"author":222560522,"featured_media":0,"comment_status":"open","ping_status":"open","sticky":false,"template":"","format":"standard","meta":{"footnotes":""},"categories":[1771],"tags":[],"class_list":["post-724","post","type-post","status-publish","format-standard","hentry","category-sociales"],"_links":{"self":[{"href":"https:\/\/xn--tuvozdiasporaespaola-k7b.com\/page\/2\/wp-json\/wp\/v2\/posts\/724","targetHints":{"allow":["GET"]}}],"collection":[{"href":"https:\/\/xn--tuvozdiasporaespaola-k7b.com\/page\/2\/wp-json\/wp\/v2\/posts"}],"about":[{"href":"https:\/\/xn--tuvozdiasporaespaola-k7b.com\/page\/2\/wp-json\/wp\/v2\/types\/post"}],"author":[{"embeddable":true,"href":"https:\/\/xn--tuvozdiasporaespaola-k7b.com\/page\/2\/wp-json\/wp\/v2\/users\/222560522"}],"replies":[{"embeddable":true,"href":"https:\/\/xn--tuvozdiasporaespaola-k7b.com\/page\/2\/wp-json\/wp\/v2\/comments?post=724"}],"version-history":[{"count":0,"href":"https:\/\/xn--tuvozdiasporaespaola-k7b.com\/page\/2\/wp-json\/wp\/v2\/posts\/724\/revisions"}],"wp:attachment":[{"href":"https:\/\/xn--tuvozdiasporaespaola-k7b.com\/page\/2\/wp-json\/wp\/v2\/media?parent=724"}],"wp:term":[{"taxonomy":"category","embeddable":true,"href":"https:\/\/xn--tuvozdiasporaespaola-k7b.com\/page\/2\/wp-json\/wp\/v2\/categories?post=724"},{"taxonomy":"post_tag","embeddable":true,"href":"https:\/\/xn--tuvozdiasporaespaola-k7b.com\/page\/2\/wp-json\/wp\/v2\/tags?post=724"}],"curies":[{"name":"wp","href":"https:\/\/api.w.org\/{rel}","templated":true}]}}