{"id":7206,"date":"2024-12-13T13:50:59","date_gmt":"2024-12-13T16:50:59","guid":{"rendered":"https:\/\/xn--tuvozdiasporaespaola-k7b.com\/page\/2\/?p=7206"},"modified":"2024-12-13T13:51:53","modified_gmt":"2024-12-13T16:51:53","slug":"con-estos-aranceles-los-estados-unidos-estarian-dandose-un-tiro-en-el-pie","status":"publish","type":"post","link":"https:\/\/xn--tuvozdiasporaespaola-k7b.com\/page\/2\/con-estos-aranceles-los-estados-unidos-estarian-dandose-un-tiro-en-el-pie\/","title":{"rendered":"\u201cCon estos aranceles los Estados Unidos estar\u00edan d\u00e1ndose un tiro en el pie\u201d"},"content":{"rendered":"\n<p>Por Walter C. Medina<\/p>\n\n\n\n<p>ENTREVISTA A LEANDRO PE\u00d1A<\/p>\n\n\n\n<p>Tras el triunfo de Donald Trump en las pasadas elecciones de los Estados Unidos se avecina una guerra comercial en lo referido a aranceles con Europa, con M\u00e9xico, Canad\u00e1 y China. <\/p>\n\n\n\n<p>Sobre estos temas dialog\u00f3 Leandro Pe\u00f1a con Francisco L\u00f3pez durante una entrevista para el programa radial \u201cCenizas de Babilonia. Di\u00e1spora Espa\u00f1ola\u201d, que emite AM830 Radio del Pueblo. Desde California, Pe\u00f1a sostuvo que \u201cCon estos aranceles los Estados Unidos estar\u00edan d\u00e1ndose un tiro en el pie\u201d<\/p>\n\n\n\n<figure class=\"wp-block-gallery has-nested-images columns-default is-cropped wp-block-gallery-1 is-layout-flex wp-block-gallery-is-layout-flex\">\n<figure class=\"wp-block-image size-large\"><img fetchpriority=\"high\" decoding=\"async\" width=\"966\" height=\"1024\" data-id=\"7316\" src=\"https:\/\/xn--tuvozdiasporaespaola-k7b.com\/wp-content\/uploads\/2024\/12\/IMG-20240729-WA0138-966x1024.jpg\" alt=\"\" class=\"wp-image-7316\" srcset=\"https:\/\/xn--tuvozdiasporaespaola-k7b.com\/wp-content\/uploads\/2024\/12\/IMG-20240729-WA0138-966x1024.jpg 966w, https:\/\/xn--tuvozdiasporaespaola-k7b.com\/wp-content\/uploads\/2024\/12\/IMG-20240729-WA0138-283x300.jpg 283w, https:\/\/xn--tuvozdiasporaespaola-k7b.com\/wp-content\/uploads\/2024\/12\/IMG-20240729-WA0138-768x814.jpg 768w, https:\/\/xn--tuvozdiasporaespaola-k7b.com\/wp-content\/uploads\/2024\/12\/IMG-20240729-WA0138-1450x1536.jpg 1450w, https:\/\/xn--tuvozdiasporaespaola-k7b.com\/wp-content\/uploads\/2024\/12\/IMG-20240729-WA0138.jpg 1510w\" sizes=\"(max-width: 966px) 100vw, 966px\" \/><figcaption class=\"wp-element-caption\">Leandro Pe\u00f1a,  Polit\u00f3logo.<\/figcaption><\/figure>\n<\/figure>\n\n\n\n<p><strong>\u00bfC\u00f3mo se vive en Estados unidos la decisi\u00f3n de Trump de imponer aranceles a M\u00e9xico y a Canad\u00e1?<\/strong><\/p>\n\n\n\n<p>El presidente electo de EEUU emiti\u00f3 un comunicado v\u00eda red social diciendo que va a imponer aranceles M\u00e9xico y a Canad\u00e1 si no apoyan sus pol\u00edticas de restricci\u00f3n de inmigraciones B\u00e1sicamente amenazas que no es algo fuera de lo normal, ya que en el libro que \u00e9l escribi\u00f3 habla de que esa es la forma de hacer negocios. T\u00fa amenazas a las personas con algo, para obtener otra cosa. B\u00e1sicamente le est\u00e1 diciendo a M\u00e9xico y a Canad\u00e1 que si no se encargan de limitar a la gente que pueda llegar a las fronteras les va a imponer aranceles. Yo lo veo m\u00e1s como una forma de presi\u00f3n que como una intenci\u00f3n econ\u00f3mica per se. <\/p>\n\n\n\n<p><strong>\u00bfEst\u00e1n esperando que el pa\u00eds entre en un conflicto interno?<\/strong><\/p>\n\n\n\n<p> La verdad es que la polarizaci\u00f3n que se ha vivido en Estados Unidos es bastante preocupante. Hay una divisi\u00f3n cierta entre lo que ser\u00eda el progresismo democr\u00e1tico o dem\u00f3crata de Estados Unidos y los conservadores republicanos, que se est\u00e1 tornando bastante confrontacional. Las noticias de Ohio, con banderas nazis, la gente insultando a los inmigrantes; de verdad se est\u00e1 creando un clima bastante tenso, y el hecho de que no se pueda ya discutir de pol\u00edtica en la mayor\u00eda de los \u00e1mbitos que anteriormente eran normales, de debate, que se utilice el descr\u00e9dito, los ataques personales, algo que viene desde la ret\u00f3rica del presidente. <\/p>\n\n\n\n<p>Trump est\u00e1 estableciendo eso como normalidad en la pol\u00edtica. El ataque a una representante transg\u00e9nero en el Congreso, en donde se le est\u00e1 prohibiendo usar el ba\u00f1o solamente por los conservadores no reconocen su identidad de g\u00e9nero, todo ese tipo de cosas est\u00e1n convirti\u00e9ndose en aceleradores del conflicto Que lleguemos a una guerra civil no sabr\u00eda decirte si eso va a pasar, pero s\u00ed que hay una degradaci\u00f3n del discurso pol\u00edtico que est\u00e1 promoviendo esta confrontaci\u00f3n que me preocupa bastante. <\/p>\n\n\n\n<figure class=\"wp-block-gallery has-nested-images columns-default is-cropped wp-block-gallery-2 is-layout-flex wp-block-gallery-is-layout-flex\">\n<figure class=\"wp-block-image size-large\"><img decoding=\"async\" width=\"1024\" height=\"570\" data-id=\"7317\" src=\"https:\/\/xn--tuvozdiasporaespaola-k7b.com\/wp-content\/uploads\/2024\/12\/Screenshot_20241213_134444_Gallery-1024x570.jpg\" alt=\"\" class=\"wp-image-7317\" srcset=\"https:\/\/xn--tuvozdiasporaespaola-k7b.com\/wp-content\/uploads\/2024\/12\/Screenshot_20241213_134444_Gallery-1024x570.jpg 1024w, https:\/\/xn--tuvozdiasporaespaola-k7b.com\/wp-content\/uploads\/2024\/12\/Screenshot_20241213_134444_Gallery-300x167.jpg 300w, https:\/\/xn--tuvozdiasporaespaola-k7b.com\/wp-content\/uploads\/2024\/12\/Screenshot_20241213_134444_Gallery-768x428.jpg 768w, https:\/\/xn--tuvozdiasporaespaola-k7b.com\/wp-content\/uploads\/2024\/12\/Screenshot_20241213_134444_Gallery.jpg 1074w\" sizes=\"(max-width: 1024px) 100vw, 1024px\" \/><figcaption class=\"wp-element-caption\">El acuerdo existente de TLCAN involucra m\u00e1s de un bill\u00f3n de d\u00f3lares de operaciones comerciales entre Canad\u00e1, M\u00e9xico y Estados Unidos.\u00a0\u00a0<\/figcaption><\/figure>\n<\/figure>\n\n\n\n<p>Por suerte vivo en California, el estado m\u00e1s progresista de Estados Unidos, donde hay m\u00e1s protecciones para ese tipo de cosas, pero la verdad es que tengo muchos familiares y amigo que viven en otros estados y est\u00e1n siendo ya v\u00edctimas de ataques en ese sentido. No directamente f\u00edsicos pero ya sienten la amenaza. Yo creo que esa es la idea, que las minor\u00edas sientan la amenaza para que se mantengan calladas. Creo que m\u00e1s que la acci\u00f3n de deportar personas es que tengas miedo a que te deporten.<\/p>\n\n\n\n<p><strong>\u00bfC\u00f3mo est\u00e1 respondiendo M\u00e9xico a esta pol\u00edtica agresiva comercial?<\/strong><\/p>\n\n\n\n<p>Todav\u00eda eso es algo que est\u00e1 en la ret\u00f3rica, no hay pol\u00edticas concretas, no sabemos qu\u00e9 se va a hacer. Muchas cosas de las que hace Trump las dice para ver si infunde miedo. La respuesta de la presidenta de M\u00e9xico fue \u201csi ustedes imponen aranceles, nosotros tambi\u00e9n imponemos aranceles\u201d. Es tratar de seguir el juego, pero al mismo tiempo no dejarse intimidar, no sentarse a decir lo que t\u00fa digas, lo que t\u00fa hagas nosotros vamos a colaborar, sino tratar de decir \u201csi t\u00fa me vas a amenazar, yo te voy a responder\u201d. Y as\u00ed funciona la diplomacia. <\/p>\n\n\n\n<p>Yo creo que M\u00e9xico est\u00e1 a la espera de ver si realmente esto va a suceder. En muchos sentidos el gobierno mexicano va a tener que colaborar con el gobierno de Estados Unidos en materia de inmigraci\u00f3n, porque la relaci\u00f3n es muy profunda y no hay manera en que M\u00e9xico pueda par\u00e1rsele frente a las decisiones leg\u00edtimas del gobierno de Estados Unidos, pero siempre veo de manera positiva que la presidenta de M\u00e9xico no est\u00e9 jugando el juego o tomando la amenaza de Trump como algo serio.<\/p>\n\n\n\n<p> Otra cosa es que desde el primer gobierno de Trump y a trav\u00e9s del gobierno de Biden se ha venido implementando pol\u00edticas para tratar de combatir a China, y M\u00e9xico era clave en esto. Con estos aranceles estar\u00edan d\u00e1ndose un tiro en el pie.<\/p>\n\n\n\n<p><strong>Hay un acuerdo de paz en Oriente Medio en el L\u00edbano \u00bfCrees que ha tenido algo que ver la llegada de Trump a la Casa Blanca en este acuerdo de paz o que puede haber planes ocultos detr\u00e1s de esto?<\/strong><\/p>\n\n\n\n<p>Definitivamente en la guerra en Oriente Medio y en Ucrania, el presidente Biden est\u00e1 enfocado en tratar de lograr lo que se pueda antes de que asuma Trump, porque sabe que Trump va a cambiar la pol\u00edtica. Igualmente podemos ver lo que pas\u00f3 con los misiles de alto rango que Estados Unidos aprob\u00f3 a Ucrania para su uso. Est\u00e1n tratando de darle a Ucrania la mayor cantidad de herramientas porque saben que Donald Trump las va a cortar. <\/p>\n\n\n\n<p>Biden est\u00e1 tratando de solucionar en sus t\u00e9rminos lo que pueda, antes de entregar el poder. Creo que esta soluci\u00f3n o este llamado de paz condicional, porque Israel va a estar en paz hasta que considere que ya no y luego tiene el permiso de atacar, seg\u00fan dice el acuerdo, es una soluci\u00f3n para cerrar este caso, para que no sea Donald Trump el que lo solucione.<\/p>\n\n\n\n<figure class=\"wp-block-gallery has-nested-images columns-default is-cropped wp-block-gallery-3 is-layout-flex wp-block-gallery-is-layout-flex\">\n<figure class=\"wp-block-image size-large\"><img decoding=\"async\" width=\"1024\" height=\"561\" data-id=\"7318\" src=\"https:\/\/xn--tuvozdiasporaespaola-k7b.com\/wp-content\/uploads\/2024\/12\/Screenshot_20241213_134438_Gallery-1024x561.jpg\" alt=\"\" class=\"wp-image-7318\" srcset=\"https:\/\/xn--tuvozdiasporaespaola-k7b.com\/wp-content\/uploads\/2024\/12\/Screenshot_20241213_134438_Gallery-1024x561.jpg 1024w, https:\/\/xn--tuvozdiasporaespaola-k7b.com\/wp-content\/uploads\/2024\/12\/Screenshot_20241213_134438_Gallery-300x164.jpg 300w, https:\/\/xn--tuvozdiasporaespaola-k7b.com\/wp-content\/uploads\/2024\/12\/Screenshot_20241213_134438_Gallery-768x421.jpg 768w, https:\/\/xn--tuvozdiasporaespaola-k7b.com\/wp-content\/uploads\/2024\/12\/Screenshot_20241213_134438_Gallery.jpg 1079w\" sizes=\"(max-width: 1024px) 100vw, 1024px\" \/><\/figure>\n<\/figure>\n\n\n\n<p><strong> \u00bfQu\u00e9 relaciones tiene actualmente Estados Unidos con Canad\u00e1?<\/strong><\/p>\n\n\n\n<p>Son positivas, de buen balance comercial; sin embargo no s\u00e9 c\u00f3mo van a estar cuando asuma Trump, porque a pesar de que durante el primer mandato de Trump las relaciones fueron m\u00e1s o menos cordiales, no hubo amenaza de aranceles, que podr\u00eda causar bastante incomodo en el gobierno canadiense.<\/p>\n\n\n\n<p><\/p>\n","protected":false},"excerpt":{"rendered":"<p>Por Walter C. Medina ENTREVISTA A LEANDRO PE\u00d1A Tras el triunfo de Donald Trump en las pasadas elecciones de los Estados Unidos se avecina &#8230; <\/p>\n<p class=\"read-more-container\"><a title=\"\u201cCon estos aranceles los Estados Unidos estar\u00edan d\u00e1ndose un tiro en el pie\u201d\" class=\"read-more button\" href=\"https:\/\/xn--tuvozdiasporaespaola-k7b.com\/page\/2\/con-estos-aranceles-los-estados-unidos-estarian-dandose-un-tiro-en-el-pie\/#more-7206\" aria-label=\"M\u00e1s en \u201cCon estos aranceles los Estados Unidos estar\u00edan d\u00e1ndose un tiro en el pie\u201d\">Leer m\u00e1s<\/a><\/p>\n","protected":false},"author":222560522,"featured_media":7319,"comment_status":"open","ping_status":"open","sticky":false,"template":"","format":"standard","meta":{"footnotes":""},"categories":[121869],"tags":[],"class_list":["post-7206","post","type-post","status-publish","format-standard","has-post-thumbnail","hentry","category-internaciones","resize-featured-image"],"_links":{"self":[{"href":"https:\/\/xn--tuvozdiasporaespaola-k7b.com\/page\/2\/wp-json\/wp\/v2\/posts\/7206","targetHints":{"allow":["GET"]}}],"collection":[{"href":"https:\/\/xn--tuvozdiasporaespaola-k7b.com\/page\/2\/wp-json\/wp\/v2\/posts"}],"about":[{"href":"https:\/\/xn--tuvozdiasporaespaola-k7b.com\/page\/2\/wp-json\/wp\/v2\/types\/post"}],"author":[{"embeddable":true,"href":"https:\/\/xn--tuvozdiasporaespaola-k7b.com\/page\/2\/wp-json\/wp\/v2\/users\/222560522"}],"replies":[{"embeddable":true,"href":"https:\/\/xn--tuvozdiasporaespaola-k7b.com\/page\/2\/wp-json\/wp\/v2\/comments?post=7206"}],"version-history":[{"count":4,"href":"https:\/\/xn--tuvozdiasporaespaola-k7b.com\/page\/2\/wp-json\/wp\/v2\/posts\/7206\/revisions"}],"predecessor-version":[{"id":7321,"href":"https:\/\/xn--tuvozdiasporaespaola-k7b.com\/page\/2\/wp-json\/wp\/v2\/posts\/7206\/revisions\/7321"}],"wp:featuredmedia":[{"embeddable":true,"href":"https:\/\/xn--tuvozdiasporaespaola-k7b.com\/page\/2\/wp-json\/wp\/v2\/media\/7319"}],"wp:attachment":[{"href":"https:\/\/xn--tuvozdiasporaespaola-k7b.com\/page\/2\/wp-json\/wp\/v2\/media?parent=7206"}],"wp:term":[{"taxonomy":"category","embeddable":true,"href":"https:\/\/xn--tuvozdiasporaespaola-k7b.com\/page\/2\/wp-json\/wp\/v2\/categories?post=7206"},{"taxonomy":"post_tag","embeddable":true,"href":"https:\/\/xn--tuvozdiasporaespaola-k7b.com\/page\/2\/wp-json\/wp\/v2\/tags?post=7206"}],"curies":[{"name":"wp","href":"https:\/\/api.w.org\/{rel}","templated":true}]}}