{"id":7008,"date":"2024-11-11T13:27:17","date_gmt":"2024-11-11T16:27:17","guid":{"rendered":"https:\/\/xn--tuvozdiasporaespaola-k7b.com\/page\/2\/?p=7008"},"modified":"2024-11-11T13:27:18","modified_gmt":"2024-11-11T16:27:18","slug":"derecho-de-opcion-a-la-nacionalidad-espanola","status":"publish","type":"post","link":"https:\/\/xn--tuvozdiasporaespaola-k7b.com\/page\/2\/derecho-de-opcion-a-la-nacionalidad-espanola\/","title":{"rendered":"Derecho de Opci\u00f3n a la Nacionalidad Espa\u00f1ola ."},"content":{"rendered":"\n<p>Comunicaci\u00f3n, MINISTERIO DE LA PRESIDENCIA, JUSTICIA Y RELACIONES CON LAS CORTES.<\/p>\n\n\n\n<p>La Directora General de Seguridad Jur\u00eddica y Fe P\u00fablica, Mar\u00eda Ester P\u00e9rez Jerez, ha publicado en el Bolet\u00edn oficial del Estado una Instrucci\u00f3n de 5 de noviembre de 2024, de la Direcci\u00f3n General de Seguridad Jur\u00eddica y Fe P\u00fablica, por la que se modifica la Instrucci\u00f3n de 25 de octubre de 2022, sobre el derecho de opci\u00f3n a la nacionalidad espa\u00f1ola establecido en la disposici\u00f3n adicional octava de la Ley 20\/2022, de 19 de octubre, de Memoria Democr\u00e1tica.<\/p>\n\n\n\n<p>La instrucci\u00f3n de 25 de octubre de 2022 sobre el derecho de opci\u00f3n a la nacionalidad espa\u00f1ola establecido en la disposici\u00f3n adicional octava de la Ley 20\/2022, de 19 de octubre, de Memoria Democr\u00e1tica (BOE n\u00fam. 257 de 26 de octubre y n\u00fam. 38 de 14 de febrero de 2023 de correcci\u00f3n de errores), vino a establecer las directrices sobre el ejercicio y alcance del citado derecho de opci\u00f3n as\u00ed como las normas de procedimiento precisas para agilizar la tramitaci\u00f3n de solicitudes en las Oficinas del Registro Civil.<\/p>\n\n\n\n<p>Teniendo en cuenta que la legislaci\u00f3n actual est\u00e1 encaminada al desarrollo de una Administraci\u00f3n electr\u00f3nica que facilite la tramitaci\u00f3n de los procedimientos a los interesados, resulta conveniente posibilitar, con las debidas garant\u00edas, la presentaci\u00f3n de solicitudes de cita previa a trav\u00e9s de herramientas telem\u00e1ticas que permitan a las Oficinas Consulares, principales receptoras de la documentaci\u00f3n, gestionar de manera m\u00e1s \u00e1gil y garantista las peticiones de nacionalidad por opci\u00f3n que se realicen, con independencia del momento en el que se produzca la comparecencia presencial de la persona interesada en la Oficina Consular para presentar la documentaci\u00f3n original.<\/p>\n\n\n\n<p>A trav\u00e9s de herramientas telem\u00e1ticas puestas a disposici\u00f3n para ello por las Oficinas Consulares, las personas interesadas podr\u00e1n solicitar una cita presencial para ejercer su  derecho de opci\u00f3n a la nacionalidad espa\u00f1ola. Estas herramientas telem\u00e1ticas deber\u00e1n garantizar el car\u00e1cter personal de la solicitud de cita, as\u00ed como la fecha de presentaci\u00f3n de la misma.A las personas solicitantes se les facilitar\u00e1 un acuse de recibo que les permitir\u00e1 acreditar que han solicitado cita dentro del plazo de vigencia de la disposici\u00f3n adicional octava, con independencia de que obtengan su cita para presentar la documentaci\u00f3n original de forma presencial en un momento posterior.<\/p>\n\n\n\n<p> Las propias herramientas generar\u00e1n registros y acuses de recibo. Deber\u00e1n respetar el orden cronol\u00f3gico de la presentaci\u00f3n de solicitudes de cita de conformidad con la Ley de Procedimiento Administrativo Com\u00fan.<\/p>\n\n\n\n<figure class=\"wp-block-gallery has-nested-images columns-default is-cropped wp-block-gallery-1 is-layout-flex wp-block-gallery-is-layout-flex\">\n<figure class=\"wp-block-image size-large\"><img fetchpriority=\"high\" decoding=\"async\" width=\"1024\" height=\"682\" data-id=\"7013\" src=\"https:\/\/xn--tuvozdiasporaespaola-k7b.com\/wp-content\/uploads\/2024\/11\/gestores_administrativos_extranjeria_y_nacionalidad_espanola_0-1024x682.jpg\" alt=\"\" class=\"wp-image-7013\" srcset=\"https:\/\/xn--tuvozdiasporaespaola-k7b.com\/wp-content\/uploads\/2024\/11\/gestores_administrativos_extranjeria_y_nacionalidad_espanola_0-1024x682.jpg 1024w, https:\/\/xn--tuvozdiasporaespaola-k7b.com\/wp-content\/uploads\/2024\/11\/gestores_administrativos_extranjeria_y_nacionalidad_espanola_0-300x200.jpg 300w, https:\/\/xn--tuvozdiasporaespaola-k7b.com\/wp-content\/uploads\/2024\/11\/gestores_administrativos_extranjeria_y_nacionalidad_espanola_0-768x512.jpg 768w, https:\/\/xn--tuvozdiasporaespaola-k7b.com\/wp-content\/uploads\/2024\/11\/gestores_administrativos_extranjeria_y_nacionalidad_espanola_0.jpg 1280w\" sizes=\"(max-width: 1024px) 100vw, 1024px\" \/><\/figure>\n<\/figure>\n\n\n\n<p>A tal efecto, se hace necesaria la modificaci\u00f3n de la directriz s\u00e9ptima en su criterio IV .<\/p>\n\n\n\n<p><em>\u00abReglas de procedimiento y documentaci\u00f3n que debe aportarse en sus apartados 1. b) y c) que establece la forma de presentaci\u00f3n de la solicitud de ejercicio del derecho de opci\u00f3n\u00bb.<\/em><\/p>\n\n\n\n<p>En virtud de lo anterior, de conformidad con lo previsto en el art\u00edculo 26 de la Ley 20\/2011, de 21 de julio, del Registro Civil, se dispuso:<\/p>\n\n\n\n<p><strong>Primero<\/strong>. Modificaci\u00f3n de los apartados 1.b) y c) de la directriz s\u00e9ptima,  Criterio IV.<\/p>\n\n\n\n<p><strong>Uno<\/strong> .Se modifica el apartado 1.b) al que se a\u00f1ade un nuevo p\u00e1rrafo que queda redactado de la siguiente forma:<\/p>\n\n\n\n<p><em>\u00abRespecto a las Oficinas Consulares, para todos aquellos casos en los que la cita para ejercer el derecho de opci\u00f3n a la nacionalidad conforme a la disposici\u00f3n adicional octava de la Ley no pueda ser atendida en los plazos previstos en la misma, pero se haya solicitado a trav\u00e9s de herramientas telem\u00e1ticas dise\u00f1adas alefecto que garanticen la identidad del solicitante y generen un justificante que permita acreditar que la solicitud de cita se ha producido dentro del plazo de vigencia previsto en la disposici\u00f3n adicional octava, las personas interesadas podr\u00e1n presentar su solicitud personalmente con posterioridad a dicho plazo, en la fecha en la que sean citadas, acompa\u00f1ando el precitado justificante.\u00bb<\/em><\/p>\n\n\n\n<p><strong>Dos<\/strong>. Se modifica el apartado 1.c) al que se a\u00f1ade un nuevo p\u00e1rrafo que queda redactado del siguiente modo:<\/p>\n\n\n\n<p><em>\u00abEl procedimiento y los plazos de subsanaci\u00f3n previstos en el p\u00e1rrafo anterior ser\u00e1n igualmente aplicables a las solicitudes de nacionalidad presentadas en citas obtenidas a trav\u00e9s de las herramientas telem\u00e1ticas facilitadas por las Oficinas Consulares.\u00bb<\/em><\/p>\n\n\n\n<p>Segundo.Entrada en vigor. La presente instrucci\u00f3n entrar\u00e1 en vigor el d\u00eda siguiente a su publicaci\u00f3n en el \u00abBolet\u00edn Oficial del Estado\u00bb.<\/p>\n\n\n\n<p><\/p>\n","protected":false},"excerpt":{"rendered":"<p>Comunicaci\u00f3n, MINISTERIO DE LA PRESIDENCIA, JUSTICIA Y RELACIONES CON LAS CORTES. La Directora General de Seguridad Jur\u00eddica y Fe P\u00fablica, Mar\u00eda Ester P\u00e9rez Jerez, &#8230; <\/p>\n<p class=\"read-more-container\"><a title=\"Derecho de Opci\u00f3n a la Nacionalidad Espa\u00f1ola .\" class=\"read-more button\" href=\"https:\/\/xn--tuvozdiasporaespaola-k7b.com\/page\/2\/derecho-de-opcion-a-la-nacionalidad-espanola\/#more-7008\" aria-label=\"M\u00e1s en Derecho de Opci\u00f3n a la Nacionalidad Espa\u00f1ola .\">Leer m\u00e1s<\/a><\/p>\n","protected":false},"author":222560522,"featured_media":7014,"comment_status":"open","ping_status":"open","sticky":false,"template":"","format":"standard","meta":{"footnotes":""},"categories":[121854],"tags":[],"class_list":["post-7008","post","type-post","status-publish","format-standard","has-post-thumbnail","hentry","category-consejo-de-residentes-espanoles","resize-featured-image"],"_links":{"self":[{"href":"https:\/\/xn--tuvozdiasporaespaola-k7b.com\/page\/2\/wp-json\/wp\/v2\/posts\/7008","targetHints":{"allow":["GET"]}}],"collection":[{"href":"https:\/\/xn--tuvozdiasporaespaola-k7b.com\/page\/2\/wp-json\/wp\/v2\/posts"}],"about":[{"href":"https:\/\/xn--tuvozdiasporaespaola-k7b.com\/page\/2\/wp-json\/wp\/v2\/types\/post"}],"author":[{"embeddable":true,"href":"https:\/\/xn--tuvozdiasporaespaola-k7b.com\/page\/2\/wp-json\/wp\/v2\/users\/222560522"}],"replies":[{"embeddable":true,"href":"https:\/\/xn--tuvozdiasporaespaola-k7b.com\/page\/2\/wp-json\/wp\/v2\/comments?post=7008"}],"version-history":[{"count":4,"href":"https:\/\/xn--tuvozdiasporaespaola-k7b.com\/page\/2\/wp-json\/wp\/v2\/posts\/7008\/revisions"}],"predecessor-version":[{"id":7015,"href":"https:\/\/xn--tuvozdiasporaespaola-k7b.com\/page\/2\/wp-json\/wp\/v2\/posts\/7008\/revisions\/7015"}],"wp:featuredmedia":[{"embeddable":true,"href":"https:\/\/xn--tuvozdiasporaespaola-k7b.com\/page\/2\/wp-json\/wp\/v2\/media\/7014"}],"wp:attachment":[{"href":"https:\/\/xn--tuvozdiasporaespaola-k7b.com\/page\/2\/wp-json\/wp\/v2\/media?parent=7008"}],"wp:term":[{"taxonomy":"category","embeddable":true,"href":"https:\/\/xn--tuvozdiasporaespaola-k7b.com\/page\/2\/wp-json\/wp\/v2\/categories?post=7008"},{"taxonomy":"post_tag","embeddable":true,"href":"https:\/\/xn--tuvozdiasporaespaola-k7b.com\/page\/2\/wp-json\/wp\/v2\/tags?post=7008"}],"curies":[{"name":"wp","href":"https:\/\/api.w.org\/{rel}","templated":true}]}}