{"id":694,"date":"2022-11-27T15:08:37","date_gmt":"2022-11-27T18:08:37","guid":{"rendered":"https:\/\/xn--tuvozdiasporaespaola-k7b.com\/?p=694"},"modified":"2022-11-27T15:09:46","modified_gmt":"2022-11-27T18:09:46","slug":"atrapadas-en-argentina-por-la-burocracia-me-siento-como-en-una-carcel","status":"publish","type":"post","link":"https:\/\/xn--tuvozdiasporaespaola-k7b.com\/page\/2\/atrapadas-en-argentina-por-la-burocracia-me-siento-como-en-una-carcel\/","title":{"rendered":"Atrapadas en Argentina por la burocracia: \u00ab\u00a1Me siento como en una c\u00e1rcel!\u00bb"},"content":{"rendered":"\n<p>En el diario Norte de Castilla&nbsp; hemos encontrado estas manifestaciones de ciudadanas espa\u00f1olas \u00bb <em>Sin cita para renovar su pasaporte hasta el 15 de diciembre de 2023. Marta Ledo es una vallisoletana que lleva 21 a\u00f1os en Argentina, donde reside con su marido y sus hijos (18 y 11 a\u00f1os). A la burgalesa A\u00edda Sancho (15 a\u00f1os en Buenos Aires) le sucede otro tanto: la renovaci\u00f3n del pasaporte de su hija de 11 a\u00f1os no ser\u00e1 posible hasta enero&#8230; pero de 2024. Muchos otros espa\u00f1oles, de entre los 330.000 que tiene registrados el Consulado General de Buenos Aires, est\u00e1n sufriendo el mismo problema. Se sienten atrapados en el bucle de la burocracia\u00bb.<\/em><\/p>\n\n\n\n<p> Continua \u00ab<em>Marta, cuya familia es originaria de Siete Iglesias de Trabancos, reside en Quilmes (localidad que da nombre a una famosa cerveza porte\u00f1a), en el segundo cintur\u00f3n urbano de la capital. Nunca hab\u00eda tenido problemas para renovar su pasaporte. La covid-19 lo trastoc\u00f3 todo. \u00abAntes ibas al Consulado y lo hac\u00edas directamente. Pero con la crisis sanitaria dejaron de dar turnos\u00bb.<\/em><\/p>\n\n\n\n<p>\u00ab<em>La pandemia dej\u00f3 una dura huella en el hogar de la vallisoletana. Adem\u00e1s, Marta tiene que luchar contra la fibromialgia. El caso es que, cuando revis\u00f3 sus documentos en octubre pensando en la habitual visita navide\u00f1a a Espa\u00f1a, se dio cuenta de que se le hab\u00eda caducado su pasaporte<\/em>\u00ab<\/p>\n\n\n\n<p>Cuando pidi\u00f3 cita no daba cr\u00e9dito con la fecha: 15 de diciembre, pero de 2023. \u00ab<em>\u00a1Me siento como en una c\u00e1rcel!\u00bb, clama desde su casa al otro lado del Atl\u00e1ntico. De hecho, la familia tiene previsto regresar definitivamente a casa en 2024. \u00abQuer\u00edamos viajar a Espa\u00f1a en primavera para ir buscando colegios para los chicos. Pero, a este paso, no llegamos\u00bb<\/em>.<\/p>\n\n\n\n<p><a class=\"voc-header-logo voc-header-logo-xs voc-header-alert\" href=\"https:\/\/www.elnortedecastilla.es\/\"><\/a><\/p>\n\n\n\n<figure class=\"wp-block-image\"><img decoding=\"async\" src=\"https:\/\/static3.elnortedecastilla.es\/www\/multimedia\/202211\/27\/media\/cortadas\/martayaida-kMPE-U18084116431200C-624x385@El%20Norte.jpg\" alt=\"A\u00edsa Sancho y Marta Ledo.\/EL NORTE\" title=\"\" \/><\/figure>\n\n\n\n<p>A\u00edsa Sancho y Marta Ledo. <\/p>\n\n\n\n<h2 class=\"wp-block-heading\">Residentes castellanos en Argentina denuncian retrasos en la renovaci\u00f3n de sus pasaportes de m\u00e1s de un a\u00f1o<\/h2>\n\n\n\n<p> A\u00f1adiendo \u00ab<em>A la burgalesa A\u00edda Sancho le han dado cita para renovar el pasaporte de su hija, que vence en agosto de 2023, para principios de 2024. A\u00fan as\u00ed, se considera \u00abuna afortunada porque no tengo una situaci\u00f3n urgente de viaje\u00bb. Y su hija, nacida en Buenos Aires y, por tanto, con doble nacionalidad, siempre podr\u00eda salir con sus papeles argentinos. Pero reconoce que en el grupo de whatsapp que comparte con otros 30 espa\u00f1oles \u00abhay situaciones muy desesperadas\u00bb. A\u00edda renov\u00f3 su documento personal a mitad de pandemia por lo que no tendr\u00e1 que enfrentarse a la pesadilla administrativa de su consulado \u00aben unos cuantos a\u00f1os\u00bb.<\/em><\/p>\n\n\n\n<h3 class=\"wp-block-heading\">Retraso<\/h3>\n\n\n\n<p><em>Un dato que enerva todav\u00eda m\u00e1s a los expatriados que miran a cada rato las redes digitales diplom\u00e1ticas y est\u00e1n pendientes de que les hagan hueco. \u00ab\u00a1Todo lo que dicen y anuncian es falso. Encima de tratarnos mal, mienten!\u00bb, clama Marta Ledo mientras remite por whatsapp un pantallazo con los turnos establecidos para atender en una ma\u00f1ana cualquier de oficina. No pasan de 12 o 15 citas.<\/em><br \/><br \/><em>Esa misma web oficial tambi\u00e9n asegura que se habilita mensualmente un cupo para personas que tengan que viajar en fechas pr\u00f3ximas, aunque deja claro que opera \u00aben funci\u00f3n de los medios humanos disponibles<\/em>\u00bb.<\/p>\n\n\n\n<p><em>Seg\u00fan inform\u00f3  la Oficina de Informaci\u00f3n Diplom\u00e1tica del Ministerio de Asuntos Exteriores en Madrid admite que \u00abla agenda de pasaportes se extiende a un a\u00f1o de plazo\u00bb. Y asegura que solo puede ofrecer \u00abuna media de 170 turnos diarios\u00bb.<\/em><\/p>\n\n\n\n<p><em>Los problemas de la colonia espa\u00f1ola se han visto acrecentados por la aplicaci\u00f3n del art\u00edculo de la nueva Ley de Memoria Democr\u00e1tica. Esta \u00faltima permite a los nietos de emigrantes espa\u00f1oles reclamar la nacionalidad de sus mayores. Tener las dos nacionalidades es abrir el abanico de las opciones vitales para un pa\u00eds que soporta niveles de pobreza cercanos al 40% de su poblaci\u00f3n.<\/em><br \/><br \/><em>\u00abMi abuela paterna es espa\u00f1ola &#8230;puedo yo tramitar el pasaporte europeo&#8230;.??? Tengo 38 a\u00f1os\u00bb, preguntas como esta pueden leerse por docenas en la web del Consulado. \u00abNo digo que haya que tener privilegios ante nadie, pero no parece l\u00f3gico que vayamos en la misma cola los de primera nacionalidad y los que de la segunda\u00bb, valora A\u00edda Sancho.<\/em><\/p>\n\n\n\n<p><strong>Picaresca y atascos<\/strong><br \/><br \/><em>El atasco en la gesti\u00f3n ha llevado a situaciones rocambolescas o a utilizar la picaresca. Algunos gestores internos aconsejan comprar antes los billetes de avi\u00f3n y alegar despu\u00e9s la necesidad de viajar aportando alg\u00fan certificado m\u00e9dico. \u00abConocemos a gente que va a perder sus pasajes\u00bb, confiesan las dos ciudadanas castellanas.<\/em><br \/><br \/><em>En todo caso, en la b\u00fasqueda de atajos puede ser peor el remedio que el mal. \u00abSi alguien quiere intentar adelantar su cita tiene que renunciar antes a la que ya tiene, por lo que te juegas quedarte sin nada\u00bb, denuncia Marta Ledo. La oficina diplom\u00e1tica ha remitido un aviso a los nacionales que se han quejado de los plazos de gesti\u00f3n en el que les niega cualquier adelanto de fecha, les recomienda que \u00aben ning\u00fan caso adquieran pasajes sin tener el pasaporte en vigor\u00bb, y que \u00abrevisen peri\u00f3dicamente\u00bb la web que sigue sufriendo \u00abuna alt\u00edsima demanda\u00bb.<\/em><br \/><br \/><em>Tanto la Embajada como el Consulado se ubican en la zona noble de Buenos Aires. \u00abLa Embajada es un coqueto edificio de cuatro plantas pero solo lo usan el embajador o para actos protocolarios. No da servicios a los espa\u00f1oles\u00bb, dicen los residentes.<\/em><br \/><br \/><em>El pa\u00eds tiene otra oficina consular en C\u00f3rdoba (a 650 kil\u00f3metros de la capital) y algunos no descartan acudir all\u00ed por si el &#8216;embudo&#8217; es m\u00e1s reducido. Despu\u00e9s de estar cerradas durante m\u00e1s de dos a\u00f1os debido a la pandemia, estas oficinas permiten el acceso de p\u00fablico desde principios de noviembre. \u00abPero, sin cita previa, aquello es como la caja fuerte de un banco. All\u00ed no entra nadie\u00bb, se queja Marta Ledo.<\/em><br \/><br \/><em>Esta ciudadana de origen vallisoletano remiti\u00f3 este viernes una nueva comunicaci\u00f3n por correo electr\u00f3nico al Consulado bonaerense. Recibi\u00f3 una respuesta autom\u00e1tica en la que se advierte de que \u00abno se puede solicitar la renovaci\u00f3n si resta m\u00e1s de un a\u00f1o para su caducidad\u00bb. \u00abPero te dan turno para dentro de 13 meses&#8230; \u00a1Es indignante!\u00bb, muestra su frustraci\u00f3n Marta.<\/em><\/p>\n\n\n\n<p><strong>PODEMOS ARGENTINA PROVINCIAS\u00a0 desde nuestra participaci\u00f3n en el Frente Progresista de las Trece Rosas del Consejo de Residentes del Exterior (CRE) Buenos Aires,<\/strong>\u00a0 hemos recogido distintas problem\u00e1ticas que nos ha planteado la comunidad espa\u00f1ola de esta demarcaci\u00f3n, adem\u00e1s de otras consideraciones, que pudieran analizarse\u00a0 en lo sucesivo.<br><br>En todos los casos gran parte de estas inquietudes se increment\u00f3 ante la reciente sanci\u00f3n de la Ley de Memoria Democr\u00e1tica y su disposici\u00f3n 8\u00aa referida a la adquisici\u00f3n de nacionalidad.<br><br><strong>Dentro de las preguntas efectuadas en el CONSEJO DE RESIDENTES ESPA\u00d1OLES \u00a0 y que hemos hecho llegar al Consulado y Embajada de Espa\u00f1a est\u00e1n tales como se dar\u00e1 respuesta a estos temas entre otros m\u00e1s.<\/strong><br><br>.-Ampliaci\u00f3n de recursos inform\u00e1ticos y humanos para lograr una mejora, incremento y actualizaci\u00f3n en los servicios consulares. Informaci\u00f3n sobre los plazos estimados en que podr\u00edan ponerse en funcionamiento.<br><br>.-Analizar si \u00bfSe puede agilizar la apertura de nuevos viceconsulados honorarios y\/o consulados itinerantes a los efectos de derivar algunas funciones al interior de las provincias?.\u00a0 \u00bfSe podr\u00e1 contar para ello con procedimientos que permitan iniciar ciertos tr\u00e1mites como la inscripci\u00f3n de nacimientos, entrega y derivaci\u00f3n de documentos para subsanar presentaciones ante la Ley de M. Democr\u00e1tica o la remisi\u00f3n \u00a0 de documentaci\u00f3n para pasaportes utilizando el sistema de valijas diplom\u00e1ticas?<br><br><strong>.-\u00bfSe Incrementar\u00e1n operativos consulares en habilitaci\u00f3n de viceconsulados de forma urgente\u00a0 para agilizar emisi\u00f3n de Pasaportes sin cita previa y restringir lista de espera en citas ahora en 18 meses?<\/strong><\/p>\n\n\n\n<figure class=\"wp-block-pullquote\"><blockquote><p>En Venezuela se hizo y se sigue haciendo con la autorizaci\u00f3n de la Direcci\u00f3n General de Espa\u00f1oles en el Exterior y de Asuntos Consulates y Migratorios del Ministerio de Asuntos Exteriores , Uni\u00f3n Europea y de cooperaci\u00f3n (MAEC)<\/p><\/blockquote><\/figure>\n\n\n\n<p>https:\/\/www.exteriores.gob.es\/Consulados\/caracas\/es\/Comunicacion\/Noticias\/Paginas\/Articulos\/Calendario-Provisional-de-Operativos-y-Captahuellas-Primer-Semestre-de-2022.aspx<\/p>\n\n\n\n<figure class=\"wp-block-image size-large\"><img fetchpriority=\"high\" decoding=\"async\" width=\"1066\" height=\"1729\" src=\"http:\/\/xn--tuvozdiasporaespaola-k7b.com\/wp-content\/uploads\/2022\/11\/screenshot_20221127-013527_chrome5948453490708516468.jpg?w=631\" alt=\"\" class=\"wp-image-696\" srcset=\"https:\/\/xn--tuvozdiasporaespaola-k7b.com\/wp-content\/uploads\/2022\/11\/screenshot_20221127-013527_chrome5948453490708516468.jpg 1066w, https:\/\/xn--tuvozdiasporaespaola-k7b.com\/wp-content\/uploads\/2022\/11\/screenshot_20221127-013527_chrome5948453490708516468-185x300.jpg 185w, https:\/\/xn--tuvozdiasporaespaola-k7b.com\/wp-content\/uploads\/2022\/11\/screenshot_20221127-013527_chrome5948453490708516468-631x1024.jpg 631w, https:\/\/xn--tuvozdiasporaespaola-k7b.com\/wp-content\/uploads\/2022\/11\/screenshot_20221127-013527_chrome5948453490708516468-768x1246.jpg 768w\" sizes=\"(max-width: 1066px) 100vw, 1066px\" \/><\/figure>\n\n\n\n<p><br \/><br \/>Recordamos que el Consejo de residentes espa\u00f1oles es un \u00f3rgano consultivo con lo que lo \u00fanico que podemos hacer es denunciar y reclamar&nbsp; estos nuevos servicios ya que en el CRE tiene menos de representantes del Frente Progresista, que el PP&nbsp; de Espa\u00f1oles Unidos&nbsp; que no est\u00e1n cumpliendo con su deber de tomar iniciativas para solucionar los problemas de la ciudadan\u00eda espa\u00f1ola.<br \/><br \/>Podemos Argentina dentro de la coalici\u00f3n&nbsp; del Frente Progresista, d\u00eda a d\u00eda toma iniciativas a estos efectos.<\/p>\n\n\n\n<figure class=\"wp-block-image size-large\"><img decoding=\"async\" width=\"1080\" height=\"1047\" src=\"http:\/\/xn--tuvozdiasporaespaola-k7b.com\/wp-content\/uploads\/2022\/11\/screenshot_20221127-020230_gallery5034844771837325887.jpg?w=1024\" alt=\"\" class=\"wp-image-700\" srcset=\"https:\/\/xn--tuvozdiasporaespaola-k7b.com\/wp-content\/uploads\/2022\/11\/screenshot_20221127-020230_gallery5034844771837325887.jpg 1080w, https:\/\/xn--tuvozdiasporaespaola-k7b.com\/wp-content\/uploads\/2022\/11\/screenshot_20221127-020230_gallery5034844771837325887-300x291.jpg 300w, https:\/\/xn--tuvozdiasporaespaola-k7b.com\/wp-content\/uploads\/2022\/11\/screenshot_20221127-020230_gallery5034844771837325887-1024x993.jpg 1024w, https:\/\/xn--tuvozdiasporaespaola-k7b.com\/wp-content\/uploads\/2022\/11\/screenshot_20221127-020230_gallery5034844771837325887-768x745.jpg 768w\" sizes=\"(max-width: 1080px) 100vw, 1080px\" \/><figcaption class=\"wp-element-caption\">Campa\u00f1a de Informaci\u00f3n de Podemos Argentina  Prov. en el Consulado de Espa\u00f1a en Buenos Aires <\/figcaption><\/figure>\n\n\n\n<p><br \/><br \/><strong>CONSULTANDO&nbsp; al CONSULADO sobre turnos para emisi\u00f3n de Pasaportes.<\/strong><br \/><br \/>Tras consulta de Podemos Argentina al Consulado se nos coment\u00f3 \u00ab<em>que a medida que se vayan incorporando nueva plantilla de empleados se agilizar\u00e1 TODOS LOS TURNOS, la plantilla que asumir\u00e1 en un tiempo prudencial ( hablaron de 4 meses m\u00e1s o menos aunque a fecha de hoy&nbsp; no hay nada seguro) y estar\u00e1 disponible para TODO TIPO DE TR\u00c1MITES\u00bb<\/em><br \/><br \/>&nbsp;Volviendo a resaltar que \u00ab<em>de acuerdo al PERSONAL con el que CUENTAN HOY SON LOS TURNOS que pueden dar. Los turnos se ir\u00e1n incorporando a los meses ya tomados. (Por ejemplo, supone que nuevos empleados asumen en Abril 2023. Bueno empezar\u00e1 a haber turnos pasaportes con fecha Mayo 2023 ( a los ya dados se incorporar\u00e1n nuevos en esas mismas fechas)\u00bb.<\/em><br \/><br \/>&nbsp;Nos siguen comentando \u00ab<em>Los Consulados van a ser digitalizados en muchas de sus funciones. Y se abrir\u00e1n portales digitales para que los ciudadanos espa\u00f1oles puedan entrar y realizar sus tr\u00e1mites sin intervenci\u00f3n directa de ning\u00fan empleado consular, por ejemplo para emisi\u00f3n de visas, lo cual generar\u00e1 tiempo liberado en recursos humanos tambi\u00e9n para atender otros temas\u00bb<\/em><br \/><br \/>Esperemos que diversifiquen al personal y haya personal dedicado a las nacionalidades de la Ley&nbsp; de Memoria Democr\u00e1tica y otros distintos solo para pasaportes y otros tr\u00e1mites y no tener que esperar 14 meses para renovar un pasaporte.<\/p>\n\n\n\n<p><br \/><br \/><strong>Desde Podemos seguiremos luchando desde nuestra representaci\u00f3n en los CREs as\u00ed como en otras instituciones para presionar en la soluci\u00f3n de Turnos y listas de espera para emisi\u00f3n de Pasaportes y la aplicaci\u00f3n de soluciones sobre:<\/strong><br \/><br \/>-Elecciones (art. 75 de la Ley) se debe efectuar una depuraci\u00f3n y actualizaci\u00f3n de datos de Registraci\u00f3n de los ciudadanos residentes en el extranjero.<br \/>.-Implementar nuevas pol\u00edticas en temas de violencia de g\u00e9nero.<br \/>.-Mejorar la atenci\u00f3n en la emisi\u00f3n de visados, para lo cual se contar\u00e1 con apoyo de oficinas externas.<br \/>.-Cambios en la validaci\u00f3n y reconocimiento de t\u00edtulos profesionales y de estudios superiores, a los efectos de lograr reducir los plazos a seis meses.&nbsp;<br \/>.-Implementar la transformaci\u00f3n digital de todos los Consulados, creando un portal digital para los ciudadanos, en las setenta y ocho oficinas consulares existentes. Esto permitir\u00e1 que ciertos tr\u00e1mites, como emisi\u00f3n de visas, sean realizados directamente por el usuario, liberando a su vez recursos humanos consulares para atenci\u00f3n de otras tareas.<br \/>.-Dotar a los consulados de recursos humanos e inform\u00e1ticos para lograr una mejora en la atenci\u00f3n general.<br \/><strong>De estos temas hay un compromiso por parte del Director General de espa\u00f1oles en el Exterior y de Asuntos Consulares Sr. Xavier Mart\u00ed y la Secretaria de la Direcci\u00f3n General Magdalena Cruz.<\/strong><\/p>\n\n\n\n<figure class=\"wp-block-image size-large\"><img decoding=\"async\" width=\"1200\" height=\"800\" src=\"http:\/\/xn--tuvozdiasporaespaola-k7b.com\/wp-content\/uploads\/2022\/11\/zhshalhxuvejnlto7q3xq6xv748535138257321295306.jpg?w=1024\" alt=\"\" class=\"wp-image-701\" srcset=\"https:\/\/xn--tuvozdiasporaespaola-k7b.com\/wp-content\/uploads\/2022\/11\/zhshalhxuvejnlto7q3xq6xv748535138257321295306.jpg 1200w, https:\/\/xn--tuvozdiasporaespaola-k7b.com\/wp-content\/uploads\/2022\/11\/zhshalhxuvejnlto7q3xq6xv748535138257321295306-300x200.jpg 300w, https:\/\/xn--tuvozdiasporaespaola-k7b.com\/wp-content\/uploads\/2022\/11\/zhshalhxuvejnlto7q3xq6xv748535138257321295306-1024x683.jpg 1024w, https:\/\/xn--tuvozdiasporaespaola-k7b.com\/wp-content\/uploads\/2022\/11\/zhshalhxuvejnlto7q3xq6xv748535138257321295306-768x512.jpg 768w\" sizes=\"(max-width: 1200px) 100vw, 1200px\" \/><figcaption class=\"wp-element-caption\">Consulado de Bs.As <\/figcaption><\/figure>\n\n\n\n<p>Desde Podemos Argentina  estamos estudiando realizar una campa\u00f1a de recogida de firmas en la puerta del consulado y telematicamente para respaldar estas reveindicaciones de demoras en la  emisi\u00f3n de PASAPORTES y seguir realizando la presi\u00f3n que estamos haciendo hay donde tenemos posibilidades  tanto en los CREs y en el Consejo General de la Ciudadan\u00eda Espa\u00f1ola en el Exterior.<\/p>\n\n\n\n<p>De igual.manera hemos enviado carta al Consulado de Espa\u00f1a  a la Atenci\u00f3n  de  D. Fernando Garc\u00eda Casas. A la Embajada de Espa\u00f1a :Do\u00f1a. Mar\u00eda Jes\u00fas Alonso. Y a la Direcci\u00f3n Director General de espa\u00f1oles en el Exterior y de Asuntos Consulares Sr. Xavier Mart\u00ed.<\/p>\n\n\n\n<figure class=\"wp-block-image size-large\"><img loading=\"lazy\" decoding=\"async\" width=\"2880\" height=\"2880\" src=\"http:\/\/xn--tuvozdiasporaespaola-k7b.com\/wp-content\/uploads\/2022\/11\/20221127_1508085594945953330127937.jpg?w=1024\" alt=\"\" class=\"wp-image-705\" srcset=\"https:\/\/xn--tuvozdiasporaespaola-k7b.com\/wp-content\/uploads\/2022\/11\/20221127_1508085594945953330127937.jpg 2880w, https:\/\/xn--tuvozdiasporaespaola-k7b.com\/wp-content\/uploads\/2022\/11\/20221127_1508085594945953330127937-300x300.jpg 300w, https:\/\/xn--tuvozdiasporaespaola-k7b.com\/wp-content\/uploads\/2022\/11\/20221127_1508085594945953330127937-1024x1024.jpg 1024w, https:\/\/xn--tuvozdiasporaespaola-k7b.com\/wp-content\/uploads\/2022\/11\/20221127_1508085594945953330127937-150x150.jpg 150w, https:\/\/xn--tuvozdiasporaespaola-k7b.com\/wp-content\/uploads\/2022\/11\/20221127_1508085594945953330127937-768x768.jpg 768w, https:\/\/xn--tuvozdiasporaespaola-k7b.com\/wp-content\/uploads\/2022\/11\/20221127_1508085594945953330127937-1568x1568.jpg 1568w\" sizes=\"(max-width: 2880px) 100vw, 2880px\" \/><\/figure>\n\n\n\n<p>Para nosotros la Diaspora Espa\u00f1ola  es lo m\u00e1s importante y siempre estaremos al lado.<\/p>\n\n\n\n<p>GT \u00e1rea laboral y derechos sociales y CREs de Podemos Argentina Prov.<\/p>\n\n\n\n<p>FUENTES: El Norte de Castilla, Consulado de Espa\u00f1a  en Venezuela, Consulado de Espa\u00f1a en  Buenos Aires, Consejeros del CRE de Buenos Aires.<\/p>\n","protected":false},"excerpt":{"rendered":"<p>En el diario Norte de Castilla&nbsp; hemos encontrado estas manifestaciones de ciudadanas espa\u00f1olas \u00bb Sin cita para renovar su pasaporte hasta el 15 de &#8230; <\/p>\n<p class=\"read-more-container\"><a title=\"Atrapadas en Argentina por la burocracia: \u00ab\u00a1Me siento como en una c\u00e1rcel!\u00bb\" class=\"read-more button\" href=\"https:\/\/xn--tuvozdiasporaespaola-k7b.com\/page\/2\/atrapadas-en-argentina-por-la-burocracia-me-siento-como-en-una-carcel\/#more-694\" aria-label=\"M\u00e1s en Atrapadas en Argentina por la burocracia: \u00ab\u00a1Me siento como en una c\u00e1rcel!\u00bb\">Leer m\u00e1s<\/a><\/p>\n","protected":false},"author":222560522,"featured_media":0,"comment_status":"open","ping_status":"open","sticky":false,"template":"","format":"standard","meta":{"footnotes":""},"categories":[1771],"tags":[],"class_list":["post-694","post","type-post","status-publish","format-standard","hentry","category-sociales"],"_links":{"self":[{"href":"https:\/\/xn--tuvozdiasporaespaola-k7b.com\/page\/2\/wp-json\/wp\/v2\/posts\/694","targetHints":{"allow":["GET"]}}],"collection":[{"href":"https:\/\/xn--tuvozdiasporaespaola-k7b.com\/page\/2\/wp-json\/wp\/v2\/posts"}],"about":[{"href":"https:\/\/xn--tuvozdiasporaespaola-k7b.com\/page\/2\/wp-json\/wp\/v2\/types\/post"}],"author":[{"embeddable":true,"href":"https:\/\/xn--tuvozdiasporaespaola-k7b.com\/page\/2\/wp-json\/wp\/v2\/users\/222560522"}],"replies":[{"embeddable":true,"href":"https:\/\/xn--tuvozdiasporaespaola-k7b.com\/page\/2\/wp-json\/wp\/v2\/comments?post=694"}],"version-history":[{"count":0,"href":"https:\/\/xn--tuvozdiasporaespaola-k7b.com\/page\/2\/wp-json\/wp\/v2\/posts\/694\/revisions"}],"wp:attachment":[{"href":"https:\/\/xn--tuvozdiasporaespaola-k7b.com\/page\/2\/wp-json\/wp\/v2\/media?parent=694"}],"wp:term":[{"taxonomy":"category","embeddable":true,"href":"https:\/\/xn--tuvozdiasporaespaola-k7b.com\/page\/2\/wp-json\/wp\/v2\/categories?post=694"},{"taxonomy":"post_tag","embeddable":true,"href":"https:\/\/xn--tuvozdiasporaespaola-k7b.com\/page\/2\/wp-json\/wp\/v2\/tags?post=694"}],"curies":[{"name":"wp","href":"https:\/\/api.w.org\/{rel}","templated":true}]}}