{"id":689,"date":"2022-11-25T14:59:12","date_gmt":"2022-11-25T17:59:12","guid":{"rendered":"https:\/\/xn--tuvozdiasporaespaola-k7b.com\/?p=689"},"modified":"2022-11-25T14:59:18","modified_gmt":"2022-11-25T17:59:18","slug":"europa-sancionara-por-ley-a-empresas-que-incumplan-la-paridad-de-genero","status":"publish","type":"post","link":"https:\/\/xn--tuvozdiasporaespaola-k7b.com\/page\/2\/europa-sancionara-por-ley-a-empresas-que-incumplan-la-paridad-de-genero\/","title":{"rendered":"Europa sancionar\u00e1 por ley a empresas que incumplan la paridad de g\u00e9nero."},"content":{"rendered":"\n<p>DIRECTIVA DEL PARLAMENTO EUROPEO<br \/><\/p>\n\n\n\n<figure class=\"wp-block-pullquote\"><blockquote><p>Los&nbsp;consejos de administraci\u00f3n de empresas que cotizan en bolsa siguen dominados por hombres.<\/p><\/blockquote><\/figure>\n\n\n\n<p><\/p>\n\n\n\n<p>Seg\u00fan nos informa la Uni\u00f3n Europea en estos d\u00edas se aprob\u00f3 una directiva por la cual \u00bb <em>Los Estados miembros de la Uni\u00f3n Europea  sancionaran a las empresas que incumplan la&nbsp;<\/em><em><strong>paridad de g\u00e9nero<\/strong><\/em><em>&nbsp;en sus&nbsp;<\/em><em><strong>consejos de administraci\u00f3n<\/strong><\/em><em>\u00ab.<\/em><\/p>\n\n\n\n<p>La nueva ley sancionada  diez a\u00f1os despu\u00e9s de su propuesta inicial obliga a las compa\u00f1\u00edas que coticen en bolsa a que, al menos, el 40% de los puestos de director no ejecutivo o el 33% de todos los puestos de director est\u00e9n ocupados&nbsp;por mujeres.<\/p>\n\n\n\n<p>La Comisi\u00f3n Europea aprob\u00f3 en 2012 su propuesta, pero qued\u00f3 bloqueada hasta ahora, despu\u00e9s de que los ministros de Empleo y Asuntos Sociales alcanzaron un acuerdo en marzo pasado y Comisi\u00f3n y Parlamento consensuaran el texto en junio. Una vez aprobada, entrar\u00e1 en vigor veinte d\u00edas despu\u00e9s de su publicaci\u00f3n en el Diario Oficial de la UE. Los Estados miembros tendr\u00e1n dos a\u00f1os para aplicar las normas.&nbsp;<strong>El objetivo es cumplir las cuotas para la igualdad de g\u00e9nero&nbsp;en 2026.<\/strong><\/p>\n\n\n\n<p><em>\u201cLos Estados miembros deber\u00e1n establecer&nbsp;<\/em><em><strong>sanciones efectivas, disuasorias y proporcionadas -como multas-<\/strong><\/em><em>&nbsp;para las empresas que no apliquen procesos de contrataci\u00f3n abiertos y transparentes\u201d<\/em>, se\u00f1ala el PE.<\/p>\n\n\n\n<p>Adem\u00e1s,&nbsp;<strong>los tribunales podr\u00e1n anular el nombramiento<\/strong>&nbsp;de toda junta directiva que incumpla los principios de la Directiva.<\/p>\n\n\n\n<p>La normativa no se aplicar\u00e1 a las&nbsp;<strong>pymes<\/strong>&nbsp;con menos de 250 empleados.<\/p>\n\n\n\n<h2 class=\"wp-block-heading\">Sin mujeres al frente de empresas cotizadas.<\/h2>\n\n\n\n<p>Seg\u00fan un estudio elaborado por el propio Parlamento de Estrasburgo, en todos los Estados miembros, los hombres son mayor\u00eda en los consejos de administraci\u00f3n y&nbsp;<strong>las mujeres est\u00e1n infrarrepresentadas<\/strong>&nbsp;lo que supone una de las principales brechas de g\u00e9nero que existen en la Uni\u00f3n Europea.<\/p>\n\n\n\n<p>Aunque la proporci\u00f3n de mujeres en puestos de consejeras se ha incrementado en los \u00faltimos a\u00f1os, la brecha sigue siendo especialmente elevada en los puestos de&nbsp;<strong>consejeros ejecutivos<\/strong>, mientras que los principales avances se han registrado en puestos no ejecutivos.<\/p>\n\n\n\n<p>Asimismo, la inmensa mayor\u00eda de los puestos de&nbsp;<strong>presidente del consejo de administraci\u00f3n<\/strong>&nbsp;y de comit\u00e9s est\u00e1n ocupados por hombres. En&nbsp;2022,&nbsp;<strong>menos de un 10%<\/strong>&nbsp;de las principales empresas cotizadas tienen una presidenta o consejera delegada al frente.<\/p>\n\n\n\n<figure class=\"wp-block-image size-large\"><img fetchpriority=\"high\" decoding=\"async\" width=\"635\" height=\"357\" src=\"http:\/\/xn--tuvozdiasporaespaola-k7b.com\/wp-content\/uploads\/2022\/11\/istock-1129629362-635x3577341016934914019144-1.jpg?w=635\" alt=\"\" class=\"wp-image-688\" srcset=\"https:\/\/xn--tuvozdiasporaespaola-k7b.com\/wp-content\/uploads\/2022\/11\/istock-1129629362-635x3577341016934914019144-1.jpg 635w, https:\/\/xn--tuvozdiasporaespaola-k7b.com\/wp-content\/uploads\/2022\/11\/istock-1129629362-635x3577341016934914019144-1-300x169.jpg 300w\" sizes=\"(max-width: 635px) 100vw, 635px\" \/><\/figure>\n\n\n\n<figure class=\"wp-block-image\"><img decoding=\"async\" src=\"https:\/\/www.nuevatribuna.es\/asset\/zoomcrop,480,270,center,center\/\/media\/nuevatribuna\/images\/2021\/03\/08\/2021030812425013071.jpg\" alt=\"\" \/><\/figure>\n\n\n\n<h2 class=\"wp-block-heading\">La legislaci\u00f3n con sanciones es m\u00e1s eficaz<\/h2>\n\n\n\n<p>En 18 Estados miembros se han modificado los c\u00f3digos de gobernanza empresarial para incluir recomendaciones relativas a la representaci\u00f3n de las mujeres en los consejos de administraci\u00f3n. El estudio ofrece informaci\u00f3n detallada de la legislaci\u00f3n de cuotas y su aplicaci\u00f3n en cinco Estados miembros:&nbsp;<strong>Espa\u00f1a, Francia, Italia, Pa\u00edses Bajos y Alemania.<\/strong><\/p>\n\n\n\n<p>La comparaci\u00f3n realizada en los c\u00f3digos de gobernanza empresarial revela que, en cuatro pa\u00edses, los c\u00f3digos no hacen m\u00e1s que replicar los requisitos legislativos, mientras que&nbsp;<strong>en Espa\u00f1a el c\u00f3digo especifica un objetivo del 40%<\/strong>&nbsp;en un per\u00edodo de tiempo definido.<\/p>\n\n\n\n<p>La comparaci\u00f3n tambi\u00e9n revela que la legislaci\u00f3n sin sanciones -como la que existe en Espa\u00f1a y en Pa\u00edses Bajos-&nbsp;es menos eficaz que la legislaci\u00f3n con sanciones a la hora de alcanzar los objetivos de cuotas.<\/p>\n\n\n\n<h2 class=\"wp-block-heading\">Convertirlo en norma en toda la UE<\/h2>\n\n\n\n<p>En todo el marco de la UE, en 2021 las mujeres ocupaban tan solo el<strong>\u00a030,6% de los puestos en los consejos de<\/strong> a<strong>dministraci\u00f3n<\/strong>\u00a0de las principales empresas cotizadas en bolsa de la UE, aunque la cifra oscila desde el 45,3% en Francia al 8,5% en Chipre.\u00a0<\/p>\n\n\n\n<p>Una de las ponentes de la directiva, Lara Wolters, de Pa\u00edses Bajos, se\u00f1al\u00f3 que \u201c<em>En los diez a\u00f1os que esta directiva ha permanecido aparcada,\u00a0<\/em><em><strong>los consejos de administraci\u00f3n continuaron dominados por hombres.\u00a0<\/strong><\/em><em>Pero en los pa\u00edses en los que se han introducido cuotas obligatorias, muchas m\u00e1s mujeres han ascendido. Con esta ley, esos pa\u00edses no ser\u00e1n la excepci\u00f3n, y la igualdad de g\u00e9nero en las c\u00fapulas empresariales se convertir\u00e1 en la norma en toda la UE\u201d.<\/em><\/p>\n\n\n\n<figure class=\"wp-block-image size-large\"><img decoding=\"async\" width=\"1080\" height=\"1339\" src=\"http:\/\/xn--tuvozdiasporaespaola-k7b.com\/wp-content\/uploads\/2022\/11\/screenshot_20221125-145845_telegram5692423281367057764.jpg?w=826\" alt=\"\" class=\"wp-image-692\" srcset=\"https:\/\/xn--tuvozdiasporaespaola-k7b.com\/wp-content\/uploads\/2022\/11\/screenshot_20221125-145845_telegram5692423281367057764.jpg 1080w, https:\/\/xn--tuvozdiasporaespaola-k7b.com\/wp-content\/uploads\/2022\/11\/screenshot_20221125-145845_telegram5692423281367057764-242x300.jpg 242w, https:\/\/xn--tuvozdiasporaespaola-k7b.com\/wp-content\/uploads\/2022\/11\/screenshot_20221125-145845_telegram5692423281367057764-826x1024.jpg 826w, https:\/\/xn--tuvozdiasporaespaola-k7b.com\/wp-content\/uploads\/2022\/11\/screenshot_20221125-145845_telegram5692423281367057764-768x952.jpg 768w\" sizes=\"(max-width: 1080px) 100vw, 1080px\" \/><\/figure>\n\n\n\n<p>Estimamos que este es un gran logro en lo relacionado a los derechos que deben regir en Europa sobre la Mujer y el mundo laboral; Aunque estimamos que est\u00e1 ley tendr\u00eda que ser emanada de los propios pa\u00edses para que d\u00eda a d\u00eda se implanten logros en materias laborales de Igualdad Econ\u00f3mica y acceso a trabajos en Igualdad de Condiciones.<\/p>\n\n\n\n<p>Esta batalla cultural de Igualdad est\u00e1 pendiente a\u00fan en Espa\u00f1a y otros pa\u00edses Europeos  aunque con los gobiernos progresistas, sin lugar a dudas ser\u00e1n logros venideros y conquistas de derechos que la sociedad reclama y los Movimientos feministas abanderan desde sus inicios. <\/p>\n\n\n\n<p>Igualdad y Derechos  marcaran una nueva  etapa de reveindivaci\u00f3n Feminista en nuestro mundo Patriarcal.<\/p>\n\n\n\n<p>Como dir\u00eda Irene Montero ministra de Igualdad de la Mujer \u00ab<em>al fascismo se le combate con m\u00e1s derechos y m\u00e1s leyes inclusivas\u00bb.<\/em><\/p>\n\n\n\n<p>En este d\u00eda en la conmemoraci\u00f3n  de la eliminaci\u00f3n de la violencia contra las mujeres m\u00e1s que nunca estamos en la lucha por la inclusi\u00f3n social y los derechos laborales que contribuyen por la propia sinergia a combatir la violencia Patriarcal.<\/p>\n\n\n\n<p>Redacci\u00f3n Revista TU VOZ  .<\/p>\n\n\n\n<p>Fuentes: Nueva Tribuna y parlamento Europeo<\/p>\n","protected":false},"excerpt":{"rendered":"<p>DIRECTIVA DEL PARLAMENTO EUROPEO Los&nbsp;consejos de administraci\u00f3n de empresas que cotizan en bolsa siguen dominados por hombres. Seg\u00fan nos informa la Uni\u00f3n Europea en &#8230; <\/p>\n<p class=\"read-more-container\"><a title=\"Europa sancionar\u00e1 por ley a empresas que incumplan la paridad de g\u00e9nero.\" class=\"read-more button\" href=\"https:\/\/xn--tuvozdiasporaespaola-k7b.com\/page\/2\/europa-sancionara-por-ley-a-empresas-que-incumplan-la-paridad-de-genero\/#more-689\" aria-label=\"M\u00e1s en Europa sancionar\u00e1 por ley a empresas que incumplan la paridad de g\u00e9nero.\">Leer m\u00e1s<\/a><\/p>\n","protected":false},"author":222560522,"featured_media":0,"comment_status":"open","ping_status":"open","sticky":false,"template":"","format":"standard","meta":{"footnotes":""},"categories":[1771],"tags":[],"class_list":["post-689","post","type-post","status-publish","format-standard","hentry","category-sociales"],"_links":{"self":[{"href":"https:\/\/xn--tuvozdiasporaespaola-k7b.com\/page\/2\/wp-json\/wp\/v2\/posts\/689","targetHints":{"allow":["GET"]}}],"collection":[{"href":"https:\/\/xn--tuvozdiasporaespaola-k7b.com\/page\/2\/wp-json\/wp\/v2\/posts"}],"about":[{"href":"https:\/\/xn--tuvozdiasporaespaola-k7b.com\/page\/2\/wp-json\/wp\/v2\/types\/post"}],"author":[{"embeddable":true,"href":"https:\/\/xn--tuvozdiasporaespaola-k7b.com\/page\/2\/wp-json\/wp\/v2\/users\/222560522"}],"replies":[{"embeddable":true,"href":"https:\/\/xn--tuvozdiasporaespaola-k7b.com\/page\/2\/wp-json\/wp\/v2\/comments?post=689"}],"version-history":[{"count":0,"href":"https:\/\/xn--tuvozdiasporaespaola-k7b.com\/page\/2\/wp-json\/wp\/v2\/posts\/689\/revisions"}],"wp:attachment":[{"href":"https:\/\/xn--tuvozdiasporaespaola-k7b.com\/page\/2\/wp-json\/wp\/v2\/media?parent=689"}],"wp:term":[{"taxonomy":"category","embeddable":true,"href":"https:\/\/xn--tuvozdiasporaespaola-k7b.com\/page\/2\/wp-json\/wp\/v2\/categories?post=689"},{"taxonomy":"post_tag","embeddable":true,"href":"https:\/\/xn--tuvozdiasporaespaola-k7b.com\/page\/2\/wp-json\/wp\/v2\/tags?post=689"}],"curies":[{"name":"wp","href":"https:\/\/api.w.org\/{rel}","templated":true}]}}