{"id":681,"date":"2022-11-25T14:02:56","date_gmt":"2022-11-25T17:02:56","guid":{"rendered":"https:\/\/xn--tuvozdiasporaespaola-k7b.com\/?p=681"},"modified":"2022-11-25T14:11:23","modified_gmt":"2022-11-25T17:11:23","slug":"cop-27-dialectica-del-avance-y-destruccion","status":"publish","type":"post","link":"https:\/\/xn--tuvozdiasporaespaola-k7b.com\/page\/2\/cop-27-dialectica-del-avance-y-destruccion\/","title":{"rendered":"COP 27. DIAL\u00c9CTICA DEL AVANCE Y DESTRUCCI\u00d3N."},"content":{"rendered":"\n<p><strong>Sobre el concepto as\u00e9ptico de \u00abcrisis ecol\u00f3gica\u00bb<\/strong>.<br>La crisis econ\u00f3mica y la crisis ecol\u00f3gica son aspectos interconectados de una crisis m\u00e1s <br>general, la crisis de la civilizaci\u00f3n capitalista industrial moderna. <br>Es ilusorio creer \u2013como algunos marxistas piensan- que estamos ante la \u201c<em>crisis final del <\/em><br><em>capitalismo\u201d y<\/em> que el sistema est\u00e1 condenado a desaparecer, v\u00edctima de sus contradicciones <br>internas, Como ya dijo Walter Benjamin en la d\u00e9cada de 1930, \u201c<em>el capitalismo nunca morir\u00e1 <\/em><br><em>de muerte natural\u201d.<\/em> Har\u00e1 como en el pasado, intentar encontrar una manera de salir de la <br>crisis, sea por el fascismo y los conflictos militares con las posteriores medidas <br>\u201ckeynesianas\u201d reconstructoras. <br>La premonici\u00f3n de Marx la estamos sufriendo: <br>\u00ab<em>Las relaciones burguesas de producci\u00f3n y de cambio, las relaciones burguesas de <\/em><br><em>propiedad, toda esta sociedad burguesa moderna, que ha hecho surgir como por encanto  tan potentes medios de producci\u00f3n y de cambio, se asemeja al mago que ya no es capaz  de dominar las potencias infernales que ha desencadenado con sus conjuros\u00bb.<\/em> Marx <br>\u00ab<em>Manifiesto comunista<\/em>\u00ab.<\/p>\n\n\n\n<figure class=\"wp-block-image size-large\"><img fetchpriority=\"high\" decoding=\"async\" width=\"994\" height=\"797\" src=\"http:\/\/xn--tuvozdiasporaespaola-k7b.com\/wp-content\/uploads\/2022\/11\/screenshot_20221125-011738_drive2675853310687057992.jpg?w=994\" alt=\"\" class=\"wp-image-680\" srcset=\"https:\/\/xn--tuvozdiasporaespaola-k7b.com\/wp-content\/uploads\/2022\/11\/screenshot_20221125-011738_drive2675853310687057992.jpg 994w, https:\/\/xn--tuvozdiasporaespaola-k7b.com\/wp-content\/uploads\/2022\/11\/screenshot_20221125-011738_drive2675853310687057992-300x241.jpg 300w, https:\/\/xn--tuvozdiasporaespaola-k7b.com\/wp-content\/uploads\/2022\/11\/screenshot_20221125-011738_drive2675853310687057992-768x616.jpg 768w\" sizes=\"(max-width: 994px) 100vw, 994px\" \/><\/figure>\n\n\n\n<p><strong>\u00c1ngel Encinas, portavoz de \u00abEcologistas en Acci\u00f3n\u00bb <\/strong>declaraba: \u00ab<em>Festejos como el Viernes<\/em><br \/><em>Negro, el Ciberlunes y toda la org\u00eda consumista de la Navidad, son propios de un sistema capitalista zombi que, como el c\u00e1ncer, en su crecimiento descontrolado, nos lleva<\/em><br \/><em>directamente al desastre. A la vista est\u00e1n los pilotos rojos de todos los indicadores<\/em><br \/><em>medioambientales y de reservas de materias primas esenciales para la civilizaci\u00f3n. La<\/em><br \/><em>conclusi\u00f3n m\u00e1s sensata y consecuente es que hay que echar el freno, parar el sobreconsumo\u00bb<\/em><\/p>\n\n\n\n<p>Toda una cr\u00edtica bien intencionada pero que se queda corta, no hace alusi\u00f3n a \u00ab<em>la identidad entre producci\u00f3n y miseria\u00bb<\/em> y en especial a la \u00ab<em>ley de la tendencia decreciente de la cuota de ganancia<\/em>\u00ab, cada modo de producci\u00f3n tiene sus formas propias de metabolismo wocionatural, de intercambio org\u00e1nico entre la especie humana y la naturaleza. Desde los criterios del materialismo hist\u00f3rico y dial\u00e9ctico en la medida en que la producci\u00f3n de valores<br \/>de cambio, de mercanc\u00edas va desplazando a la producci\u00f3n de valores de uso, en esa<br \/>medida la fractura va variando, va complejiz\u00e1ndose en la medida en que aumenta la divisi\u00f3n social del trabajo en la sociedad posindustrial en la que el sector servicios genera m\u00e1s riqueza que el sector industrial de la econom\u00eda.<br \/>La organizaci\u00f3n ecologista se\u00f1ala al consumo compulsivo como un factor de infelicidad<br \/>humana, de p\u00e9rdida de relaciones sociales e invita a construir alternativas de consumo<br \/>transformador hacia un futuro m\u00e1s justo y sostenible, el bienestar tiene m\u00e1s que ver con<br \/>fomentar valores como la solidaridad y la cooperaci\u00f3n, que con los ef\u00edmeros momentos de insatisfacci\u00f3n cr\u00f3nica que ofrece el consumismo, hasta ah\u00ed correcto pero teniendo en cuenta que la producci\u00f3n capitalista s\u00f3lo sabe desarrollar la t\u00e9cnica y la combinaci\u00f3n del proceso social de producci\u00f3n socavando al mismo tiempo las dos fuentes originales de toda riqueza: \u00ab<em>la tierra y el hombre\u00bb<\/em> como los siete millones de personas muertas al a\u00f1o en el mundo por el aire contaminado tambi\u00e9n son parte del desastre originado por el capitalismo y no por una \u00ab<strong>crisis ecol\u00f3gica\u00bb<\/strong> sin contenido socioecon\u00f3mico burgu\u00e9s alguno.<\/p>\n\n\n\n<figure class=\"wp-block-image size-large\"><img decoding=\"async\" width=\"1200\" height=\"675\" src=\"http:\/\/xn--tuvozdiasporaespaola-k7b.com\/wp-content\/uploads\/2022\/11\/cop27-piramide8693018488721198879.jpg?w=1024\" alt=\"\" class=\"wp-image-685\" srcset=\"https:\/\/xn--tuvozdiasporaespaola-k7b.com\/wp-content\/uploads\/2022\/11\/cop27-piramide8693018488721198879.jpg 1200w, https:\/\/xn--tuvozdiasporaespaola-k7b.com\/wp-content\/uploads\/2022\/11\/cop27-piramide8693018488721198879-300x169.jpg 300w, https:\/\/xn--tuvozdiasporaespaola-k7b.com\/wp-content\/uploads\/2022\/11\/cop27-piramide8693018488721198879-1024x576.jpg 1024w, https:\/\/xn--tuvozdiasporaespaola-k7b.com\/wp-content\/uploads\/2022\/11\/cop27-piramide8693018488721198879-768x432.jpg 768w\" sizes=\"(max-width: 1200px) 100vw, 1200px\" \/><\/figure>\n\n\n\n<p><br \/>Marx aclara que la naturaleza humana no es m\u00e1s que lo que hacen las \u00ab<strong>relaciones<\/strong><br \/><strong>sociales\u00bb:<\/strong><br \/>\u00ab<em>Los individuos son tal y como manifiestan su vida. Lo que son coincide, por consiguiente,<\/em><br \/><em>con su producci\u00f3n, tanto con lo que producen como con el modo de c\u00f3mo producen. Lo que<\/em><br \/><em>los individuos son depende, por tanto, de las condiciones materiales de su producci\u00f3n\u00bb<\/em>.<br \/>En suma, el \u00abecocidio\u00bb es parte insertada en la totalidad de la historia, presente y futuro de la civilizaci\u00f3n del capital, y la expresi\u00f3n m\u00e1s directa de la ruptura del metabolismo<br \/>socionatural actual a la que llaman crisis ecol\u00f3gica.<br \/>Marx mostr\u00f3 convincentemente que los valores no pueden existir sin los valores de cambio y el intercambio no puede existir sin los valores de uso. Este reformismo comete la<br \/>incoherencia de no extraer de ello las lecciones sociopol\u00edticas pertinentes, muy en especial la que demuestra el acierto hist\u00f3rico de la concepci\u00f3n de la historia abierta al desastre dependiendo del resultado de la lucha de clases. Como critica D. Harvey \u00ab<em>Si alguien cree que puede resolver una seria cuesti\u00f3n medioambiental como el calentamiento global sin afrontar siquiera la cuesti\u00f3n de qui\u00e9n y c\u00f3mo determina la estructura b\u00e1sica de valores de<\/em><br \/><em>nuestra sociedad, se est\u00e1 enga\u00f1ando a s\u00ed mismo\u00bb <\/em><\/p>\n\n\n\n<figure class=\"wp-block-image size-large\"><img decoding=\"async\" width=\"1280\" height=\"1239\" src=\"http:\/\/xn--tuvozdiasporaespaola-k7b.com\/wp-content\/uploads\/2022\/11\/img_20180502_0810311452106228347567711.jpg?w=1024\" alt=\"\" class=\"wp-image-682\" srcset=\"https:\/\/xn--tuvozdiasporaespaola-k7b.com\/wp-content\/uploads\/2022\/11\/img_20180502_0810311452106228347567711.jpg 1280w, https:\/\/xn--tuvozdiasporaespaola-k7b.com\/wp-content\/uploads\/2022\/11\/img_20180502_0810311452106228347567711-300x290.jpg 300w, https:\/\/xn--tuvozdiasporaespaola-k7b.com\/wp-content\/uploads\/2022\/11\/img_20180502_0810311452106228347567711-1024x991.jpg 1024w, https:\/\/xn--tuvozdiasporaespaola-k7b.com\/wp-content\/uploads\/2022\/11\/img_20180502_0810311452106228347567711-768x743.jpg 768w\" sizes=\"(max-width: 1280px) 100vw, 1280px\" \/><\/figure>\n\n\n\n<p>Colorario<br \/>La naturaleza es due\u00f1a de s\u00ed misma porque la especie humana, el ser-humano-gen\u00e9rico<br \/>(Gattungswesen), es parte integrada en ella, pero separada y enfrentada a ella desde la fractura del metabolismo socionatural, una de cuyas expresiones es la actual crisis<br \/>socioecol\u00f3gica, con gran sabidur\u00eda en el libro III de El Capital Marx escribe que: \u00ab<em>Ni la<\/em><br \/><em>sociedad en su conjunto, ni la naci\u00f3n ni todas las sociedades que coexistan en un momento<\/em><br \/><em>dado, son propietarias de la tierra. Son, simplemente, sus poseedoras, sus usufructuarias, llamadas a usarla como \u00abboni patres familias\u00bb y a transmitirla mejorada a las futuras generaciones\u00bb<\/em><br \/>Engels nos ofrece la \u00fanica alternativa para unir esa fractura, una pol\u00edtica radical de<br \/>regulaci\u00f3n de las relaciones de propiedad, de producci\u00f3n, de distribuci\u00f3n y de consumo:<br \/>\u00ab<em>Pero esta regulaci\u00f3n exige algo m\u00e1s que un simple conocimiento. Exige una revoluci\u00f3n<\/em><br \/><em>total en nuestro modo de producci\u00f3n existente hasta ahora y al mismo tiempo una<\/em><br \/><em>revoluci\u00f3n en todo nuestro orden social contempor\u00e1neo. Todos los modos de producci\u00f3n conocidos hasta ahora apuntaron nada m\u00e1s que al logro del efecto \u00fatil m\u00e1s inmediato y directo del trabajo. Las consecuencias posteriores, que s\u00f3lo aparecen despu\u00e9s y adquieren efectividad debido a la repetici\u00f3n gradual y a la acumulaci\u00f3n, fueron desatendidas [\u2026] Los<\/em> <em>capitalistas que dominan la producci\u00f3n y el intercambio pueden dedicarse s\u00f3lo al efecto \u00fatil<\/em> <em>m\u00e1s inmediato de sus acciones [\u2026] Mientras el fabricante o comerciante vende una<\/em> <em>mercanc\u00eda fabricada o comprada, con la habitual y ansiada ganancia, se siente satisfecho y no se ocupa de lo que luego pueda suceder con la mercanc\u00eda y sus compradores. Lo mismo rige para los efectos naturales de sus acciones\u00bb<\/em><\/p>\n\n\n\n<figure class=\"wp-block-image size-large\"><img loading=\"lazy\" decoding=\"async\" width=\"800\" height=\"533\" src=\"http:\/\/xn--tuvozdiasporaespaola-k7b.com\/wp-content\/uploads\/2022\/11\/50667036616059224614338150.jpg?w=800\" alt=\"\" class=\"wp-image-684\" srcset=\"https:\/\/xn--tuvozdiasporaespaola-k7b.com\/wp-content\/uploads\/2022\/11\/50667036616059224614338150.jpg 800w, https:\/\/xn--tuvozdiasporaespaola-k7b.com\/wp-content\/uploads\/2022\/11\/50667036616059224614338150-300x200.jpg 300w, https:\/\/xn--tuvozdiasporaespaola-k7b.com\/wp-content\/uploads\/2022\/11\/50667036616059224614338150-768x512.jpg 768w\" sizes=\"(max-width: 800px) 100vw, 800px\" \/><\/figure>\n\n\n\n<p><br \/>La crisis ecol\u00f3gica es el reflejo de un modo de vida, la \u00ab<strong>american way of life<\/strong>\u00bb de la<br \/>civilizaci\u00f3n occidental, consume y vencer\u00e1s, evidentemente, s\u00f3lo puede existir mientras sea el privilegio de una minor\u00eda- de un sistema de producci\u00f3n, (consumo, transporte y vivienda\u2026.), que es, literalmente, insostenible que corresponde con la necesidad de expansi\u00f3n ilimitada \u2013lo que el joven Hegel denomin\u00f3 \u201c<em>una infinitud \u00abno pura\u00bb o \u00abmala infinitud\u201d (schlechte Unendlichkeit) en las determinaciones de lo absoluto &#8211; un proceso infinito de la acumulaci\u00f3n de bienes, acumulaci\u00f3n de capital, acumulaci\u00f3n de ganancias,<\/em><br \/><em>que es inherente a la l\u00f3gica de capital.<\/em><br \/><em>El Tratado de Kyoto, se propon\u00eda resolver el problema de los gases de efecto invernadero a<\/em><br \/><em>trav\u00e9s del llamado \u201cmercado de derechos a contaminar\u201d.<\/em><\/p>\n\n\n\n<figure class=\"wp-block-image size-large\"><img loading=\"lazy\" decoding=\"async\" width=\"1200\" height=\"675\" src=\"http:\/\/xn--tuvozdiasporaespaola-k7b.com\/wp-content\/uploads\/2022\/11\/f00f5ebe-83e7-4e77-b117-938e876e789f_16-9-discover-aspect-ratio_default_05067923799317774444.jpg?w=1024\" alt=\"\" class=\"wp-image-683\" srcset=\"https:\/\/xn--tuvozdiasporaespaola-k7b.com\/wp-content\/uploads\/2022\/11\/f00f5ebe-83e7-4e77-b117-938e876e789f_16-9-discover-aspect-ratio_default_05067923799317774444.jpg 1200w, https:\/\/xn--tuvozdiasporaespaola-k7b.com\/wp-content\/uploads\/2022\/11\/f00f5ebe-83e7-4e77-b117-938e876e789f_16-9-discover-aspect-ratio_default_05067923799317774444-300x169.jpg 300w, https:\/\/xn--tuvozdiasporaespaola-k7b.com\/wp-content\/uploads\/2022\/11\/f00f5ebe-83e7-4e77-b117-938e876e789f_16-9-discover-aspect-ratio_default_05067923799317774444-1024x576.jpg 1024w, https:\/\/xn--tuvozdiasporaespaola-k7b.com\/wp-content\/uploads\/2022\/11\/f00f5ebe-83e7-4e77-b117-938e876e789f_16-9-discover-aspect-ratio_default_05067923799317774444-768x432.jpg 768w\" sizes=\"(max-width: 1200px) 100vw, 1200px\" \/><\/figure>\n\n\n\n<p> Las empresas que emiten m\u00e1s<br \/>CO\u00b2 comprar\u00edan de otros, que contaminan menos, los derechos de emisi\u00f3n. <strong>\u00a1Esto ser\u00eda \u201cla soluci\u00f3n\u201d del problema del efecto invernadero!,<\/strong> la venta de derechos a seguir contaminando.<br \/>Ahora la COP 27 tuvo el acuerdo para que los pa\u00edses desarrollados ayuden a pagar los<br \/>da\u00f1os provocados por el calentamiento global en las naciones m\u00e1s pobres, pero sin un plan<br \/>para contener el uso de combustibles f\u00f3siles, que causa tales desastres. Concluy\u00f3 la<br \/>conferencia sin medidas para evitar y minimizar \u00abesas p\u00e9rdidas y da\u00f1os\u00bb, y para colmo el acuerdo tambi\u00e9n invita al Banco Mundial y al Fondo Monetario Internacional a aportar<br \/>\u00ab<strong>soluciones de financiaci\u00f3n\u00bb.<\/strong><\/p>\n\n\n\n<p>Juan L\u00f3pez , Redacci\u00f3n Revista TU VOZ    delegaci\u00f3n Argentina.<\/p>\n","protected":false},"excerpt":{"rendered":"<p>Sobre el concepto as\u00e9ptico de \u00abcrisis ecol\u00f3gica\u00bb.La crisis econ\u00f3mica y la crisis ecol\u00f3gica son aspectos interconectados de una crisis m\u00e1s general, la crisis de &#8230; <\/p>\n<p class=\"read-more-container\"><a title=\"COP 27. DIAL\u00c9CTICA DEL AVANCE Y DESTRUCCI\u00d3N.\" class=\"read-more button\" href=\"https:\/\/xn--tuvozdiasporaespaola-k7b.com\/page\/2\/cop-27-dialectica-del-avance-y-destruccion\/#more-681\" aria-label=\"M\u00e1s en COP 27. DIAL\u00c9CTICA DEL AVANCE Y DESTRUCCI\u00d3N.\">Leer m\u00e1s<\/a><\/p>\n","protected":false},"author":222560522,"featured_media":0,"comment_status":"open","ping_status":"open","sticky":false,"template":"","format":"standard","meta":{"footnotes":""},"categories":[1771],"tags":[],"class_list":["post-681","post","type-post","status-publish","format-standard","hentry","category-sociales"],"_links":{"self":[{"href":"https:\/\/xn--tuvozdiasporaespaola-k7b.com\/page\/2\/wp-json\/wp\/v2\/posts\/681","targetHints":{"allow":["GET"]}}],"collection":[{"href":"https:\/\/xn--tuvozdiasporaespaola-k7b.com\/page\/2\/wp-json\/wp\/v2\/posts"}],"about":[{"href":"https:\/\/xn--tuvozdiasporaespaola-k7b.com\/page\/2\/wp-json\/wp\/v2\/types\/post"}],"author":[{"embeddable":true,"href":"https:\/\/xn--tuvozdiasporaespaola-k7b.com\/page\/2\/wp-json\/wp\/v2\/users\/222560522"}],"replies":[{"embeddable":true,"href":"https:\/\/xn--tuvozdiasporaespaola-k7b.com\/page\/2\/wp-json\/wp\/v2\/comments?post=681"}],"version-history":[{"count":0,"href":"https:\/\/xn--tuvozdiasporaespaola-k7b.com\/page\/2\/wp-json\/wp\/v2\/posts\/681\/revisions"}],"wp:attachment":[{"href":"https:\/\/xn--tuvozdiasporaespaola-k7b.com\/page\/2\/wp-json\/wp\/v2\/media?parent=681"}],"wp:term":[{"taxonomy":"category","embeddable":true,"href":"https:\/\/xn--tuvozdiasporaespaola-k7b.com\/page\/2\/wp-json\/wp\/v2\/categories?post=681"},{"taxonomy":"post_tag","embeddable":true,"href":"https:\/\/xn--tuvozdiasporaespaola-k7b.com\/page\/2\/wp-json\/wp\/v2\/tags?post=681"}],"curies":[{"name":"wp","href":"https:\/\/api.w.org\/{rel}","templated":true}]}}