{"id":6769,"date":"2024-10-19T13:59:45","date_gmt":"2024-10-19T16:59:45","guid":{"rendered":"https:\/\/xn--tuvozdiasporaespaola-k7b.com\/page\/2\/?p=6769"},"modified":"2024-10-19T13:59:46","modified_gmt":"2024-10-19T16:59:46","slug":"operacion-reconquista-de-espana-por-parte-de-maquis-republicanos-espanoles","status":"publish","type":"post","link":"https:\/\/xn--tuvozdiasporaespaola-k7b.com\/page\/2\/operacion-reconquista-de-espana-por-parte-de-maquis-republicanos-espanoles\/","title":{"rendered":"Operaci\u00f3n Reconquista de Espa\u00f1a por parte de maquis republicanos espa\u00f1oles"},"content":{"rendered":"\n<p>Por Hugo Castro Fau,  Redacci\u00f3n de Revista TU VOZ,  Argentina <\/p>\n\n\n\n<p>Un d\u00eda como hoy 19 de Octubre, pero de 1944 iniciaba la invasi\u00f3n del Valle de Ar\u00e1n, denominada en clave Operaci\u00f3n Reconquista de Espa\u00f1a por parte de maquis republicanos espa\u00f1oles, agrupaci\u00f3n bautizada con el nombre \u00abReconquista de Espa\u00f1a\u00bb, que colaboraban en el exilio con la Resistencia francesa.<\/p>\n\n\n\n<figure class=\"wp-block-gallery has-nested-images columns-default is-cropped wp-block-gallery-1 is-layout-flex wp-block-gallery-is-layout-flex\">\n<figure class=\"wp-block-image size-large is-style-rounded\"><img fetchpriority=\"high\" decoding=\"async\" width=\"576\" height=\"1024\" data-id=\"6770\" src=\"https:\/\/xn--tuvozdiasporaespaola-k7b.com\/wp-content\/uploads\/2024\/10\/IMG-20240614-WA0077-576x1024.jpg\" alt=\"\" class=\"wp-image-6770\" srcset=\"https:\/\/xn--tuvozdiasporaespaola-k7b.com\/wp-content\/uploads\/2024\/10\/IMG-20240614-WA0077-576x1024.jpg 576w, https:\/\/xn--tuvozdiasporaespaola-k7b.com\/wp-content\/uploads\/2024\/10\/IMG-20240614-WA0077-169x300.jpg 169w, https:\/\/xn--tuvozdiasporaespaola-k7b.com\/wp-content\/uploads\/2024\/10\/IMG-20240614-WA0077-768x1365.jpg 768w, https:\/\/xn--tuvozdiasporaespaola-k7b.com\/wp-content\/uploads\/2024\/10\/IMG-20240614-WA0077-864x1536.jpg 864w, https:\/\/xn--tuvozdiasporaespaola-k7b.com\/wp-content\/uploads\/2024\/10\/IMG-20240614-WA0077.jpg 900w\" sizes=\"(max-width: 576px) 100vw, 576px\" \/><\/figure>\n<\/figure>\n\n\n\n<p>En una batalla desigual 7.000 luchadores por la democracia y la justicia social enfrentaron a 50.000 fascistas.Para preparar la invasi\u00f3n, los guerrilleros, unos 13 000 veteranos de la guerra civil espa\u00f1ola y de la resistencia francesa, se desplazaron a los puntos de reclutamiento en Foix y Toulouse; de entre ellos se presentaron entre 4000 y 7000 voluntarios para formar parte de la operaci\u00f3n, que ser\u00eda dirigida por el coronel Vicente L\u00f3pez Tovar, veterano del Ej\u00e9rcito Popular Republicano y de la Resistencia francesa, que en la lucha contra los alemanes hab\u00eda ganado amplio prestigio y condecoraciones.<\/p>\n\n\n\n<p>La mayor\u00eda de los hombres que iban a participar en la Operaci\u00f3n Reconquista de Espa\u00f1a eran republicanos exiliados miembros del \u00abmaquis\u00bb franc\u00e9s y que hab\u00edan sido los principales protagonistas de la liberaci\u00f3n de la ocupaci\u00f3n alemana de una parte importante de los departamentos del sur de Francia. <\/p>\n\n\n\n<p>En mayo de 1944 las unidades exclusivamente espa\u00f1olas hab\u00edan sido reconocidas como tales bajo la denominaci\u00f3n de Agrupaci\u00f3n de Guerrilleros Espa\u00f1oles (AGE), integrada por unos 9000 hombres, y que a partir de entonces hab\u00eda iniciado una nueva estrategia militar, pasando de los sabotajes y acciones aisladas al ataque frontal contra las unidades aisladas de la Wehrmacht. <\/p>\n\n\n\n<p>Todos los componentes de la AGE consideraban la lucha en Francia contra los ocupantes alemanes y la milicia vichista como el preludio del combate para liberar Espa\u00f1a.La estrategia consist\u00eda en una serie de ataques por toda la frontera pirenaica por parte de la Divisi\u00f3n 102 y un ataque principal por el Valle de Ar\u00e1n, el verdadero objetivo de la campa\u00f1a, por parte de la 204.\u00aa Divisi\u00f3n, donde se establecer\u00eda provisionalmente un gobierno que, contando como factores de tiempo a favor las condiciones de aislamiento del valle, solo conectado con el resto de territorio espa\u00f1ol por el puerto de La Bonaigua, y el clima invernal, provocar\u00eda la desmoralizaci\u00f3n del r\u00e9gimen, un levantamiento popular y una invasi\u00f3n aliada que acabar\u00eda con el franquismo en Espa\u00f1a.<\/p>\n\n\n\n<p>Una meta importante era tomar la localidad de Viella, capital del Valle de Ar\u00e1n, pero el coronel L\u00f3pez Tovar tambi\u00e9n planific\u00f3 dejar despejadas las posibles rutas de escape, al constatar que sus hombres estaban deficientemente armados y temer una derrota catastr\u00f3fica si luchaban contra el grueso del ej\u00e9rcito franquista. <\/p>\n\n\n\n<p>Las fuerzas antifranquistas usaban las denominaciones de \u00abbrigadas\u00bb o \u00abdivisiones\u00bb con intenciones puramente propagand\u00edsticas, pues en la realidad tales unidades contaban con unos pocos cientos de hombres cada una.Los guerrilleros tuvieron 129 muertos y 588 heridos, siendo capturados muchos de ellos y sometidos a consejos de guerra \u2014algunos fueron condenados a muerte y fusilados\u2014, aunque un n\u00famero indeterminado logr\u00f3 salvar el cerco e integrarse en los grupos del maquis que actuaban en el interior de Espa\u00f1a. <\/p>\n\n\n\n<p>Los jefes de las unidades militares franquistas ten\u00edan orden de no considerar a los prisioneros como combatientes, sino como francotiradores.Por su parte las fuerzas franquistas sufrieron 32 muertos.Queda para la historia la interna entre Carrillo y Monz\u00f3n.Por su parte el gobierno franc\u00e9s de Charles de Gaulle desarm\u00f3 a los guerrilleros espa\u00f1oles para asegurar la tranquilidad de la frontera mutua con Francisco Franco, a cuyo gobierno la Francia Libre hab\u00eda reconocido oficialmente el 16 de octubre de 1944.En el a\u00f1o 1948 el PCE decidi\u00f3 cancelar definitivamente las operaciones de guerrilla tras una decisi\u00f3n de Stalin de evitar conflictos con Francia (base de aprovisionamiento y apoyo a las guerrillas).<\/p>\n\n\n\n<figure class=\"wp-block-gallery has-nested-images columns-default is-cropped wp-block-gallery-2 is-layout-flex wp-block-gallery-is-layout-flex\">\n<figure class=\"wp-block-image size-large\"><img decoding=\"async\" width=\"1024\" height=\"989\" data-id=\"6771\" src=\"https:\/\/xn--tuvozdiasporaespaola-k7b.com\/wp-content\/uploads\/2024\/10\/Screenshot_20241019_133953_Canva-1024x989.jpg\" alt=\"\" class=\"wp-image-6771\" srcset=\"https:\/\/xn--tuvozdiasporaespaola-k7b.com\/wp-content\/uploads\/2024\/10\/Screenshot_20241019_133953_Canva-1024x989.jpg 1024w, https:\/\/xn--tuvozdiasporaespaola-k7b.com\/wp-content\/uploads\/2024\/10\/Screenshot_20241019_133953_Canva-300x290.jpg 300w, https:\/\/xn--tuvozdiasporaespaola-k7b.com\/wp-content\/uploads\/2024\/10\/Screenshot_20241019_133953_Canva-768x742.jpg 768w, https:\/\/xn--tuvozdiasporaespaola-k7b.com\/wp-content\/uploads\/2024\/10\/Screenshot_20241019_133953_Canva.jpg 1080w\" sizes=\"(max-width: 1024px) 100vw, 1024px\" \/><\/figure>\n<\/figure>\n","protected":false},"excerpt":{"rendered":"<p>Por Hugo Castro Fau, Redacci\u00f3n de Revista TU VOZ, Argentina Un d\u00eda como hoy 19 de Octubre, pero de 1944 iniciaba la invasi\u00f3n del &#8230; <\/p>\n<p class=\"read-more-container\"><a title=\"Operaci\u00f3n Reconquista de Espa\u00f1a por parte de maquis republicanos espa\u00f1oles\" class=\"read-more button\" href=\"https:\/\/xn--tuvozdiasporaespaola-k7b.com\/page\/2\/operacion-reconquista-de-espana-por-parte-de-maquis-republicanos-espanoles\/#more-6769\" aria-label=\"M\u00e1s en Operaci\u00f3n Reconquista de Espa\u00f1a por parte de maquis republicanos espa\u00f1oles\">Leer m\u00e1s<\/a><\/p>\n","protected":false},"author":222560522,"featured_media":6772,"comment_status":"open","ping_status":"open","sticky":false,"template":"","format":"standard","meta":{"footnotes":""},"categories":[121850],"tags":[],"class_list":["post-6769","post","type-post","status-publish","format-standard","has-post-thumbnail","hentry","category-politica","resize-featured-image"],"_links":{"self":[{"href":"https:\/\/xn--tuvozdiasporaespaola-k7b.com\/page\/2\/wp-json\/wp\/v2\/posts\/6769","targetHints":{"allow":["GET"]}}],"collection":[{"href":"https:\/\/xn--tuvozdiasporaespaola-k7b.com\/page\/2\/wp-json\/wp\/v2\/posts"}],"about":[{"href":"https:\/\/xn--tuvozdiasporaespaola-k7b.com\/page\/2\/wp-json\/wp\/v2\/types\/post"}],"author":[{"embeddable":true,"href":"https:\/\/xn--tuvozdiasporaespaola-k7b.com\/page\/2\/wp-json\/wp\/v2\/users\/222560522"}],"replies":[{"embeddable":true,"href":"https:\/\/xn--tuvozdiasporaespaola-k7b.com\/page\/2\/wp-json\/wp\/v2\/comments?post=6769"}],"version-history":[{"count":1,"href":"https:\/\/xn--tuvozdiasporaespaola-k7b.com\/page\/2\/wp-json\/wp\/v2\/posts\/6769\/revisions"}],"predecessor-version":[{"id":6773,"href":"https:\/\/xn--tuvozdiasporaespaola-k7b.com\/page\/2\/wp-json\/wp\/v2\/posts\/6769\/revisions\/6773"}],"wp:featuredmedia":[{"embeddable":true,"href":"https:\/\/xn--tuvozdiasporaespaola-k7b.com\/page\/2\/wp-json\/wp\/v2\/media\/6772"}],"wp:attachment":[{"href":"https:\/\/xn--tuvozdiasporaespaola-k7b.com\/page\/2\/wp-json\/wp\/v2\/media?parent=6769"}],"wp:term":[{"taxonomy":"category","embeddable":true,"href":"https:\/\/xn--tuvozdiasporaespaola-k7b.com\/page\/2\/wp-json\/wp\/v2\/categories?post=6769"},{"taxonomy":"post_tag","embeddable":true,"href":"https:\/\/xn--tuvozdiasporaespaola-k7b.com\/page\/2\/wp-json\/wp\/v2\/tags?post=6769"}],"curies":[{"name":"wp","href":"https:\/\/api.w.org\/{rel}","templated":true}]}}