{"id":673,"date":"2022-11-23T22:03:27","date_gmt":"2022-11-24T01:03:27","guid":{"rendered":"https:\/\/xn--tuvozdiasporaespaola-k7b.com\/?p=673"},"modified":"2022-11-23T22:03:41","modified_gmt":"2022-11-24T01:03:41","slug":"hebe-ternura-a-los-gritos","status":"publish","type":"post","link":"https:\/\/xn--tuvozdiasporaespaola-k7b.com\/page\/2\/hebe-ternura-a-los-gritos\/","title":{"rendered":"HEBE, TERNURA A LOS GRITOS"},"content":{"rendered":"\n<p>Las muertes de personajes ic\u00f3nicos, de l\u00edderes\/as sociales, de activistas y luchadores\/as por los derechos humanos, de pol\u00edticos comprometidos, de seres humanos asesinados o personas que por el desempe\u00f1o de sus oficios aportaron y dejaron huella en la humanidad, siempre nos conmueven, siempre nos har\u00e1n mella en alg\u00fan pedacito del alma.<\/p>\n\n\n\n<p>Pero es que la muerte de una mujer como Hebe de Bonafini, no solamente humedece el alma, sino que al mismo tiempo nos otorga m\u00e1s coraje, fuerza y coraz\u00f3n para seguir adelante con la lucha que ella encabez\u00f3; un jueves de 1977 a las 15:30hs;&nbsp; con un simple gesto de amor que fue, ponerse un trapo blanco a modo de pa\u00f1oleta en su cabeza y salir a pedir que devolvieran a los detenidos desaparecidos de la \u00faltima dictadura que empezara el 24 de marzo de 1976,&nbsp; en una \u00e9poca en la que el simple hecho de mostrarse contrario al r\u00e9gimen establecido era un delito.&nbsp;<\/p>\n\n\n\n<p>En esta columna no tengo que recordar qui\u00e9n fue Hebe de Bonafini, ni lo que hizo por la democracia y los derechos humanos en Argentina y que trascendi\u00f3 al mundo entero con su esp\u00edritu inquebrantable y su rebeld\u00eda, la cual por ser ama de casa y madre, no era de esperarse en esas \u00e9pocas, pero no por eso menos v\u00e1lida. Amada y odiada, depende del lugar desde d\u00f3nde se la mirara, siempre se caracteriz\u00f3 por su liderazgo y su rigidez en el car\u00e1cter el cual le trajo alguno que otro problema, pero siempre fiel a sus convicciones y a su aprendizaje post desaparici\u00f3n de sus hijos y nueras; ellos le ense\u00f1aron el valor de la lucha y le dejaron la tarea que ella asumi\u00f3 de defender los derechos de todas y todos.<\/p>\n\n\n\n<figure class=\"wp-block-image size-large\"><img fetchpriority=\"high\" decoding=\"async\" width=\"715\" height=\"542\" src=\"http:\/\/xn--tuvozdiasporaespaola-k7b.com\/wp-content\/uploads\/2022\/11\/screenshot_20221123-215248_docs5430989703133610115.jpg?w=715\" alt=\"\" class=\"wp-image-674\" srcset=\"https:\/\/xn--tuvozdiasporaespaola-k7b.com\/wp-content\/uploads\/2022\/11\/screenshot_20221123-215248_docs5430989703133610115.jpg 715w, https:\/\/xn--tuvozdiasporaespaola-k7b.com\/wp-content\/uploads\/2022\/11\/screenshot_20221123-215248_docs5430989703133610115-300x227.jpg 300w\" sizes=\"(max-width: 715px) 100vw, 715px\" \/><\/figure>\n\n\n\n<p>Nunca se atribuy\u00f3 triunfos propios, ella \u00fanicamente se dio con amor a una lucha colectiva a la que cientos de madres y familiares luego se sumaron. La importancia de su magnetismo era precisamente ese, su entrega y su despojo de triunfalismos, la lucha era de todas, de todos, del pueblo; de las Madres.<br \/><br \/>Pensar en ella, me hace sentir satisfecha con lo que las mujeres somos capaces de hacer por amor, por dolor y por la vida. Y, me hace reflexionar a cerca del movimiento que surgi\u00f3 en Colombia despu\u00e9s de los \u201cfalsos positivos\u201d en el gobierno de \u00c1lvaro Uribe V\u00e9lez las, \u201cMadres de Soacha\u201d. Un colectivo de mujeres, madres de j\u00f3venes asesinados por miembros de \u00e9l ej\u00e9rcito de Colombia, en la guerra contra las FARC para dar resultados efectivos sobre bajas a los llamados \u201cinsurgentes o terroristas\u201d y dar as\u00ed la impresi\u00f3n de estar diezmando a los distintos comandos de las FARC en el pa\u00eds.<br \/><br \/><\/p>\n\n\n\n<figure class=\"wp-block-image size-large\"><img decoding=\"async\" width=\"720\" height=\"703\" src=\"http:\/\/xn--tuvozdiasporaespaola-k7b.com\/wp-content\/uploads\/2022\/11\/img-20221121-wa00484167040073326244342.jpg?w=720\" alt=\"\" class=\"wp-image-675\" srcset=\"https:\/\/xn--tuvozdiasporaespaola-k7b.com\/wp-content\/uploads\/2022\/11\/img-20221121-wa00484167040073326244342.jpg 720w, https:\/\/xn--tuvozdiasporaespaola-k7b.com\/wp-content\/uploads\/2022\/11\/img-20221121-wa00484167040073326244342-300x293.jpg 300w\" sizes=\"(max-width: 720px) 100vw, 720px\" \/><\/figure>\n\n\n\n<p>Bonafini se visti\u00f3 de guerrera, con su pa\u00f1uelo blanco en la cabeza y sali\u00f3 a las calles animando a muchas m\u00e1s madres de personas desaparecidas; se visti\u00f3 de coraje y sali\u00f3 a dar la vuelta a la Pir\u00e1mide de Palza de Mayo, todos los jueves a la misma hora para pedir, para reclamar, para exigir por el paradero de sus familiares. A pesar del fr\u00edo, del calor, de la edad, del cansancio; a pesar de la caballer\u00eda que las atac\u00f3 como si de un comando armado se tratara; a pesar de que las llamaran \u201clas viejas locas\u201d.&nbsp;<br \/><br \/>Esas viejas locas, inspiraron a un pa\u00eds entero, al mundo entero y nunca dieron tregua, nunca se dejaron vencer y a\u00fan hoy siguen su vuelta semanal en la Plaza de Mayo, exigiendo justicia.<br \/><br \/>La conoc\u00ed en el edificio donde funciona la Universidad de las Madres, en la Av. 25 de mayo al 552; ah\u00ed mismo hay un bar y est\u00e1 muy cerca al Cine Goumont.&nbsp; Al salir de alguna funci\u00f3n me gustaba ir all\u00e1 a comer una pizza y beber una cerveza y dejarme confundir con cualquier local, dejarme seducir por todo lo que ellas representan, en medio de murales del Che, de Fidel, de la Patria Grande y de ellas y su lucha.<br \/><br \/>Luego la vi en la celebraci\u00f3n de un 1 de mayo, en Plaza de Mayo, mi excompa\u00f1ero entonces quien es artesano, llevaba un regalo para ella, as\u00ed que nos acercamos y logramos entregarle un bast\u00f3n que \u00e9l hab\u00eda tallado. Fue hermoso, a\u00fan me sigue emocionando su cercan\u00eda, la fortaleza que emanaba de su entorno, su potente y ronca voz de mando, con ese deje y mirada de ternuras como si todos fu\u00e9semos sus hijos; a pesar de su figura de abuelita fr\u00e1gil. Ella no era una ancianita cualquiera, ella era la Madre cofundadora de Madres de Plaza de Mayo, y su figura representa fuerza, valor, lucha y cambios.<br \/><br \/>Su amor por la democracia, su amor por las luchas populares, por los desprotegidos, por la verdad y la justicia, es un faro que nos seguir\u00e1 guiando en el camino oscuro y pedregoso de exigir dignidad, verdad, de pedir castigo para los genocidas, juicios y orden moral y, reparaci\u00f3n para las v\u00edctimas de todo Estado Criminal; y, para restituir los derechos adquiridos y los que faltan.<br \/><br \/><\/p>\n\n\n\n<figure class=\"wp-block-image size-large\"><img decoding=\"async\" width=\"1200\" height=\"800\" src=\"http:\/\/xn--tuvozdiasporaespaola-k7b.com\/wp-content\/uploads\/2022\/11\/img-20221120-wa00333729264565040275483.jpg?w=1024\" alt=\"\" class=\"wp-image-676\" srcset=\"https:\/\/xn--tuvozdiasporaespaola-k7b.com\/wp-content\/uploads\/2022\/11\/img-20221120-wa00333729264565040275483.jpg 1200w, https:\/\/xn--tuvozdiasporaespaola-k7b.com\/wp-content\/uploads\/2022\/11\/img-20221120-wa00333729264565040275483-300x200.jpg 300w, https:\/\/xn--tuvozdiasporaespaola-k7b.com\/wp-content\/uploads\/2022\/11\/img-20221120-wa00333729264565040275483-1024x683.jpg 1024w, https:\/\/xn--tuvozdiasporaespaola-k7b.com\/wp-content\/uploads\/2022\/11\/img-20221120-wa00333729264565040275483-768x512.jpg 768w\" sizes=\"(max-width: 1200px) 100vw, 1200px\" \/><\/figure>\n\n\n\n<p>Este es un homenaje desde Colombia y en colaboraci\u00f3n con un artista argentino \u201cJuan Laguna\u201d a todas las Madres de Plaza de Mayo, a todas las mujeres luchadoras y guerreras que a\u00fan perseveran por la verdad; a Estela de Carlotto para que siga en pie y hacer desde aqu\u00ed el aguante para todas ellas, \u201cViejas Locas\u201d queridas y amadas que me representan como mujer y como defensora de todos los derechos de las personas en el mundo.&nbsp;<\/p>\n\n\n\n<p>Seguimos sembrando amor para derrotar al odio.&nbsp;<\/p>\n\n\n\n<p>Dejo para el final este escrito del artista pl\u00e1stico de Lomas de Zamora, Juan Laguna<\/p>\n\n\n\n<figure class=\"wp-block-image size-large\"><img loading=\"lazy\" decoding=\"async\" width=\"720\" height=\"720\" src=\"http:\/\/xn--tuvozdiasporaespaola-k7b.com\/wp-content\/uploads\/2022\/11\/img_20221120_125852_7554640133592233045179.jpg?w=720\" alt=\"\" class=\"wp-image-677\" srcset=\"https:\/\/xn--tuvozdiasporaespaola-k7b.com\/wp-content\/uploads\/2022\/11\/img_20221120_125852_7554640133592233045179.jpg 720w, https:\/\/xn--tuvozdiasporaespaola-k7b.com\/wp-content\/uploads\/2022\/11\/img_20221120_125852_7554640133592233045179-300x300.jpg 300w, https:\/\/xn--tuvozdiasporaespaola-k7b.com\/wp-content\/uploads\/2022\/11\/img_20221120_125852_7554640133592233045179-150x150.jpg 150w\" sizes=\"(max-width: 720px) 100vw, 720px\" \/><\/figure>\n\n\n\n<p><strong>ERA UN PA\u00d1UELO<\/strong>.<\/p>\n\n\n\n<p>\u201cEra un pa\u00f1al y, yo me acuerdo.<\/p>\n\n\n\n<p>Era un pa\u00f1al, que a modo de pa\u00f1olo, pusiste en tu cabeza:<\/p>\n\n\n\n<p>era un pa\u00f1al, bordado en punto cruz<\/p>\n\n\n\n<p>con apenas un nombre y una fecha.<\/p>\n\n\n\n<p>Era un pa\u00f1al y,\u00a1 yo me acuerdo compa\u00f1era!<\/p>\n\n\n\n<p>Porque mi vida en esos a\u00f1os era apenas primavera.<\/p>\n\n\n\n<p>Era un pa\u00f1al y, el juicio de las juntas,<\/p>\n\n\n\n<p>la obediencia debida y el punto final.<\/p>\n\n\n\n<p>La aparici\u00f3n de los pa\u00f1ales descartables,<\/p>\n\n\n\n<p>Descartables como ellos, cre\u00edan a nuestros hijos;<\/p>\n\n\n\n<p>transformaron, los pa\u00f1ales en pa\u00f1uelos.<\/p>\n\n\n\n<p>Y all\u00ed, segu\u00edan el reclamo intacto y el pecho abierto.<\/p>\n\n\n\n<p>Era un pa\u00f1al y, \u00a1yo me acuerdo compa\u00f1era!<\/p>\n\n\n\n<p>Y no menciono tu nombre, por respeto.<\/p>\n\n\n\n<p>Eran importantes para vos, los otros nombres.<\/p>\n\n\n\n<p>El de Alejandro, Elvira, Floreal, Pedro;<\/p>\n\n\n\n<p>Francisco, Marcela, Augusto.<\/p>\n\n\n\n<p>Era importante Osvaldo, el hijo de do\u00f1a Margarita<\/p>\n\n\n\n<p>del almac\u00e9n de la otra cuadra;<\/p>\n\n\n\n<p>a quienes tambi\u00e9n, desaparecieron.<\/p>\n\n\n\n<p>Era un pa\u00f1al, yo me acuerdo.<\/p>\n\n\n\n<p>Estaba all\u00ed cuando se transform\u00f3 en pa\u00f1uelo:<\/p>\n\n\n\n<p>y cuando el \u201cFlaco del Sur\u201d mand\u00f3 bajar los cuadros;<\/p>\n\n\n\n<p>fuiste gu\u00eda y memoria de los nuestros.<\/p>\n\n\n\n<p>Te juro, haremos tronar el escarmiento:<\/p>\n\n\n\n<p>A los Magneto, lameculos, vendepatria.<\/p>\n\n\n\n<p>Querida vieja,<\/p>\n\n\n\n<p>con la vida te prometo, a nombre,<\/p>\n\n\n\n<p>a nombre de tu pueblo\u201d.<\/p>\n\n\n\n<p>Juan Laguna<\/p>\n\n\n\n<p>Por: Carolina Valencia Bernal, Equipo Redacci\u00f3n de Revista TU VOZ, Delegaci\u00f3n de Colombia. <\/p>\n","protected":false},"excerpt":{"rendered":"<p>Las muertes de personajes ic\u00f3nicos, de l\u00edderes\/as sociales, de activistas y luchadores\/as por los derechos humanos, de pol\u00edticos comprometidos, de seres humanos asesinados o &#8230; <\/p>\n<p class=\"read-more-container\"><a title=\"HEBE, TERNURA A LOS GRITOS\" class=\"read-more button\" href=\"https:\/\/xn--tuvozdiasporaespaola-k7b.com\/page\/2\/hebe-ternura-a-los-gritos\/#more-673\" aria-label=\"M\u00e1s en HEBE, TERNURA A LOS GRITOS\">Leer m\u00e1s<\/a><\/p>\n","protected":false},"author":222560522,"featured_media":0,"comment_status":"open","ping_status":"open","sticky":false,"template":"","format":"standard","meta":{"footnotes":""},"categories":[1771],"tags":[],"class_list":["post-673","post","type-post","status-publish","format-standard","hentry","category-sociales"],"_links":{"self":[{"href":"https:\/\/xn--tuvozdiasporaespaola-k7b.com\/page\/2\/wp-json\/wp\/v2\/posts\/673","targetHints":{"allow":["GET"]}}],"collection":[{"href":"https:\/\/xn--tuvozdiasporaespaola-k7b.com\/page\/2\/wp-json\/wp\/v2\/posts"}],"about":[{"href":"https:\/\/xn--tuvozdiasporaespaola-k7b.com\/page\/2\/wp-json\/wp\/v2\/types\/post"}],"author":[{"embeddable":true,"href":"https:\/\/xn--tuvozdiasporaespaola-k7b.com\/page\/2\/wp-json\/wp\/v2\/users\/222560522"}],"replies":[{"embeddable":true,"href":"https:\/\/xn--tuvozdiasporaespaola-k7b.com\/page\/2\/wp-json\/wp\/v2\/comments?post=673"}],"version-history":[{"count":0,"href":"https:\/\/xn--tuvozdiasporaespaola-k7b.com\/page\/2\/wp-json\/wp\/v2\/posts\/673\/revisions"}],"wp:attachment":[{"href":"https:\/\/xn--tuvozdiasporaespaola-k7b.com\/page\/2\/wp-json\/wp\/v2\/media?parent=673"}],"wp:term":[{"taxonomy":"category","embeddable":true,"href":"https:\/\/xn--tuvozdiasporaespaola-k7b.com\/page\/2\/wp-json\/wp\/v2\/categories?post=673"},{"taxonomy":"post_tag","embeddable":true,"href":"https:\/\/xn--tuvozdiasporaespaola-k7b.com\/page\/2\/wp-json\/wp\/v2\/tags?post=673"}],"curies":[{"name":"wp","href":"https:\/\/api.w.org\/{rel}","templated":true}]}}