{"id":671,"date":"2022-11-22T20:19:28","date_gmt":"2022-11-22T23:19:28","guid":{"rendered":"https:\/\/xn--tuvozdiasporaespaola-k7b.com\/?p=671"},"modified":"2022-11-22T20:21:40","modified_gmt":"2022-11-22T23:21:40","slug":"al-pueblo-lo-que-es-del-pueblo","status":"publish","type":"post","link":"https:\/\/xn--tuvozdiasporaespaola-k7b.com\/page\/2\/al-pueblo-lo-que-es-del-pueblo\/","title":{"rendered":"Al Pueblo lo que es del Pueblo."},"content":{"rendered":"\n<p>El Pueblo madrile\u00f1o ha vuelto a salir a las calles en masa. Esta vez a defender su dignidad, los servicios p\u00fablicos base del Bienestar y una conquista de la Democracia, frente a los enemigos del Bi\u00e9n Com\u00fan que se enrollan en la bandera de Espa\u00f1a para favorecer el desembarco de las transnacionales de la Sanidad y los fondos buitres que niegan tambi\u00e9n el derecho constitucional a la vivienda, e imponen la especulaci\u00f3n pirata con patente corsa.<\/p>\n\n\n\n<p>En Madrid, como antes en los Estallidos Sociales de Santiago de Chile o de la Colombia sometida por el uribismo paramilitar, el clamor popular ha sido el magma brotado de las entra\u00f1as del hast\u00edo, la desesperanza y la frustraci\u00f3n, para que sus ecos encendidos alcancen las finas moquetas de los palacios y fortines presidenciales, que desprecian los derechos y libertades de las mayor\u00edas.<\/p>\n\n\n\n<figure class=\"wp-block-image size-large\"><img fetchpriority=\"high\" decoding=\"async\" width=\"1080\" height=\"1723\" src=\"http:\/\/xn--tuvozdiasporaespaola-k7b.com\/wp-content\/uploads\/2022\/11\/screenshot_20221122-201031_telegram3414700943210769877.jpg?w=642\" alt=\"\" class=\"wp-image-667\" srcset=\"https:\/\/xn--tuvozdiasporaespaola-k7b.com\/wp-content\/uploads\/2022\/11\/screenshot_20221122-201031_telegram3414700943210769877.jpg 1080w, https:\/\/xn--tuvozdiasporaespaola-k7b.com\/wp-content\/uploads\/2022\/11\/screenshot_20221122-201031_telegram3414700943210769877-188x300.jpg 188w, https:\/\/xn--tuvozdiasporaespaola-k7b.com\/wp-content\/uploads\/2022\/11\/screenshot_20221122-201031_telegram3414700943210769877-642x1024.jpg 642w, https:\/\/xn--tuvozdiasporaespaola-k7b.com\/wp-content\/uploads\/2022\/11\/screenshot_20221122-201031_telegram3414700943210769877-768x1225.jpg 768w\" sizes=\"(max-width: 1080px) 100vw, 1080px\" \/><figcaption class=\"wp-element-caption\">MANIFESTACI\u00d3N en Madrid por la Sanidad P\u00fablica. <\/figcaption><\/figure>\n\n\n\n<p>El Madrid de la movilizaci\u00f3n del 15M que cambi\u00f3 la geopol\u00edtica del R\u00e9gimen del 78 y apart\u00f3 al bipartidismo del gobierno, el que de nuevo volvi\u00f3 a las calles en 2015 para acompa\u00f1ar a las \u2018Marchas de la Dignidad\u2019 junto a los movimientos sociales y ciudadanos que ped\u00edan \u201cpan, trabajo, techo y precisamente, dignidad\u201d, ahora, ha vuelto a despertar.&nbsp;<\/p>\n\n\n\n<p>Tras los efectos catastr\u00f3ficos de una gesti\u00f3n de la pandemia insostenible por parte del gobierno ultraliberal de Ayuso y tras el genocidio en las Residencias de mayores cuyos familiares buscan justicia en un sistema cooptado por el clientelismo pol\u00edtico-medi\u00e1tico y judicial, ahora, en un momento en donde las fuerzas progresistas se disputan los puestos para un cercano escenario electoral, las mayor\u00edas, que no reivindican un protagonismo de siglas o banderas sino que las quieren todas dando fuerza a la protesta, han marcado el camino de la superaci\u00f3n del nuevo R\u00e9gimen instalado experimentalmente en la Comunidad de Madrid, con sus met\u00e1stasis en Andaluc\u00eda y Castilla-Le\u00f3n, y que el PP y VOX ans\u00edan extender al resto de Espa\u00f1a.<\/p>\n\n\n\n<figure class=\"wp-block-image size-large\"><img decoding=\"async\" width=\"1200\" height=\"900\" src=\"http:\/\/xn--tuvozdiasporaespaola-k7b.com\/wp-content\/uploads\/2022\/11\/wp-image3937908365969840713.jpg?w=1024\" alt=\"\" class=\"wp-image-668\" srcset=\"https:\/\/xn--tuvozdiasporaespaola-k7b.com\/wp-content\/uploads\/2022\/11\/wp-image3937908365969840713.jpg 1200w, https:\/\/xn--tuvozdiasporaespaola-k7b.com\/wp-content\/uploads\/2022\/11\/wp-image3937908365969840713-300x225.jpg 300w, https:\/\/xn--tuvozdiasporaespaola-k7b.com\/wp-content\/uploads\/2022\/11\/wp-image3937908365969840713-1024x768.jpg 1024w, https:\/\/xn--tuvozdiasporaespaola-k7b.com\/wp-content\/uploads\/2022\/11\/wp-image3937908365969840713-768x576.jpg 768w\" sizes=\"(max-width: 1200px) 100vw, 1200px\" \/><\/figure>\n\n\n\n<p>Es este y no otro el camino de la recuperaci\u00f3n de la iniciativa popular frente al ascenso del fascismo y a las disputas entre las izquierdas herederas del 15M, muy argumentadas y respetables todas ellas, pero desafortunadas en sus m\u00e9todos, terrenos y tiempos para la confrontaci\u00f3n.<\/p>\n\n\n\n<p>&nbsp;La respuesta masiva, que ni la poderosa derecha medi\u00e1tica de La Villa y Corte ha podido tapar, ha interrumpido este di\u00e1logo de sordos, esta guerra de trincheras, entre el entorno pol\u00edtico y medi\u00e1tico de Yolanda D\u00edaz y la direcci\u00f3n de Podemos.<\/p>\n\n\n\n<p>A veces, cuando se pierde el rumbo y no encuentras la salida, hay que pararse a escuchar el silencio, el curso y la voz del Pueblo. No nadar a contracorriente sin rumbo, dejar de hundirse en el fragor de la disputa y no perder el rumbo de las demandas que dieron sentido al nacimiento de nuevas formaciones pol\u00edticas.<\/p>\n\n\n\n<figure class=\"wp-block-image size-large\"><img decoding=\"async\" width=\"3000\" height=\"2250\" src=\"http:\/\/xn--tuvozdiasporaespaola-k7b.com\/wp-content\/uploads\/2022\/11\/protestas_puerta_del_sol_-_madrid_-_mayo_2011_-_012216589866924873875.jpg?w=1024\" alt=\"\" class=\"wp-image-669\" srcset=\"https:\/\/xn--tuvozdiasporaespaola-k7b.com\/wp-content\/uploads\/2022\/11\/protestas_puerta_del_sol_-_madrid_-_mayo_2011_-_012216589866924873875.jpg 3000w, https:\/\/xn--tuvozdiasporaespaola-k7b.com\/wp-content\/uploads\/2022\/11\/protestas_puerta_del_sol_-_madrid_-_mayo_2011_-_012216589866924873875-300x225.jpg 300w, https:\/\/xn--tuvozdiasporaespaola-k7b.com\/wp-content\/uploads\/2022\/11\/protestas_puerta_del_sol_-_madrid_-_mayo_2011_-_012216589866924873875-1024x768.jpg 1024w, https:\/\/xn--tuvozdiasporaespaola-k7b.com\/wp-content\/uploads\/2022\/11\/protestas_puerta_del_sol_-_madrid_-_mayo_2011_-_012216589866924873875-768x576.jpg 768w, https:\/\/xn--tuvozdiasporaespaola-k7b.com\/wp-content\/uploads\/2022\/11\/protestas_puerta_del_sol_-_madrid_-_mayo_2011_-_012216589866924873875-1568x1176.jpg 1568w\" sizes=\"(max-width: 3000px) 100vw, 3000px\" \/><figcaption class=\"wp-element-caption\">Movimiento 15M<\/figcaption><\/figure>\n\n\n\n<p>Las voces o\u00eddas en Santiago, en Bogot\u00e1, en Sao Paulo, nos estremecen con su contundencia \u201c!El Pueblo, unido, jam\u00e1s ser\u00e1 vencido!\u201d y nos recuerdan el viejo esl\u00f3gan \u201cS\u00f3lo el Pueblo salva al Pueblo\u201d. Que la famosa \u201cescucha\u201d y el sentido com\u00fan, el menos com\u00fan de los sentidos, nos salven de las confrontaciones est\u00e9riles y el autismo cr\u00f3nico de las moquetas.<\/p>\n\n\n\n<figure class=\"wp-block-image size-large\"><img loading=\"lazy\" decoding=\"async\" width=\"1024\" height=\"576\" src=\"http:\/\/xn--tuvozdiasporaespaola-k7b.com\/wp-content\/uploads\/2022\/11\/694940682_226406520_1024x5768302078359292097987.jpg?w=1024\" alt=\"\" class=\"wp-image-670\" srcset=\"https:\/\/xn--tuvozdiasporaespaola-k7b.com\/wp-content\/uploads\/2022\/11\/694940682_226406520_1024x5768302078359292097987.jpg 1024w, https:\/\/xn--tuvozdiasporaespaola-k7b.com\/wp-content\/uploads\/2022\/11\/694940682_226406520_1024x5768302078359292097987-300x169.jpg 300w, https:\/\/xn--tuvozdiasporaespaola-k7b.com\/wp-content\/uploads\/2022\/11\/694940682_226406520_1024x5768302078359292097987-768x432.jpg 768w\" sizes=\"(max-width: 1024px) 100vw, 1024px\" \/><figcaption class=\"wp-element-caption\">Gustavo Petro y el sable de Bol\u00edvar.<\/figcaption><\/figure>\n\n\n\n<p>Miguel \u00c1ngel Ferris,  Equipo de Redacci\u00f3n de Revista TU VOZ, Delegaci\u00f3n Par\u00eds.<\/p>\n","protected":false},"excerpt":{"rendered":"<p>El Pueblo madrile\u00f1o ha vuelto a salir a las calles en masa. Esta vez a defender su dignidad, los servicios p\u00fablicos base del Bienestar &#8230; <\/p>\n<p class=\"read-more-container\"><a title=\"Al Pueblo lo que es del Pueblo.\" class=\"read-more button\" href=\"https:\/\/xn--tuvozdiasporaespaola-k7b.com\/page\/2\/al-pueblo-lo-que-es-del-pueblo\/#more-671\" aria-label=\"M\u00e1s en Al Pueblo lo que es del Pueblo.\">Leer m\u00e1s<\/a><\/p>\n","protected":false},"author":222560522,"featured_media":0,"comment_status":"open","ping_status":"open","sticky":false,"template":"","format":"standard","meta":{"footnotes":""},"categories":[1771],"tags":[],"class_list":["post-671","post","type-post","status-publish","format-standard","hentry","category-sociales"],"_links":{"self":[{"href":"https:\/\/xn--tuvozdiasporaespaola-k7b.com\/page\/2\/wp-json\/wp\/v2\/posts\/671","targetHints":{"allow":["GET"]}}],"collection":[{"href":"https:\/\/xn--tuvozdiasporaespaola-k7b.com\/page\/2\/wp-json\/wp\/v2\/posts"}],"about":[{"href":"https:\/\/xn--tuvozdiasporaespaola-k7b.com\/page\/2\/wp-json\/wp\/v2\/types\/post"}],"author":[{"embeddable":true,"href":"https:\/\/xn--tuvozdiasporaespaola-k7b.com\/page\/2\/wp-json\/wp\/v2\/users\/222560522"}],"replies":[{"embeddable":true,"href":"https:\/\/xn--tuvozdiasporaespaola-k7b.com\/page\/2\/wp-json\/wp\/v2\/comments?post=671"}],"version-history":[{"count":0,"href":"https:\/\/xn--tuvozdiasporaespaola-k7b.com\/page\/2\/wp-json\/wp\/v2\/posts\/671\/revisions"}],"wp:attachment":[{"href":"https:\/\/xn--tuvozdiasporaespaola-k7b.com\/page\/2\/wp-json\/wp\/v2\/media?parent=671"}],"wp:term":[{"taxonomy":"category","embeddable":true,"href":"https:\/\/xn--tuvozdiasporaespaola-k7b.com\/page\/2\/wp-json\/wp\/v2\/categories?post=671"},{"taxonomy":"post_tag","embeddable":true,"href":"https:\/\/xn--tuvozdiasporaespaola-k7b.com\/page\/2\/wp-json\/wp\/v2\/tags?post=671"}],"curies":[{"name":"wp","href":"https:\/\/api.w.org\/{rel}","templated":true}]}}