{"id":662,"date":"2022-11-22T00:40:50","date_gmt":"2022-11-22T03:40:50","guid":{"rendered":"https:\/\/xn--tuvozdiasporaespaola-k7b.com\/2022\/11\/22\/el-plan-secesionista-contra-bolivia-sigue-vivo\/"},"modified":"2022-11-22T00:40:50","modified_gmt":"2022-11-22T03:40:50","slug":"el-plan-secesionista-contra-bolivia-sigue-vivo","status":"publish","type":"post","link":"https:\/\/xn--tuvozdiasporaespaola-k7b.com\/page\/2\/el-plan-secesionista-contra-bolivia-sigue-vivo\/","title":{"rendered":"El plan secesionista contra Bolivia sigue vivo"},"content":{"rendered":"\n<p>En Bolivia se reactiva el movimiento golpista y secesionista en el departamento de Santa<br>Cruz con otro violento e indefinido \u00abparo c\u00edvico\u00bb con la excusa de adelantar un a\u00f1o la<br>realizaci\u00f3n de un censo nacional promovido por el Gobierno.<br>El promotor del paro no es otro que el gobernador Luis Fernando Camacho, uno de los principales operadores del golpe del a\u00f1o 2019 que derroc\u00f3 al presidente electo Evo Morales y apenas dur\u00f3 un a\u00f1o en el poder. El principal apoyo de Camacho es de nuevo la Juventud Cruce\u00f1ista, un grupo paramilitar fascista con muchos intentos violentos por derrocar al gobierno ind\u00edgena y socialista del MAS en su historial.<br>El epicentro es el Departamento de Santa Cruz, eje privilegiado de la denominada \u201cmedia luna\u201d secesionista de departamentos amaz\u00f3nicos en Bolivia. La Amazon\u00eda boliviana constituye el 43% del territorio nacional y desde el punto de vista ecol\u00f3gico abarca los departamentos de Pando, Beni, Cochabamba, Santa Cruz y La Paz, con un total de 88 municipios.<\/p>\n\n\n\n<figure class=\"wp-block-image size-large\"><img fetchpriority=\"high\" decoding=\"async\" width=\"1104\" height=\"622\" src=\"http:\/\/xn--tuvozdiasporaespaola-k7b.com\/wp-content\/uploads\/2022\/11\/5de1c78459bf5b55040fb7251033583251447422797.jpg?w=1024\" alt=\"\" class=\"wp-image-658\" srcset=\"https:\/\/xn--tuvozdiasporaespaola-k7b.com\/wp-content\/uploads\/2022\/11\/5de1c78459bf5b55040fb7251033583251447422797.jpg 1104w, https:\/\/xn--tuvozdiasporaespaola-k7b.com\/wp-content\/uploads\/2022\/11\/5de1c78459bf5b55040fb7251033583251447422797-300x169.jpg 300w, https:\/\/xn--tuvozdiasporaespaola-k7b.com\/wp-content\/uploads\/2022\/11\/5de1c78459bf5b55040fb7251033583251447422797-1024x577.jpg 1024w, https:\/\/xn--tuvozdiasporaespaola-k7b.com\/wp-content\/uploads\/2022\/11\/5de1c78459bf5b55040fb7251033583251447422797-768x433.jpg 768w\" sizes=\"(max-width: 1104px) 100vw, 1104px\" \/><figcaption class=\"wp-element-caption\">Luis Fernando Camacho<\/figcaption><\/figure>\n\n\n\n<p>La partici\u00f3n de Bolivia se plane\u00f3 mucho antes de que Evo Morales llegara al poder a finales<br>de 2006, la intromisi\u00f3n norteamericana de la mano de Mark Falcoff, asesor de la<br>administraci\u00f3n Bush para Am\u00e9rica Latina y una figura destacada en la pol\u00edtica<br>latinoamericana de EEUU durante 30 a\u00f1os, uno de los ide\u00f3logos de la injerencia para dividir al pa\u00eds. En su art\u00edculo <em>\u201c\u00bfLos \u00faltimos d\u00edas de Bolivia?\u201d<\/em> en mayo de 2004, predec\u00eda la divisi\u00f3n \u00e9tnica de Bolivia tras la oleada de levantamientos populares que desembocaron en el derrocamiento del presidente S\u00e1nchez de Lozada en 2003.<br>Falcoff se\u00f1alaba: \u00ab\u2026<em>un hecho fundamental sobre Bolivia, a saber, que es una sociedad<\/em><br><em>dividida a lo largo de dos grandes l\u00edneas de fractura: la raza y la geograf\u00eda. La rep\u00fablica<\/em><br><em>tiene dos regiones distintas: el altiplano andino (departamentos de Potos\u00ed, La Paz,<\/em><\/p>\n\n\n\n<figure class=\"wp-block-image size-large\"><img decoding=\"async\" width=\"842\" height=\"1146\" src=\"http:\/\/xn--tuvozdiasporaespaola-k7b.com\/wp-content\/uploads\/2022\/11\/screenshot_20221122-002917_drive2045336876373991581.jpg?w=752\" alt=\"\" class=\"wp-image-659\" srcset=\"https:\/\/xn--tuvozdiasporaespaola-k7b.com\/wp-content\/uploads\/2022\/11\/screenshot_20221122-002917_drive2045336876373991581.jpg 842w, https:\/\/xn--tuvozdiasporaespaola-k7b.com\/wp-content\/uploads\/2022\/11\/screenshot_20221122-002917_drive2045336876373991581-220x300.jpg 220w, https:\/\/xn--tuvozdiasporaespaola-k7b.com\/wp-content\/uploads\/2022\/11\/screenshot_20221122-002917_drive2045336876373991581-752x1024.jpg 752w, https:\/\/xn--tuvozdiasporaespaola-k7b.com\/wp-content\/uploads\/2022\/11\/screenshot_20221122-002917_drive2045336876373991581-768x1045.jpg 768w\" sizes=\"(max-width: 842px) 100vw, 842px\" \/><\/figure>\n\n\n\n<p><em>Cochabamba y Oruro) y una media luna de departamentos situados en zonas m\u00e1s bajas,<\/em><br><em>tropicales o semitropicales (Pando, Beni, Santa Cruz, Chuquisaca y Tarija).\u00bb<\/em><br>Falcoff contrastaba la situaci\u00f3n en la Bolivia andina, pobre, con cultivo de coca para fabricar droga, violenta, subdesarrollada y levantisca con la pr\u00f3spera Santa Cruz, que generando el 51% de los ingresos del pa\u00eds solo recib\u00eda \u201c<em>un peque\u00f1o porcentaje\u201d <\/em>de las ganancias generadas por el petr\u00f3leo y el gas.<br>Para ello Falcoff recomendaba una nueva Constituci\u00f3n que deber\u00eda \u201c<em>remediar la necesidad de descentralizar la autoridad y los recursos\u201d<\/em> acompa\u00f1ada de \u201c<em> un verdadero intento de soluci\u00f3n federal, con una redistribuci\u00f3n regional de los recursos y una pol\u00edtica energ\u00e9tica racional\u201d.<\/em><\/p>\n\n\n\n<figure class=\"wp-block-image size-large\"><img decoding=\"async\" width=\"1080\" height=\"686\" src=\"http:\/\/xn--tuvozdiasporaespaola-k7b.com\/wp-content\/uploads\/2022\/11\/screenshot_20221122-003322_google7056279319394118777.jpg?w=1024\" alt=\"\" class=\"wp-image-660\" srcset=\"https:\/\/xn--tuvozdiasporaespaola-k7b.com\/wp-content\/uploads\/2022\/11\/screenshot_20221122-003322_google7056279319394118777.jpg 1080w, https:\/\/xn--tuvozdiasporaespaola-k7b.com\/wp-content\/uploads\/2022\/11\/screenshot_20221122-003322_google7056279319394118777-300x191.jpg 300w, https:\/\/xn--tuvozdiasporaespaola-k7b.com\/wp-content\/uploads\/2022\/11\/screenshot_20221122-003322_google7056279319394118777-1024x650.jpg 1024w, https:\/\/xn--tuvozdiasporaespaola-k7b.com\/wp-content\/uploads\/2022\/11\/screenshot_20221122-003322_google7056279319394118777-768x488.jpg 768w\" sizes=\"(max-width: 1080px) 100vw, 1080px\" \/><\/figure>\n\n\n\n<p>La \u00abinjerencia\u00bb de EEUU en Am\u00e9rica Latina cambia de forma, pero no se rinde<br>Ahora el inter\u00e9s por Bolivia se acrecenta con los inmensos yacimientos de litio que se han<br>descubierto en los \u00faltimos a\u00f1os que no se encuentran en la media luna amaz\u00f3nica<br>secesionista sino en el oeste y suroeste del pa\u00eds, es por eso que las transnacionales ven<br>m\u00e1s urgente que nunca la necesidad de dividir al pa\u00eds andino impulsor de radicales<br>transformaciones sociales, un pa\u00eds con una tasa de variaci\u00f3n anual del IPC en octubre de<br>2022 del 2,9%, la variaci\u00f3n mensual del IPC ha sido del 0,8%, de forma que la inflaci\u00f3n<br>acumulada en 2022 es del 2,5% que ya quisieran los pa\u00edses vecinos.<br>La econom\u00eda boliviana creci\u00f3 un 4,13% en el 1S de 2022 en un contexto internacional adverso, a\u00fan debilitado por los efectos de la pandemia por COVID19 y el conflicto militar de Ucrania, con el resurgimiento de problemas inflacionarios en las principales econom\u00edas occidentales que repercutieron en la regi\u00f3n y principalmente a pa\u00edses vecinos y socios comerciales, Bolivia registra importantes tasas de crecimiento, debe resaltarse el crecimiento de 4,15% del Gasto de Consumo Final de los Hogares, efecto del dinamismo interno otorgado por las pol\u00edticas p\u00fablicas de reactivaci\u00f3n del mercado interno.<br>Las actividades econ\u00f3micas que mejor desempe\u00f1o tuvieron en 2022, Transporte y<br>Almacenamiento, Otros Servicios y Electricidad, Gas y Agua. En el primer caso, la variaci\u00f3n fue de 10,45%, principalmente, como consecuencia del crecimiento de 36,42% del Servicio<\/p>\n\n\n\n<figure class=\"wp-block-image size-large\"><img loading=\"lazy\" decoding=\"async\" width=\"810\" height=\"812\" src=\"http:\/\/xn--tuvozdiasporaespaola-k7b.com\/wp-content\/uploads\/2022\/11\/22-09-11-pib-primer-trimestre477464839574213458.jpg?w=810\" alt=\"\" class=\"wp-image-661\" srcset=\"https:\/\/xn--tuvozdiasporaespaola-k7b.com\/wp-content\/uploads\/2022\/11\/22-09-11-pib-primer-trimestre477464839574213458.jpg 810w, https:\/\/xn--tuvozdiasporaespaola-k7b.com\/wp-content\/uploads\/2022\/11\/22-09-11-pib-primer-trimestre477464839574213458-300x300.jpg 300w, https:\/\/xn--tuvozdiasporaespaola-k7b.com\/wp-content\/uploads\/2022\/11\/22-09-11-pib-primer-trimestre477464839574213458-150x150.jpg 150w, https:\/\/xn--tuvozdiasporaespaola-k7b.com\/wp-content\/uploads\/2022\/11\/22-09-11-pib-primer-trimestre477464839574213458-768x770.jpg 768w\" sizes=\"(max-width: 810px) 100vw, 810px\" \/><\/figure>\n\n\n\n<p>de Transporte A\u00e9reo, y 17,45% Transporte Ferroviario, a raz\u00f3n del mayor flujo de pasajeros y carga.<br>La actividad de Otros Servicios registr\u00f3 una variaci\u00f3n positiva de 8,65%, como<br>consecuencia del crecimiento en 12,95% del servicio de Restaurantes y Hoteles. Mientras<br>que, la actividad de Electricidad, Gas y Agua, registr\u00f3 variaci\u00f3n de 7,03%, resultado<br>principalmente del mayor crecimiento en el servicio de Electricidad de 7,61%, Construcci\u00f3n y Agropecuaria, con variaciones de 6,07% y 5,73%.<br>Ejemplos de injerencia, son las frecuentes visitas de enviados militares estadounidenses a Am\u00e9rica Latina. Laura Richardson, jefa del Comando Sur de los EEUU, visit\u00f3 tres veces<br>Colombia entre 2021 y 2022 y, en lo que va del a\u00f1o, tambi\u00e9n estuvo presente en Argentina,<br>Chile y Ecuador.<\/p>\n\n\n\n<p>Juan Lopez , Redacci\u00f3n Revista TU VOZ,  Delegaci\u00f3n de Argentina.<\/p>\n","protected":false},"excerpt":{"rendered":"<p>En Bolivia se reactiva el movimiento golpista y secesionista en el departamento de SantaCruz con otro violento e indefinido \u00abparo c\u00edvico\u00bb con la excusa &#8230; <\/p>\n<p class=\"read-more-container\"><a title=\"El plan secesionista contra Bolivia sigue vivo\" class=\"read-more button\" href=\"https:\/\/xn--tuvozdiasporaespaola-k7b.com\/page\/2\/el-plan-secesionista-contra-bolivia-sigue-vivo\/#more-662\" aria-label=\"M\u00e1s en El plan secesionista contra Bolivia sigue vivo\">Leer m\u00e1s<\/a><\/p>\n","protected":false},"author":222560522,"featured_media":0,"comment_status":"open","ping_status":"open","sticky":false,"template":"","format":"standard","meta":{"footnotes":""},"categories":[1771],"tags":[],"class_list":["post-662","post","type-post","status-publish","format-standard","hentry","category-sociales"],"_links":{"self":[{"href":"https:\/\/xn--tuvozdiasporaespaola-k7b.com\/page\/2\/wp-json\/wp\/v2\/posts\/662","targetHints":{"allow":["GET"]}}],"collection":[{"href":"https:\/\/xn--tuvozdiasporaespaola-k7b.com\/page\/2\/wp-json\/wp\/v2\/posts"}],"about":[{"href":"https:\/\/xn--tuvozdiasporaespaola-k7b.com\/page\/2\/wp-json\/wp\/v2\/types\/post"}],"author":[{"embeddable":true,"href":"https:\/\/xn--tuvozdiasporaespaola-k7b.com\/page\/2\/wp-json\/wp\/v2\/users\/222560522"}],"replies":[{"embeddable":true,"href":"https:\/\/xn--tuvozdiasporaespaola-k7b.com\/page\/2\/wp-json\/wp\/v2\/comments?post=662"}],"version-history":[{"count":0,"href":"https:\/\/xn--tuvozdiasporaespaola-k7b.com\/page\/2\/wp-json\/wp\/v2\/posts\/662\/revisions"}],"wp:attachment":[{"href":"https:\/\/xn--tuvozdiasporaespaola-k7b.com\/page\/2\/wp-json\/wp\/v2\/media?parent=662"}],"wp:term":[{"taxonomy":"category","embeddable":true,"href":"https:\/\/xn--tuvozdiasporaespaola-k7b.com\/page\/2\/wp-json\/wp\/v2\/categories?post=662"},{"taxonomy":"post_tag","embeddable":true,"href":"https:\/\/xn--tuvozdiasporaespaola-k7b.com\/page\/2\/wp-json\/wp\/v2\/tags?post=662"}],"curies":[{"name":"wp","href":"https:\/\/api.w.org\/{rel}","templated":true}]}}