{"id":656,"date":"2022-11-19T22:28:42","date_gmt":"2022-11-20T01:28:42","guid":{"rendered":"https:\/\/xn--tuvozdiasporaespaola-k7b.com\/?p=656"},"modified":"2022-11-19T22:28:44","modified_gmt":"2022-11-20T01:28:44","slug":"ahora-mas-que-nunca-creo-que-hacen-falta-gobiernos-progresistas","status":"publish","type":"post","link":"https:\/\/xn--tuvozdiasporaespaola-k7b.com\/page\/2\/ahora-mas-que-nunca-creo-que-hacen-falta-gobiernos-progresistas\/","title":{"rendered":"\u201cAhora m\u00e1s que nunca creo que hacen falta gobiernos progresistas\u201d"},"content":{"rendered":"\n<p>H\u00e9ctor Illueca Ballester, Vicepresidente segundo y consejero de Vivienda y Arquitectura Bioclim\u00e1tica de la Generalitat Valenciana, ha resultado ganador recientemente en las primarias de Podemos para la candidatura a la Presidencia de la Generalitat Valenciana.&nbsp;<\/p>\n\n\n\n<p>En una entrevista concedida al programa radial \u201cCenizas de Babilonia, Di\u00e1spora Espa\u00f1ola\u201d -que emite AM570 Radio Argentina- el candidato de la agrupaci\u00f3n progresista se refiri\u00f3, entre otros temas, a las medidas que impulsa para garantizar el acceso a una vivienda digna, y a los problemas que enfrentan los sectores vulnerables de la Comunidad Valenciana.&nbsp;<\/p>\n\n\n\n<figure class=\"wp-block-image size-large\"><img fetchpriority=\"high\" decoding=\"async\" width=\"3000\" height=\"2250\" src=\"http:\/\/xn--tuvozdiasporaespaola-k7b.com\/wp-content\/uploads\/2022\/11\/20221104_1908461980811494697708239.jpg?w=1024\" alt=\"\" class=\"wp-image-652\" srcset=\"https:\/\/xn--tuvozdiasporaespaola-k7b.com\/wp-content\/uploads\/2022\/11\/20221104_1908461980811494697708239.jpg 3000w, https:\/\/xn--tuvozdiasporaespaola-k7b.com\/wp-content\/uploads\/2022\/11\/20221104_1908461980811494697708239-300x225.jpg 300w, https:\/\/xn--tuvozdiasporaespaola-k7b.com\/wp-content\/uploads\/2022\/11\/20221104_1908461980811494697708239-1024x768.jpg 1024w, https:\/\/xn--tuvozdiasporaespaola-k7b.com\/wp-content\/uploads\/2022\/11\/20221104_1908461980811494697708239-768x576.jpg 768w, https:\/\/xn--tuvozdiasporaespaola-k7b.com\/wp-content\/uploads\/2022\/11\/20221104_1908461980811494697708239-1568x1176.jpg 1568w\" sizes=\"(max-width: 3000px) 100vw, 3000px\" \/><\/figure>\n\n\n\n<p>\u00a0<strong>\u00bfC\u00f3mo se siente al ser candidato por la formaci\u00f3n progresista y al asumir tal responsabilidad?<\/strong><\/p>\n\n\n\n<p>La verdad es que lo asumo con orgullo y con much\u00edsima esperanza. Creo que vivimos un momento muy complejo desde el punto de vista pol\u00edtico, pero tambi\u00e9n muy interesante. El mundo est\u00e1 cambiando, est\u00e1n apareciendo fen\u00f3menos que nos llenan de ilusi\u00f3n, como es la reciente victoria de Lula da Silva en las elecciones brasile\u00f1as; y otros cambios que se est\u00e1n produciendo en toda Am\u00e9rica Latina y en otras partes del mundo. Y en ese sentido pues nos hacen estar esperanzados en el futuro inmediato. Es verdad que el momento es complejo. Las consecuencias de la guerra en Europa se est\u00e1n sintiendo en todo el mundo, tambi\u00e9n en Espa\u00f1a, donde son palpables en la inflaci\u00f3n que sufren los sectores populares, en la crisis energ\u00e9tica que est\u00e1 golpeando a las familias y a las empresas, la subida de tipos de inter\u00e9s est\u00e1n encareciendo las hipotecas; son momentos complejos pero insisto, tambi\u00e9n interesantes y ahora m\u00e1s que nunca creo que hacen falta gobiernos progresistas que hagan irreversible las conquistas sociales que hemos logrado en la comunidad valenciana y que sean capaces de llevar m\u00e1s lejos todav\u00eda las pol\u00edticas al servicio de las clases populares en materia de educaci\u00f3n, de vivienda, de sanidad, de pol\u00edticas sociales en todos los \u00e1mbitos que son sensibles, a los sectores vulnerables. As\u00ed que con esperanza, y desde luego,con mucha responsabilidad.\u00a0<\/p>\n\n\n\n<p><strong>En toda formaci\u00f3n pol\u00edtica hay ciertas tensiones internas, m\u00e1s aun cuando son los momentos de las asignaciones. \u00bfHubo tensi\u00f3n en tu caso particular, o fue un resultado de conversaciones y de consenso?<\/strong><\/p>\n\n\n\n<p>Yo creo que hubo un amplio consenso en todo el proceso. Las primarias son el primer paso de un camino pol\u00edtico que vamos a recorrer, donde lo fundamental para nosotros es la propuesta, el proyecto y el programa. Es fundamental que los pol\u00edticos no estemos todo el d\u00eda hablando de nosotros mismos. Es fundamental que estemos sintonizando con las inquietudes de la calle, con los problemas de la gente. A m\u00ed siempre me gusta recordad que se est\u00e1 produciendo en Espa\u00f1a una separaci\u00f3n entre el palacio y la calle, entre la clase pol\u00edtica y la gente que sufre los problemas de la inflaci\u00f3n, de la crisis energ\u00e9tica, que no pueden afrontar ya el pago de la hipoteca. Y creo que nuestra obligaci\u00f3n es estar precisamente all\u00ed. Nosotros venimos de la calle. Esos son nuestros or\u00edgenes, las calles, las plazas, las protestas sociales que se produjeron contra la gesti\u00f3n neoliberal de la crisis, y ahora es muy importante que nos centremos en la pol\u00edtica, poner en el centro el programa y el proyecto, y en ese sentido he pedido ya una reuni\u00f3n al Consejo Ciudadano Auton\u00f3mico para que apruebe un borrador que esperamos discutir con toda nuestra base social; un borrador de proyecto que d\u00e9 una respuesta solvente a los problemas de la comunidad valenciana. Y en paralelo vamos a empezar tambi\u00e9n a construir un equipo para gobernar nuestra tierra; y en eso es en lo que estamos, es a lo que nos vamos a dedicar en los pr\u00f3ximos meses. Somos una fuerza pol\u00edtica relativamente joven, a m\u00ed me gusta insistir en ello, y tenemos muchas ganas de hacer pol\u00edtica pero pol\u00edtica de la buena, de la que se basa en ideas y en principios y que es capaz de convertir todo eso en programa y en acci\u00f3n pol\u00edtica; de modo que esa es nuestra perspectiva y a lo que nos vamos a dedicar.\u00a0<\/p>\n\n\n\n<figure class=\"wp-block-image size-large\"><img decoding=\"async\" width=\"3000\" height=\"2250\" src=\"http:\/\/xn--tuvozdiasporaespaola-k7b.com\/wp-content\/uploads\/2022\/11\/20221104_2043315556837607649504028.jpg?w=1024\" alt=\"\" class=\"wp-image-653\" srcset=\"https:\/\/xn--tuvozdiasporaespaola-k7b.com\/wp-content\/uploads\/2022\/11\/20221104_2043315556837607649504028.jpg 3000w, https:\/\/xn--tuvozdiasporaespaola-k7b.com\/wp-content\/uploads\/2022\/11\/20221104_2043315556837607649504028-300x225.jpg 300w, https:\/\/xn--tuvozdiasporaespaola-k7b.com\/wp-content\/uploads\/2022\/11\/20221104_2043315556837607649504028-1024x768.jpg 1024w, https:\/\/xn--tuvozdiasporaespaola-k7b.com\/wp-content\/uploads\/2022\/11\/20221104_2043315556837607649504028-768x576.jpg 768w, https:\/\/xn--tuvozdiasporaespaola-k7b.com\/wp-content\/uploads\/2022\/11\/20221104_2043315556837607649504028-1568x1176.jpg 1568w\" sizes=\"(max-width: 3000px) 100vw, 3000px\" \/><figcaption class=\"wp-element-caption\">H\u00e9ctor Illueca  junto a los responsables de los GT de C\u00edrculos y Organizaci\u00f3n de Podemos Exterior <\/figcaption><\/figure>\n\n\n\n<p><strong>Seg\u00fan tu punto de vista, \u00bfcu\u00e1les son las perspectivas en cuanto a resultados de la formaci\u00f3n en las pr\u00f3ximas auton\u00f3micas?<\/strong><\/p>\n\n\n\n<p>Nosotros aspiramos a crear las bases que hagan posible un nuevo gobierno progresista en la comunidad valenciana; pero ser\u00e9 muy claro en una cosa\u2026 Con una correlaci\u00f3n de fuerza distinta, favorable al bloque alternativo, al Partido Socialista, hacemos un balance positivo de nuestra presencia en el gobierno. Creo que hemos conseguido avances muy significativos en muchos \u00e1mbitos, empezando por la vivienda, acabando por las pol\u00edticas sociales, los modelos de gesti\u00f3n, en ese sentido es sin duda positivo. Y tambi\u00e9n es un hecho hist\u00f3rico que una fuerza pol\u00edtica como la nuestra, que nace de la protesta social y del dolor social que nace en la crisis del 2008, est\u00e9 hoy en posiciones de gobierno. Yo creo que por eso es positivo, pero tambi\u00e9n hemos constatado las limitaciones que tiene gobernar en esta correlaci\u00f3n de fuerzas con el Partido Socialista cada d\u00eda y en cada tema. A la hora de aprobar una reforma fiscal en lo que ata\u00f1e al cambio de modelo productivo, lo estamos viendo ahora con el gobierno del Estado con la Ley de vivienda, donde estamos planteando la necesidad de suspender los desahucios hasta que no exista una alternativa habitacional y regular los precios de los alquileres que est\u00e1n afectando muy negativamente a sectores que encuentran graves dificultades para acceder a una vivienda. Y efectivamente todos son problemas. Los avances a veces no llegan; otras veces lo hacen demasiado tarde, de modo que nuestra aspiraci\u00f3n es reeditar un gobierno progresista en nuestra tierra, pero con una correlaci\u00f3n de fuerzas distintas para hacerle frente a una situaci\u00f3n que va a ser muy complicada y donde las clases populares necesitan un gobierno valiente que les tienda la mano y les plante cara a los poderosos.<\/p>\n\n\n\n<figure class=\"wp-block-image size-large\"><img decoding=\"async\" width=\"1248\" height=\"770\" src=\"http:\/\/xn--tuvozdiasporaespaola-k7b.com\/wp-content\/uploads\/2022\/11\/hector-illueca-kmsg-u901294570138iec-1248x77040lasprovincias7313434978312498263..jpg?w=1024\" alt=\"\" class=\"wp-image-654\" srcset=\"https:\/\/xn--tuvozdiasporaespaola-k7b.com\/wp-content\/uploads\/2022\/11\/hector-illueca-kmsg-u901294570138iec-1248x77040lasprovincias7313434978312498263..jpg 1248w, https:\/\/xn--tuvozdiasporaespaola-k7b.com\/wp-content\/uploads\/2022\/11\/hector-illueca-kmsg-u901294570138iec-1248x77040lasprovincias7313434978312498263.-300x185.jpg 300w, https:\/\/xn--tuvozdiasporaespaola-k7b.com\/wp-content\/uploads\/2022\/11\/hector-illueca-kmsg-u901294570138iec-1248x77040lasprovincias7313434978312498263.-1024x632.jpg 1024w, https:\/\/xn--tuvozdiasporaespaola-k7b.com\/wp-content\/uploads\/2022\/11\/hector-illueca-kmsg-u901294570138iec-1248x77040lasprovincias7313434978312498263.-768x474.jpg 768w\" sizes=\"(max-width: 1248px) 100vw, 1248px\" \/><\/figure>\n\n\n\n<p><strong>Uno de los problemas a los que se enfrentan hoy en d\u00eda los ciudadanos comunes es el de la vivienda, y tengo entendido que es una de tus atribuciones actuales, \u00bfqu\u00e9 soluciones planteas para resolver este tema que hace que millones de compatriotas no puedan dormir adecuadamente?<\/strong><\/p>\n\n\n\n<p>Este es un asunto en el que las necesidades sociales son tan acuciantes, y son tantos los problemas que tiene la gente, que todo lo que hagamos ser\u00e1 poco; pero es verdad que estamos haciendo algunas cosas encaminadas a tratar de convertir la vivienda en un derecho, y el acceso a la vivienda en una realidad para los ciudadanos y ciudadanas de la comunidad valenciana. Lo estamos haciendo en primer lugar con medidas de efecto inmediato que tratan de paliar los problemas que efectivamente existen para acceder a una vivienda, como son las ayudas al alquiler, el bono joven y otro tipo de ayudas y subvenciones que estamos otorgando para paliar los efectos de la inflaci\u00f3n y facilitar el acceso a la vivienda a colectivos como por ejemplo la juventud. Pero lo estamos haciendo tambi\u00e9n con medidas estructurales, y yo aqu\u00ed destacar\u00eda dos grandes \u00e1mbitos, en primer lugar la ampliaci\u00f3n del parque p\u00fablico de vivienda, que es el tronco de cualquier pol\u00edtica de vivienda. Estamos ampliando el parque p\u00fablico mediante nuevas adquisiciones. Llevamos adquiridas m\u00e1s de mil viviendas en esta legislatura que despu\u00e9s de d\u00e9cadas sin adquirir ni una sola, creo que la cifra es suficientemente elocuente. Estamos promoviendo vivienda p\u00fablica e impulsando medidas de colaboraci\u00f3n p\u00fablica y privada para construir y ampliar el parque p\u00fablico y el parque de alquiler social. Pero adem\u00e1s estamos buscando tambi\u00e9n regular e intervenir el mercado inmobiliario para que no sea una selva en donde siempre ganan los m\u00e1s fuertes, estamos apostando por regular la actividad de los fondos buitre, tenemos en marcha un decreto ley que ver\u00e1 la luz muy pronto y en el que contemplamos nuevas obligaciones para estos agentes, como la expropiaci\u00f3n temporal del uso de viviendas que est\u00e1n excluidas del mercado con una finalidad especulativa. U obligaciones nuevas, por ejemplo de ofrecer contratos de alquiler a determinados sectores vulnerables. Creo que cuanto hagamos ser\u00e1 siempre poco porque las necesidades son muy grandes, pero algunas cosas estamos haciendo bien y, con toda modestia, le digo que hoy la comunidad valenciana y sus pol\u00edticas de vivienda son un referente para el conjunto del estado. Y en ese sentido es verdad que nos sentimos orgullosos\u00a0.\u00a0\u00a0\u00a0\u00a0<\/p>\n\n\n\n<figure class=\"wp-block-image size-large\"><img loading=\"lazy\" decoding=\"async\" width=\"768\" height=\"576\" src=\"http:\/\/xn--tuvozdiasporaespaola-k7b.com\/wp-content\/uploads\/2022\/11\/fgq5wz3xeaabi8p_noticiaampliada8606590358861175057.jpg?w=768\" alt=\"\" class=\"wp-image-655\" srcset=\"https:\/\/xn--tuvozdiasporaespaola-k7b.com\/wp-content\/uploads\/2022\/11\/fgq5wz3xeaabi8p_noticiaampliada8606590358861175057.jpg 768w, https:\/\/xn--tuvozdiasporaespaola-k7b.com\/wp-content\/uploads\/2022\/11\/fgq5wz3xeaabi8p_noticiaampliada8606590358861175057-300x225.jpg 300w\" sizes=\"(max-width: 768px) 100vw, 768px\" \/><\/figure>\n\n\n\n<p>Frente a la milit\u00e0ncia Valenciana acto Electoral.<\/p>\n\n\n\n<p>Por Walter C. Medina, Equipo Redacci\u00f3n de Revista TU VOZ Latinoam\u00e9rica,  Delegaci\u00f3n Argentina.<\/p>\n","protected":false},"excerpt":{"rendered":"<p>H\u00e9ctor Illueca Ballester, Vicepresidente segundo y consejero de Vivienda y Arquitectura Bioclim\u00e1tica de la Generalitat Valenciana, ha resultado ganador recientemente en las primarias de &#8230; <\/p>\n<p class=\"read-more-container\"><a title=\"\u201cAhora m\u00e1s que nunca creo que hacen falta gobiernos progresistas\u201d\" class=\"read-more button\" href=\"https:\/\/xn--tuvozdiasporaespaola-k7b.com\/page\/2\/ahora-mas-que-nunca-creo-que-hacen-falta-gobiernos-progresistas\/#more-656\" aria-label=\"M\u00e1s en \u201cAhora m\u00e1s que nunca creo que hacen falta gobiernos progresistas\u201d\">Leer m\u00e1s<\/a><\/p>\n","protected":false},"author":222560522,"featured_media":0,"comment_status":"open","ping_status":"open","sticky":false,"template":"","format":"standard","meta":{"footnotes":""},"categories":[1771],"tags":[],"class_list":["post-656","post","type-post","status-publish","format-standard","hentry","category-sociales"],"_links":{"self":[{"href":"https:\/\/xn--tuvozdiasporaespaola-k7b.com\/page\/2\/wp-json\/wp\/v2\/posts\/656","targetHints":{"allow":["GET"]}}],"collection":[{"href":"https:\/\/xn--tuvozdiasporaespaola-k7b.com\/page\/2\/wp-json\/wp\/v2\/posts"}],"about":[{"href":"https:\/\/xn--tuvozdiasporaespaola-k7b.com\/page\/2\/wp-json\/wp\/v2\/types\/post"}],"author":[{"embeddable":true,"href":"https:\/\/xn--tuvozdiasporaespaola-k7b.com\/page\/2\/wp-json\/wp\/v2\/users\/222560522"}],"replies":[{"embeddable":true,"href":"https:\/\/xn--tuvozdiasporaespaola-k7b.com\/page\/2\/wp-json\/wp\/v2\/comments?post=656"}],"version-history":[{"count":0,"href":"https:\/\/xn--tuvozdiasporaespaola-k7b.com\/page\/2\/wp-json\/wp\/v2\/posts\/656\/revisions"}],"wp:attachment":[{"href":"https:\/\/xn--tuvozdiasporaespaola-k7b.com\/page\/2\/wp-json\/wp\/v2\/media?parent=656"}],"wp:term":[{"taxonomy":"category","embeddable":true,"href":"https:\/\/xn--tuvozdiasporaespaola-k7b.com\/page\/2\/wp-json\/wp\/v2\/categories?post=656"},{"taxonomy":"post_tag","embeddable":true,"href":"https:\/\/xn--tuvozdiasporaespaola-k7b.com\/page\/2\/wp-json\/wp\/v2\/tags?post=656"}],"curies":[{"name":"wp","href":"https:\/\/api.w.org\/{rel}","templated":true}]}}