{"id":6499,"date":"2024-09-12T10:55:25","date_gmt":"2024-09-12T13:55:25","guid":{"rendered":"https:\/\/xn--tuvozdiasporaespaola-k7b.com\/page\/2\/?p=6499"},"modified":"2024-09-12T10:55:26","modified_gmt":"2024-09-12T13:55:26","slug":"convocatoria-a-la-internacional-antiimperialista-de-los-pueblos-en-defensa-de-la-humanidad-y-la-naturaleza","status":"publish","type":"post","link":"https:\/\/xn--tuvozdiasporaespaola-k7b.com\/page\/2\/convocatoria-a-la-internacional-antiimperialista-de-los-pueblos-en-defensa-de-la-humanidad-y-la-naturaleza\/","title":{"rendered":"Convocatoria a la Internacional Antiimperialista de los Pueblos,\u00a0en Defensa de la Humanidad y la Naturaleza."},"content":{"rendered":"\n<p>La Humanidad y la Naturaleza amenazadas con el exterminio, nos exigen a sus hijos e hijas, y a los pueblos del mundo, tomar en nuestras manos el desaf\u00edo de reconstruir y garantizar la vida en el planeta tierra.<\/p>\n\n\n\n<p>Este colosal desaf\u00edo ha sido contundentemente se\u00f1alado por l\u00edderes de los pueblos:<\/p>\n\n\n\n<p>&nbsp;\u201cEl imperio quiere gobernar el mundo y el mundo es ingobernable\u201d. Fidel Castro.<\/p>\n\n\n\n<p>\u201cDebemos impedir la consolidaci\u00f3n de la dictadura imperial\u201d. Hugo Ch\u00e1vez.&nbsp;<\/p>\n\n\n\n<p>\u201cSolo una respuesta colectiva internacional puede ganar esta batalla\u201d. Xi Jinping&nbsp;<\/p>\n\n\n\n<p>\u00a1Derrotar el destructivo y voraz capitalismo y al imperialismo, su principal forma de dominaci\u00f3n, es la principal tarea a que nos convocamos!<\/p>\n\n\n\n<p><strong>&nbsp;<\/strong>Los seres humanos nos enfrentamos a la posibilidad cierta de un final catastr\u00f3fico, provocado por la mano de qui\u00e9nes hoy dominan por completo nuestro mundo. Ser\u00eda ingenuo ponernos en el plan de que como especie somos todos destructivos, cuando es en realidad el c\u00famulo de intereses de una minor\u00eda que apenas supera el dos por ciento de toda la poblaci\u00f3n mundial, la que provoca todos los desequilibrios que, poco a poco, van arrastr\u00e1ndonos a la extinci\u00f3n de la vida como la conocemos.<\/p>\n\n\n\n<p>Esos privilegiados deciden las guerras y la paz, condenan pa\u00edses al asedio perpetuo, a la esclavitud o la desaparici\u00f3n. Son ellos la plaga m\u00e1s terrible que azota nuestros recursos naturales, hasta el punto de alterar todo lo que existe, desatando con ello fuerzas de la naturaleza que sacuden todos los rincones de nuestro planeta, castigando siempre a los m\u00e1s pobres. En la supremac\u00eda del dinero radican todos los fetiches que envilecen a toda la humanidad, condenada hoy al consumo irracional, al ego\u00edsmo y al odio a sus pr\u00f3jimos.<\/p>\n\n\n\n<p>El capitalismo, en crisis permanente, siempre busca la soluci\u00f3n de sus defectos en el sacrificio de miles de millones de personas. Hoy la pobreza no es extra\u00f1a en aquellos pa\u00edses donde la miseria se pudo contener a trav\u00e9s de los estados de bienestar que surgieron como paliativo a un problema estructural que solo se resuelve cambiando el sistema. El monetarismo predominante ha sacrificado el trabajo, y consagrado al dinero como mercanc\u00eda suprema, mientras destruye el valor de las dos fuentes de riqueza: la humanidad y la naturaleza.<\/p>\n\n\n\n<figure class=\"wp-block-gallery has-nested-images columns-default is-cropped wp-block-gallery-1 is-layout-flex wp-block-gallery-is-layout-flex\">\n<figure class=\"wp-block-image size-large\"><img fetchpriority=\"high\" decoding=\"async\" width=\"880\" height=\"495\" data-id=\"6503\" src=\"https:\/\/xn--tuvozdiasporaespaola-k7b.com\/wp-content\/uploads\/2024\/09\/b2f225a5-858e-4678-a57d-7709ca4f3e04_16-9-aspect-ratio_default_0.jpg\" alt=\"\" class=\"wp-image-6503\" srcset=\"https:\/\/xn--tuvozdiasporaespaola-k7b.com\/wp-content\/uploads\/2024\/09\/b2f225a5-858e-4678-a57d-7709ca4f3e04_16-9-aspect-ratio_default_0.jpg 880w, https:\/\/xn--tuvozdiasporaespaola-k7b.com\/wp-content\/uploads\/2024\/09\/b2f225a5-858e-4678-a57d-7709ca4f3e04_16-9-aspect-ratio_default_0-300x169.jpg 300w, https:\/\/xn--tuvozdiasporaespaola-k7b.com\/wp-content\/uploads\/2024\/09\/b2f225a5-858e-4678-a57d-7709ca4f3e04_16-9-aspect-ratio_default_0-768x432.jpg 768w\" sizes=\"(max-width: 880px) 100vw, 880px\" \/><\/figure>\n<\/figure>\n\n\n\n<p>No son los pueblos los culpables del calentamiento global, pero si son sus v\u00edctimas directas. Las alteraciones dram\u00e1ticas en el medio ambiente nos exponen todos los a\u00f1os a cat\u00e1strofes naturales, cada vez m\u00e1s intensas y con mayor frecuencia. Son unos pocos los que producen el deterioro ambiental que debemos pagar todos. Los pueblos m\u00e1s pobres responden con grandes oleadas de migraci\u00f3n a las desgracias catacl\u00edsmicas producidas por el embate de la naturaleza o la perfidia de los due\u00f1os del mundo que siempre est\u00e1n dispuestos a sacrificar millones de vidas, con tal de sostener y aumentar su poder acumulado.<\/p>\n\n\n\n<p>Es una falacia repetida millones de veces que el capitalismo produce riquezas; pues en su af\u00e1n de reproducir las ganancias hasta el infinito, no para nunca de extraer lo que nos pertenece a todos. Ah\u00ed donde vemos una opulenta transnacional, encontramos un rastro interminable de sangre inocente, ya sea por diamantes, por petr\u00f3leo, por litio, y tantos otros recursos que se est\u00e1n agotando a un ritmo acelerado y fatal. Al final, la disponibilidad de cantidades ingentes de dinero sin valor en todo el mundo nos expone cada vez m\u00e1s al hambre, a las sequias, a inundaciones y muchos fen\u00f3menos m\u00e1s.<\/p>\n\n\n\n<p>Est\u00e1 claro que la existencia y funcionamiento del capitalismo posee una vida org\u00e1nica a nivel mundial; la hegemon\u00eda de los due\u00f1os del mundo no ser\u00eda posible si estos no estuvieran vinculados unos con otros, si no manejaran una agenda global de desinformaci\u00f3n y enajenaci\u00f3n, si no fueran capaces de dominar ideol\u00f3gicamente a nuestras sociedades. El camino de la soluci\u00f3n est\u00e1 en manos de los pueblos; para ello se requiere de la acci\u00f3n conjunta en todo el planeta, ya no solo para resistir, sino para cambiar el mundo de una vez por todas, antes de que sea demasiado tarde.<\/p>\n\n\n\n<p><strong>El Capitalismo al Desnudo<\/strong><\/p>\n\n\n\n<p>La situaci\u00f3n por la que atraviesan millones de habitantes del planeta es responsabilidad directa del capitalismo y de su l\u00f3gica de extracci\u00f3n de valor en desmedro de quienes lo producen. Muerte, enfermedad, cambio clim\u00e1tico, megasequ\u00edas, inundaciones, guerras, hambrunas, empobrecimiento y desigualdad, son el resultado de d\u00e9cadas de supremac\u00eda del capital por sobre el trabajo.<\/p>\n\n\n\n<p><strong>&nbsp;<\/strong>El sistema capitalista y su modelo neoliberal son los principales&nbsp;instrumentos con los que operan las \u00e9lites criminales y neocoloniales globalizadas que provocan la degradaci\u00f3n de la vida en el planeta y empujan a la humanidad a un deterioro irreversible. Esta impudicia y cinismo son fruto de a\u00f1os de dominaci\u00f3n imperialista, que impone la pol\u00edtica y econom\u00eda que privilegia el sector financiero y desplaza hasta el \u00faltimo lugar al ser humano.<\/p>\n\n\n\n<p>El colonialismo, es la m\u00e1s retr\u00f3grada caracter\u00edstica del imperialismo, que condena a pueblos y naciones a vivir sin territorios como el pueblo Saharaui, arrebata soberan\u00eda como en Las Malvinas y Puerto Rico, invade y ocupa pa\u00edses como en Palestina. En su dimensi\u00f3n cultural, el colonialismo impone sus visiones de mundo, excluyendo e invisibilizando las diversas culturas y cosmovisiones que conforman los pueblos y paises dependientes.<\/p>\n\n\n\n<p>La potestad de detener el mundo, y mantenerlo en condici\u00f3n subalterna, el imperialismo destruye aquellas naciones que no puede colonizar. Para ello impone guerras interminables que acaban con la vida de millones de personas inocentes, bajo pretextos falaces y c\u00ednicos, como ha sucedido en Irak, Afganist\u00e1n y Siria, o la guerra criminal contra el pueblo yemenita que ya se extiende por m\u00e1s de cinco a\u00f1os. Todo esto, en el corto t\u00e9rmino de dos d\u00e9cadas de este siglo.<\/p>\n\n\n\n<p>La destrucci\u00f3n impune del oriente medio, donde vio sus albores la civilizaci\u00f3n humana, ha dejado en evidencia la naturaleza depredadora del capitalismo, as\u00ed como su imposibilidad de ser un agente activo por la paz mundial. La visi\u00f3n torcida sobre la supremac\u00eda del modo de pensar \u201coccidental\u201d ha servido como marco ideol\u00f3gico para la intervenci\u00f3n en pa\u00edses soberanos, que, en casos como el de Libia, fueron llevados de regreso a la esclavitud. Esa es la esencia del capitalismo, que se confabula con reg\u00edmenes autocr\u00e1ticos que se prestan para enterrar pueblos entre escombros tal como ya hoy sucede en Yemen, donde a diario mueren ni\u00f1os, ancianos y mujeres bajo el martilleo incesante de las bombas criminales made in USA.<\/p>\n\n\n\n<p>El riesgo de una conflagraci\u00f3n nuclear es hoy m\u00e1s patente y peligroso que nunca en la historia; los imperios se desgastan y se debilitan, esa es la lecci\u00f3n de 5 mil a\u00f1os de civilizaci\u00f3n, sin embargo, la necesidad de la unipolaridad ha hecho que el imperio olvide verdades estrat\u00e9gicas que no se borraron con la desaparici\u00f3n de la Uni\u00f3n Sovi\u00e9tica. Hoy la correlaci\u00f3n de fuerzas marcha hacia un mundo multipolar, lo que aumenta el riesgo de que a algunos se les ocurra adoptar una decisi\u00f3n irreversible. La humanidad esta hoy, m\u00e1s que nunca, obligada a luchar frontalmente contra la amenaza que representa la demencial carrera armamentista, y, sobre todo, debemos exigir que se retomen pactos de control suscritos el siglo pasado, y abandonados abruptamente y sin justificaci\u00f3n por el gobierno de los Estados Unidos.<\/p>\n\n\n\n<p>La colonizaci\u00f3n tiene diversas expresiones, siendo la m\u00e1s vil de ellas el control sobre el desarrollo tecnol\u00f3gico y la ciencia. Las Leyes de Derechos de Autor, lejos de servir como forma de premiar la creatividad, se han convertido en armas de las transnacionales para controlar la vida de todas las personas en el planeta. De ah\u00ed que cosas que son fundamentales para toda la humanidad, entren en el campo imposible de la especulaci\u00f3n, que es el caso de las vacunas, hoy en una guerra que no cre\u00edamos posible a la luz del d\u00eda.<\/p>\n\n\n\n<p>Es contrario al esp\u00edritu humano el boicot a la cooperaci\u00f3n entre los pa\u00edses, as\u00ed como las viles sanciones unilaterales y extraterritoriales. Las mismas hoy privaran de gas a los europeos que ven pasivos como el imperialismo ataca el proyecto gas\u00edfero Nordstream 2, mientras impone infinitas sanciones a Rusia. Y qu\u00e9 decir de los bloqueos a Cuba, Nicaragua, Venezuela, e Ir\u00e1n, que impone ingratas penurias a esos pueblos, que ya se han ganado el derecho a una mejor existencia.<\/p>\n\n\n\n<p>Tendenciosa y da\u00f1ina es la guerra tecnol\u00f3gica de occidente, liderada por Estados Unidos, contra empresas chinas y contra la tecnolog\u00eda 5G. Tratan de esconder el rezago tecnol\u00f3gico, con mentiras, persecuci\u00f3n y hasta f\u00e1bulas para desprestigiar el avance vertiginoso de un competidor cuyo secreto m\u00e1s evidente es no haber participado en guerras de coloniaje en siglos, sin dejar de mencionar la tradici\u00f3n creadora de un pueblo que ya aport\u00f3 grandes conocimientos a la humanidad entera.<\/p>\n\n\n\n<p>El racismo es la ideolog\u00eda de un imperialismo supremacista que somete a las minor\u00edas \u00e9tnicas, excluye a los pueblos originarios, discrimina y explota a los migrantes. El patriarcado y el machismo niegan constantemente a las mujeres su condici\u00f3n de igualdad, y promueven la exclusi\u00f3n e intolerancia hacia las diversidades sexuales (LGTBQ+I). Todo ello es parte de pr\u00e1cticas sociales, pero tambi\u00e9n de pol\u00edticas institucionales y no hacen m\u00e1s que constatar el abuso, el atraso y degradaci\u00f3n de la vida que provoca el capitalismo en gran parte del planeta.<\/p>\n\n\n\n<p>La precariedad del trabajo, la disminuci\u00f3n del empleo, los recortes en salud y educaci\u00f3n p\u00fablica, la falta y hacinamiento de vivienda y transporte p\u00fablico, la privatizaci\u00f3n de sectores estrat\u00e9gicos y servicios p\u00fablicos es la transferencia ma\u00f1osa de capital p\u00fablico a manos privadas, es decir, creaci\u00f3n de propiedad privada mal habida, cuyos efectos han impactado negativamente la calidad de vida de la poblaci\u00f3n y la sostenibilidad de la vida en el planeta.<\/p>\n\n\n\n<p>La visi\u00f3n de un desarrollismo ilimitado y de ganancia infinita que promueve el capitalismo, deteriora, contamina, destruye la vida y devasta el planeta en su biodiversidad amenazando su sustentabilidad, desatando un ecocidio; mientras los que corrompen la pol\u00edtica junto a los empresarios due\u00f1os del capital niegan y se oponen a regular, planificar y poner l\u00edmites, arrastrando&nbsp; a la humanidad a una situaci\u00f3n de desastre inminente.<\/p>\n\n\n\n<p>Derrotar este destructivo y voraz sistema depredador, que saquea los recursos colectivos y corrompe los Estados-Naci\u00f3n para aumentar sus ganancias, profundizando la pobreza y la dependencia, debe ser el motor de esta instancia internacional y nuestra tarea fundamental a la que nos autoconvocamos.<\/p>\n\n\n\n<p><strong>La Pandemia: el reflejo de su peor cara<\/strong><\/p>\n\n\n\n<p><strong>&nbsp;<\/strong>La actual crisis sanitaria, econ\u00f3mica y social que azota al mundo (pandemia covid-19), ha llevado al cese de la actividad productiva. Millones de trabajadores y trabajadoras han perdido sus puestos de trabajo y dejado de producir, provocando una ca\u00edda significativa en la econom\u00eda mundial, y desnudando la vocaci\u00f3n agraviante y depredadora del capitalismo salvaje. En casi todos los pa\u00edses, salvo excepciones, la gesti\u00f3n neoliberal de la pandemia ha bordeado los l\u00edmites del asesinato. Europa, Norteam\u00e9rica y Am\u00e9rica Latina, han sido los territorios m\u00e1s golpeados por la indolencia y codicia de su clase gobernante y hasta el momento es la clase trabajadora, formal e informal, la que ha pagado el mayor costo de la crisis.<\/p>\n\n\n\n<p>El neoliberalismo con esta crisis cierra un ciclo y muestra su peor cara, arrastrando a la mayor\u00eda del planeta. El sistema mundo capitalista, intenta prevalecer, por un lado, cooptando para sus negocios el rol del Estado nacional que garantice la aplicaci\u00f3n de las pol\u00edticas imperiales, para lo cual construye un autoritarismo neoliberal que permitir\u00eda profundizar la sola extracci\u00f3n de valor; y, por otro lado, como la gran panacea, ofrece falsamente la reconstrucci\u00f3n del Estado de bienestar y progreso social, en versi\u00f3n de baja gama, dentro de los l\u00edmites de un acuerdo pol\u00edtico o social, estilo Green New Deal, que asegure, en \u201corden, paz y progreso\u201d, la domesticaci\u00f3n de la clase pol\u00edtica y los sectores de la poblaci\u00f3n agraviada, los trabajadores y los pueblos.<\/p>\n\n\n\n<p>En las actuales circunstancias, despu\u00e9s de esta crisis, habr\u00e1 aumentado la concentraci\u00f3n de la riqueza, se estancar\u00e1 la matriz productiva y la econom\u00eda quedar\u00e1 en poder total de la especulaci\u00f3n financiera. Si bien, el trabajo humano seguir\u00e1 siendo el coraz\u00f3n de la econom\u00eda \u2014ya que sin seres humanos no es posible la ganancia de capital ni PIB\u2014, aqu\u00e9l ser\u00e1 a\u00fan m\u00e1s precarizado, flexible e informal. La tendencia es hacia la consolidaci\u00f3n del Estado subsidiario, extendido al \u00e1mbito internacional, reafirmando el poder de las instituciones financieras como reguladores econ\u00f3micos, financieros y pol\u00edticos, especialistas en aplastar la soberan\u00eda de los pueblos y Estados. No cabe duda, que los brazos financiero y militar del imperialismo, se alistan a nivel mundial para sostener su posici\u00f3n hegem\u00f3nica.<\/p>\n\n\n\n<p>Las instituciones financieras como el FMI, Banco Mundial, Banco Central de Europa y la Comisi\u00f3n de Finanzas de Europa est\u00e1n tomando las decisiones junto a las grandes corporaciones transnacionales delimitando la pol\u00edtica econ\u00f3mica de los pa\u00edses. En tanto, el control militar de los Estados Unidos y la OTAN intentar\u00e1 extenderse a nuevos territorios amenazando cualquier oposici\u00f3n a las medidas de las instituciones financieras, derrocando gobiernos o impidiendo la instalaci\u00f3n de procesos de cambio.<\/p>\n\n\n\n<p>Cualquier acercamiento mayor con China, Rusia o de plataformas de econom\u00edas emergentes basadas en la cooperaci\u00f3n ser\u00e1n vistas como una amenaza. El asedio a Cuba, Nicaragua, Venezuela e Ir\u00e1n se intensificar\u00e1. Todo intento de desconexi\u00f3n con el capitalismo mundial, de reformas en pos de un pa\u00eds productivo y de distribuci\u00f3n justa basada en la retransferencia de monopolios naturales y servicios privados hacia el Estado, ser\u00e1 obstaculizada y saboteada medi\u00e1tica y militarmente.<\/p>\n\n\n\n<p>Si no media una decisi\u00f3n de recomposici\u00f3n mundializada de los sectores progresistas en una nueva articulaci\u00f3n internacional que incluya los pueblos en coordinaci\u00f3n real y efectiva contra el imperialismo; no queda duda que el Estado, en tanto representaci\u00f3n de la acci\u00f3n colectiva, desaparecer\u00e1 y con \u00e9l, su rol protag\u00f3nico en favor de los pueblos, al no poder cumplir el deber de garantizar la vida y la libertad, la salud y la educaci\u00f3n, la alimentaci\u00f3n y la vivienda.<\/p>\n\n\n\n<p>La \u00e9poca nos convoca a la conformaci\u00f3n de un&nbsp;<strong><em>bloque mundial de poder popular,<\/em><\/strong>&nbsp;basado en la unidad y la organizaci\u00f3n, la cooperaci\u00f3n, la acci\u00f3n y la solidaridad internacional. Las luchas de los pueblos desbaratar\u00e1n el sue\u00f1o neoliberal de su eternizaci\u00f3n.<\/p>\n\n\n\n<p>El relato unilateral del fin de la historia ha concluido. Se cierra un ciclo. Los movimientos sociales y pol\u00edticos, de resistencia, han explotado en diversos rincones del planeta llevando la confrontaci\u00f3n tambi\u00e9n a los pa\u00edses centrales que imponen en el mundo el modelo neoliberal. Hay reclamo y germen de una nueva sociedad, se levantan banderas para anunciar otro modo de convivir, cuidar y preservar la vida humana y de la naturaleza, se fortalecen los planteamientos enarbolados por la izquierda, en los movimientos sociales, sindicales, en los pueblos originarios, en hombres, mujeres, ni\u00f1os, ni\u00f1as y j\u00f3venes, en la diversidad sexual, y en etnias distintas.<\/p>\n\n\n\n<p><strong><em>Hoy de nuevo, los millones de hombres y mujeres nos levantamos, ya no solo para denunciar, indignarnos y resistir, sino tambi\u00e9n para unirnos y organizarnos, luchar y hacer sucumbir el modelo neoliberal como la expresi\u00f3n m\u00e1s feroz del imperialismo.<\/em><\/strong><\/p>\n\n\n\n<figure class=\"wp-block-gallery has-nested-images columns-default is-cropped wp-block-gallery-2 is-layout-flex wp-block-gallery-is-layout-flex\">\n<figure class=\"wp-block-image size-large\"><img decoding=\"async\" width=\"300\" height=\"225\" data-id=\"6504\" src=\"https:\/\/xn--tuvozdiasporaespaola-k7b.com\/wp-content\/uploads\/2024\/09\/1138397594_0.jpg\" alt=\"\" class=\"wp-image-6504\"\/><\/figure>\n<\/figure>\n\n\n\n<p><strong>&nbsp;Urgencia de Conformar la Internacional Antiimperialista de los Pueblos<\/strong><\/p>\n\n\n\n<p>Urge una nueva organizaci\u00f3n internacional, una realizaci\u00f3n de la raz\u00f3n colectiva internacional de los pueblos, comprometida con la clase trabajadora, que bregue por la derrota de los grupos financieros internacionales y del imperialismo. Debemos conformar una alianza pol\u00edtica y social mundial que de paso a un bloque hist\u00f3rico alternativo cuya primera tarea sea derrotar el imperialismo.<\/p>\n\n\n\n<p>Debemos superar el \u00e1mbito particular y nacional. Construir propuestas desde lo local, lo nacional pero acoplado hacia una expresi\u00f3n mundial, nos permitir\u00e1 aumentar la conciencia de un proyecto alternativo coherente y mundializado capaz de derrotar al neofascismo y el liberalismo.<\/p>\n\n\n\n<p>Este llamado es a converger desde la diversidad, asumiendo el debate, la conciencia y la convivencia democr\u00e1tica con otros agentes de contradicciones, promoviendo los intereses sociales, nacionales y culturales en la convergencia de las luchas contra el enemigo principal.&nbsp; El preg\u00f3n que favorece la ausencia de centralidad termina siendo funcional al Imperio ya que usa en su favor las tensiones de fragmentaci\u00f3n de las luchas.<\/p>\n\n\n\n<p>Necesitamos reconstruir el frente \u00fanico mundial como un bloque de poder geopol\u00edtico y social que ponga en el centro al trabajo como espacio de contradicci\u00f3n y lugar com\u00fan de la opresi\u00f3n de todas las diversidades. Debemos procurar no caer en artima\u00f1as neofascistas ni en las ilusiones socialdem\u00f3cratas. La actual situaci\u00f3n debe ser aprovechada en favor de la unidad del trabajo y de los pueblos. El capitalismo como sistema mundial posee una estrategia mundializada por tanto nuestra respuesta debe ser similar.<\/p>\n\n\n\n<p>El capitalismo post crisis se volver\u00e1 a adaptar y ser\u00e1 a\u00fan m\u00e1s salvaje y aberrante. Estamos, por sobrevivencia, conminados a consensuar una estrategia no fragmentada. Las izquierdas del mundo estamos obligadas a liderar este Proyecto. Mientras exista el poder imperial ninguna transformaci\u00f3n progresista, de democracia radical o con horizonte socialista ser\u00e1 posible y la que lo consiga ser\u00e1 cruelmente saboteada. El consenso liberal progresista no puede ser nuestro techo.<\/p>\n\n\n\n<p>Nuestro desaf\u00edo debe ser pasar a la ofensiva, uni\u00e9ndonos y organiz\u00e1ndonos en todo el mundo, levantando una propuesta de nuevas e hist\u00f3ricas banderas de lucha y de un fecundo y renovado pensamiento que la sustente.<\/p>\n\n\n\n<p>La organizaci\u00f3n que proponemos debe construir su pensamiento y propuestas, examinar la vigencia de los procesos de emancipaci\u00f3n de los pueblos, descolonizaci\u00f3n y decolonizaci\u00f3n, en tanto se mantiene a\u00fan la tensi\u00f3n entre dominaci\u00f3n-resistencia como resultado de los procesos sociohist\u00f3ricos que han constituido la base sobre la cual se cimentan las desigualdades del presente.<\/p>\n\n\n\n<p>Debemos discutir el concepto de modernidad impuesto como proyecto civilizatorio, pues por m\u00e1s de 500 a\u00f1os ha dividido a la humanidad entre civilizaci\u00f3n y barbarie, que ha degenerado en racismo imperial que justifica la dominaci\u00f3n cultural, pol\u00edtica y econ\u00f3mica de pueblos y naciones, ha sido la sustancia de los procesos socio-hist\u00f3ricos y sus&nbsp; relaciones de poder establecidas como&nbsp; orden centro-periferia&nbsp; desde el cual se ha construido la geopol\u00edtica moderna, y por lo tanto abona a su modelo de dominaci\u00f3n capitalista creando los conflictos pol\u00edticos, econ\u00f3micos, y ambientales&nbsp;que&nbsp; ponen en peligro el presente y el futuro.<\/p>\n\n\n\n<p>Debemos revertir la universalidad del Crecimiento\/Desarrollo como \u00fanico camino posible para la Humanidad, observando que la genealog\u00eda&nbsp;euroc\u00e9ntrica del concepto y el modo como se ha impuesto a trav\u00e9s de la represi\u00f3n material y simb\u00f3lica, explica c\u00f3mo se han truncado los proyectos de pueblos y naciones que desde sus particularidades trazan caminos alternativos para lograr el bienestar social e individual, los cuales son demonizados y presentados medi\u00e1ticamente como proyectos antag\u00f3nicos, destruyendo la idea de convivencia en base a la complementariedad entre sociedades.<\/p>\n\n\n\n<p>No debemos permitir que contin\u00fae la separaci\u00f3n entre cultura y naturaleza, dicotom\u00eda&nbsp;que ha permitido el avance voraz del modo de producci\u00f3n capitalista, que se perpet\u00faa en el&nbsp;saqueo de recursos para el abastecimiento del centro civilizatorio estableciendo una econom\u00eda que sostiene el modo de acumulaci\u00f3n a escala planetaria, derivando los efectos nocivos a las periferias&nbsp;que asumen los costos socioambientales, como las pol\u00edticas extractivistas de nuestros recursos naturales, que a escala planetaria constituyen un ecocidio.<\/p>\n\n\n\n<p>Las estructuras sociales \u201cmodernas\u201d reproducen la dominaci\u00f3n del otro en el cuerpo social e individual y se materializan en&nbsp;patriarcado, racismo, fascismo y otras formas de opresi\u00f3n. Nuestra misi\u00f3n es organizarnos para desarticularlas ya que son la matriz contra la diversidad, principal fuente de la riqueza humana.<\/p>\n\n\n\n<p>Hay que pasar de la resistencia a la ofensiva internacional antimperialista.&nbsp;<strong><em>El antiimperialismo debe ser el motor de la nueva instancia internacional y el socialismo su producto.<\/em><\/strong>&nbsp;Este \u00faltimo ser\u00e1 fruto del debate, rico y fraterno, de todos los agraviados, agraviadas, trabajadores, trabajadoras y pueblos.<\/p>\n\n\n\n<p>Derrotar la amenaza imperial frente a los procesos de cambio y a las econom\u00edas emergentes basadas en la cooperaci\u00f3n, es el primer acuerdo al que debemos llegar y la primera barrera a eliminar. El antimperialismo debe ser la tarea inmediata porque para pensar el horizonte estrat\u00e9gico, experimentar sus l\u00edmites, aciertos y fracasos, se requiere de libertad y de la recuperaci\u00f3n plena de la soberan\u00eda de los pueblos. Luego, los sue\u00f1os de justicia de nuestros m\u00e1rtires, pr\u00f3ceres y h\u00e9roes se har\u00e1n realidad.<\/p>\n\n\n\n<p>Nos convocamos todos y todas, quienes buscamos reescribir la historia, terminar con el sometimiento, los que hemos forjado las luchas sociales, para transformar y construir una sociedad m\u00e1s igualitaria y socialista, que preserve la vida de todos los seres vivos y expulse para siempre la explotaci\u00f3n y el abuso en la convivencia humana.<\/p>\n\n\n\n<p><strong>Somos M\u00e1s<\/strong><\/p>\n\n\n\n<p><strong>&nbsp;<\/strong>Somos las organizaciones que en el seno de los pa\u00edses imperiales hemos enfrentado las nuevas miserias del capitalismo con sus pensiones, el desempleo, la destrucci\u00f3n del medio ambiente; somos los que \u2014 en el centro del neoliberalismo\u2014 hemos encarnado las luchas contra el racismo y el supremacismo.<\/p>\n\n\n\n<p>Somos los pueblos del mundo que reivindicamos nuestra soberan\u00eda y el derecho a la autodeterminaci\u00f3n, que nos defendemos del imperialismo y sus estrategias de agresi\u00f3n, aislamiento y bloqueo, del saqueo de nuestras riquezas b\u00e1sicas, de la destrucci\u00f3n de nuestra biodiversidad, de la ocupaci\u00f3n y usurpaci\u00f3n de nuestros territorios.<\/p>\n\n\n\n<p>Somos los pueblos originarios y ancestrales que luchamos y reclamamos el derecho a la libre determinaci\u00f3n, a nuestro territorio, a decidir pol\u00edticamente sobre nuestra cultura y gobierno.<\/p>\n\n\n\n<p>Somos los movimientos y pueblos de naciones y estados sin territorio, los desplazados, que luchamos por el derecho a la tierra para nuestra existencia, a los que se les niega ciudadan\u00eda y persiguen.<\/p>\n\n\n\n<p>Somos los que luchamos contra toda forma de discriminaci\u00f3n y exclusi\u00f3n que genera el capitalismo y su ideolog\u00eda en las relaciones humanas, los que buscamos poner fin a la hist\u00f3rica desigualdad de hombres y mujeres, a la de g\u00e9nero, a la diversidad sexual; tambi\u00e9n nos oponemos a la segregaci\u00f3n, la que levanta muros y persigue a los que migran por el planeta en busca de mejor vida.<\/p>\n\n\n\n<p>Somos los movimientos sociales y partidos populares que nos hacemos parte de las causas por mayor justicia social, del derecho a la organizaci\u00f3n, por el derecho al agua, por garant\u00edas y derechos fundamentales esenciales para una mejor calidad de vida, que elimine la miseria y pobreza y profundice la democracia, para lograr que nuestros pueblos puedan decidir sobre sus propios destinos.<\/p>\n\n\n\n<p>\u00a1Ya aprendimos y no descansaremos hasta unirnos, organizarnos y alcanzar m\u00e1s victorias! \u00a1Hemos resistido por siglos y es en la solidaridad internacional de los pueblos donde radica parte de nuestra fuerza y capacidad para emanciparnos de quien nos oprime!<\/p>\n\n\n\n<figure class=\"wp-block-gallery has-nested-images columns-default is-cropped wp-block-gallery-3 is-layout-flex wp-block-gallery-is-layout-flex\">\n<figure class=\"wp-block-image size-large\"><img decoding=\"async\" width=\"812\" height=\"812\" data-id=\"6502\" src=\"https:\/\/xn--tuvozdiasporaespaola-k7b.com\/wp-content\/uploads\/2024\/09\/IMG-20240905-WA0007.jpg\" alt=\"\" class=\"wp-image-6502\" srcset=\"https:\/\/xn--tuvozdiasporaespaola-k7b.com\/wp-content\/uploads\/2024\/09\/IMG-20240905-WA0007.jpg 812w, https:\/\/xn--tuvozdiasporaespaola-k7b.com\/wp-content\/uploads\/2024\/09\/IMG-20240905-WA0007-300x300.jpg 300w, https:\/\/xn--tuvozdiasporaespaola-k7b.com\/wp-content\/uploads\/2024\/09\/IMG-20240905-WA0007-150x150.jpg 150w, https:\/\/xn--tuvozdiasporaespaola-k7b.com\/wp-content\/uploads\/2024\/09\/IMG-20240905-WA0007-768x768.jpg 768w\" sizes=\"(max-width: 812px) 100vw, 812px\" \/><\/figure>\n<\/figure>\n\n\n\n<p><strong>Una Fuerza para la Liberaci\u00f3n de los Pueblos<\/strong><\/p>\n\n\n\n<p>Diversas organizaciones, intelectuales y l\u00edderes han solicitado la creaci\u00f3n de la&nbsp;<strong><em>Internacional Antiimperialista de los Pueblos<\/em><\/strong>, comprometida org\u00e1nicamente con las luchas de la clase trabajadora, ahora m\u00e1s amplia e inspirada en la fuerza popular manifiesta de los j\u00f3venes por el mundo, para saldar la deuda con la Humanidad y en contra de la artiller\u00eda pol\u00edtica, militar e ideol\u00f3gica\/medi\u00e1tica de la derecha mundial contrapuesta a nuestro internacionalismo. Samir Amin lo se\u00f1al\u00f3 con brillantez y fuerza intelectual el a\u00f1o 2007 y el presidente venezolano Hugo Ch\u00e1vez lo reiter\u00f3 con fuerza pol\u00edtica y moral en 2009, en el Encuentro Internacional de Partidos Pol\u00edticos de Izquierda.<\/p>\n\n\n\n<p>Toda la grandeza y generosidad que fue desplegada por hombres y mujeres en anteriores Internacionales nos acompa\u00f1e hoy, y no cabe duda de que en este esfuerzo internacionalista estar\u00e1n presentes los precursores de la Primera Internacional, Ernest Jones y Julian Hamey, sus l\u00edderes emblem\u00e1ticos, Karl Marx y Friedrich Engels, y luego la incorporaci\u00f3n de Mija\u00edl Bakunin y todo el movimiento obrero internacional. A todos ellos, a los m\u00e1rtires ca\u00eddos en la defensa de los derechos de la vida y la libertad, de la clase obrera, campesinos e ind\u00edgenas, y de las luchas territoriales y ambientalistas, nuestro homenaje sincero y fiel.<\/p>\n\n\n\n<p>Toda la inteligencia, el coraje y el tes\u00f3n de millones de seres humanos constituir\u00e1n la fuerza para la liberaci\u00f3n anunciada que involucra a todos los pueblos del mundo, y s\u00f3lo se lograr\u00e1 con la solidaridad internacional.<\/p>\n\n\n\n<p>Las agresiones del imperio saltan a la vista en Am\u00e9rica Latina: lawfare, golpes de Estado, represi\u00f3n, escuadrones de la muerte, presos pol\u00edticos y militarismo; debemos combatir el oportunismo dentro de nuestras organizaciones, todo es el resultado de la incapacidad pol\u00edtica y social de defender los procesos de transformaci\u00f3n y cambio frente al enemigo.<\/p>\n\n\n\n<p>Es imperativo recordar que la contraofensiva imperialista en Am\u00e9rica Latina se inicia con el Golpe de Estado Militar del 28 de junio de 2009 en Honduras. Desde Inazio Lula da Silva, pasando por Manuel Zelaya Rosales, Rafael Correa, Fernando Lugo, Dilma Rousef, Cristina Fern\u00e1ndez, enfrentamos la guerra jur\u00eddica inventada y montada sin ning\u00fan empacho por una derecha a la que no le importa lucir antediluviana o primitiva. Qu\u00e9 decir del Golpe de Estado en Bolivia en 2019, en el que no sucedi\u00f3 nada l\u00f3gico, y lo que priv\u00f3 fue la frialdad criminal del imperio y la ignominiosa perfidia de la OEA.<\/p>\n\n\n\n<p>La estrategia de agresi\u00f3n imperial, creo un f\u00e9rreo cintur\u00f3n de miseria en el llamado tri\u00e1ngulo norte de Centroam\u00e9rica, Honduras, Guatemala y El Salvador, que ha generado un flujo intensivo de migraci\u00f3n de miles de personas que huyen de las condiciones de violencia y miseria que producen las pol\u00edticas criminales de los reg\u00edmenes serviles a Washington, en un momento en el que la Doctrina Monroe retoma fuerza, en virtud del inevitable tr\u00e1nsito a la multipolaridad y el equilibrio estrat\u00e9gico en el mundo.<\/p>\n\n\n\n<p>Las revoluciones son fruto de la historia, pero tambi\u00e9n lo son de la voluntad de poder de los l\u00edderes populares, voluntad que no debe perder de vista la capacidad del enemigo en la construcci\u00f3n de estrategias y convergencias pertinentes para defender lo que nos pertenece. No podemos conformarnos con aquello de que los procesos hist\u00f3ricos son avances y retrocesos.<\/p>\n\n\n\n<p>En estos momentos de la Historia necesitamos ser decididos antiimperialistas, pero generosos luchadores pol\u00edticos y sociales que permitan revivir el esp\u00edritu internacionalista de la clase trabajadora, de los partidos pol\u00edticos de vanguardia en el mundo y de la gente, que est\u00e1 en las calles reclamando sus derechos, y abrir paso as\u00ed a una cooperaci\u00f3n internacional entre los pueblos.<\/p>\n\n\n\n<p>En unos d\u00edas, la hermana Rep\u00fablica Bolivariana de Venezuela enfrentar\u00e1 un proceso electoral que sirve para consolidar la revoluci\u00f3n bolivariana, y el liderazgo democr\u00e1tico del compa\u00f1ero presidente Nicol\u00e1s Maduro Moros. Este proceso refleja el enfrentamiento entre dos conceptos del mundo y de la humanidad. Las fuerzas imperialistas y coloniales, sabi\u00e9ndose perdidas, han tratado de desfigurar y deslegitimar la realidad del pueblo heroico de Bol\u00edvar, Zamora y Ch\u00e1vez. &nbsp;Hoy la misi\u00f3n m\u00e1s grande de nuestros pueblos es solidarizarnos con el pueblo de Venezuela agredido por el imperio, y que \u00e9l es el ejemplo mayor de resistencia antiimperialista en el siglo XXI. As\u00ed como lo fue y sigue siendo Cuba y Nicaragua en el siglo XX.<\/p>\n\n\n\n<p>En 2021 nos enfrentamos a procesos electorales cruciales en Ecuador, donde la victoria contra la traici\u00f3n est\u00e1 confirmada y recuperar lo perdido en estos aciagos a\u00f1os. En Nicaragua, tendremos elecciones, donde tambi\u00e9n se consolida la Revoluci\u00f3n Sandinista, siempre bajo el asedio del imperio que no perdona la victoria revolucionaria del pueblo de Sandino en 1979. En Honduras, donde hemos mantenido nuestra dignidad y tenacidad, despu\u00e9s de haber derrotado al golpismo lacayo en dos oportunidades, y sufrido dos p\u00fablicos y escandalosos fraudes electorales en 2013 y 2017 avalados por los Estados Unidos, nos preparamos para el pr\u00f3ximo noviembre como lo dijo AMLO para revencer en la tercera y continuar el camino de la liberaci\u00f3n. Hoy en nuestro continente se respira antiimperialismo.<\/p>\n\n\n\n<p>Por todo lo anterior, es que convocamos a que se constituya la&nbsp;<strong><em>Internacional Antiimperialista de los Pueblos,<\/em><\/strong>&nbsp;inspirada y comprometida con la lucha por la defensa de la Humanidad y la Naturaleza.<\/p>\n\n\n\n<p>\u201cSer antiimperialista y defensor del capitalismo es una contradicci\u00f3n ideol\u00f3gica\u201d.&nbsp;<strong><em>Mel Zelaya<\/em><\/strong>.<\/p>\n\n\n\n<p>Ciudad de M\u00e9xico, veintiocho de noviembre de dos mil veinte.<\/p>\n\n\n\n<p>Jos\u00e9 Manuel Zelaya Rosales<\/p>\n\n\n\n<p>Expresidente de Honduras<\/p>\n\n\n\n<p>2006-2010<\/p>\n\n\n\n<p><strong>Personalidades firmantes:<\/strong><\/p>\n\n\n\n<p><strong>Adolfo P\u00e9rez Esquivel<\/strong>, Premio Nobel de&nbsp; la Paz.<\/p>\n\n\n\n<p><strong>Mart\u00edn Almada<\/strong> , Paraguay, Premio Nobel Alternativo 2002.<\/p>\n\n\n\n<p><strong>Evo Morales<\/strong>, ex presidente del Estado Plurinacional de Bolivia.<\/p>\n\n\n\n<p><strong>Pati\u00f1o, Ricardo<\/strong>. Ex Canciller de Ecuador. Exiliado en M\u00e9xico. Ecuador.<\/p>\n\n\n\n<p><strong>Yeidkol Polevnsky. &nbsp;<\/strong>Ex presidenta del MORENA. M\u00e9xico.<\/p>\n\n\n\n<p><strong>Mar\u00eda Le\u00f3n<\/strong>, Diputada de la Asamblea Constituyente de la Rep\u00fablica Bolivariana de Venezuela.<\/p>\n\n\n\n<p><strong>Xiomara Castro<\/strong>. Dirigente del Parrido Libre. Presidenta de Honduras.<\/p>\n\n\n\n<p><strong>Adriana Salvatierra,<\/strong> ex presidenta del Senado, Boliviano.<\/p>\n\n\n\n<p><strong>Jorge Kreiness<\/strong>, secretario de relaciones Internacionales del Partido Comunista Argentino.<\/p>\n\n\n\n<p><strong>Calloni, Stella<\/strong>. Escritora y periodista. Polit\u00f3loga. Argentina.<\/p>\n\n\n\n<p><strong>Atilio Bor\u00f3n,<\/strong> catedr\u00e1tico, polit\u00f3logo. Argentina.<\/p>\n\n\n\n<p><strong>Manolo Pichardo<\/strong>, Ex presidente de la COPPPAL. Dirigente nacional de la Fuerza del Pueblo.<\/p>\n\n\n\n<p><strong>Sala, Milagro<\/strong>. Diputada en el Parlasur. Lider de la organizaci\u00f3n Tupac. Presa pol\u00edtica.<\/p>\n\n\n\n<p><strong>Mariotto, Gabriel<\/strong>. Ex Vice Gobernador de la Provincia de Buenos Aires. Diputado del Parlasur. Presidente de Compromiso Federal, provincia de Buenos Aires. Argentina.<\/p>\n\n\n\n<p><strong>Castaneda, Carlos<\/strong>. Ex Canciller del Salvador, Secretario de Relaciones Internacionales del Frente Farabundo Mart\u00ed.<\/p>\n\n\n\n<p><strong>Hugo Guti\u00e9rrez.<\/strong> Abogado de derechos humanos. Diputado del&nbsp; Partido Comunista de Chile.<\/p>\n\n\n\n<p><strong>Lois P\u00e9rez Leira<\/strong>, Coordinador General de la Internacional Guevarista.<\/p>\n\n\n\n<p><strong>Pablo, Allende.<\/strong> Activista social y pol\u00edtico. Nieto de Salvador Allende. Chile.Ortega, Sa\u00fal. Diputado Nacional y Constituyente. Presidente de la comisi\u00f3n de Relaciones Internacionales de la Asamblea Constituyente de Venezuela.<\/p>\n\n\n\n<p><strong>Peredo, Oswaldo<\/strong>. \u201cChato\u201d.&nbsp; Ex Comandante del ELN. Bolivia, cofundador del MAS<\/p>\n\n\n\n<p><strong>Sonia Brito Sandoval<\/strong>, ex diputada del MAS. Bolivia.<\/p>\n\n\n\n<p><strong>Roberto Perd\u00eda<\/strong>, ex dirigente nacional de Montoneros \u2013 OLP Resistir y Luchar<\/p>\n\n\n\n<p><strong>Brizuela, Demetrio.<\/strong> Ex diputado del Parlatino por el PSUV, formo parte del equipo t\u00e9cnico de Relaciones Internacionales del PSUV, Secretario de la comisi\u00f3n de Relaciones Internacionales de la Asamblea Nacional Constituyente.<\/p>\n\n\n\n<p><strong>Montes, Cesar<\/strong>. Preso pol\u00edtico. Presidente Fundaci\u00f3n Turcios Lima. Ex Comandante de las FAR y EGP.<\/p>\n\n\n\n<p><strong>Tirso Saenz<\/strong>, ex viceministro durante el Ministerio de Industria de Ernesto Guevara.<\/p>\n\n\n\n<p><strong>Bonillia, Blanca Flor<\/strong>. Diputada Parlasen. Frente Farabundo Mart\u00ed.<\/p>\n\n\n\n<p><strong>Gonz\u00e1lez,&nbsp; Medardo.<\/strong> (Milton). Conocido como&nbsp; el Comandante Milton M\u00e9ndez fue dirigente estudiantil de la Universidad de El Salvador, llego a ser Secretario General de la Asociaci\u00f3n General de Estudiantes Universitarios de la UES- AGEUS. Sse Inicio en las Fuerzas Populares de Liberaci\u00f3n Nacional Farabundo Marti \u2013 FPL. &nbsp;El Salvador<\/p>\n\n\n\n<p><strong>Guevara, Norma<\/strong>. Licenciada en Ciencias de la Educaci\u00f3n. Ex Diputada. Dirigente hist\u00f3rica del FMLN. Ex Candidata a Presidenta de El Salvador.&nbsp; El Salvador.<\/p>\n\n\n\n<p><strong>Julio Gambina<\/strong>, Corriente Pol\u00edtica de Izquierda Argentina.<\/p>\n\n\n\n<p><strong>Asier Altuna<\/strong>. Polit\u00f3logo. Secretario de RR.II del Partido Sortu (Euskal Herria)<\/p>\n\n\n\n<p><strong>Flores Gauna, Valeria.<\/strong> Vicepresidenta de la Regi\u00f3n Am\u00e9rica del Norte de la COPPPAL Juvenil. Militante del PT. M\u00e9xico.<\/p>\n\n\n\n<p><strong>Geraldina Colotti<\/strong>, periodista. Internacionalista italiana. Italia.<\/p>\n\n\n\n<p><strong>Guerrero Maya. Jannete Elizabeth<\/strong>. Diputada del Partido del trabajo de M\u00e9xico Guti\u00e9rrez Santana, Fidel. Presiente del Frente Amplio de Republica Dominicana.<\/p>\n\n\n\n<p><strong>D El\u00edas, Luis.<\/strong> Presidente del Partido Miles, preso pol\u00edtico. Argentina.<\/p>\n\n\n\n<p><strong>M\u00e9ndez, Rafael.<\/strong> Periodista. Diputado del Partido &nbsp;Fuerza del Pueblo. Republica Dominicana.<\/p>\n\n\n\n<p><strong>Tav\u00e1rez Mirabal, Minou. Ex Diputada del Parlamento Dominicano. Ex<\/strong> Viceministra de Relaciones Exteriores. Es Fundadora y Presidenta del partido Opci\u00f3n Democr\u00e1tica<\/p>\n\n\n\n<p><strong>Mej\u00eda, Miguel<\/strong>. Ex Ministro para Pol\u00edticas de Integraci\u00f3n Regional. Dirigente de Movimiento Izquierda Unida. Republica Dominicana.<\/p>\n\n\n\n<p><strong>Flores, Juan Manuel<\/strong>. \u201cChino\u201d Miembro del Consejo Nacional del Frente Farabundo Mart\u00ed para la Liberaci\u00f3n Nacional.<\/p>\n\n\n\n<p><strong>Francisco Olveira. \u201c<\/strong>Padre Paco\u201d Sacerdote Opci\u00f3n por los Pobres. Argentina.<\/p>\n\n\n\n<p><strong>Br\u00edgida Quiroga,<\/strong> ex diputada del MAS. Bolivia.<\/p>\n\n\n\n<p><strong>Ortiz, Ren\u00e9.<\/strong> &nbsp;Dirigente del MORENA. M\u00e9xico.<\/p>\n\n\n\n<p><strong>F\u00e1tima Rallo Guti\u00e9rrez<\/strong>, Presidenta del Consejo de Organizaciones Sociales y Populares del Paraguay<\/p>\n\n\n\n<p><strong>Avil\u00e9s, Armando<\/strong>. Secretario de Organizaci\u00f3n Del Partido Comunista de M\u00e9xico<\/p>\n\n\n\n<p><strong>Campabadal, Jordi<\/strong>. Abogado especializado en derechos humanos. Catalu\u00f1a<\/p>\n\n\n\n<p><strong>Cardo, Edgardo Hern\u00e1n<\/strong>. &nbsp;Militante de Nuevo Encuentro .Argentina<\/p>\n\n\n\n<p><strong>Cardoso, Pedro.<\/strong> Director de cine. Militante del PT. Brasil.<\/p>\n\n\n\n<p><strong>Fern\u00e1ndez&nbsp; Alberto<\/strong> (Gerardo). Responsable del movimiento Evita la Matanza.<\/p>\n\n\n\n<p><strong>Hern\u00e1ndez Cede\u00f1o<\/strong>, <strong>Fidel Atanasio<\/strong>. Soci\u00f3logo. Activista pol\u00edtico. Venezuela.<\/p>\n\n\n\n<p><strong>Hubieres, Juan<\/strong>. Secretario General de Fuerza Rebelde, Ex Diputado.&nbsp; Actualmente es el Presidente de la Federaci\u00f3n Nacional de Transporte la Nueva Opci\u00f3n ( Fenatrano )&nbsp; Republica Dominicana.<\/p>\n\n\n\n<p><strong>King, Virginia.<\/strong> Representante de Chavezsur. Capitulo argentino. Argentina.<\/p>\n\n\n\n<p><strong>Lacacta, Juli\u00e1n.<\/strong> Escritor y pol\u00edtico. Per\u00fa.<\/p>\n\n\n\n<p><strong>Lopardo, Ezequiel<\/strong>. Dirigente de la Corriente Nuestra Patria. Argentina<\/p>\n\n\n\n<p><strong>Lopardo, Federico.<\/strong> Dirigente Nacional de Quebracho. Argentina L\u00f3pez.<\/p>\n\n\n\n<p><strong>Norberto L\u00f3pez<\/strong>. &nbsp;Empresario. &nbsp;Organizaci\u00f3n Emancipaci\u00f3n. Argentina<\/p>\n\n\n\n<p><strong>Madrazo, Javier<\/strong>. Es Ministro del gobierno Vasco. Dirigente del partido La Izquierda. Pa\u00eds Vasco.<\/p>\n\n\n\n<p><strong>Pascual Manganiello,<\/strong> Agrupaci\u00f3n \u00bb Jorge Di Pascuale\u00bb. Argentina.<\/p>\n\n\n\n<p><strong>M\u00e1rquez Carlos.<\/strong> Periodista y escritor dominicano. EEUU.<\/p>\n\n\n\n<p><strong>Nadra, Alberto<\/strong>. Periodista y Escritor. Ex jefe de redacci\u00f3n de Prensa Latina, en la argentina. Ex miembro del Comit\u00e9 Central del Partido Comunista argentino. Fue director del peri\u00f3dico comunista Que Pasa. Argentina.<\/p>\n\n\n\n<p><strong>Paz Sosa, Grimaldi<\/strong>. Diputado del Partido Libre Honduras.<\/p>\n\n\n\n<p><strong>P\u00e9rez Segovia, Isabel Cristina<\/strong>. Secretaria General&nbsp; de la Juventud Comunista Mexicana&nbsp; &nbsp;M\u00e9xico<\/p>\n\n\n\n<p><strong>Pichardo, \u00c1ngel<\/strong>. Medico. Pol\u00edtico e intelectual dominicano.<\/p>\n\n\n\n<p><strong>Ram\u00edrez, Graciela.<\/strong> Coordinadora Comit\u00e9 Internacional Paz, Justicia y Dignidad a los pueblo. Cuba.<\/p>\n\n\n\n<p><strong>Rivero Mar\u00eda, Jes\u00fas<\/strong>. Ex dirigente estudiantil. Soci\u00f3loga y periodista. Venezuela<\/p>\n\n\n\n<p><strong>Rodas, Patricia Isabel<\/strong>. Ex Canciller de la Republica de Honduras. Sub coordinadora del partido Libertad y Refundaci\u00f3n.<\/p>\n\n\n\n<p><strong>Soto Bringas, Mar\u00eda Rosa.<\/strong> Escritora peruana y activista de derechos humanos: Per\u00fa.<\/p>\n\n\n\n<p><strong>Torres, Ra\u00fal<\/strong>. Cantautor de la Nueva Trova. Diputado de la Asamblea Popular Cuba.<\/p>\n\n\n\n<p><strong>Spina, Diego<\/strong>. Dirigente de Nuevo Encuentro. Argentina.<\/p>\n\n\n\n<p><strong>Asunci\u00f3n Miras &nbsp;Trabalon<\/strong>, abogada laboralista Frente de Todos Neuqu\u00e9n.<\/p>\n\n\n\n<p><strong>Christiane Canale,<\/strong> escritora y traductora alemana. Italia.<\/p>\n\n\n\n<p><strong>Ram\u00f3n Franco<\/strong>, Colectivo Comunidad en Red.Venezuela.<\/p>\n\n\n\n<p><strong>Francisco L\u00f3pez,<\/strong>  Director Revista TU VOZ, Presidente de Asociaci\u00f3n Civil Di\u00e1spora Espa\u00f1ola y Coordinador de Podemos Argentina <\/p>\n\n\n\n<p><strong>Juan Hubieres<\/strong>, Ex Diputado Presidente Cap\u00edtulo Dominicano<\/p>\n\n\n\n<p><strong>Juan Andr\u00e9s Compres, Ex<\/strong> Diputado Vicepresidente Cap\u00edtulo dominicano<\/p>\n\n\n\n<p><strong>Rafael Mendd,<\/strong> Director&nbsp; Ejecutivo Cap\u00edtulo Dominicano<\/p>\n\n\n\n<p><strong>Miguel Eduardo Espinal<\/strong>, Relaciones Internacionales Cap\u00edtulo Dominicano<\/p>\n\n\n\n<p><strong>Albertina M\u00e9ndez<\/strong>, Secretaria Cap\u00edtulo Dominicano<\/p>\n","protected":false},"excerpt":{"rendered":"<p>La Humanidad y la Naturaleza amenazadas con el exterminio, nos exigen a sus hijos e hijas, y a los pueblos del mundo, tomar en &#8230; <\/p>\n<p class=\"read-more-container\"><a title=\"Convocatoria a la Internacional Antiimperialista de los Pueblos,\u00a0en Defensa de la Humanidad y la Naturaleza.\" class=\"read-more button\" href=\"https:\/\/xn--tuvozdiasporaespaola-k7b.com\/page\/2\/convocatoria-a-la-internacional-antiimperialista-de-los-pueblos-en-defensa-de-la-humanidad-y-la-naturaleza\/#more-6499\" aria-label=\"M\u00e1s en Convocatoria a la Internacional Antiimperialista de los Pueblos,\u00a0en Defensa de la Humanidad y la Naturaleza.\">Leer m\u00e1s<\/a><\/p>\n","protected":false},"author":222560522,"featured_media":6505,"comment_status":"open","ping_status":"open","sticky":false,"template":"","format":"standard","meta":{"footnotes":""},"categories":[121868],"tags":[],"class_list":["post-6499","post","type-post","status-publish","format-standard","has-post-thumbnail","hentry","category-latinoamerica","resize-featured-image"],"_links":{"self":[{"href":"https:\/\/xn--tuvozdiasporaespaola-k7b.com\/page\/2\/wp-json\/wp\/v2\/posts\/6499","targetHints":{"allow":["GET"]}}],"collection":[{"href":"https:\/\/xn--tuvozdiasporaespaola-k7b.com\/page\/2\/wp-json\/wp\/v2\/posts"}],"about":[{"href":"https:\/\/xn--tuvozdiasporaespaola-k7b.com\/page\/2\/wp-json\/wp\/v2\/types\/post"}],"author":[{"embeddable":true,"href":"https:\/\/xn--tuvozdiasporaespaola-k7b.com\/page\/2\/wp-json\/wp\/v2\/users\/222560522"}],"replies":[{"embeddable":true,"href":"https:\/\/xn--tuvozdiasporaespaola-k7b.com\/page\/2\/wp-json\/wp\/v2\/comments?post=6499"}],"version-history":[{"count":3,"href":"https:\/\/xn--tuvozdiasporaespaola-k7b.com\/page\/2\/wp-json\/wp\/v2\/posts\/6499\/revisions"}],"predecessor-version":[{"id":6506,"href":"https:\/\/xn--tuvozdiasporaespaola-k7b.com\/page\/2\/wp-json\/wp\/v2\/posts\/6499\/revisions\/6506"}],"wp:featuredmedia":[{"embeddable":true,"href":"https:\/\/xn--tuvozdiasporaespaola-k7b.com\/page\/2\/wp-json\/wp\/v2\/media\/6505"}],"wp:attachment":[{"href":"https:\/\/xn--tuvozdiasporaespaola-k7b.com\/page\/2\/wp-json\/wp\/v2\/media?parent=6499"}],"wp:term":[{"taxonomy":"category","embeddable":true,"href":"https:\/\/xn--tuvozdiasporaespaola-k7b.com\/page\/2\/wp-json\/wp\/v2\/categories?post=6499"},{"taxonomy":"post_tag","embeddable":true,"href":"https:\/\/xn--tuvozdiasporaespaola-k7b.com\/page\/2\/wp-json\/wp\/v2\/tags?post=6499"}],"curies":[{"name":"wp","href":"https:\/\/api.w.org\/{rel}","templated":true}]}}