{"id":649,"date":"2022-11-19T02:40:57","date_gmt":"2022-11-19T05:40:57","guid":{"rendered":"https:\/\/xn--tuvozdiasporaespaola-k7b.com\/?p=649"},"modified":"2022-11-19T02:46:02","modified_gmt":"2022-11-19T05:46:02","slug":"ya-somos-el-olvido-que-seremos","status":"publish","type":"post","link":"https:\/\/xn--tuvozdiasporaespaola-k7b.com\/page\/2\/ya-somos-el-olvido-que-seremos\/","title":{"rendered":"YA SOMOS, EL OLVIDO QUE SEREMOS."},"content":{"rendered":"\n<p>Viendo la pel\u00edcula de Fernando Trueba, El Olvido que Seremos, basada en la novela \u201cEl Olvido que Seremos\u201d de H\u00e9ctor Abad Faciolince, con el papel protag\u00f3nico del genial actor espa\u00f1ol Javier C\u00e1mara; pienso, reflexion\u00f3 y concluyo que somos eso en Colombia, un olvido. Un olvido eterno, sistem\u00e1tico, soci\u00f3pata y desvergonzado. No opinar\u00e9 nada sobre el autor de la novela en la que se basa la pel\u00edcula porque es irrelevante para m\u00ed y el tema de esta columna.&nbsp;<\/p>\n\n\n\n<p>He de decir que las&nbsp; muertes de personas buenas, justas; de profesores, de m\u00e9dicos, de l\u00edderes sociales, de pol\u00edticos y personas ajenas a cualquier guerra, inocentes y da\u00f1os colaterales;&nbsp; esas muertes que atravesaron y a\u00fan atraviesan, atenazan y encadenan nuestra historia, nuestro pedido de d\u00e9cadas de querer paz; esas muertes siguen ah\u00ed, pegadas con l\u00e1grimas, sangre y sudor a nuestras almas, a nuestras vidas que no han respirado ni un minuto de paz en a\u00f1os y a\u00f1os; y, que ni siquiera con la firma del Acuerdo de paz del Col\u00f3n lleg\u00f3 definitivamente, no es una paz total, es una paz chiquita, como dijera el actual presidente de Colombia despu\u00e9s del plebiscito que le dijo NO a la Paz propuesta por el expresidente Juan Manuel Santos en 2016.<\/p>\n\n\n\n<figure class=\"wp-block-image size-large\"><img fetchpriority=\"high\" decoding=\"async\" width=\"3000\" height=\"1688\" src=\"http:\/\/xn--tuvozdiasporaespaola-k7b.com\/wp-content\/uploads\/2022\/11\/bd6lchyprrcplofcocdd2thczi2142219727514582792.jpg?w=1024\" alt=\"\" class=\"wp-image-645\" srcset=\"https:\/\/xn--tuvozdiasporaespaola-k7b.com\/wp-content\/uploads\/2022\/11\/bd6lchyprrcplofcocdd2thczi2142219727514582792.jpg 3000w, https:\/\/xn--tuvozdiasporaespaola-k7b.com\/wp-content\/uploads\/2022\/11\/bd6lchyprrcplofcocdd2thczi2142219727514582792-300x169.jpg 300w, https:\/\/xn--tuvozdiasporaespaola-k7b.com\/wp-content\/uploads\/2022\/11\/bd6lchyprrcplofcocdd2thczi2142219727514582792-1024x576.jpg 1024w, https:\/\/xn--tuvozdiasporaespaola-k7b.com\/wp-content\/uploads\/2022\/11\/bd6lchyprrcplofcocdd2thczi2142219727514582792-768x432.jpg 768w, https:\/\/xn--tuvozdiasporaespaola-k7b.com\/wp-content\/uploads\/2022\/11\/bd6lchyprrcplofcocdd2thczi2142219727514582792-1568x882.jpg 1568w\" sizes=\"(max-width: 3000px) 100vw, 3000px\" \/><\/figure>\n\n\n\n<p>Seguimos despedaz\u00e1ndonos entre nosotros, seguimos ardiendo en una furia incontenible de violencia especificada, especializada, elegible; muertos y m\u00e1s muertos cubren cada d\u00eda las cr\u00f3nicas de los medios de comunicaci\u00f3n. Muertos por venganzas, por narcotr\u00e1fico, a\u00fan por pensar diferente; por ser diferentes; por ser mujeres y ni\u00f1os inocentes; por salir a las calles a protestar y a pedir \u201cpaz\u201d, como sucediera en los pasados paros nacionales de los a\u00f1os 2019, 2020 y 2021.<\/p>\n\n\n\n<p>Muertes por ser hombres y mujeres buenos\/as que aman sin l\u00edmites y defienden lo que piensan, por ser hombres que nunca agredir\u00edan a una mujer (porque s\u00ed, a ellos tambi\u00e9n los mata la violencia intrafamiliar, los celos y el despecho); por querer cambiar el mundo; por decir \u00a1Basta Ya!&nbsp;<\/p>\n\n\n\n<p>Ni\u00f1os que tienen que salir exiliados porque son demasiado inteligentes para su edad y opinan con la verdad e inocencia que solo ellos poseen. Como por ejemplo el l\u00edder ambiental Francisco Vera Manzanares, quien a sus 12 a\u00f1os tuvo que salir del pa\u00eds por amenazas contra su vida, por ser y pensar diferente, por ser un ni\u00f1o que entiende el mundo y que tiene opiniones propias.<\/p>\n\n\n\n<p>Muertes de mujeres, feminicidios diarios, violadas, mutiladas, descuartizados, empapadas, c\u00f3mo trozos de carne que sobran y son arrojadas a las calles en trocitos dentro de bolsas pl\u00e1sticas. Cada d\u00eda muere una mujer en Colombia por VBG.<\/p>\n\n\n\n<figure class=\"wp-block-image size-large\"><img decoding=\"async\" width=\"3000\" height=\"2000\" src=\"http:\/\/xn--tuvozdiasporaespaola-k7b.com\/wp-content\/uploads\/2022\/11\/cpl5wj6zffefncduiwax7cimie6616627561272531599.jpg?w=1024\" alt=\"\" class=\"wp-image-646\" srcset=\"https:\/\/xn--tuvozdiasporaespaola-k7b.com\/wp-content\/uploads\/2022\/11\/cpl5wj6zffefncduiwax7cimie6616627561272531599.jpg 3000w, https:\/\/xn--tuvozdiasporaespaola-k7b.com\/wp-content\/uploads\/2022\/11\/cpl5wj6zffefncduiwax7cimie6616627561272531599-300x200.jpg 300w, https:\/\/xn--tuvozdiasporaespaola-k7b.com\/wp-content\/uploads\/2022\/11\/cpl5wj6zffefncduiwax7cimie6616627561272531599-1024x683.jpg 1024w, https:\/\/xn--tuvozdiasporaespaola-k7b.com\/wp-content\/uploads\/2022\/11\/cpl5wj6zffefncduiwax7cimie6616627561272531599-768x512.jpg 768w, https:\/\/xn--tuvozdiasporaespaola-k7b.com\/wp-content\/uploads\/2022\/11\/cpl5wj6zffefncduiwax7cimie6616627561272531599-1568x1045.jpg 1568w\" sizes=\"(max-width: 3000px) 100vw, 3000px\" \/><\/figure>\n\n\n\n<p>Muertes. La muerte de nuestro territorio, la muerte de nuestros pueblos ind\u00edgenas, de nuestros hermanos mayores; la muerte por el color de la piel; la muerte entre hermanos, el fratricidio.&nbsp;<\/p>\n\n\n\n<p>La muerte por ser mujeres libres, por ser LGTBIQ+; por denunciar abusos y acosos; por tener un celular caro o un auto bonito, no solo te roban, sino que te tienen que matar.<\/p>\n\n\n\n<p>La muerte de nuestra hermana naturaleza, la muerte de nuestros r\u00edos que por la explotaci\u00f3n minera legal o ilegal son contaminados, desviados de su cauce natural y exprimidos hasta su \u00faltima gota; la muerte de nuestros bosques andinos y montano lluviosos que albergan gran cantidad de biodiversidad, como la Palma de Cera, el \u00e1rbol nacional de Colombia, el cual est\u00e1 en estado de vulnerabilidad tal que se considera casi extinto. La deforestaci\u00f3n que arrasa sin control y sin misericordia grandes extensiones de nuestra Amazon\u00eda, pulm\u00f3n del mundo; la ganader\u00eda extensiva que no le hace nada bien a la atm\u00f3sfera, ni al a\u00edre que respiramos y a los suelos para sembrar alimentos y, la explotaci\u00f3n de cualquier recurso natural del que puedan extraer riqueza que no queda en nuestro pa\u00eds, ni beneficia a nuestra poblaci\u00f3n; toda esa riqueza sale de Colombia a engordar las arcas de las multinacionales.&nbsp;<\/p>\n\n\n\n<p><strong>Esa es la muerte del territorio.<\/strong><\/p>\n\n\n\n<p>La muerte de la cultura, de la ancestralidad, de lo genuino, de las ra\u00edces; la muerte de la idiosincrasia que m\u00e1s bien ha carecido de autenticidad y se ha cambiado por lo for\u00e1neo. Tambi\u00e9n morimos un poco cuando olvidamos qui\u00e9nes somos y de d\u00f3nde venimos, porque perdemos el rumbo, el camino a seguir y la coherencia.<\/p>\n\n\n\n<p>Entonces seguimos siendo el olvido, ese olvido que nos sumerge en r\u00edos de sangre que no tienen l\u00edmites. R\u00edos que secan la voluntad de la bondad y alimentan la sed de odios, venganzas y m\u00e1s muertes. Y as\u00ed como una espiral siniestra nos arrastra al caos, a perder la raz\u00f3n y a la agresividad.<\/p>\n\n\n\n<p>No culpo a quienes tocados por la violencia que arrecia de un lado al otro y que llega cuando menos la esperan, se tornan ego\u00edstas, se adjudican el papel de vengadores de palabra, de facto, de carne humana. No culpo a los hu\u00e9rfanos, viudas, padres y madres que perdieron sus hijos por una bala perdida o no, del Estado o de las guerrillas; ellos no tienen que sentir culpa por pensar que un lado o el otro son responsables, los sanguinarios y los asesinos y por decidir tomar venganza por propia mano; no culpo a quienes en vista de esas p\u00e9rdidas elijen un bando u otro, derecha o izquierda.<\/p>\n\n\n\n<figure class=\"wp-block-image size-large\"><img decoding=\"async\" width=\"640\" height=\"400\" src=\"http:\/\/xn--tuvozdiasporaespaola-k7b.com\/wp-content\/uploads\/2022\/11\/2225228-e14721432667676446816626773110670.jpg?w=640\" alt=\"\" class=\"wp-image-647\" srcset=\"https:\/\/xn--tuvozdiasporaespaola-k7b.com\/wp-content\/uploads\/2022\/11\/2225228-e14721432667676446816626773110670.jpg 640w, https:\/\/xn--tuvozdiasporaespaola-k7b.com\/wp-content\/uploads\/2022\/11\/2225228-e14721432667676446816626773110670-300x188.jpg 300w\" sizes=\"(max-width: 640px) 100vw, 640px\" \/><\/figure>\n\n\n\n<p>No somos culpables de la barbarie que nos arrebat\u00f3 lo querido, m\u00e1s somos responsables por evitar futuras barbaries y por perpetuar la muerte en lugar de la vida. Reflexiones que cada uno tendr\u00e1 que hacer desde la posici\u00f3n en la que se encuentre al final de esta guerra, si es que llegamos al final a una PAZ TOTAL, la propuesta de un exguerrillero que ahora es presidente y pretenden dejarnos esa PAZ TOTAL que merecemos y que no hemos tenido por la fuerza de la palabra, las firmas y los acuerdos.<\/p>\n\n\n\n<p>\u201c<em>Ya somos el olvido que seremos, el polco elemental que nos ignora y que fue el rojo Adam y que es ahora todos los hombres y, que no veremos. Ya somos en la tumba, las dos fechas del principio y el t\u00e9rmino; la caja, la obscena corrupci\u00f3n y la mortaja<\/em>\u00ab.<\/p>\n\n\n\n<figure class=\"wp-block-image size-large\"><img loading=\"lazy\" decoding=\"async\" width=\"580\" height=\"387\" src=\"http:\/\/xn--tuvozdiasporaespaola-k7b.com\/wp-content\/uploads\/2022\/11\/62ef051352d3d3472525614908846732.jpeg?w=580\" alt=\"\" class=\"wp-image-648\" srcset=\"https:\/\/xn--tuvozdiasporaespaola-k7b.com\/wp-content\/uploads\/2022\/11\/62ef051352d3d3472525614908846732.jpeg 580w, https:\/\/xn--tuvozdiasporaespaola-k7b.com\/wp-content\/uploads\/2022\/11\/62ef051352d3d3472525614908846732-300x200.jpeg 300w\" sizes=\"(max-width: 580px) 100vw, 580px\" \/><\/figure>\n\n\n\n<p><strong>Los triunfos de la muerte y las endechas.<\/strong><\/p>\n\n\n\n<p>\u00ab<em>No soy el insensato que se aferra al m\u00e1gico sonido de su nombre; pienso con esperanza, en aquel hombre, que no sabr\u00e1 que fui sobre la tierra. Bajo el indiferente azul del cielo, esta meditaci\u00f3n es un consuelo\u201d<\/em>. H\u00e9ctor Abad G\u00f3mez.<\/p>\n\n\n\n<p>Por: Carolina Valencia Bernal, Periodista Redacci\u00f3n Revista TU VOZ, Delegaci\u00f3n&nbsp; Podemos Colombia <br \/><br \/><\/p>\n","protected":false},"excerpt":{"rendered":"<p>Viendo la pel\u00edcula de Fernando Trueba, El Olvido que Seremos, basada en la novela \u201cEl Olvido que Seremos\u201d de H\u00e9ctor Abad Faciolince, con el &#8230; <\/p>\n<p class=\"read-more-container\"><a title=\"YA SOMOS, EL OLVIDO QUE SEREMOS.\" class=\"read-more button\" href=\"https:\/\/xn--tuvozdiasporaespaola-k7b.com\/page\/2\/ya-somos-el-olvido-que-seremos\/#more-649\" aria-label=\"M\u00e1s en YA SOMOS, EL OLVIDO QUE SEREMOS.\">Leer m\u00e1s<\/a><\/p>\n","protected":false},"author":222560522,"featured_media":0,"comment_status":"open","ping_status":"open","sticky":false,"template":"","format":"standard","meta":{"footnotes":""},"categories":[1771],"tags":[],"class_list":["post-649","post","type-post","status-publish","format-standard","hentry","category-sociales"],"_links":{"self":[{"href":"https:\/\/xn--tuvozdiasporaespaola-k7b.com\/page\/2\/wp-json\/wp\/v2\/posts\/649","targetHints":{"allow":["GET"]}}],"collection":[{"href":"https:\/\/xn--tuvozdiasporaespaola-k7b.com\/page\/2\/wp-json\/wp\/v2\/posts"}],"about":[{"href":"https:\/\/xn--tuvozdiasporaespaola-k7b.com\/page\/2\/wp-json\/wp\/v2\/types\/post"}],"author":[{"embeddable":true,"href":"https:\/\/xn--tuvozdiasporaespaola-k7b.com\/page\/2\/wp-json\/wp\/v2\/users\/222560522"}],"replies":[{"embeddable":true,"href":"https:\/\/xn--tuvozdiasporaespaola-k7b.com\/page\/2\/wp-json\/wp\/v2\/comments?post=649"}],"version-history":[{"count":0,"href":"https:\/\/xn--tuvozdiasporaespaola-k7b.com\/page\/2\/wp-json\/wp\/v2\/posts\/649\/revisions"}],"wp:attachment":[{"href":"https:\/\/xn--tuvozdiasporaespaola-k7b.com\/page\/2\/wp-json\/wp\/v2\/media?parent=649"}],"wp:term":[{"taxonomy":"category","embeddable":true,"href":"https:\/\/xn--tuvozdiasporaespaola-k7b.com\/page\/2\/wp-json\/wp\/v2\/categories?post=649"},{"taxonomy":"post_tag","embeddable":true,"href":"https:\/\/xn--tuvozdiasporaespaola-k7b.com\/page\/2\/wp-json\/wp\/v2\/tags?post=649"}],"curies":[{"name":"wp","href":"https:\/\/api.w.org\/{rel}","templated":true}]}}