{"id":6476,"date":"2024-09-08T15:43:47","date_gmt":"2024-09-08T18:43:47","guid":{"rendered":"https:\/\/xn--tuvozdiasporaespaola-k7b.com\/page\/2\/?p=6476"},"modified":"2024-09-08T15:43:47","modified_gmt":"2024-09-08T18:43:47","slug":"en-plena-crisis-politica-emmanuel-macron-designa-a-michael-barnier-como-primer-ministro","status":"publish","type":"post","link":"https:\/\/xn--tuvozdiasporaespaola-k7b.com\/page\/2\/en-plena-crisis-politica-emmanuel-macron-designa-a-michael-barnier-como-primer-ministro\/","title":{"rendered":"En plena crisis pol\u00edtica Emmanuel Macron designa a Michael Barnier como primer ministro."},"content":{"rendered":"\n<p>Por Jes\u00fas Rivero, Redacci\u00f3n de Revista TU VOZ,  Rosario,  Argentina <\/p>\n\n\n\n<p>Emmanuel Macron, design\u00f3 a Michael Barnier, como primer ministro. Barnier es un conservador y exnegociador de la Uni\u00f3n Europea para el Brexit. En este sentido, Macron le encarg\u00f3 a Barnier \u201cformar un nuevo gobierno unificador para servir al pa\u00eds\u00bb, en un contexto en donde la izquierda francesa denuncia que le robaron la elecci\u00f3n.<\/p>\n\n\n\n<p>Michael Barnier tiene una amplia experiencia en pol\u00edtica: fue diputado, cuatro veces ministro, dos veces comisario europeo y tambi\u00e9n fue el jefe negociador de la Uni\u00f3n Europea  para el Brexit. Fue candidato a la presidencia por los Republicanos, partido conservador de derecha. <\/p>\n\n\n\n<p>El problema no est\u00e1 en la experiencia de Barnier, sino en su ideolog\u00eda, cuando fue la izquierda la m\u00e1s votada en las elecciones legislativas de julio, frenando la que parec\u00eda imparable carrera de la derecha hacia el poder. Por lo que nadie puede anticipar lo que va a durar. Michael Barnier tendr\u00e1 la tarea de formar y dirigir el nuevo Gobierno, que se enfrentar\u00e1 con una f\u00e9rrea resistencia de la oposici\u00f3n a Macron en el Parlamento. <\/p>\n\n\n\n<figure class=\"wp-block-gallery has-nested-images columns-default is-cropped wp-block-gallery-1 is-layout-flex wp-block-gallery-is-layout-flex\">\n<figure class=\"wp-block-image size-large\"><img fetchpriority=\"high\" decoding=\"async\" width=\"640\" height=\"426\" data-id=\"6478\" src=\"https:\/\/xn--tuvozdiasporaespaola-k7b.com\/wp-content\/uploads\/2024\/09\/127bc6a0-6d8e-11ef-8c32-f3c2bc7494c6.jpg.webp\" alt=\"\" class=\"wp-image-6478\" srcset=\"https:\/\/xn--tuvozdiasporaespaola-k7b.com\/wp-content\/uploads\/2024\/09\/127bc6a0-6d8e-11ef-8c32-f3c2bc7494c6.jpg.webp 640w, https:\/\/xn--tuvozdiasporaespaola-k7b.com\/wp-content\/uploads\/2024\/09\/127bc6a0-6d8e-11ef-8c32-f3c2bc7494c6.jpg-300x200.webp 300w\" sizes=\"(max-width: 640px) 100vw, 640px\" \/><\/figure>\n<\/figure>\n\n\n\n<p>El presidente asegur\u00f3 que el primer ministro y el futuro gobierno \u201creunir\u00e1n las condiciones para ser lo m\u00e1s estables posible y darse la oportunidad de reunir una amplia mayoria\u00bb. En lo que respecta a el partido de ultraderecha derecha Agrupaci\u00f3n Nacional de Marine Le Pen que form\u00f3 uno de los mayores bloques parlamentarios despu\u00e9s de las elecciones adelantadas de julio, se\u00f1al\u00f3 que tomaba nota del nombramiento. <\/p>\n\n\n\n<p>Pediremos que de atiendan finalmente las grandes emergencias de los franceses; el poder adquisitivo, la seguridad y la inmigraci\u00f3n, y nos reservamos cualquier medio pol\u00edtico de acci\u00f3n si este no es el caso en las pr\u00f3ximas semanas\u00bb, afirm\u00f3 Jordan Bardella, presidente del RN. <\/p>\n\n\n\n<p>Por su parte el l\u00edder de la izquierda Jean-Luc M\u00e9lenchon, fundador de La Francia Insumisa cargo duramente contra el presidente franc\u00e9s por el nombramiento de Michael Barnier y lo acus\u00f3 de robarse las elecciones : \u201cEs un verdadero esc\u00e1ndalo se est\u00e1n riendo de nosotros\u00bb, afirm\u00f3 por su parte la l\u00edder de los ecologistas, Marine Tondelier. <\/p>\n","protected":false},"excerpt":{"rendered":"<p>Por Jes\u00fas Rivero, Redacci\u00f3n de Revista TU VOZ, Rosario, Argentina Emmanuel Macron, design\u00f3 a Michael Barnier, como primer ministro. Barnier es un conservador y &#8230; <\/p>\n<p class=\"read-more-container\"><a title=\"En plena crisis pol\u00edtica Emmanuel Macron designa a Michael Barnier como primer ministro.\" class=\"read-more button\" href=\"https:\/\/xn--tuvozdiasporaespaola-k7b.com\/page\/2\/en-plena-crisis-politica-emmanuel-macron-designa-a-michael-barnier-como-primer-ministro\/#more-6476\" aria-label=\"M\u00e1s en En plena crisis pol\u00edtica Emmanuel Macron designa a Michael Barnier como primer ministro.\">Leer m\u00e1s<\/a><\/p>\n","protected":false},"author":222560522,"featured_media":6479,"comment_status":"open","ping_status":"open","sticky":false,"template":"","format":"standard","meta":{"footnotes":""},"categories":[121869],"tags":[],"class_list":["post-6476","post","type-post","status-publish","format-standard","has-post-thumbnail","hentry","category-internaciones","resize-featured-image"],"_links":{"self":[{"href":"https:\/\/xn--tuvozdiasporaespaola-k7b.com\/page\/2\/wp-json\/wp\/v2\/posts\/6476","targetHints":{"allow":["GET"]}}],"collection":[{"href":"https:\/\/xn--tuvozdiasporaespaola-k7b.com\/page\/2\/wp-json\/wp\/v2\/posts"}],"about":[{"href":"https:\/\/xn--tuvozdiasporaespaola-k7b.com\/page\/2\/wp-json\/wp\/v2\/types\/post"}],"author":[{"embeddable":true,"href":"https:\/\/xn--tuvozdiasporaespaola-k7b.com\/page\/2\/wp-json\/wp\/v2\/users\/222560522"}],"replies":[{"embeddable":true,"href":"https:\/\/xn--tuvozdiasporaespaola-k7b.com\/page\/2\/wp-json\/wp\/v2\/comments?post=6476"}],"version-history":[{"count":2,"href":"https:\/\/xn--tuvozdiasporaespaola-k7b.com\/page\/2\/wp-json\/wp\/v2\/posts\/6476\/revisions"}],"predecessor-version":[{"id":6480,"href":"https:\/\/xn--tuvozdiasporaespaola-k7b.com\/page\/2\/wp-json\/wp\/v2\/posts\/6476\/revisions\/6480"}],"wp:featuredmedia":[{"embeddable":true,"href":"https:\/\/xn--tuvozdiasporaespaola-k7b.com\/page\/2\/wp-json\/wp\/v2\/media\/6479"}],"wp:attachment":[{"href":"https:\/\/xn--tuvozdiasporaespaola-k7b.com\/page\/2\/wp-json\/wp\/v2\/media?parent=6476"}],"wp:term":[{"taxonomy":"category","embeddable":true,"href":"https:\/\/xn--tuvozdiasporaespaola-k7b.com\/page\/2\/wp-json\/wp\/v2\/categories?post=6476"},{"taxonomy":"post_tag","embeddable":true,"href":"https:\/\/xn--tuvozdiasporaespaola-k7b.com\/page\/2\/wp-json\/wp\/v2\/tags?post=6476"}],"curies":[{"name":"wp","href":"https:\/\/api.w.org\/{rel}","templated":true}]}}