{"id":6400,"date":"2024-08-31T08:32:57","date_gmt":"2024-08-31T11:32:57","guid":{"rendered":"https:\/\/xn--tuvozdiasporaespaola-k7b.com\/page\/2\/?p=6400"},"modified":"2024-08-31T08:32:58","modified_gmt":"2024-08-31T11:32:58","slug":"me-siento-devastada","status":"publish","type":"post","link":"https:\/\/xn--tuvozdiasporaespaola-k7b.com\/page\/2\/me-siento-devastada\/","title":{"rendered":"\u201cMe siento devastada\u201d"},"content":{"rendered":"\n<p>Por Walter C. Medina<\/p>\n\n\n\n<p>ENTREVISTA A M\u00d3NICA CORTIZAS<\/p>\n\n\n\n<p>El bloque \u201cEl \u00c1ngulo\u201d, que presenta Ximena Donamar\u00eda en el programa radial \u201cCenizas de Babilonia. Di\u00e1spora Espa\u00f1ola\u201d (AM830 Radio del Pueblo), tuvo como invitada a M\u00f3nica Cortizas, junto a Noelia Morinigo,  quien se refiri\u00f3 no solo a los recortes presupuestarios que el gobierno nacional decidi\u00f3 sobre pol\u00edticas de g\u00e9nero, sino al sostenimiento de estas mismas pol\u00edticas por parte del gobierno provincial. En referencia a la desaparici\u00f3n de la l\u00ednea de denuncia 144, Cortizas asegur\u00f3 sentirse \u201cdevastada\u201d.<\/p>\n\n\n\n<p><strong> \u00bfCu\u00e1l es tu opini\u00f3n sobre el vaciamiento que hizo el gobierno nacional de la l\u00ednea 144, los recortes en lo referente a violencia y diversidad de g\u00e9nero?<\/strong><\/p>\n\n\n\n<p>Me siento devastada. Llam\u00e9 en tres oportunidades a la l\u00ednea 144 esta semana, y me atendi\u00f3 un contestador que me derivaba al 911 o al hospital m\u00e1s cercano, hasta que logr\u00e9 en una tercer llamada que me atienda una persona, y estuvimos charlando un minuto nada m\u00e1s porque mi caso no era un caso de violencia de g\u00e9nero, sino que quer\u00eda saber c\u00f3mo funcionaba la l\u00ednea. <\/p>\n\n\n\n<p>La l\u00ednea 144 es una l\u00ednea que en el gobierno anterior abarcaba el nivel nacional, y despu\u00e9s se derivaba al territorio. Ha sufrido un ajuste feroz, donde el 38 por ciento del personal que atend\u00eda la l\u00ednea durante 24 horas y los 365 d\u00edas del a\u00f1o para asistir, asesorar e informar a las mujeres o al colectivo de la diversidad que sufrieran violencia de g\u00e9nero fue sustancialmente reducido su personal y en un 28 por ciento su presupuesto. <\/p>\n\n\n\n<p>Podemos decir que es tierra arrasada la l\u00ednea 144. En la provincia de Buenos Aires, donde vive casi el 50 por ciento de la poblaci\u00f3n argentina, con nueve millones de mujeres, es un oasis porque el gobernador Axel Kiccillof y nuestra ministra Estela D\u00edaz han decidido sostener y fortalecer las pol\u00edticas de g\u00e9nero existentes y pensar en nuevas estrategias. <\/p>\n\n\n\n<figure class=\"wp-block-gallery has-nested-images columns-default is-cropped wp-block-gallery-1 is-layout-flex wp-block-gallery-is-layout-flex\">\n<figure class=\"wp-block-image size-large\"><img fetchpriority=\"high\" decoding=\"async\" width=\"1024\" height=\"710\" data-id=\"6403\" src=\"https:\/\/xn--tuvozdiasporaespaola-k7b.com\/wp-content\/uploads\/2024\/08\/49193124dcad4b94679fd220f23918803d667e7e-1024x710.jpg\" alt=\"\" class=\"wp-image-6403\" srcset=\"https:\/\/xn--tuvozdiasporaespaola-k7b.com\/wp-content\/uploads\/2024\/08\/49193124dcad4b94679fd220f23918803d667e7e-1024x710.jpg 1024w, https:\/\/xn--tuvozdiasporaespaola-k7b.com\/wp-content\/uploads\/2024\/08\/49193124dcad4b94679fd220f23918803d667e7e-300x208.jpg 300w, https:\/\/xn--tuvozdiasporaespaola-k7b.com\/wp-content\/uploads\/2024\/08\/49193124dcad4b94679fd220f23918803d667e7e-768x532.jpg 768w, https:\/\/xn--tuvozdiasporaespaola-k7b.com\/wp-content\/uploads\/2024\/08\/49193124dcad4b94679fd220f23918803d667e7e-1536x1065.jpg 1536w, https:\/\/xn--tuvozdiasporaespaola-k7b.com\/wp-content\/uploads\/2024\/08\/49193124dcad4b94679fd220f23918803d667e7e-2048x1420.jpg 2048w\" sizes=\"(max-width: 1024px) 100vw, 1024px\" \/><\/figure>\n<\/figure>\n\n\n\n<p>El otro programa que funcionaba a nivel nacional, que era el programa Acompa\u00f1ar financiaba a aquellas personas que sufren violencia de g\u00e9nero y se tienen que retirar de su vivienda, y no tienen un ingreso, por tres meses a trav\u00e9s del Anses un sueldo m\u00ednimo durante seis meses. Ese ajuste cay\u00f3 en un 82 por ciento. Esto quiere decir que en el a\u00f1o 2023 fueron atendidas y asistidas con este programa 34 mil personas. En lo que va de 2024 solo 434 casos fueron atendidos por el programa Acompa\u00f1ar que lo pagaba el Anses. <\/p>\n\n\n\n<p>La decisi\u00f3n de la provincia de Buenos Aires es seguir asistiendo con este programa porque la poblaci\u00f3n de mujeres es alta en relaci\u00f3n al resto de las provincias. Adem\u00e1s, de los 120 femicidios que ocurrieron en el pa\u00eds, 45 ocurrieron en la provincia de Buenos Aires. <\/p>\n\n\n\n<p>Yo celebro la decisi\u00f3n de la provincia de Buenos Aires que es el oasis dentro de esta debacle nacional de las pol\u00edticas p\u00fablicas en relaci\u00f3n a la igualdad de g\u00e9nero y la decisi\u00f3n del gobierno nacional de terminar con este paradigma y estas pol\u00edticas, y utilizar los acontecimientos que son de p\u00fablico conocimiento, entre el ex presidente Fern\u00e1ndez y la Primera Dama Fabiola Ya\u00f1ez, para desarticular y justificar la desarticulaci\u00f3n de todas las pol\u00edticas p\u00fablicas que nos ayudaban a las mujeres y al colectivo de la diversidad. <\/p>\n\n\n\n<p>Yo adem\u00e1s me acerqu\u00e9 a mi municipio, en Bol\u00edvar, en donde contin\u00faan aplicando todas las pol\u00edticas; se llama Direcci\u00f3n de Derechos Humanos y est\u00e1n incluidas las mujeres y el colectivo LGTBI. La provincia de Buenos Aires aborda, en forma integral y transversal la problem\u00e1tica. Se han formado en todos los municipios consejos transversales; o sea que adem\u00e1s de las pol\u00edticas propias vinculadas con la igualdad de g\u00e9nero, aquellas personas que necesitan la colaboraci\u00f3n y la ayuda del Estado para afrontar esta situaci\u00f3n, pueden acceder a otros servicios vinculados, como los servicios de salud, de justicia, de seguridad.<\/p>\n\n\n\n<p><strong> Y en la provincia de Buenos Aires tenemos la Comisar\u00eda de la Mujer y las unidades fiscales.\u00bfLa Comisar\u00eda de la Mujer qu\u00e9 vendr\u00eda a ser?<\/strong><\/p>\n\n\n\n<p>Es una comisar\u00eda independiente que atiende \u00fanicamente en los casos vinculados con la violencia de g\u00e9nero. Y est\u00e1 atendida por personas que est\u00e1n formadas, que hicieron los cursos de la Ley Micaela; tienen la formaci\u00f3n adecuada, interdisciplinaria, para atender estos casos. A partir de la lucha, de los movimientos de las mujeres, feministas y de diversidad, se crearon estos espacios que son m\u00e1s amigables para aquellas situaciones de violencia, donde no te atiende un oficial con formaci\u00f3n machista que no tiene esta mirada y esta comprensi\u00f3n de la situaci\u00f3n. <\/p>\n\n\n\n<figure class=\"wp-block-gallery has-nested-images columns-default is-cropped wp-block-gallery-2 is-layout-flex wp-block-gallery-is-layout-flex\">\n<figure class=\"wp-block-image size-large\"><img decoding=\"async\" width=\"1024\" height=\"576\" data-id=\"6402\" src=\"https:\/\/xn--tuvozdiasporaespaola-k7b.com\/wp-content\/uploads\/2024\/08\/despidos_lxnea_144.jpg_152257013-1024x576.jpg\" alt=\"\" class=\"wp-image-6402\" srcset=\"https:\/\/xn--tuvozdiasporaespaola-k7b.com\/wp-content\/uploads\/2024\/08\/despidos_lxnea_144.jpg_152257013-1024x576.jpg 1024w, https:\/\/xn--tuvozdiasporaespaola-k7b.com\/wp-content\/uploads\/2024\/08\/despidos_lxnea_144.jpg_152257013-300x169.jpg 300w, https:\/\/xn--tuvozdiasporaespaola-k7b.com\/wp-content\/uploads\/2024\/08\/despidos_lxnea_144.jpg_152257013-768x432.jpg 768w, https:\/\/xn--tuvozdiasporaespaola-k7b.com\/wp-content\/uploads\/2024\/08\/despidos_lxnea_144.jpg_152257013.jpg 1200w\" sizes=\"(max-width: 1024px) 100vw, 1024px\" \/><\/figure>\n<\/figure>\n\n\n\n<p>Por eso son importantes. Adem\u00e1s de las Comisar\u00edas de la Mujer se han creado casas que son refugio para aquellas personas que se tienen que retirar del domicilio. En este momento en la provincia hay 57 casas Refugio que se llaman Arco\u00edris. Adem\u00e1s de poder alojar a las mujeres y a los ni\u00f1os que han sido v\u00edctimas de violencia, como es transversal, se aborda con todas las pol\u00edticas existentes en el Estado. <\/p>\n\n\n\n<p>En estas mismas casas Refugio hay talleres para que las mujeres puedan hacer eses cursos y talleres que son muy completos. La diferencia es ese abordaje transversal, y que no se baj\u00f3 el presupuesto, al contrario, se fortaleci\u00f3 de todas las pol\u00edticas p\u00fablicas vinculadas con el desarrollo de la mujer y el abordaje a la violencia de g\u00e9nero.                                       <\/p>\n\n\n\n<figure class=\"wp-block-gallery has-nested-images columns-default is-cropped wp-block-gallery-3 is-layout-flex wp-block-gallery-is-layout-flex\">\n<figure class=\"wp-block-image size-large\"><img decoding=\"async\" width=\"1024\" height=\"1024\" data-id=\"6404\" src=\"https:\/\/xn--tuvozdiasporaespaola-k7b.com\/wp-content\/uploads\/2024\/08\/20240831_132951-1024x1024.jpg\" alt=\"\" class=\"wp-image-6404\" srcset=\"https:\/\/xn--tuvozdiasporaespaola-k7b.com\/wp-content\/uploads\/2024\/08\/20240831_132951-1024x1024.jpg 1024w, https:\/\/xn--tuvozdiasporaespaola-k7b.com\/wp-content\/uploads\/2024\/08\/20240831_132951-300x300.jpg 300w, https:\/\/xn--tuvozdiasporaespaola-k7b.com\/wp-content\/uploads\/2024\/08\/20240831_132951-150x150.jpg 150w, https:\/\/xn--tuvozdiasporaespaola-k7b.com\/wp-content\/uploads\/2024\/08\/20240831_132951-768x768.jpg 768w, https:\/\/xn--tuvozdiasporaespaola-k7b.com\/wp-content\/uploads\/2024\/08\/20240831_132951-1536x1536.jpg 1536w, https:\/\/xn--tuvozdiasporaespaola-k7b.com\/wp-content\/uploads\/2024\/08\/20240831_132951-2048x2048.jpg 2048w\" sizes=\"(max-width: 1024px) 100vw, 1024px\" \/><figcaption class=\"wp-element-caption\">Monica Cortizas, Ximena Donamar\u00eda y Noelia Morinigo <\/figcaption><\/figure>\n<\/figure>\n","protected":false},"excerpt":{"rendered":"<p>Por Walter C. Medina ENTREVISTA A M\u00d3NICA CORTIZAS El bloque \u201cEl \u00c1ngulo\u201d, que presenta Ximena Donamar\u00eda en el programa radial \u201cCenizas de Babilonia. Di\u00e1spora &#8230; <\/p>\n<p class=\"read-more-container\"><a title=\"\u201cMe siento devastada\u201d\" class=\"read-more button\" href=\"https:\/\/xn--tuvozdiasporaespaola-k7b.com\/page\/2\/me-siento-devastada\/#more-6400\" aria-label=\"M\u00e1s en \u201cMe siento devastada\u201d\">Leer m\u00e1s<\/a><\/p>\n","protected":false},"author":222560522,"featured_media":6405,"comment_status":"open","ping_status":"open","sticky":false,"template":"","format":"standard","meta":{"footnotes":""},"categories":[121858],"tags":[],"class_list":["post-6400","post","type-post","status-publish","format-standard","has-post-thumbnail","hentry","category-genero","resize-featured-image"],"_links":{"self":[{"href":"https:\/\/xn--tuvozdiasporaespaola-k7b.com\/page\/2\/wp-json\/wp\/v2\/posts\/6400","targetHints":{"allow":["GET"]}}],"collection":[{"href":"https:\/\/xn--tuvozdiasporaespaola-k7b.com\/page\/2\/wp-json\/wp\/v2\/posts"}],"about":[{"href":"https:\/\/xn--tuvozdiasporaespaola-k7b.com\/page\/2\/wp-json\/wp\/v2\/types\/post"}],"author":[{"embeddable":true,"href":"https:\/\/xn--tuvozdiasporaespaola-k7b.com\/page\/2\/wp-json\/wp\/v2\/users\/222560522"}],"replies":[{"embeddable":true,"href":"https:\/\/xn--tuvozdiasporaespaola-k7b.com\/page\/2\/wp-json\/wp\/v2\/comments?post=6400"}],"version-history":[{"count":2,"href":"https:\/\/xn--tuvozdiasporaespaola-k7b.com\/page\/2\/wp-json\/wp\/v2\/posts\/6400\/revisions"}],"predecessor-version":[{"id":6406,"href":"https:\/\/xn--tuvozdiasporaespaola-k7b.com\/page\/2\/wp-json\/wp\/v2\/posts\/6400\/revisions\/6406"}],"wp:featuredmedia":[{"embeddable":true,"href":"https:\/\/xn--tuvozdiasporaespaola-k7b.com\/page\/2\/wp-json\/wp\/v2\/media\/6405"}],"wp:attachment":[{"href":"https:\/\/xn--tuvozdiasporaespaola-k7b.com\/page\/2\/wp-json\/wp\/v2\/media?parent=6400"}],"wp:term":[{"taxonomy":"category","embeddable":true,"href":"https:\/\/xn--tuvozdiasporaespaola-k7b.com\/page\/2\/wp-json\/wp\/v2\/categories?post=6400"},{"taxonomy":"post_tag","embeddable":true,"href":"https:\/\/xn--tuvozdiasporaespaola-k7b.com\/page\/2\/wp-json\/wp\/v2\/tags?post=6400"}],"curies":[{"name":"wp","href":"https:\/\/api.w.org\/{rel}","templated":true}]}}