{"id":640,"date":"2022-11-18T09:01:13","date_gmt":"2022-11-18T12:01:13","guid":{"rendered":"https:\/\/xn--tuvozdiasporaespaola-k7b.com\/?p=640"},"modified":"2022-11-18T18:04:18","modified_gmt":"2022-11-18T21:04:18","slug":"denuncia-de-caceria-racista-de-hatianos-en-republica-dominicana","status":"publish","type":"post","link":"https:\/\/xn--tuvozdiasporaespaola-k7b.com\/page\/2\/denuncia-de-caceria-racista-de-hatianos-en-republica-dominicana\/","title":{"rendered":"DENUNCIA DE CACERIA RACISTA DE HATIANOS EN REP\u00daBLICA DOMINICANA"},"content":{"rendered":"\n<p>El c\u00edrculo Podemos Rep\u00fablica Dominicana   de la  Red de C\u00edrculos  Latinoam\u00e9rica, denuncia a la Comunidad Internacional las grav\u00edsimas violaciones a los derechos humanos que realiza el gobierno dominicano del Presidente Luis Abinader contra los migrantes haitianos establecidos en la parte dominicana de la Isla de Santo Domingo.<\/p>\n\n\n\n<p>Sobre estos hechos se envi\u00f3 carta a la Secretar\u00eda de Internacional de Podemos y a la Eurodiputada \u00cdDOIA VILLANUEVA para que pueda trasladar al Parlamento Europeo esta denuncia p\u00fablica.<\/p>\n\n\n\n<figure class=\"wp-block-image size-large\"><img fetchpriority=\"high\" decoding=\"async\" width=\"1080\" height=\"1688\" src=\"http:\/\/xn--tuvozdiasporaespaola-k7b.com\/wp-content\/uploads\/2022\/11\/screenshot_20221118-180201_chrome4294997053978792948.jpg?w=655\" alt=\"\" class=\"wp-image-643\" srcset=\"https:\/\/xn--tuvozdiasporaespaola-k7b.com\/wp-content\/uploads\/2022\/11\/screenshot_20221118-180201_chrome4294997053978792948.jpg 1080w, https:\/\/xn--tuvozdiasporaespaola-k7b.com\/wp-content\/uploads\/2022\/11\/screenshot_20221118-180201_chrome4294997053978792948-192x300.jpg 192w, https:\/\/xn--tuvozdiasporaespaola-k7b.com\/wp-content\/uploads\/2022\/11\/screenshot_20221118-180201_chrome4294997053978792948-655x1024.jpg 655w, https:\/\/xn--tuvozdiasporaespaola-k7b.com\/wp-content\/uploads\/2022\/11\/screenshot_20221118-180201_chrome4294997053978792948-768x1200.jpg 768w\" sizes=\"(max-width: 1080px) 100vw, 1080px\" \/><\/figure>\n\n\n\n<p>La cacer\u00eda y deportaciones aumentan cada d\u00eda, constatando que el a\u00f1o 2021 se repatriaron 120.000 haitianos, sin tomar en cuenta la situaci\u00f3n de violencia y guerra civil larvada que prevalece en esa naci\u00f3n. <\/p>\n\n\n\n<p>La reacci\u00f3n del Presidente dominicano Abinader a la solicitud del Alto Comisionado para los Derechos Humanos de la ONU, Volker T\u00fcrk, de detener temporalmente la deportaciones a Hait\u00ed mientras perdure la situaci\u00f3n de inestabilidad, violencia e inseguridad en ese pa\u00eds, fue una reacci\u00f3n iracunda y violenta, ordenando a las fuerzas armadas, policiales y migratorias redoblar la persecuci\u00f3n de haitianos y doblar las expulsiones de 10.000 mensuales, a 20.000 o m\u00e1s.&nbsp;<\/p>\n\n\n\n<p>El gobierno dominicano no solo viola los derechos humanos, sino los acuerdos con el gobierno de Hait\u00ed. En 1999 se firm\u00f3 un Protocolo para las Repatriaciones en las cuales, entre otras, se establece que a los migrantes en situaci\u00f3n indocumentada objeto de una repatriaci\u00f3n, hay que respetar la unidad de su n\u00facleo familiar, dar tiempo a recoger sus pertenencias y que las repatriaciones se hagan en autobuses, no en camiones como si fuera ganado que se est\u00e1 haciendo tambi\u00e9n en la actualidad<\/p>\n\n\n\n<figure class=\"wp-block-image size-large\"><img decoding=\"async\" width=\"1080\" height=\"1987\" src=\"http:\/\/xn--tuvozdiasporaespaola-k7b.com\/wp-content\/uploads\/2022\/11\/screenshot_20221117-215629_chrome2676570348725417151.jpg?w=557\" alt=\"\" class=\"wp-image-638\" srcset=\"https:\/\/xn--tuvozdiasporaespaola-k7b.com\/wp-content\/uploads\/2022\/11\/screenshot_20221117-215629_chrome2676570348725417151.jpg 1080w, https:\/\/xn--tuvozdiasporaespaola-k7b.com\/wp-content\/uploads\/2022\/11\/screenshot_20221117-215629_chrome2676570348725417151-163x300.jpg 163w, https:\/\/xn--tuvozdiasporaespaola-k7b.com\/wp-content\/uploads\/2022\/11\/screenshot_20221117-215629_chrome2676570348725417151-557x1024.jpg 557w, https:\/\/xn--tuvozdiasporaespaola-k7b.com\/wp-content\/uploads\/2022\/11\/screenshot_20221117-215629_chrome2676570348725417151-768x1413.jpg 768w\" sizes=\"(max-width: 1080px) 100vw, 1080px\" \/><\/figure>\n\n\n\n<p>Hait\u00ed es el pa\u00eds mas pobre del continente. El \u00fanico Pa\u00eds Menos Avanzado (PMA) de toda Am\u00e9rica. La Rep\u00fablica Dominicana es el pa\u00eds de m\u00e1s r\u00e1pido crecimiento de la regi\u00f3n, multiplicando el PIB de Hait\u00ed diez (10) veces, lo que convierte la migraci\u00f3n a las industrias de la construcci\u00f3n, el turismo y la agricultura en muy rentable para los empresarios. Esos sectores punta de la econom\u00eda tienen m\u00e1s del 90% de mano de obra haitiana en condiciones muy precarizadas. Sin servicios sociales, sin seguridad social, y con salarios deprimidos.&nbsp;<\/p>\n\n\n\n<p>Las violaciones a los derechos humanos b\u00e1sicos es general. La tendencia es a incrementar la histeria racista imperante en el gobierno y la sociedad. La Comunidad Internacional debe protestar a todos los niveles y hacerle llegar sus demandas al gobierno del presidente Luis Abinader.<\/p>\n\n\n\n<p>C\u00edrculo Podemos Rep\u00fablica Dominicana de la Red de C\u00edrculos Latinoam\u00e9rica.<\/p>\n","protected":false},"excerpt":{"rendered":"<p>El c\u00edrculo Podemos Rep\u00fablica Dominicana de la Red de C\u00edrculos Latinoam\u00e9rica, denuncia a la Comunidad Internacional las grav\u00edsimas violaciones a los derechos humanos que &#8230; <\/p>\n<p class=\"read-more-container\"><a title=\"DENUNCIA DE CACERIA RACISTA DE HATIANOS EN REP\u00daBLICA DOMINICANA\" class=\"read-more button\" href=\"https:\/\/xn--tuvozdiasporaespaola-k7b.com\/page\/2\/denuncia-de-caceria-racista-de-hatianos-en-republica-dominicana\/#more-640\" aria-label=\"M\u00e1s en DENUNCIA DE CACERIA RACISTA DE HATIANOS EN REP\u00daBLICA DOMINICANA\">Leer m\u00e1s<\/a><\/p>\n","protected":false},"author":222560522,"featured_media":0,"comment_status":"open","ping_status":"open","sticky":false,"template":"","format":"standard","meta":{"footnotes":""},"categories":[1771],"tags":[],"class_list":["post-640","post","type-post","status-publish","format-standard","hentry","category-sociales"],"_links":{"self":[{"href":"https:\/\/xn--tuvozdiasporaespaola-k7b.com\/page\/2\/wp-json\/wp\/v2\/posts\/640","targetHints":{"allow":["GET"]}}],"collection":[{"href":"https:\/\/xn--tuvozdiasporaespaola-k7b.com\/page\/2\/wp-json\/wp\/v2\/posts"}],"about":[{"href":"https:\/\/xn--tuvozdiasporaespaola-k7b.com\/page\/2\/wp-json\/wp\/v2\/types\/post"}],"author":[{"embeddable":true,"href":"https:\/\/xn--tuvozdiasporaespaola-k7b.com\/page\/2\/wp-json\/wp\/v2\/users\/222560522"}],"replies":[{"embeddable":true,"href":"https:\/\/xn--tuvozdiasporaespaola-k7b.com\/page\/2\/wp-json\/wp\/v2\/comments?post=640"}],"version-history":[{"count":0,"href":"https:\/\/xn--tuvozdiasporaespaola-k7b.com\/page\/2\/wp-json\/wp\/v2\/posts\/640\/revisions"}],"wp:attachment":[{"href":"https:\/\/xn--tuvozdiasporaespaola-k7b.com\/page\/2\/wp-json\/wp\/v2\/media?parent=640"}],"wp:term":[{"taxonomy":"category","embeddable":true,"href":"https:\/\/xn--tuvozdiasporaespaola-k7b.com\/page\/2\/wp-json\/wp\/v2\/categories?post=640"},{"taxonomy":"post_tag","embeddable":true,"href":"https:\/\/xn--tuvozdiasporaespaola-k7b.com\/page\/2\/wp-json\/wp\/v2\/tags?post=640"}],"curies":[{"name":"wp","href":"https:\/\/api.w.org\/{rel}","templated":true}]}}