{"id":6380,"date":"2024-08-28T11:54:23","date_gmt":"2024-08-28T14:54:23","guid":{"rendered":"https:\/\/xn--tuvozdiasporaespaola-k7b.com\/page\/2\/?p=6380"},"modified":"2024-08-28T11:55:55","modified_gmt":"2024-08-28T14:55:55","slug":"aqui-se-asesino-a-un-poeta","status":"publish","type":"post","link":"https:\/\/xn--tuvozdiasporaespaola-k7b.com\/page\/2\/aqui-se-asesino-a-un-poeta\/","title":{"rendered":"\u201cAQU\u00cd SE ASESIN\u00d3 A UN POETA\u201d"},"content":{"rendered":"\n<p>Por Walter C. Medina<\/p>\n\n\n\n<p>ENTREVISTA A HUGO CASTRO FAU<\/p>\n\n\n\n<p>Con motivo de cumplirse un nuevo aniversario del asesinato del poeta espa\u00f1ol Federico Garc\u00eda Lorca, \u201cCenizas de Babilonia. Di\u00e1spora Espa\u00f1ola\u201d (AM830 Radio del Pueblo), emiti\u00f3 un programa especial en el que, entre otros, particip\u00f3 el cineasta y productor argentino Hugo Castro Fau. <\/p>\n\n\n\n<p>Entrevistado por Miguel \u00c1ngel Ferris, Castro Fau sostuvo que \u201cel d\u00eda que se encuentren los restos de Federico Garc\u00eda Lorca habr\u00eda que poner un cartel que cuente todo esto y que diga \u201cAqu\u00ed se asesin\u00f3 a un poeta\u201d.<\/p>\n\n\n\n<figure class=\"wp-block-gallery has-nested-images columns-default is-cropped wp-block-gallery-1 is-layout-flex wp-block-gallery-is-layout-flex\">\n<figure class=\"wp-block-image size-large\"><img fetchpriority=\"high\" decoding=\"async\" width=\"1024\" height=\"1024\" data-id=\"6384\" src=\"https:\/\/xn--tuvozdiasporaespaola-k7b.com\/wp-content\/uploads\/2024\/08\/20240828_165144-1024x1024.jpg\" alt=\"\" class=\"wp-image-6384\" srcset=\"https:\/\/xn--tuvozdiasporaespaola-k7b.com\/wp-content\/uploads\/2024\/08\/20240828_165144-1024x1024.jpg 1024w, https:\/\/xn--tuvozdiasporaespaola-k7b.com\/wp-content\/uploads\/2024\/08\/20240828_165144-300x300.jpg 300w, https:\/\/xn--tuvozdiasporaespaola-k7b.com\/wp-content\/uploads\/2024\/08\/20240828_165144-150x150.jpg 150w, https:\/\/xn--tuvozdiasporaespaola-k7b.com\/wp-content\/uploads\/2024\/08\/20240828_165144-768x768.jpg 768w, https:\/\/xn--tuvozdiasporaespaola-k7b.com\/wp-content\/uploads\/2024\/08\/20240828_165144-1536x1536.jpg 1536w, https:\/\/xn--tuvozdiasporaespaola-k7b.com\/wp-content\/uploads\/2024\/08\/20240828_165144-2048x2048.jpg 2048w\" sizes=\"(max-width: 1024px) 100vw, 1024px\" \/><figcaption class=\"wp-element-caption\">Hugo Castro Fau y Miguel Angel Ferris <\/figcaption><\/figure>\n<\/figure>\n\n\n\n<p>La Guerra Civil de 1936 es uno de los episodios hist\u00f3ricos sobre los que m\u00e1s se ha escrito en el mundo. C\u00f3mo director de cine y persona comprometida con el movimiento memorial\u00edstico<strong>, \u00bfpor qu\u00e9 han sido tan escasas las pel\u00edculas tanto espa\u00f1olas como extranjeras realizadas sobre dicho per\u00edodo, a diferencia de los libros? \u00bfHan reflejado con veracidad y pluralidad de enfoques lo que realmente pas\u00f3 en Espa\u00f1a?<\/strong><\/p>\n\n\n\n<p>En general, el tema del golpe de Estado fascista y la posterior dictadura, se trat\u00f3 en algunas pel\u00edculas de ficci\u00f3n espa\u00f1olas, vascas y catalanas, y tambi\u00e9n en algunos documentales. \u201cSoldados se Salamina\u201d, en 2003; \u201cLa Trinchera Infinita\u201d, en 2019; \u201cEl Laberinto del Fauno\u201d, en 2006; \u201cMientras Dure la Guerra\u201d, en 2019; \u201cTierra y Libertad\u201d, de Ken Loach, tal vez una de las m\u00e1s completas en relaci\u00f3n a la problem\u00e1tica del bando republicano, pero con un punto de vista de Ken Loach; \u201cLas Trece Rosas\u201d, en 2007; \u201cLa Vaquilla\u201d, en 1995; \u201cEl Silencio de los Otros\u201d, en 2018; y la que a m\u00ed siempre me emociona que es \u201cLibertarias\u201d, de 1996. <\/p>\n\n\n\n<p>Y despu\u00e9s hay algunos documentales hist\u00f3ricos que son interesantes de ver, como \u201cLos Ni\u00f1os de Rusia\u201d, del 2001; \u201cMorir en Madrid\u201d, que fue una pel\u00edcula grabada en la clandestinidad en 1963, y \u201cTierra de Espa\u00f1a\u201d, en 1937. Despu\u00e9s hay numerosos documentales sobre las brigadas internacionales, pero creo que todav\u00eda falta una pel\u00edcula espa\u00f1ola que nos cuente con mayor claridad el car\u00e1cter de clase del golpe de Estado, y el car\u00e1cter de clase de la dictadura. <\/p>\n\n\n\n<p>Y tambi\u00e9n falta otra pel\u00edcula, m\u00e1s completa, que tenga que ver con c\u00f3mo permiti\u00f3 el r\u00e9gimen del 78, a diferencia de lo que ocurri\u00f3 aqu\u00ed en Argentina, que todos los c\u00f3mplices y criminales pudieran seguir su vida transfigurados en dem\u00f3cratas en Espa\u00f1a, gracias al r\u00e9gimen del 78. Esas dos pel\u00edculas faltan. <\/p>\n\n\n\n<p>Y creo que tambi\u00e9n falta una pel\u00edcula m\u00e1s completa en relaci\u00f3n al jefe de Estado, que mucha gente en Espa\u00f1a  cree que el Rey pr\u00f3fugo jur\u00f3 lealtad a la Constituci\u00f3n; y no es as\u00ed. Las grabaciones est\u00e1n en You Tube, se ve c\u00f3mo el anterior Jefe de Estado vot\u00f3 fidelidad al movimiento nacional, y lealtad a Franco, no a la Constituci\u00f3n. Esas pel\u00edculas todav\u00eda faltan.  <\/p>\n\n\n\n<p>La figura del poeta Federico Garc\u00eda Lorca, como la del tambi\u00e9n llamado Poeta del Pueblo, Miguel Hern\u00e1ndez, ha centrado gran parte de la atenci\u00f3n de los organismos p\u00fablicos y buena parte de los homenajes. <\/p>\n\n\n\n<figure class=\"wp-block-gallery has-nested-images columns-default is-cropped wp-block-gallery-2 is-layout-flex wp-block-gallery-is-layout-flex\">\n<figure class=\"wp-block-image size-large\"><img decoding=\"async\" width=\"1024\" height=\"576\" data-id=\"6385\" src=\"https:\/\/xn--tuvozdiasporaespaola-k7b.com\/wp-content\/uploads\/2024\/08\/barraca2-U51441443021dta-1920x1080@El-Norte-1024x576.jpg\" alt=\"\" class=\"wp-image-6385\" srcset=\"https:\/\/xn--tuvozdiasporaespaola-k7b.com\/wp-content\/uploads\/2024\/08\/barraca2-U51441443021dta-1920x1080@El-Norte-1024x576.jpg 1024w, https:\/\/xn--tuvozdiasporaespaola-k7b.com\/wp-content\/uploads\/2024\/08\/barraca2-U51441443021dta-1920x1080@El-Norte-300x169.jpg 300w, https:\/\/xn--tuvozdiasporaespaola-k7b.com\/wp-content\/uploads\/2024\/08\/barraca2-U51441443021dta-1920x1080@El-Norte-768x432.jpg 768w, https:\/\/xn--tuvozdiasporaespaola-k7b.com\/wp-content\/uploads\/2024\/08\/barraca2-U51441443021dta-1920x1080@El-Norte-1536x864.jpg 1536w, https:\/\/xn--tuvozdiasporaespaola-k7b.com\/wp-content\/uploads\/2024\/08\/barraca2-U51441443021dta-1920x1080@El-Norte.jpg 1920w\" sizes=\"(max-width: 1024px) 100vw, 1024px\" \/><\/figure>\n<\/figure>\n\n\n\n<p><strong>\u00bfHasta qu\u00e9 punto todav\u00eda es primordial rescatar la vida y obra de dichos personajes ya reconocidos cuando se ha eliminado y ocultado la de otros y otras muchas que aportaron episodios y contribuciones tan importantes para los avances de aquel per\u00edodo de nuestra historia? \u00bfQu\u00e9 otros protagonistas p\u00fablicos o an\u00f3nimos rescatar\u00edas de la desmemoria forzada p\u00fablica y oficialmente?<\/strong><\/p>\n\n\n\n<p>Yo creo que tanto Federico Garc\u00eda Lorca como Miguel Hern\u00e1ndez son personajes ic\u00f3nicos que ayudan a contar lo que fue la barbarie del fascismo. Contar la muerte de Miguel Hern\u00e1ndez o la de Federico Garc\u00eda Lorca te permite ingresar a lo que era el quinto infierno del fascismo. Presos de su siniestralidad hasta asesinaban mujeres embarazadas de ocho meses. <\/p>\n\n\n\n<p>No solamente hay que recordar a Miguel y a Federico, creo que hay un mont\u00f3n de historias de militantes republicanos que falta contar. Falta contar el exilio en Francia, falta contar los campos de concentraci\u00f3n en las costas francesas, los trabajos forzados y c\u00f3mo los nazis alemanes obligaron a militantes republicanos a hacer trabajos forzados, falta contar historias terribles como las Islas del Canal de la Mancha; en una de las islas, los alemanes hab\u00eda puesto republicanos espa\u00f1oles a hacer trabajos forzados, y en otro de los lugares, fuera de la isla de Inglaterra, tambi\u00e9n hab\u00eda republicanos pero en campos de concentraci\u00f3n ingleses por rojos; y as\u00ed siguen miles de historias. <\/p>\n\n\n\n<p>Falta contar el ingreso de la Novena en Par\u00eds con las tropas republicanas a la cabeza, con las tanquetas en Guadalajara, en Madrid, etc. Falta contar como nido del \u00e1guila de Hitler fue tomado por los soldados republicanos de la Novena; falta contar la historia durante la dictadura, la resistencia por parte de la izquierda espa\u00f1ola.<\/p>\n\n\n\n<p><strong>\u00bfCrees que alg\u00fan d\u00eda, quienes han ocultado o ayudado a silenciar el secreto de los restos de Federico Garc\u00eda Lorca alg\u00fan d\u00eda lo desvelar\u00e1n?<\/strong> Y si ello fuera as\u00ed,<strong> \u00bfcrees que el resultado ser\u00eda la construcci\u00f3n de un lugar de peregrinaci\u00f3n antifascista y literario en Espa\u00f1a que posiblemente algunos quieren evitar?<\/strong><\/p>\n\n\n\n<p>Lo asesinan entre el 18 y el 19 de agosto, en una cuneta, junto a dos militantes anarquistas y junto a un maestro. Y los asesinos son el Gobernador civil de Granada, Vald\u00e9z Guzm\u00e1n, que mand\u00f3 a fusilar adem\u00e1s a otras cuatro mil personas entre julio del 36 y marzo del 37; Ram\u00f3n Ruiz Alonso fue el denunciante que era un  militante de Acci\u00f3n Popular que despu\u00e9s fallece impune en 1982 en Las Vegas, Nevada.<\/p>\n\n\n\n<p> El operador del asesinato fue Nicol\u00e1s Velazco Cimarro, que estaba ofendido por el Romancero Gitano de Lorca, pues el romancero incluy\u00f3 un romance a la Guardia Civil Espa\u00f1ola. Horacio Rold\u00e1n es otro de los asesinos que estaba ofendido por La casa de Bernarda Alba. Todos ellos murieron tranquilamente impunes. Yo creo que el d\u00eda que se encuentren los restos de Federico Garc\u00eda Lorca habr\u00eda que poner un cartel que cuente todo esto y que diga \u201cAqu\u00ed se asesin\u00f3 a un poeta\u201d.<\/p>\n\n\n\n<figure class=\"wp-block-gallery has-nested-images columns-default is-cropped wp-block-gallery-3 is-layout-flex wp-block-gallery-is-layout-flex\">\n<figure class=\"wp-block-image size-large\"><img decoding=\"async\" width=\"752\" height=\"600\" data-id=\"6386\" src=\"https:\/\/xn--tuvozdiasporaespaola-k7b.com\/wp-content\/uploads\/2024\/08\/presos-espanoles-republicanos-y-antifascistas-prisioneros-en-mauthausen-despliegan-una-pancarta-para-saludar-a-los-aliados_bfcf46ca_752x600.jpeg\" alt=\"\" class=\"wp-image-6386\" srcset=\"https:\/\/xn--tuvozdiasporaespaola-k7b.com\/wp-content\/uploads\/2024\/08\/presos-espanoles-republicanos-y-antifascistas-prisioneros-en-mauthausen-despliegan-una-pancarta-para-saludar-a-los-aliados_bfcf46ca_752x600.jpeg 752w, https:\/\/xn--tuvozdiasporaespaola-k7b.com\/wp-content\/uploads\/2024\/08\/presos-espanoles-republicanos-y-antifascistas-prisioneros-en-mauthausen-despliegan-una-pancarta-para-saludar-a-los-aliados_bfcf46ca_752x600-300x239.jpeg 300w\" sizes=\"(max-width: 752px) 100vw, 752px\" \/><figcaption class=\"wp-element-caption\">Presos espa\u00f1oles republicanos y antifascistas prisioneros en Mauthausen despliegan una pancarta para saludar la entrada de\u00a0los Aliados.<\/figcaption><\/figure>\n<\/figure>\n\n\n\n<p>\u00bf<strong>Cu\u00e1l ha sido el papel del documentalismo y del cine en la denuncia de los hechos hist\u00f3ricos que arrebataron la democracia y las libertades en distintos pa\u00edses de Am\u00e9rica Latina?<\/strong><\/p>\n\n\n\n<p>Depende de la \u00e9poca hist\u00f3rica y del pa\u00eds al que nos refiramos. La cinematograf\u00eda argentina tiene montones de pel\u00edculas como \u201cInfancia Clandestina\u201d, \u201c1985\u201d, \u201cLa Rep\u00fablica Perdida\u201d; hay cantidad de pel\u00edculas y documentales que cuentan la barbarie de la dictadura y la necesidad de los juicios por la Memoria, la Verdad y la Justicia. <\/p>\n\n\n\n<p>Lo mismo ocurre con el cine uruguayo, las pel\u00edculas chilenas y documentales sobre Salvador Allende; en M\u00e9xico tambi\u00e9n hay un mont\u00f3n de pel\u00edculas que han denunciado la corrupci\u00f3n del PRI, del PAN y el ascenso de Morena, pero todo depende mucho de si el estado democr\u00e1tico se pone los pantalones largos y tiene el fomento para que estas historias puedan contarse.                                              <\/p>\n","protected":false},"excerpt":{"rendered":"<p>Por Walter C. Medina ENTREVISTA A HUGO CASTRO FAU Con motivo de cumplirse un nuevo aniversario del asesinato del poeta espa\u00f1ol Federico Garc\u00eda Lorca, &#8230; <\/p>\n<p class=\"read-more-container\"><a title=\"\u201cAQU\u00cd SE ASESIN\u00d3 A UN POETA\u201d\" class=\"read-more button\" href=\"https:\/\/xn--tuvozdiasporaespaola-k7b.com\/page\/2\/aqui-se-asesino-a-un-poeta\/#more-6380\" aria-label=\"M\u00e1s en \u201cAQU\u00cd SE ASESIN\u00d3 A UN POETA\u201d\">Leer m\u00e1s<\/a><\/p>\n","protected":false},"author":222560522,"featured_media":6387,"comment_status":"open","ping_status":"open","sticky":false,"template":"","format":"standard","meta":{"footnotes":""},"categories":[1771],"tags":[],"class_list":["post-6380","post","type-post","status-publish","format-standard","has-post-thumbnail","hentry","category-sociales","resize-featured-image"],"_links":{"self":[{"href":"https:\/\/xn--tuvozdiasporaespaola-k7b.com\/page\/2\/wp-json\/wp\/v2\/posts\/6380","targetHints":{"allow":["GET"]}}],"collection":[{"href":"https:\/\/xn--tuvozdiasporaespaola-k7b.com\/page\/2\/wp-json\/wp\/v2\/posts"}],"about":[{"href":"https:\/\/xn--tuvozdiasporaespaola-k7b.com\/page\/2\/wp-json\/wp\/v2\/types\/post"}],"author":[{"embeddable":true,"href":"https:\/\/xn--tuvozdiasporaespaola-k7b.com\/page\/2\/wp-json\/wp\/v2\/users\/222560522"}],"replies":[{"embeddable":true,"href":"https:\/\/xn--tuvozdiasporaespaola-k7b.com\/page\/2\/wp-json\/wp\/v2\/comments?post=6380"}],"version-history":[{"count":3,"href":"https:\/\/xn--tuvozdiasporaespaola-k7b.com\/page\/2\/wp-json\/wp\/v2\/posts\/6380\/revisions"}],"predecessor-version":[{"id":6389,"href":"https:\/\/xn--tuvozdiasporaespaola-k7b.com\/page\/2\/wp-json\/wp\/v2\/posts\/6380\/revisions\/6389"}],"wp:featuredmedia":[{"embeddable":true,"href":"https:\/\/xn--tuvozdiasporaespaola-k7b.com\/page\/2\/wp-json\/wp\/v2\/media\/6387"}],"wp:attachment":[{"href":"https:\/\/xn--tuvozdiasporaespaola-k7b.com\/page\/2\/wp-json\/wp\/v2\/media?parent=6380"}],"wp:term":[{"taxonomy":"category","embeddable":true,"href":"https:\/\/xn--tuvozdiasporaespaola-k7b.com\/page\/2\/wp-json\/wp\/v2\/categories?post=6380"},{"taxonomy":"post_tag","embeddable":true,"href":"https:\/\/xn--tuvozdiasporaespaola-k7b.com\/page\/2\/wp-json\/wp\/v2\/tags?post=6380"}],"curies":[{"name":"wp","href":"https:\/\/api.w.org\/{rel}","templated":true}]}}