{"id":6372,"date":"2024-08-27T20:14:46","date_gmt":"2024-08-27T23:14:46","guid":{"rendered":"https:\/\/xn--tuvozdiasporaespaola-k7b.com\/page\/2\/?p=6372"},"modified":"2024-08-27T20:14:47","modified_gmt":"2024-08-27T23:14:47","slug":"vivienda-racismo-o-permisos-parentales-donde-sumar-y-psoe-van-a-la-deriva","status":"publish","type":"post","link":"https:\/\/xn--tuvozdiasporaespaola-k7b.com\/page\/2\/vivienda-racismo-o-permisos-parentales-donde-sumar-y-psoe-van-a-la-deriva\/","title":{"rendered":"Vivienda, Racismo o Permisos parentales, donde SUMAR y PSOE van a la deriva."},"content":{"rendered":"\n<p><\/p>\n\n\n\n<p>Espa\u00f1a con el gobierno del PSOE  y un SUMAR venido a menos,  (que est\u00e1  dando bandazos sin rumbo),  no cumplen la expectativas en materia de Vivienda y la Turistificaci\u00f3n , Racismo y regularizaci\u00f3n o los  Permisos parentales de 8 semanas 100% remunerados que abre al despido procedente quienes quieran hacer uso de ese derecho. Por ello podemos redacto un comunicado poniendo en cuestionamiento esta falta de \u00e9tica de un gobierno progresista que pareciera esta al servicio de las multinacionales y en contra de la clase trabajadora  y los derechos humanos.<\/p>\n\n\n\n<p><strong>Vivienda\/turistificaci\u00f3n<\/strong><\/p>\n\n\n\n<p>Nuestra solidaridad con las personas que este verano se han movilizado en diferentes territorios de nuestro pa\u00eds en contra de la masificaci\u00f3n tur\u00edstica y para exigir que se ponga fin de una vez sus perniciosos efectos sobre sus vidas. Hay que actuar ya de forma inmediata, con medidas concretas, para atender sus demandas<\/p>\n\n\n\n<p>Limitar la adquisici\u00f3n de viviendas por parte de los no residentes, congelar el precio de los alquileres, establecer una moratoria para las viviendas tur\u00edsticas que impida que se concedan nuevas licencias como m\u00ednimo hasta el a\u00f1o 2028, son algunas de las medidas que volvemos a solicitar al Gobierno que aplique de manera inmediata.<\/p>\n\n\n\n<figure class=\"wp-block-gallery has-nested-images columns-default is-cropped wp-block-gallery-1 is-layout-flex wp-block-gallery-is-layout-flex\">\n<figure class=\"wp-block-image size-large\"><img fetchpriority=\"high\" decoding=\"async\" width=\"800\" height=\"500\" data-id=\"6374\" src=\"https:\/\/xn--tuvozdiasporaespaola-k7b.com\/wp-content\/uploads\/2024\/08\/vivienda-familiar-divorcio-1.jpg\" alt=\"\" class=\"wp-image-6374\" srcset=\"https:\/\/xn--tuvozdiasporaespaola-k7b.com\/wp-content\/uploads\/2024\/08\/vivienda-familiar-divorcio-1.jpg 800w, https:\/\/xn--tuvozdiasporaespaola-k7b.com\/wp-content\/uploads\/2024\/08\/vivienda-familiar-divorcio-1-300x188.jpg 300w, https:\/\/xn--tuvozdiasporaespaola-k7b.com\/wp-content\/uploads\/2024\/08\/vivienda-familiar-divorcio-1-768x480.jpg 768w\" sizes=\"(max-width: 800px) 100vw, 800px\" \/><\/figure>\n<\/figure>\n\n\n\n<p><strong> Racismo\/ regularizaci\u00f3n<\/strong><\/p>\n\n\n\n<p>Queremos tambi\u00e9n comenzar este nuevo curso pol\u00edtico solicitando al Gobierno y a los diferentes Grupos Parlamentarios que aprueben de una vez la ILP de regularizaci\u00f3n de personas migrantes que se est\u00e1 actualmente tramitando en el Congreso.<\/p>\n\n\n\n<p>Este pa\u00eds lo que necesita es m\u00e1s trabajadores y trabajadoras migrantes con derechos, y menos racistas de extrema derecha como Alvise, Albiol o Abascal.<\/p>\n\n\n\n<p>Reconocer plenos derechos a estas personas en situaci\u00f3n irregular que viven y trabajan ya en nuestro pa\u00eds, reconocer el aporte fundamental que realizan tales personas a la sociedad, es una medida de justicia social y de respeto a los DDHH que nos dignifica como pa\u00eds.<\/p>\n\n\n\n<figure class=\"wp-block-gallery has-nested-images columns-default is-cropped wp-block-gallery-2 is-layout-flex wp-block-gallery-is-layout-flex\">\n<figure class=\"wp-block-image size-large\"><img decoding=\"async\" width=\"1024\" height=\"576\" data-id=\"6375\" src=\"https:\/\/xn--tuvozdiasporaespaola-k7b.com\/wp-content\/uploads\/2024\/08\/racismo-aulas-1024x576.jpg\" alt=\"\" class=\"wp-image-6375\" srcset=\"https:\/\/xn--tuvozdiasporaespaola-k7b.com\/wp-content\/uploads\/2024\/08\/racismo-aulas-1024x576.jpg 1024w, https:\/\/xn--tuvozdiasporaespaola-k7b.com\/wp-content\/uploads\/2024\/08\/racismo-aulas-300x169.jpg 300w, https:\/\/xn--tuvozdiasporaespaola-k7b.com\/wp-content\/uploads\/2024\/08\/racismo-aulas-768x432.jpg 768w, https:\/\/xn--tuvozdiasporaespaola-k7b.com\/wp-content\/uploads\/2024\/08\/racismo-aulas-1536x864.jpg 1536w, https:\/\/xn--tuvozdiasporaespaola-k7b.com\/wp-content\/uploads\/2024\/08\/racismo-aulas.jpg 1920w\" sizes=\"(max-width: 1024px) 100vw, 1024px\" \/><\/figure>\n<\/figure>\n\n\n\n<p><strong>Permisos parentales de 8 semanas 100% remunerados<\/strong><\/p>\n\n\n\n<p>Exigimos tambi\u00e9n al Gobierno que apruebe de una vez la remuneraci\u00f3n de la totalidad del permiso parental de cuidados de 8 semanas por hijo hasta los 8 a\u00f1os, tal y como nos obliga el art\u00edculo 8.3 de la DIRECTIVA 2019\/1158 DEL PARLAMENTO EUROPEO Y DEL CONSEJO de 20 de junio de 2019, de la que deriva la creaci\u00f3n de este permiso.<\/p>\n\n\n\n<p>No garantizar la remuneraci\u00f3n total de este permiso parental est\u00e1 impidiendo el disfrute de este derecho en igualdad de condiciones para todas las familias, siendo ahora mismo un permiso que en este momento solo pueden disfrutar las familias m\u00e1s acomodadas econ\u00f3micamente. Es, pues, una cuesti\u00f3n de justicia y de igualdad.<\/p>\n\n\n\n<figure class=\"wp-block-gallery has-nested-images columns-default is-cropped wp-block-gallery-3 is-layout-flex wp-block-gallery-is-layout-flex\">\n<figure class=\"wp-block-image size-large\"><img decoding=\"async\" width=\"1024\" height=\"599\" data-id=\"6376\" src=\"https:\/\/xn--tuvozdiasporaespaola-k7b.com\/wp-content\/uploads\/2024\/08\/permiso-parental-1024x599.jpg\" alt=\"\" class=\"wp-image-6376\" srcset=\"https:\/\/xn--tuvozdiasporaespaola-k7b.com\/wp-content\/uploads\/2024\/08\/permiso-parental-1024x599.jpg 1024w, https:\/\/xn--tuvozdiasporaespaola-k7b.com\/wp-content\/uploads\/2024\/08\/permiso-parental-300x176.jpg 300w, https:\/\/xn--tuvozdiasporaespaola-k7b.com\/wp-content\/uploads\/2024\/08\/permiso-parental-768x449.jpg 768w, https:\/\/xn--tuvozdiasporaespaola-k7b.com\/wp-content\/uploads\/2024\/08\/permiso-parental-1536x899.jpg 1536w, https:\/\/xn--tuvozdiasporaespaola-k7b.com\/wp-content\/uploads\/2024\/08\/permiso-parental.jpg 1846w\" sizes=\"(max-width: 1024px) 100vw, 1024px\" \/><\/figure>\n<\/figure>\n\n\n","protected":false},"excerpt":{"rendered":"<p>Espa\u00f1a con el gobierno del PSOE y un SUMAR venido a menos, (que est\u00e1 dando bandazos sin rumbo), no cumplen la expectativas en materia &#8230; <\/p>\n<p class=\"read-more-container\"><a title=\"Vivienda, Racismo o Permisos parentales, donde SUMAR y PSOE van a la deriva.\" class=\"read-more button\" href=\"https:\/\/xn--tuvozdiasporaespaola-k7b.com\/page\/2\/vivienda-racismo-o-permisos-parentales-donde-sumar-y-psoe-van-a-la-deriva\/#more-6372\" aria-label=\"M\u00e1s en Vivienda, Racismo o Permisos parentales, donde SUMAR y PSOE van a la deriva.\">Leer m\u00e1s<\/a><\/p>\n","protected":false},"author":222560522,"featured_media":6378,"comment_status":"open","ping_status":"open","sticky":false,"template":"","format":"standard","meta":{"footnotes":""},"categories":[121850],"tags":[],"class_list":["post-6372","post","type-post","status-publish","format-standard","has-post-thumbnail","hentry","category-politica","resize-featured-image"],"_links":{"self":[{"href":"https:\/\/xn--tuvozdiasporaespaola-k7b.com\/page\/2\/wp-json\/wp\/v2\/posts\/6372","targetHints":{"allow":["GET"]}}],"collection":[{"href":"https:\/\/xn--tuvozdiasporaespaola-k7b.com\/page\/2\/wp-json\/wp\/v2\/posts"}],"about":[{"href":"https:\/\/xn--tuvozdiasporaespaola-k7b.com\/page\/2\/wp-json\/wp\/v2\/types\/post"}],"author":[{"embeddable":true,"href":"https:\/\/xn--tuvozdiasporaespaola-k7b.com\/page\/2\/wp-json\/wp\/v2\/users\/222560522"}],"replies":[{"embeddable":true,"href":"https:\/\/xn--tuvozdiasporaespaola-k7b.com\/page\/2\/wp-json\/wp\/v2\/comments?post=6372"}],"version-history":[{"count":2,"href":"https:\/\/xn--tuvozdiasporaespaola-k7b.com\/page\/2\/wp-json\/wp\/v2\/posts\/6372\/revisions"}],"predecessor-version":[{"id":6379,"href":"https:\/\/xn--tuvozdiasporaespaola-k7b.com\/page\/2\/wp-json\/wp\/v2\/posts\/6372\/revisions\/6379"}],"wp:featuredmedia":[{"embeddable":true,"href":"https:\/\/xn--tuvozdiasporaespaola-k7b.com\/page\/2\/wp-json\/wp\/v2\/media\/6378"}],"wp:attachment":[{"href":"https:\/\/xn--tuvozdiasporaespaola-k7b.com\/page\/2\/wp-json\/wp\/v2\/media?parent=6372"}],"wp:term":[{"taxonomy":"category","embeddable":true,"href":"https:\/\/xn--tuvozdiasporaespaola-k7b.com\/page\/2\/wp-json\/wp\/v2\/categories?post=6372"},{"taxonomy":"post_tag","embeddable":true,"href":"https:\/\/xn--tuvozdiasporaespaola-k7b.com\/page\/2\/wp-json\/wp\/v2\/tags?post=6372"}],"curies":[{"name":"wp","href":"https:\/\/api.w.org\/{rel}","templated":true}]}}